{"id":9807,"date":"2025-11-17T21:56:32","date_gmt":"2025-11-18T03:56:32","guid":{"rendered":"https:\/\/cristinacortinas.org\/sustentabilidad\/?p=9807"},"modified":"2025-11-17T21:56:32","modified_gmt":"2025-11-18T03:56:32","slug":"foro-publico-virtual-de-la-cca-el-2-de-diciembre","status":"publish","type":"post","link":"https:\/\/cristinacortinas.org\/sustentabilidad\/foro-publico-virtual-de-la-cca-el-2-de-diciembre\/","title":{"rendered":"FORO P\u00daBLICO virtual de la CCA el 2 de diciembre"},"content":{"rendered":"<p>No se pierdan el pr\u00f3ximo FORO P\u00daBLICO virtual de la CCA el 2 de diciembre con el objetivo de establecer una conversaci\u00f3n en torno al tema \u201cRegenerar el futuro de Am\u00e9rica del Norte\u201d.<br \/>\nLos contaminantes ambientales persistentes \u2014entre los que destacan plaguicidas, sustancias qu\u00edmicas \u201ceternas\u201d (PFAS) y micropl\u00e1sticos\u2014 y sus efectos ser\u00e1n tema a discutir, a la vez que las v\u00edas para establecer sistemas que permitan restaurar la integridad ambiental y tambi\u00e9n proteger el bienestar de las comunidades. Concebido para incentivar la participaci\u00f3n abierta y la diversidad de opiniones, el debate inspirar\u00e1 la acci\u00f3n colaborativa y contribuir\u00e1 a la consecuci\u00f3n de los objetivos a largo plazo de la CCA en materia de medio ambiente y sustentabilidad.<\/p>\n","protected":false},"excerpt":{"rendered":"<p>No se pierdan el pr\u00f3ximo FORO P\u00daBLICO virtual de la CCA el 2 de diciembre con el objetivo de establecer una conversaci\u00f3n en torno al tema \u201cRegenerar el futuro de Am\u00e9rica del Norte\u201d. Los contaminantes ambientales persistentes \u2014entre los que destacan plaguicidas, sustancias qu\u00edmicas \u201ceternas\u201d (PFAS) y micropl\u00e1sticos\u2014 y sus efectos ser\u00e1n tema a discutir, a la vez que las&nbsp;<a href=\"https:\/\/cristinacortinas.org\/sustentabilidad\/foro-publico-virtual-de-la-cca-el-2-de-diciembre\/\" class=\"read-more\">Seguir leyendo<\/a><\/p>\n","protected":false},"author":1,"featured_media":9808,"comment_status":"closed","ping_status":"closed","sticky":false,"template":"","format":"standard","meta":{"footnotes":""},"categories":[40],"tags":[],"class_list":["post-9807","post","type-post","status-publish","format-standard","has-post-thumbnail","hentry","category-noticias","cat-40-id"],"yoast_head":"<!-- This site is optimized with the Yoast SEO plugin v27.4 - https:\/\/yoast.com\/product\/yoast-seo-wordpress\/ -->\n<title>FORO P\u00daBLICO virtual de la CCA el 2 de diciembre - Dra. Ma. Cristina Cortinas Dur\u00e1n<\/title>\n<meta name=\"description\" content=\"No se pierdan el pr\u00f3ximo FORO P\u00daBLICO virtual de la CCA el 2 de diciembre con el objetivo de establecer una conversaci\u00f3n en torno al tema \u201cRegenerar el futuro de Am\u00e9rica del Norte\u201d.\" \/>\n<meta name=\"robots\" content=\"index, follow, max-snippet:-1, max-image-preview:large, max-video-preview:-1\" \/>\n<link rel=\"canonical\" href=\"https:\/\/cristinacortinas.org\/sustentabilidad\/foro-publico-virtual-de-la-cca-el-2-de-diciembre\/\" \/>\n<meta property=\"og:locale\" content=\"es_ES\" \/>\n<meta property=\"og:type\" content=\"article\" \/>\n<meta property=\"og:title\" content=\"FORO P\u00daBLICO virtual de la CCA el 2 de diciembre - Dra. Ma. Cristina Cortinas Dur\u00e1n\" \/>\n<meta property=\"og:description\" content=\"No se pierdan el pr\u00f3ximo FORO P\u00daBLICO virtual de la CCA el 2 de diciembre con el objetivo de establecer una conversaci\u00f3n en torno al tema \u201cRegenerar el futuro de Am\u00e9rica del Norte\u201d.\" \/>\n<meta property=\"og:url\" content=\"https:\/\/cristinacortinas.org\/sustentabilidad\/foro-publico-virtual-de-la-cca-el-2-de-diciembre\/\" \/>\n<meta property=\"og:site_name\" content=\"Dra. Ma. Cristina Cortinas Dur\u00e1n\" \/>\n<meta property=\"article:publisher\" content=\"https:\/\/www.facebook.com\/cristinacortinasduran\/\" \/>\n<meta property=\"article:published_time\" content=\"2025-11-18T03:56:32+00:00\" \/>\n<meta property=\"og:image\" content=\"http:\/\/cristinacortinas.org\/sustentabilidad\/wp-content\/uploads\/2025\/11\/FORO-PUBLICO-virtual-de-la-CCA.jpg\" \/>\n\t<meta property=\"og:image:width\" content=\"884\" \/>\n\t<meta property=\"og:image:height\" content=\"504\" \/>\n\t<meta property=\"og:image:type\" content=\"image\/jpeg\" \/>\n<meta name=\"author\" content=\"CCristina\" \/>\n<meta name=\"twitter:card\" content=\"summary_large_image\" \/>\n<meta name=\"twitter:creator\" content=\"@DraCrisCortinas\" \/>\n<meta name=\"twitter:site\" content=\"@DraCrisCortinas\" \/>\n<meta name=\"twitter:label1\" content=\"Escrito por\" \/>\n\t<meta name=\"twitter:data1\" content=\"CCristina\" \/>\n\t<meta name=\"twitter:label2\" content=\"Tiempo de lectura\" \/>\n\t<meta name=\"twitter:data2\" content=\"1 minuto\" \/>\n<script type=\"application\/ld+json\" class=\"yoast-schema-graph\">{\"@context\":\"https:\\\/\\\/schema.org\",\"@graph\":[{\"@type\":\"Article\",\"@id\":\"https:\\\/\\\/cristinacortinas.org\\\/sustentabilidad\\\/foro-publico-virtual-de-la-cca-el-2-de-diciembre\\\/#article\",\"isPartOf\":{\"@id\":\"https:\\\/\\\/cristinacortinas.org\\\/sustentabilidad\\\/foro-publico-virtual-de-la-cca-el-2-de-diciembre\\\/\"},\"author\":{\"name\":\"CCristina\",\"@id\":\"https:\\\/\\\/cristinacortinas.org\\\/sustentabilidad\\\/#\\\/schema\\\/person\\\/230b4a4171b31e97671db5b680f06b08\"},\"headline\":\"FORO P\u00daBLICO virtual de la CCA el 2 de diciembre\",\"datePublished\":\"2025-11-18T03:56:32+00:00\",\"mainEntityOfPage\":{\"@id\":\"https:\\\/\\\/cristinacortinas.org\\\/sustentabilidad\\\/foro-publico-virtual-de-la-cca-el-2-de-diciembre\\\/\"},\"wordCount\":137,\"image\":{\"@id\":\"https:\\\/\\\/cristinacortinas.org\\\/sustentabilidad\\\/foro-publico-virtual-de-la-cca-el-2-de-diciembre\\\/#primaryimage\"},\"thumbnailUrl\":\"https:\\\/\\\/cristinacortinas.org\\\/sustentabilidad\\\/wp-content\\\/uploads\\\/2025\\\/11\\\/FORO-PUBLICO-virtual-de-la-CCA.jpg\",\"articleSection\":[\"Noticias\"],\"inLanguage\":\"es\"},{\"@type\":\"WebPage\",\"@id\":\"https:\\\/\\\/cristinacortinas.org\\\/sustentabilidad\\\/foro-publico-virtual-de-la-cca-el-2-de-diciembre\\\/\",\"url\":\"https:\\\/\\\/cristinacortinas.org\\\/sustentabilidad\\\/foro-publico-virtual-de-la-cca-el-2-de-diciembre\\\/\",\"name\":\"FORO P\u00daBLICO virtual de la CCA el 2 de diciembre - Dra. Ma. Cristina Cortinas Dur\u00e1n\",\"isPartOf\":{\"@id\":\"https:\\\/\\\/cristinacortinas.org\\\/sustentabilidad\\\/#website\"},\"primaryImageOfPage\":{\"@id\":\"https:\\\/\\\/cristinacortinas.org\\\/sustentabilidad\\\/foro-publico-virtual-de-la-cca-el-2-de-diciembre\\\/#primaryimage\"},\"image\":{\"@id\":\"https:\\\/\\\/cristinacortinas.org\\\/sustentabilidad\\\/foro-publico-virtual-de-la-cca-el-2-de-diciembre\\\/#primaryimage\"},\"thumbnailUrl\":\"https:\\\/\\\/cristinacortinas.org\\\/sustentabilidad\\\/wp-content\\\/uploads\\\/2025\\\/11\\\/FORO-PUBLICO-virtual-de-la-CCA.jpg\",\"datePublished\":\"2025-11-18T03:56:32+00:00\",\"author\":{\"@id\":\"https:\\\/\\\/cristinacortinas.org\\\/sustentabilidad\\\/#\\\/schema\\\/person\\\/230b4a4171b31e97671db5b680f06b08\"},\"description\":\"No se pierdan el pr\u00f3ximo FORO P\u00daBLICO virtual de la CCA el 2 de diciembre con el objetivo de establecer una conversaci\u00f3n en torno al tema \u201cRegenerar el futuro de Am\u00e9rica del Norte\u201d.\",\"breadcrumb\":{\"@id\":\"https:\\\/\\\/cristinacortinas.org\\\/sustentabilidad\\\/foro-publico-virtual-de-la-cca-el-2-de-diciembre\\\/#breadcrumb\"},\"inLanguage\":\"es\",\"potentialAction\":[{\"@type\":\"ReadAction\",\"target\":[\"https:\\\/\\\/cristinacortinas.org\\\/sustentabilidad\\\/foro-publico-virtual-de-la-cca-el-2-de-diciembre\\\/\"]}]},{\"@type\":\"ImageObject\",\"inLanguage\":\"es\",\"@id\":\"https:\\\/\\\/cristinacortinas.org\\\/sustentabilidad\\\/foro-publico-virtual-de-la-cca-el-2-de-diciembre\\\/#primaryimage\",\"url\":\"https:\\\/\\\/cristinacortinas.org\\\/sustentabilidad\\\/wp-content\\\/uploads\\\/2025\\\/11\\\/FORO-PUBLICO-virtual-de-la-CCA.jpg\",\"contentUrl\":\"https:\\\/\\\/cristinacortinas.org\\\/sustentabilidad\\\/wp-content\\\/uploads\\\/2025\\\/11\\\/FORO-PUBLICO-virtual-de-la-CCA.jpg\",\"width\":884,\"height\":504,\"caption\":\"FORO P\u00daBLICO virtual de la CCA\"},{\"@type\":\"BreadcrumbList\",\"@id\":\"https:\\\/\\\/cristinacortinas.org\\\/sustentabilidad\\\/foro-publico-virtual-de-la-cca-el-2-de-diciembre\\\/#breadcrumb\",\"itemListElement\":[{\"@type\":\"ListItem\",\"position\":1,\"name\":\"Portada\",\"item\":\"https:\\\/\\\/cristinacortinas.org\\\/sustentabilidad\\\/\"},{\"@type\":\"ListItem\",\"position\":2,\"name\":\"FORO P\u00daBLICO virtual de la CCA el 2 de diciembre\"}]},{\"@type\":\"WebSite\",\"@id\":\"https:\\\/\\\/cristinacortinas.org\\\/sustentabilidad\\\/#website\",\"url\":\"https:\\\/\\\/cristinacortinas.org\\\/sustentabilidad\\\/\",\"name\":\"Dra. Ma. Cristina Cortinas Dur\u00e1n\",\"description\":\"\",\"potentialAction\":[{\"@type\":\"SearchAction\",\"target\":{\"@type\":\"EntryPoint\",\"urlTemplate\":\"https:\\\/\\\/cristinacortinas.org\\\/sustentabilidad\\\/?s={search_term_string}\"},\"query-input\":{\"@type\":\"PropertyValueSpecification\",\"valueRequired\":true,\"valueName\":\"search_term_string\"}}],\"inLanguage\":\"es\"},{\"@type\":\"Person\",\"@id\":\"https:\\\/\\\/cristinacortinas.org\\\/sustentabilidad\\\/#\\\/schema\\\/person\\\/230b4a4171b31e97671db5b680f06b08\",\"name\":\"CCristina\"}]}<\/script>\n<!-- \/ Yoast SEO plugin. -->","yoast_head_json":{"title":"FORO P\u00daBLICO virtual de la CCA el 2 de diciembre - Dra. Ma. Cristina Cortinas Dur\u00e1n","description":"No se pierdan el pr\u00f3ximo FORO P\u00daBLICO virtual de la CCA el 2 de diciembre con el objetivo de establecer una conversaci\u00f3n en torno al tema \u201cRegenerar el futuro de Am\u00e9rica del Norte\u201d.","robots":{"index":"index","follow":"follow","max-snippet":"max-snippet:-1","max-image-preview":"max-image-preview:large","max-video-preview":"max-video-preview:-1"},"canonical":"https:\/\/cristinacortinas.org\/sustentabilidad\/foro-publico-virtual-de-la-cca-el-2-de-diciembre\/","og_locale":"es_ES","og_type":"article","og_title":"FORO P\u00daBLICO virtual de la CCA el 2 de diciembre - Dra. Ma. Cristina Cortinas Dur\u00e1n","og_description":"No se pierdan el pr\u00f3ximo FORO P\u00daBLICO virtual de la CCA el 2 de diciembre con el objetivo de establecer una conversaci\u00f3n en torno al tema \u201cRegenerar el futuro de Am\u00e9rica del Norte\u201d.","og_url":"https:\/\/cristinacortinas.org\/sustentabilidad\/foro-publico-virtual-de-la-cca-el-2-de-diciembre\/","og_site_name":"Dra. Ma. Cristina Cortinas Dur\u00e1n","article_publisher":"https:\/\/www.facebook.com\/cristinacortinasduran\/","article_published_time":"2025-11-18T03:56:32+00:00","og_image":[{"width":884,"height":504,"url":"http:\/\/cristinacortinas.org\/sustentabilidad\/wp-content\/uploads\/2025\/11\/FORO-PUBLICO-virtual-de-la-CCA.jpg","type":"image\/jpeg"}],"author":"CCristina","twitter_card":"summary_large_image","twitter_creator":"@DraCrisCortinas","twitter_site":"@DraCrisCortinas","twitter_misc":{"Escrito por":"CCristina","Tiempo de lectura":"1 minuto"},"schema":{"@context":"https:\/\/schema.org","@graph":[{"@type":"Article","@id":"https:\/\/cristinacortinas.org\/sustentabilidad\/foro-publico-virtual-de-la-cca-el-2-de-diciembre\/#article","isPartOf":{"@id":"https:\/\/cristinacortinas.org\/sustentabilidad\/foro-publico-virtual-de-la-cca-el-2-de-diciembre\/"},"author":{"name":"CCristina","@id":"https:\/\/cristinacortinas.org\/sustentabilidad\/#\/schema\/person\/230b4a4171b31e97671db5b680f06b08"},"headline":"FORO P\u00daBLICO virtual de la CCA el 2 de diciembre","datePublished":"2025-11-18T03:56:32+00:00","mainEntityOfPage":{"@id":"https:\/\/cristinacortinas.org\/sustentabilidad\/foro-publico-virtual-de-la-cca-el-2-de-diciembre\/"},"wordCount":137,"image":{"@id":"https:\/\/cristinacortinas.org\/sustentabilidad\/foro-publico-virtual-de-la-cca-el-2-de-diciembre\/#primaryimage"},"thumbnailUrl":"https:\/\/cristinacortinas.org\/sustentabilidad\/wp-content\/uploads\/2025\/11\/FORO-PUBLICO-virtual-de-la-CCA.jpg","articleSection":["Noticias"],"inLanguage":"es"},{"@type":"WebPage","@id":"https:\/\/cristinacortinas.org\/sustentabilidad\/foro-publico-virtual-de-la-cca-el-2-de-diciembre\/","url":"https:\/\/cristinacortinas.org\/sustentabilidad\/foro-publico-virtual-de-la-cca-el-2-de-diciembre\/","name":"FORO P\u00daBLICO virtual de la CCA el 2 de diciembre - Dra. Ma. Cristina Cortinas Dur\u00e1n","isPartOf":{"@id":"https:\/\/cristinacortinas.org\/sustentabilidad\/#website"},"primaryImageOfPage":{"@id":"https:\/\/cristinacortinas.org\/sustentabilidad\/foro-publico-virtual-de-la-cca-el-2-de-diciembre\/#primaryimage"},"image":{"@id":"https:\/\/cristinacortinas.org\/sustentabilidad\/foro-publico-virtual-de-la-cca-el-2-de-diciembre\/#primaryimage"},"thumbnailUrl":"https:\/\/cristinacortinas.org\/sustentabilidad\/wp-content\/uploads\/2025\/11\/FORO-PUBLICO-virtual-de-la-CCA.jpg","datePublished":"2025-11-18T03:56:32+00:00","author":{"@id":"https:\/\/cristinacortinas.org\/sustentabilidad\/#\/schema\/person\/230b4a4171b31e97671db5b680f06b08"},"description":"No se pierdan el pr\u00f3ximo FORO P\u00daBLICO virtual de la CCA el 2 de diciembre con el objetivo de establecer una conversaci\u00f3n en torno al tema \u201cRegenerar el futuro de Am\u00e9rica del Norte\u201d.","breadcrumb":{"@id":"https:\/\/cristinacortinas.org\/sustentabilidad\/foro-publico-virtual-de-la-cca-el-2-de-diciembre\/#breadcrumb"},"inLanguage":"es","potentialAction":[{"@type":"ReadAction","target":["https:\/\/cristinacortinas.org\/sustentabilidad\/foro-publico-virtual-de-la-cca-el-2-de-diciembre\/"]}]},{"@type":"ImageObject","inLanguage":"es","@id":"https:\/\/cristinacortinas.org\/sustentabilidad\/foro-publico-virtual-de-la-cca-el-2-de-diciembre\/#primaryimage","url":"https:\/\/cristinacortinas.org\/sustentabilidad\/wp-content\/uploads\/2025\/11\/FORO-PUBLICO-virtual-de-la-CCA.jpg","contentUrl":"https:\/\/cristinacortinas.org\/sustentabilidad\/wp-content\/uploads\/2025\/11\/FORO-PUBLICO-virtual-de-la-CCA.jpg","width":884,"height":504,"caption":"FORO P\u00daBLICO virtual de la CCA"},{"@type":"BreadcrumbList","@id":"https:\/\/cristinacortinas.org\/sustentabilidad\/foro-publico-virtual-de-la-cca-el-2-de-diciembre\/#breadcrumb","itemListElement":[{"@type":"ListItem","position":1,"name":"Portada","item":"https:\/\/cristinacortinas.org\/sustentabilidad\/"},{"@type":"ListItem","position":2,"name":"FORO P\u00daBLICO virtual de la CCA el 2 de diciembre"}]},{"@type":"WebSite","@id":"https:\/\/cristinacortinas.org\/sustentabilidad\/#website","url":"https:\/\/cristinacortinas.org\/sustentabilidad\/","name":"Dra. Ma. Cristina Cortinas Dur\u00e1n","description":"","potentialAction":[{"@type":"SearchAction","target":{"@type":"EntryPoint","urlTemplate":"https:\/\/cristinacortinas.org\/sustentabilidad\/?s={search_term_string}"},"query-input":{"@type":"PropertyValueSpecification","valueRequired":true,"valueName":"search_term_string"}}],"inLanguage":"es"},{"@type":"Person","@id":"https:\/\/cristinacortinas.org\/sustentabilidad\/#\/schema\/person\/230b4a4171b31e97671db5b680f06b08","name":"CCristina"}]}},"_links":{"self":[{"href":"https:\/\/cristinacortinas.org\/sustentabilidad\/wp-json\/wp\/v2\/posts\/9807","targetHints":{"allow":["GET"]}}],"collection":[{"href":"https:\/\/cristinacortinas.org\/sustentabilidad\/wp-json\/wp\/v2\/posts"}],"about":[{"href":"https:\/\/cristinacortinas.org\/sustentabilidad\/wp-json\/wp\/v2\/types\/post"}],"author":[{"embeddable":true,"href":"https:\/\/cristinacortinas.org\/sustentabilidad\/wp-json\/wp\/v2\/users\/1"}],"replies":[{"embeddable":true,"href":"https:\/\/cristinacortinas.org\/sustentabilidad\/wp-json\/wp\/v2\/comments?post=9807"}],"version-history":[{"count":1,"href":"https:\/\/cristinacortinas.org\/sustentabilidad\/wp-json\/wp\/v2\/posts\/9807\/revisions"}],"predecessor-version":[{"id":9809,"href":"https:\/\/cristinacortinas.org\/sustentabilidad\/wp-json\/wp\/v2\/posts\/9807\/revisions\/9809"}],"wp:featuredmedia":[{"embeddable":true,"href":"https:\/\/cristinacortinas.org\/sustentabilidad\/wp-json\/wp\/v2\/media\/9808"}],"wp:attachment":[{"href":"https:\/\/cristinacortinas.org\/sustentabilidad\/wp-json\/wp\/v2\/media?parent=9807"}],"wp:term":[{"taxonomy":"category","embeddable":true,"href":"https:\/\/cristinacortinas.org\/sustentabilidad\/wp-json\/wp\/v2\/categories?post=9807"},{"taxonomy":"post_tag","embeddable":true,"href":"https:\/\/cristinacortinas.org\/sustentabilidad\/wp-json\/wp\/v2\/tags?post=9807"}],"curies":[{"name":"wp","href":"https:\/\/api.w.org\/{rel}","templated":true}]}}