{"id":9696,"date":"2025-09-25T09:36:31","date_gmt":"2025-09-25T15:36:31","guid":{"rendered":"https:\/\/cristinacortinas.org\/sustentabilidad\/?p=9696"},"modified":"2025-09-25T09:36:31","modified_gmt":"2025-09-25T15:36:31","slug":"2do-congreso-de-tecnologia-y-sustentabilidad","status":"publish","type":"post","link":"https:\/\/cristinacortinas.org\/sustentabilidad\/2do-congreso-de-tecnologia-y-sustentabilidad\/","title":{"rendered":"2do Congreso de Tecnolog\u00eda y Sustentabilidad"},"content":{"rendered":"<p><img loading=\"lazy\" decoding=\"async\" class=\"alignnone size-large wp-image-9697\" src=\"http:\/\/cristinacortinas.org\/sustentabilidad\/wp-content\/uploads\/2025\/09\/Segundo-Congresos-Sustentabilidad-y-Tecnologia-767x1024.jpg\" alt=\"2do Congreso de Tecnolog\u00eda y Sustentabilidad\" width=\"604\" height=\"806\" srcset=\"https:\/\/cristinacortinas.org\/sustentabilidad\/wp-content\/uploads\/2025\/09\/Segundo-Congresos-Sustentabilidad-y-Tecnologia-767x1024.jpg 767w, https:\/\/cristinacortinas.org\/sustentabilidad\/wp-content\/uploads\/2025\/09\/Segundo-Congresos-Sustentabilidad-y-Tecnologia-225x300.jpg 225w, https:\/\/cristinacortinas.org\/sustentabilidad\/wp-content\/uploads\/2025\/09\/Segundo-Congresos-Sustentabilidad-y-Tecnologia-768x1025.jpg 768w, https:\/\/cristinacortinas.org\/sustentabilidad\/wp-content\/uploads\/2025\/09\/Segundo-Congresos-Sustentabilidad-y-Tecnologia-1151x1536.jpg 1151w, https:\/\/cristinacortinas.org\/sustentabilidad\/wp-content\/uploads\/2025\/09\/Segundo-Congresos-Sustentabilidad-y-Tecnologia.jpg 1199w\" sizes=\"auto, (max-width: 604px) 100vw, 604px\" \/><\/p>\n","protected":false},"excerpt":{"rendered":"","protected":false},"author":1,"featured_media":9697,"comment_status":"closed","ping_status":"closed","sticky":false,"template":"","format":"aside","meta":{"footnotes":""},"categories":[40],"tags":[],"class_list":["post-9696","post","type-post","status-publish","format-aside","has-post-thumbnail","hentry","category-noticias","post_format-post-format-aside","cat-40-id"],"yoast_head":"<!-- This site is optimized with the Yoast SEO plugin v27.4 - https:\/\/yoast.com\/product\/yoast-seo-wordpress\/ -->\n<title>2do Congreso de Tecnolog\u00eda y Sustentabilidad - Dra. Ma. Cristina Cortinas Dur\u00e1n<\/title>\n<meta name=\"description\" content=\"25 de septiembre en el Instituto Tecnol\u00f3gico de Saltillo. Entrada Gratuita y en l\u00ednea.\" \/>\n<meta name=\"robots\" content=\"index, follow, max-snippet:-1, max-image-preview:large, max-video-preview:-1\" \/>\n<link rel=\"canonical\" href=\"https:\/\/cristinacortinas.org\/sustentabilidad\/2do-congreso-de-tecnologia-y-sustentabilidad\/\" \/>\n<meta property=\"og:locale\" content=\"es_ES\" \/>\n<meta property=\"og:type\" content=\"article\" \/>\n<meta property=\"og:title\" content=\"2do Congreso de Tecnolog\u00eda y Sustentabilidad - Dra. Ma. Cristina Cortinas Dur\u00e1n\" \/>\n<meta property=\"og:description\" content=\"25 de septiembre en el Instituto Tecnol\u00f3gico de Saltillo. Entrada Gratuita y en l\u00ednea.\" \/>\n<meta property=\"og:url\" content=\"https:\/\/cristinacortinas.org\/sustentabilidad\/2do-congreso-de-tecnologia-y-sustentabilidad\/\" \/>\n<meta property=\"og:site_name\" content=\"Dra. Ma. Cristina Cortinas Dur\u00e1n\" \/>\n<meta property=\"article:publisher\" content=\"https:\/\/www.facebook.com\/cristinacortinasduran\/\" \/>\n<meta property=\"article:published_time\" content=\"2025-09-25T15:36:31+00:00\" \/>\n<meta property=\"og:image\" content=\"http:\/\/cristinacortinas.org\/sustentabilidad\/wp-content\/uploads\/2025\/09\/Segundo-Congresos-Sustentabilidad-y-Tecnologia.jpg\" \/>\n\t<meta property=\"og:image:width\" content=\"1199\" \/>\n\t<meta property=\"og:image:height\" content=\"1600\" \/>\n\t<meta property=\"og:image:type\" content=\"image\/jpeg\" \/>\n<meta name=\"author\" content=\"CCristina\" \/>\n<meta name=\"twitter:card\" content=\"summary_large_image\" \/>\n<meta name=\"twitter:creator\" content=\"@DraCrisCortinas\" \/>\n<meta name=\"twitter:site\" content=\"@DraCrisCortinas\" \/>\n<meta name=\"twitter:label1\" content=\"Escrito por\" \/>\n\t<meta name=\"twitter:data1\" content=\"CCristina\" \/>\n<script type=\"application\/ld+json\" class=\"yoast-schema-graph\">{\"@context\":\"https:\\\/\\\/schema.org\",\"@graph\":[{\"@type\":\"Article\",\"@id\":\"https:\\\/\\\/cristinacortinas.org\\\/sustentabilidad\\\/2do-congreso-de-tecnologia-y-sustentabilidad\\\/#article\",\"isPartOf\":{\"@id\":\"https:\\\/\\\/cristinacortinas.org\\\/sustentabilidad\\\/2do-congreso-de-tecnologia-y-sustentabilidad\\\/\"},\"author\":{\"name\":\"CCristina\",\"@id\":\"https:\\\/\\\/cristinacortinas.org\\\/sustentabilidad\\\/#\\\/schema\\\/person\\\/230b4a4171b31e97671db5b680f06b08\"},\"headline\":\"2do Congreso de Tecnolog\u00eda y Sustentabilidad\",\"datePublished\":\"2025-09-25T15:36:31+00:00\",\"mainEntityOfPage\":{\"@id\":\"https:\\\/\\\/cristinacortinas.org\\\/sustentabilidad\\\/2do-congreso-de-tecnologia-y-sustentabilidad\\\/\"},\"wordCount\":7,\"image\":{\"@id\":\"https:\\\/\\\/cristinacortinas.org\\\/sustentabilidad\\\/2do-congreso-de-tecnologia-y-sustentabilidad\\\/#primaryimage\"},\"thumbnailUrl\":\"https:\\\/\\\/cristinacortinas.org\\\/sustentabilidad\\\/wp-content\\\/uploads\\\/2025\\\/09\\\/Segundo-Congresos-Sustentabilidad-y-Tecnologia.jpg\",\"articleSection\":[\"Noticias\"],\"inLanguage\":\"es\"},{\"@type\":\"WebPage\",\"@id\":\"https:\\\/\\\/cristinacortinas.org\\\/sustentabilidad\\\/2do-congreso-de-tecnologia-y-sustentabilidad\\\/\",\"url\":\"https:\\\/\\\/cristinacortinas.org\\\/sustentabilidad\\\/2do-congreso-de-tecnologia-y-sustentabilidad\\\/\",\"name\":\"2do Congreso de Tecnolog\u00eda y Sustentabilidad - Dra. Ma. Cristina Cortinas Dur\u00e1n\",\"isPartOf\":{\"@id\":\"https:\\\/\\\/cristinacortinas.org\\\/sustentabilidad\\\/#website\"},\"primaryImageOfPage\":{\"@id\":\"https:\\\/\\\/cristinacortinas.org\\\/sustentabilidad\\\/2do-congreso-de-tecnologia-y-sustentabilidad\\\/#primaryimage\"},\"image\":{\"@id\":\"https:\\\/\\\/cristinacortinas.org\\\/sustentabilidad\\\/2do-congreso-de-tecnologia-y-sustentabilidad\\\/#primaryimage\"},\"thumbnailUrl\":\"https:\\\/\\\/cristinacortinas.org\\\/sustentabilidad\\\/wp-content\\\/uploads\\\/2025\\\/09\\\/Segundo-Congresos-Sustentabilidad-y-Tecnologia.jpg\",\"datePublished\":\"2025-09-25T15:36:31+00:00\",\"author\":{\"@id\":\"https:\\\/\\\/cristinacortinas.org\\\/sustentabilidad\\\/#\\\/schema\\\/person\\\/230b4a4171b31e97671db5b680f06b08\"},\"description\":\"25 de septiembre en el Instituto Tecnol\u00f3gico de Saltillo. Entrada Gratuita y en l\u00ednea.\",\"breadcrumb\":{\"@id\":\"https:\\\/\\\/cristinacortinas.org\\\/sustentabilidad\\\/2do-congreso-de-tecnologia-y-sustentabilidad\\\/#breadcrumb\"},\"inLanguage\":\"es\",\"potentialAction\":[{\"@type\":\"ReadAction\",\"target\":[\"https:\\\/\\\/cristinacortinas.org\\\/sustentabilidad\\\/2do-congreso-de-tecnologia-y-sustentabilidad\\\/\"]}]},{\"@type\":\"ImageObject\",\"inLanguage\":\"es\",\"@id\":\"https:\\\/\\\/cristinacortinas.org\\\/sustentabilidad\\\/2do-congreso-de-tecnologia-y-sustentabilidad\\\/#primaryimage\",\"url\":\"https:\\\/\\\/cristinacortinas.org\\\/sustentabilidad\\\/wp-content\\\/uploads\\\/2025\\\/09\\\/Segundo-Congresos-Sustentabilidad-y-Tecnologia.jpg\",\"contentUrl\":\"https:\\\/\\\/cristinacortinas.org\\\/sustentabilidad\\\/wp-content\\\/uploads\\\/2025\\\/09\\\/Segundo-Congresos-Sustentabilidad-y-Tecnologia.jpg\",\"width\":1199,\"height\":1600,\"caption\":\"2do Congreso de Tecnolog\u00eda y Sustentabilidad\"},{\"@type\":\"BreadcrumbList\",\"@id\":\"https:\\\/\\\/cristinacortinas.org\\\/sustentabilidad\\\/2do-congreso-de-tecnologia-y-sustentabilidad\\\/#breadcrumb\",\"itemListElement\":[{\"@type\":\"ListItem\",\"position\":1,\"name\":\"Portada\",\"item\":\"https:\\\/\\\/cristinacortinas.org\\\/sustentabilidad\\\/\"},{\"@type\":\"ListItem\",\"position\":2,\"name\":\"2do Congreso de Tecnolog\u00eda y Sustentabilidad\"}]},{\"@type\":\"WebSite\",\"@id\":\"https:\\\/\\\/cristinacortinas.org\\\/sustentabilidad\\\/#website\",\"url\":\"https:\\\/\\\/cristinacortinas.org\\\/sustentabilidad\\\/\",\"name\":\"Dra. Ma. Cristina Cortinas Dur\u00e1n\",\"description\":\"\",\"potentialAction\":[{\"@type\":\"SearchAction\",\"target\":{\"@type\":\"EntryPoint\",\"urlTemplate\":\"https:\\\/\\\/cristinacortinas.org\\\/sustentabilidad\\\/?s={search_term_string}\"},\"query-input\":{\"@type\":\"PropertyValueSpecification\",\"valueRequired\":true,\"valueName\":\"search_term_string\"}}],\"inLanguage\":\"es\"},{\"@type\":\"Person\",\"@id\":\"https:\\\/\\\/cristinacortinas.org\\\/sustentabilidad\\\/#\\\/schema\\\/person\\\/230b4a4171b31e97671db5b680f06b08\",\"name\":\"CCristina\"}]}<\/script>\n<!-- \/ Yoast SEO plugin. -->","yoast_head_json":{"title":"2do Congreso de Tecnolog\u00eda y Sustentabilidad - Dra. Ma. Cristina Cortinas Dur\u00e1n","description":"25 de septiembre en el Instituto Tecnol\u00f3gico de Saltillo. Entrada Gratuita y en l\u00ednea.","robots":{"index":"index","follow":"follow","max-snippet":"max-snippet:-1","max-image-preview":"max-image-preview:large","max-video-preview":"max-video-preview:-1"},"canonical":"https:\/\/cristinacortinas.org\/sustentabilidad\/2do-congreso-de-tecnologia-y-sustentabilidad\/","og_locale":"es_ES","og_type":"article","og_title":"2do Congreso de Tecnolog\u00eda y Sustentabilidad - Dra. Ma. Cristina Cortinas Dur\u00e1n","og_description":"25 de septiembre en el Instituto Tecnol\u00f3gico de Saltillo. Entrada Gratuita y en l\u00ednea.","og_url":"https:\/\/cristinacortinas.org\/sustentabilidad\/2do-congreso-de-tecnologia-y-sustentabilidad\/","og_site_name":"Dra. Ma. Cristina Cortinas Dur\u00e1n","article_publisher":"https:\/\/www.facebook.com\/cristinacortinasduran\/","article_published_time":"2025-09-25T15:36:31+00:00","og_image":[{"width":1199,"height":1600,"url":"http:\/\/cristinacortinas.org\/sustentabilidad\/wp-content\/uploads\/2025\/09\/Segundo-Congresos-Sustentabilidad-y-Tecnologia.jpg","type":"image\/jpeg"}],"author":"CCristina","twitter_card":"summary_large_image","twitter_creator":"@DraCrisCortinas","twitter_site":"@DraCrisCortinas","twitter_misc":{"Escrito por":"CCristina"},"schema":{"@context":"https:\/\/schema.org","@graph":[{"@type":"Article","@id":"https:\/\/cristinacortinas.org\/sustentabilidad\/2do-congreso-de-tecnologia-y-sustentabilidad\/#article","isPartOf":{"@id":"https:\/\/cristinacortinas.org\/sustentabilidad\/2do-congreso-de-tecnologia-y-sustentabilidad\/"},"author":{"name":"CCristina","@id":"https:\/\/cristinacortinas.org\/sustentabilidad\/#\/schema\/person\/230b4a4171b31e97671db5b680f06b08"},"headline":"2do Congreso de Tecnolog\u00eda y Sustentabilidad","datePublished":"2025-09-25T15:36:31+00:00","mainEntityOfPage":{"@id":"https:\/\/cristinacortinas.org\/sustentabilidad\/2do-congreso-de-tecnologia-y-sustentabilidad\/"},"wordCount":7,"image":{"@id":"https:\/\/cristinacortinas.org\/sustentabilidad\/2do-congreso-de-tecnologia-y-sustentabilidad\/#primaryimage"},"thumbnailUrl":"https:\/\/cristinacortinas.org\/sustentabilidad\/wp-content\/uploads\/2025\/09\/Segundo-Congresos-Sustentabilidad-y-Tecnologia.jpg","articleSection":["Noticias"],"inLanguage":"es"},{"@type":"WebPage","@id":"https:\/\/cristinacortinas.org\/sustentabilidad\/2do-congreso-de-tecnologia-y-sustentabilidad\/","url":"https:\/\/cristinacortinas.org\/sustentabilidad\/2do-congreso-de-tecnologia-y-sustentabilidad\/","name":"2do Congreso de Tecnolog\u00eda y Sustentabilidad - Dra. Ma. Cristina Cortinas Dur\u00e1n","isPartOf":{"@id":"https:\/\/cristinacortinas.org\/sustentabilidad\/#website"},"primaryImageOfPage":{"@id":"https:\/\/cristinacortinas.org\/sustentabilidad\/2do-congreso-de-tecnologia-y-sustentabilidad\/#primaryimage"},"image":{"@id":"https:\/\/cristinacortinas.org\/sustentabilidad\/2do-congreso-de-tecnologia-y-sustentabilidad\/#primaryimage"},"thumbnailUrl":"https:\/\/cristinacortinas.org\/sustentabilidad\/wp-content\/uploads\/2025\/09\/Segundo-Congresos-Sustentabilidad-y-Tecnologia.jpg","datePublished":"2025-09-25T15:36:31+00:00","author":{"@id":"https:\/\/cristinacortinas.org\/sustentabilidad\/#\/schema\/person\/230b4a4171b31e97671db5b680f06b08"},"description":"25 de septiembre en el Instituto Tecnol\u00f3gico de Saltillo. Entrada Gratuita y en l\u00ednea.","breadcrumb":{"@id":"https:\/\/cristinacortinas.org\/sustentabilidad\/2do-congreso-de-tecnologia-y-sustentabilidad\/#breadcrumb"},"inLanguage":"es","potentialAction":[{"@type":"ReadAction","target":["https:\/\/cristinacortinas.org\/sustentabilidad\/2do-congreso-de-tecnologia-y-sustentabilidad\/"]}]},{"@type":"ImageObject","inLanguage":"es","@id":"https:\/\/cristinacortinas.org\/sustentabilidad\/2do-congreso-de-tecnologia-y-sustentabilidad\/#primaryimage","url":"https:\/\/cristinacortinas.org\/sustentabilidad\/wp-content\/uploads\/2025\/09\/Segundo-Congresos-Sustentabilidad-y-Tecnologia.jpg","contentUrl":"https:\/\/cristinacortinas.org\/sustentabilidad\/wp-content\/uploads\/2025\/09\/Segundo-Congresos-Sustentabilidad-y-Tecnologia.jpg","width":1199,"height":1600,"caption":"2do Congreso de Tecnolog\u00eda y Sustentabilidad"},{"@type":"BreadcrumbList","@id":"https:\/\/cristinacortinas.org\/sustentabilidad\/2do-congreso-de-tecnologia-y-sustentabilidad\/#breadcrumb","itemListElement":[{"@type":"ListItem","position":1,"name":"Portada","item":"https:\/\/cristinacortinas.org\/sustentabilidad\/"},{"@type":"ListItem","position":2,"name":"2do Congreso de Tecnolog\u00eda y Sustentabilidad"}]},{"@type":"WebSite","@id":"https:\/\/cristinacortinas.org\/sustentabilidad\/#website","url":"https:\/\/cristinacortinas.org\/sustentabilidad\/","name":"Dra. Ma. Cristina Cortinas Dur\u00e1n","description":"","potentialAction":[{"@type":"SearchAction","target":{"@type":"EntryPoint","urlTemplate":"https:\/\/cristinacortinas.org\/sustentabilidad\/?s={search_term_string}"},"query-input":{"@type":"PropertyValueSpecification","valueRequired":true,"valueName":"search_term_string"}}],"inLanguage":"es"},{"@type":"Person","@id":"https:\/\/cristinacortinas.org\/sustentabilidad\/#\/schema\/person\/230b4a4171b31e97671db5b680f06b08","name":"CCristina"}]}},"_links":{"self":[{"href":"https:\/\/cristinacortinas.org\/sustentabilidad\/wp-json\/wp\/v2\/posts\/9696","targetHints":{"allow":["GET"]}}],"collection":[{"href":"https:\/\/cristinacortinas.org\/sustentabilidad\/wp-json\/wp\/v2\/posts"}],"about":[{"href":"https:\/\/cristinacortinas.org\/sustentabilidad\/wp-json\/wp\/v2\/types\/post"}],"author":[{"embeddable":true,"href":"https:\/\/cristinacortinas.org\/sustentabilidad\/wp-json\/wp\/v2\/users\/1"}],"replies":[{"embeddable":true,"href":"https:\/\/cristinacortinas.org\/sustentabilidad\/wp-json\/wp\/v2\/comments?post=9696"}],"version-history":[{"count":1,"href":"https:\/\/cristinacortinas.org\/sustentabilidad\/wp-json\/wp\/v2\/posts\/9696\/revisions"}],"predecessor-version":[{"id":9698,"href":"https:\/\/cristinacortinas.org\/sustentabilidad\/wp-json\/wp\/v2\/posts\/9696\/revisions\/9698"}],"wp:featuredmedia":[{"embeddable":true,"href":"https:\/\/cristinacortinas.org\/sustentabilidad\/wp-json\/wp\/v2\/media\/9697"}],"wp:attachment":[{"href":"https:\/\/cristinacortinas.org\/sustentabilidad\/wp-json\/wp\/v2\/media?parent=9696"}],"wp:term":[{"taxonomy":"category","embeddable":true,"href":"https:\/\/cristinacortinas.org\/sustentabilidad\/wp-json\/wp\/v2\/categories?post=9696"},{"taxonomy":"post_tag","embeddable":true,"href":"https:\/\/cristinacortinas.org\/sustentabilidad\/wp-json\/wp\/v2\/tags?post=9696"}],"curies":[{"name":"wp","href":"https:\/\/api.w.org\/{rel}","templated":true}]}}