{"id":9632,"date":"2025-07-24T18:45:25","date_gmt":"2025-07-25T00:45:25","guid":{"rendered":"https:\/\/cristinacortinas.org\/sustentabilidad\/?p=9632"},"modified":"2025-07-24T18:45:25","modified_gmt":"2025-07-25T00:45:25","slug":"polos-de-desarrollo-y-corredores-economicos-de-bienestar","status":"publish","type":"post","link":"https:\/\/cristinacortinas.org\/sustentabilidad\/polos-de-desarrollo-y-corredores-economicos-de-bienestar\/","title":{"rendered":"\u201cPolos de desarrollo\u201d y \u201cCorredores econ\u00f3micos de bienestar\u201d"},"content":{"rendered":"<p>En la misma semana, lunes 21 y martes 22 de julio de 2025, en tres entidades federativas de M\u00e9xico distantes, Baja California, Quer\u00e9taro y Chiapas, en reuniones virtuales de trabajo de organizaciones sociales, se ha hablado de estrategias dirigidas a promover el incremento de la productividad de los materiales y evitar la generaci\u00f3n de residuos, mediante actividades que creen fuentes de ingresos y de empleos dignos e incluyentes.<\/p>\n<p>En todas ellas sale a relucir la importancia de tener una visi\u00f3n territorial al buscar subsanar las graves carencias que se enfrentan desde lo local para aprovechar y valorizar materiales biol\u00f3gicos y t\u00e9cnicos a lo largo de su ciclo de vida. Situaci\u00f3n que no es f\u00e1cil cuando tanto autoridades municipales como sociedad, no tienen claro lo que eso significa en t\u00e9rminos de desaf\u00edos que involucran debilidades de infraestructura y falta de financiamiento para desarrollarla.<\/p>\n<p>Algunos proyectos ambiciosos buscan que en toda la frontera se armonicen y consoliden v\u00edas para favorecer el flujo de residuos no solo del lado mexicano, sino inclusive con un enfoque binacional. Lo cual no siempre es posible por las brechas y barreras legales que se oponen a ello; por no mencionar las tecnol\u00f3gicas, econ\u00f3micas y sociales.<\/p>\n<p>Qu\u00e9 decir de Chiapas, estado carente de infraestructura para viabilizar y hacer sostenible su tr\u00e1nsito hacia la econom\u00eda circular. Quer\u00e9taro tiene sus propios problemas para lograr movilizar a la sociedad a fin de evitar desde los hogares el desperdicio de recursos, entre ellos el de alimentos y otros materiales biol\u00f3gicos que debieran ser aprovechados al m\u00e1ximo.<\/p>\n<p>En todos estos casos, quienes de manera comprometida est\u00e1n buscando contribuir a los fines antes se\u00f1alados, requieren ubicar en el mapa del territorio nacional tanto los \u201cPolos de desarrollo\u201d d\u00f3nde se prev\u00e9 la creaci\u00f3n de parques industriales en los que se detonen diversos sectores industriales en el contexto de una econom\u00eda circular, como los \u201cCorredores econ\u00f3micos de bienestar\u201d que constituyen zonas geogr\u00e1ficas.<\/p>\n<p>Ello porque ser\u00e1n afortunados si al mismo tiempo est\u00e1n desarrollando sus proyectos en corredores econ\u00f3micos en d\u00f3nde se prev\u00e9 impulsar varios polos de desarrollo.<\/p>\n<p>En estas circunstancias habr\u00e1 que preguntarse \u00bfqu\u00e9 hacer si los proyectos se est\u00e1n gestando en corredores econ\u00f3micos desfavorecidos en donde no se prev\u00e9n polos de desarrollo?<\/p>\n<hr \/>\n[1] La responsabilidad de estas reflexiones es solo de su autora.<\/p>\n<p>Detalles de nota en:<br \/>\nhttps:\/\/netnoticias.mx\/opinion\/polos-de-desarrollo-y-corredores-economicos-de-bienestar<\/p>\n","protected":false},"excerpt":{"rendered":"<p>En la misma semana, lunes 21 y martes 22 de julio de 2025, en tres entidades federativas de M\u00e9xico distantes, Baja California, Quer\u00e9taro y Chiapas, en reuniones virtuales de trabajo de organizaciones sociales, se ha hablado de estrategias dirigidas a promover el incremento de la productividad de los materiales y evitar la generaci\u00f3n de residuos, mediante actividades que creen fuentes&nbsp;<a href=\"https:\/\/cristinacortinas.org\/sustentabilidad\/polos-de-desarrollo-y-corredores-economicos-de-bienestar\/\" class=\"read-more\">Seguir leyendo<\/a><\/p>\n","protected":false},"author":1,"featured_media":7091,"comment_status":"closed","ping_status":"closed","sticky":false,"template":"","format":"standard","meta":{"footnotes":""},"categories":[40],"tags":[],"class_list":["post-9632","post","type-post","status-publish","format-standard","has-post-thumbnail","hentry","category-noticias","cat-40-id"],"yoast_head":"<!-- This site is optimized with the Yoast SEO plugin v27.4 - https:\/\/yoast.com\/product\/yoast-seo-wordpress\/ -->\n<title>\u201cPolos de desarrollo\u201d y \u201cCorredores econ\u00f3micos de bienestar\u201d - Dra. Ma. Cristina Cortinas Dur\u00e1n<\/title>\n<meta name=\"description\" content=\"En la misma semana, lunes 21 y martes 22 de julio de 2025, en tres entidades federativas de M\u00e9xico distantes, Baja California, Quer\u00e9taro y Chiapas,\" \/>\n<meta name=\"robots\" content=\"index, follow, max-snippet:-1, max-image-preview:large, max-video-preview:-1\" \/>\n<link rel=\"canonical\" href=\"https:\/\/cristinacortinas.org\/sustentabilidad\/polos-de-desarrollo-y-corredores-economicos-de-bienestar\/\" \/>\n<meta property=\"og:locale\" content=\"es_ES\" \/>\n<meta property=\"og:type\" content=\"article\" \/>\n<meta property=\"og:title\" content=\"\u201cPolos de desarrollo\u201d y \u201cCorredores econ\u00f3micos de bienestar\u201d - Dra. Ma. Cristina Cortinas Dur\u00e1n\" \/>\n<meta property=\"og:description\" content=\"En la misma semana, lunes 21 y martes 22 de julio de 2025, en tres entidades federativas de M\u00e9xico distantes, Baja California, Quer\u00e9taro y Chiapas,\" \/>\n<meta property=\"og:url\" content=\"https:\/\/cristinacortinas.org\/sustentabilidad\/polos-de-desarrollo-y-corredores-economicos-de-bienestar\/\" \/>\n<meta property=\"og:site_name\" content=\"Dra. Ma. Cristina Cortinas Dur\u00e1n\" \/>\n<meta property=\"article:publisher\" content=\"https:\/\/www.facebook.com\/cristinacortinasduran\/\" \/>\n<meta property=\"article:published_time\" content=\"2025-07-25T00:45:25+00:00\" \/>\n<meta property=\"og:image\" content=\"http:\/\/cristinacortinas.org\/sustentabilidad\/wp-content\/uploads\/2019\/09\/Cristina-Cortinas-Sept-2019.jpg\" \/>\n\t<meta property=\"og:image:width\" content=\"903\" \/>\n\t<meta property=\"og:image:height\" content=\"508\" \/>\n\t<meta property=\"og:image:type\" content=\"image\/jpeg\" \/>\n<meta name=\"author\" content=\"CCristina\" \/>\n<meta name=\"twitter:card\" content=\"summary_large_image\" \/>\n<meta name=\"twitter:creator\" content=\"@DraCrisCortinas\" \/>\n<meta name=\"twitter:site\" content=\"@DraCrisCortinas\" \/>\n<meta name=\"twitter:label1\" content=\"Escrito por\" \/>\n\t<meta name=\"twitter:data1\" content=\"CCristina\" \/>\n\t<meta name=\"twitter:label2\" content=\"Tiempo de lectura\" \/>\n\t<meta name=\"twitter:data2\" content=\"2 minutos\" \/>\n<script type=\"application\/ld+json\" class=\"yoast-schema-graph\">{\"@context\":\"https:\\\/\\\/schema.org\",\"@graph\":[{\"@type\":\"Article\",\"@id\":\"https:\\\/\\\/cristinacortinas.org\\\/sustentabilidad\\\/polos-de-desarrollo-y-corredores-economicos-de-bienestar\\\/#article\",\"isPartOf\":{\"@id\":\"https:\\\/\\\/cristinacortinas.org\\\/sustentabilidad\\\/polos-de-desarrollo-y-corredores-economicos-de-bienestar\\\/\"},\"author\":{\"name\":\"CCristina\",\"@id\":\"https:\\\/\\\/cristinacortinas.org\\\/sustentabilidad\\\/#\\\/schema\\\/person\\\/230b4a4171b31e97671db5b680f06b08\"},\"headline\":\"\u201cPolos de desarrollo\u201d y \u201cCorredores econ\u00f3micos de bienestar\u201d\",\"datePublished\":\"2025-07-25T00:45:25+00:00\",\"mainEntityOfPage\":{\"@id\":\"https:\\\/\\\/cristinacortinas.org\\\/sustentabilidad\\\/polos-de-desarrollo-y-corredores-economicos-de-bienestar\\\/\"},\"wordCount\":423,\"image\":{\"@id\":\"https:\\\/\\\/cristinacortinas.org\\\/sustentabilidad\\\/polos-de-desarrollo-y-corredores-economicos-de-bienestar\\\/#primaryimage\"},\"thumbnailUrl\":\"https:\\\/\\\/cristinacortinas.org\\\/sustentabilidad\\\/wp-content\\\/uploads\\\/2019\\\/09\\\/Cristina-Cortinas-Sept-2019.jpg\",\"articleSection\":[\"Noticias\"],\"inLanguage\":\"es\"},{\"@type\":\"WebPage\",\"@id\":\"https:\\\/\\\/cristinacortinas.org\\\/sustentabilidad\\\/polos-de-desarrollo-y-corredores-economicos-de-bienestar\\\/\",\"url\":\"https:\\\/\\\/cristinacortinas.org\\\/sustentabilidad\\\/polos-de-desarrollo-y-corredores-economicos-de-bienestar\\\/\",\"name\":\"\u201cPolos de desarrollo\u201d y \u201cCorredores econ\u00f3micos de bienestar\u201d - Dra. Ma. Cristina Cortinas Dur\u00e1n\",\"isPartOf\":{\"@id\":\"https:\\\/\\\/cristinacortinas.org\\\/sustentabilidad\\\/#website\"},\"primaryImageOfPage\":{\"@id\":\"https:\\\/\\\/cristinacortinas.org\\\/sustentabilidad\\\/polos-de-desarrollo-y-corredores-economicos-de-bienestar\\\/#primaryimage\"},\"image\":{\"@id\":\"https:\\\/\\\/cristinacortinas.org\\\/sustentabilidad\\\/polos-de-desarrollo-y-corredores-economicos-de-bienestar\\\/#primaryimage\"},\"thumbnailUrl\":\"https:\\\/\\\/cristinacortinas.org\\\/sustentabilidad\\\/wp-content\\\/uploads\\\/2019\\\/09\\\/Cristina-Cortinas-Sept-2019.jpg\",\"datePublished\":\"2025-07-25T00:45:25+00:00\",\"author\":{\"@id\":\"https:\\\/\\\/cristinacortinas.org\\\/sustentabilidad\\\/#\\\/schema\\\/person\\\/230b4a4171b31e97671db5b680f06b08\"},\"description\":\"En la misma semana, lunes 21 y martes 22 de julio de 2025, en tres entidades federativas de M\u00e9xico distantes, Baja California, Quer\u00e9taro y Chiapas,\",\"breadcrumb\":{\"@id\":\"https:\\\/\\\/cristinacortinas.org\\\/sustentabilidad\\\/polos-de-desarrollo-y-corredores-economicos-de-bienestar\\\/#breadcrumb\"},\"inLanguage\":\"es\",\"potentialAction\":[{\"@type\":\"ReadAction\",\"target\":[\"https:\\\/\\\/cristinacortinas.org\\\/sustentabilidad\\\/polos-de-desarrollo-y-corredores-economicos-de-bienestar\\\/\"]}]},{\"@type\":\"ImageObject\",\"inLanguage\":\"es\",\"@id\":\"https:\\\/\\\/cristinacortinas.org\\\/sustentabilidad\\\/polos-de-desarrollo-y-corredores-economicos-de-bienestar\\\/#primaryimage\",\"url\":\"https:\\\/\\\/cristinacortinas.org\\\/sustentabilidad\\\/wp-content\\\/uploads\\\/2019\\\/09\\\/Cristina-Cortinas-Sept-2019.jpg\",\"contentUrl\":\"https:\\\/\\\/cristinacortinas.org\\\/sustentabilidad\\\/wp-content\\\/uploads\\\/2019\\\/09\\\/Cristina-Cortinas-Sept-2019.jpg\",\"width\":903,\"height\":508},{\"@type\":\"BreadcrumbList\",\"@id\":\"https:\\\/\\\/cristinacortinas.org\\\/sustentabilidad\\\/polos-de-desarrollo-y-corredores-economicos-de-bienestar\\\/#breadcrumb\",\"itemListElement\":[{\"@type\":\"ListItem\",\"position\":1,\"name\":\"Portada\",\"item\":\"https:\\\/\\\/cristinacortinas.org\\\/sustentabilidad\\\/\"},{\"@type\":\"ListItem\",\"position\":2,\"name\":\"\u201cPolos de desarrollo\u201d y \u201cCorredores econ\u00f3micos de bienestar\u201d\"}]},{\"@type\":\"WebSite\",\"@id\":\"https:\\\/\\\/cristinacortinas.org\\\/sustentabilidad\\\/#website\",\"url\":\"https:\\\/\\\/cristinacortinas.org\\\/sustentabilidad\\\/\",\"name\":\"Dra. Ma. Cristina Cortinas Dur\u00e1n\",\"description\":\"\",\"potentialAction\":[{\"@type\":\"SearchAction\",\"target\":{\"@type\":\"EntryPoint\",\"urlTemplate\":\"https:\\\/\\\/cristinacortinas.org\\\/sustentabilidad\\\/?s={search_term_string}\"},\"query-input\":{\"@type\":\"PropertyValueSpecification\",\"valueRequired\":true,\"valueName\":\"search_term_string\"}}],\"inLanguage\":\"es\"},{\"@type\":\"Person\",\"@id\":\"https:\\\/\\\/cristinacortinas.org\\\/sustentabilidad\\\/#\\\/schema\\\/person\\\/230b4a4171b31e97671db5b680f06b08\",\"name\":\"CCristina\"}]}<\/script>\n<!-- \/ Yoast SEO plugin. -->","yoast_head_json":{"title":"\u201cPolos de desarrollo\u201d y \u201cCorredores econ\u00f3micos de bienestar\u201d - Dra. Ma. Cristina Cortinas Dur\u00e1n","description":"En la misma semana, lunes 21 y martes 22 de julio de 2025, en tres entidades federativas de M\u00e9xico distantes, Baja California, Quer\u00e9taro y Chiapas,","robots":{"index":"index","follow":"follow","max-snippet":"max-snippet:-1","max-image-preview":"max-image-preview:large","max-video-preview":"max-video-preview:-1"},"canonical":"https:\/\/cristinacortinas.org\/sustentabilidad\/polos-de-desarrollo-y-corredores-economicos-de-bienestar\/","og_locale":"es_ES","og_type":"article","og_title":"\u201cPolos de desarrollo\u201d y \u201cCorredores econ\u00f3micos de bienestar\u201d - Dra. Ma. Cristina Cortinas Dur\u00e1n","og_description":"En la misma semana, lunes 21 y martes 22 de julio de 2025, en tres entidades federativas de M\u00e9xico distantes, Baja California, Quer\u00e9taro y Chiapas,","og_url":"https:\/\/cristinacortinas.org\/sustentabilidad\/polos-de-desarrollo-y-corredores-economicos-de-bienestar\/","og_site_name":"Dra. Ma. Cristina Cortinas Dur\u00e1n","article_publisher":"https:\/\/www.facebook.com\/cristinacortinasduran\/","article_published_time":"2025-07-25T00:45:25+00:00","og_image":[{"width":903,"height":508,"url":"http:\/\/cristinacortinas.org\/sustentabilidad\/wp-content\/uploads\/2019\/09\/Cristina-Cortinas-Sept-2019.jpg","type":"image\/jpeg"}],"author":"CCristina","twitter_card":"summary_large_image","twitter_creator":"@DraCrisCortinas","twitter_site":"@DraCrisCortinas","twitter_misc":{"Escrito por":"CCristina","Tiempo de lectura":"2 minutos"},"schema":{"@context":"https:\/\/schema.org","@graph":[{"@type":"Article","@id":"https:\/\/cristinacortinas.org\/sustentabilidad\/polos-de-desarrollo-y-corredores-economicos-de-bienestar\/#article","isPartOf":{"@id":"https:\/\/cristinacortinas.org\/sustentabilidad\/polos-de-desarrollo-y-corredores-economicos-de-bienestar\/"},"author":{"name":"CCristina","@id":"https:\/\/cristinacortinas.org\/sustentabilidad\/#\/schema\/person\/230b4a4171b31e97671db5b680f06b08"},"headline":"\u201cPolos de desarrollo\u201d y \u201cCorredores econ\u00f3micos de bienestar\u201d","datePublished":"2025-07-25T00:45:25+00:00","mainEntityOfPage":{"@id":"https:\/\/cristinacortinas.org\/sustentabilidad\/polos-de-desarrollo-y-corredores-economicos-de-bienestar\/"},"wordCount":423,"image":{"@id":"https:\/\/cristinacortinas.org\/sustentabilidad\/polos-de-desarrollo-y-corredores-economicos-de-bienestar\/#primaryimage"},"thumbnailUrl":"https:\/\/cristinacortinas.org\/sustentabilidad\/wp-content\/uploads\/2019\/09\/Cristina-Cortinas-Sept-2019.jpg","articleSection":["Noticias"],"inLanguage":"es"},{"@type":"WebPage","@id":"https:\/\/cristinacortinas.org\/sustentabilidad\/polos-de-desarrollo-y-corredores-economicos-de-bienestar\/","url":"https:\/\/cristinacortinas.org\/sustentabilidad\/polos-de-desarrollo-y-corredores-economicos-de-bienestar\/","name":"\u201cPolos de desarrollo\u201d y \u201cCorredores econ\u00f3micos de bienestar\u201d - Dra. Ma. Cristina Cortinas Dur\u00e1n","isPartOf":{"@id":"https:\/\/cristinacortinas.org\/sustentabilidad\/#website"},"primaryImageOfPage":{"@id":"https:\/\/cristinacortinas.org\/sustentabilidad\/polos-de-desarrollo-y-corredores-economicos-de-bienestar\/#primaryimage"},"image":{"@id":"https:\/\/cristinacortinas.org\/sustentabilidad\/polos-de-desarrollo-y-corredores-economicos-de-bienestar\/#primaryimage"},"thumbnailUrl":"https:\/\/cristinacortinas.org\/sustentabilidad\/wp-content\/uploads\/2019\/09\/Cristina-Cortinas-Sept-2019.jpg","datePublished":"2025-07-25T00:45:25+00:00","author":{"@id":"https:\/\/cristinacortinas.org\/sustentabilidad\/#\/schema\/person\/230b4a4171b31e97671db5b680f06b08"},"description":"En la misma semana, lunes 21 y martes 22 de julio de 2025, en tres entidades federativas de M\u00e9xico distantes, Baja California, Quer\u00e9taro y Chiapas,","breadcrumb":{"@id":"https:\/\/cristinacortinas.org\/sustentabilidad\/polos-de-desarrollo-y-corredores-economicos-de-bienestar\/#breadcrumb"},"inLanguage":"es","potentialAction":[{"@type":"ReadAction","target":["https:\/\/cristinacortinas.org\/sustentabilidad\/polos-de-desarrollo-y-corredores-economicos-de-bienestar\/"]}]},{"@type":"ImageObject","inLanguage":"es","@id":"https:\/\/cristinacortinas.org\/sustentabilidad\/polos-de-desarrollo-y-corredores-economicos-de-bienestar\/#primaryimage","url":"https:\/\/cristinacortinas.org\/sustentabilidad\/wp-content\/uploads\/2019\/09\/Cristina-Cortinas-Sept-2019.jpg","contentUrl":"https:\/\/cristinacortinas.org\/sustentabilidad\/wp-content\/uploads\/2019\/09\/Cristina-Cortinas-Sept-2019.jpg","width":903,"height":508},{"@type":"BreadcrumbList","@id":"https:\/\/cristinacortinas.org\/sustentabilidad\/polos-de-desarrollo-y-corredores-economicos-de-bienestar\/#breadcrumb","itemListElement":[{"@type":"ListItem","position":1,"name":"Portada","item":"https:\/\/cristinacortinas.org\/sustentabilidad\/"},{"@type":"ListItem","position":2,"name":"\u201cPolos de desarrollo\u201d y \u201cCorredores econ\u00f3micos de bienestar\u201d"}]},{"@type":"WebSite","@id":"https:\/\/cristinacortinas.org\/sustentabilidad\/#website","url":"https:\/\/cristinacortinas.org\/sustentabilidad\/","name":"Dra. Ma. Cristina Cortinas Dur\u00e1n","description":"","potentialAction":[{"@type":"SearchAction","target":{"@type":"EntryPoint","urlTemplate":"https:\/\/cristinacortinas.org\/sustentabilidad\/?s={search_term_string}"},"query-input":{"@type":"PropertyValueSpecification","valueRequired":true,"valueName":"search_term_string"}}],"inLanguage":"es"},{"@type":"Person","@id":"https:\/\/cristinacortinas.org\/sustentabilidad\/#\/schema\/person\/230b4a4171b31e97671db5b680f06b08","name":"CCristina"}]}},"_links":{"self":[{"href":"https:\/\/cristinacortinas.org\/sustentabilidad\/wp-json\/wp\/v2\/posts\/9632","targetHints":{"allow":["GET"]}}],"collection":[{"href":"https:\/\/cristinacortinas.org\/sustentabilidad\/wp-json\/wp\/v2\/posts"}],"about":[{"href":"https:\/\/cristinacortinas.org\/sustentabilidad\/wp-json\/wp\/v2\/types\/post"}],"author":[{"embeddable":true,"href":"https:\/\/cristinacortinas.org\/sustentabilidad\/wp-json\/wp\/v2\/users\/1"}],"replies":[{"embeddable":true,"href":"https:\/\/cristinacortinas.org\/sustentabilidad\/wp-json\/wp\/v2\/comments?post=9632"}],"version-history":[{"count":1,"href":"https:\/\/cristinacortinas.org\/sustentabilidad\/wp-json\/wp\/v2\/posts\/9632\/revisions"}],"predecessor-version":[{"id":9633,"href":"https:\/\/cristinacortinas.org\/sustentabilidad\/wp-json\/wp\/v2\/posts\/9632\/revisions\/9633"}],"wp:featuredmedia":[{"embeddable":true,"href":"https:\/\/cristinacortinas.org\/sustentabilidad\/wp-json\/wp\/v2\/media\/7091"}],"wp:attachment":[{"href":"https:\/\/cristinacortinas.org\/sustentabilidad\/wp-json\/wp\/v2\/media?parent=9632"}],"wp:term":[{"taxonomy":"category","embeddable":true,"href":"https:\/\/cristinacortinas.org\/sustentabilidad\/wp-json\/wp\/v2\/categories?post=9632"},{"taxonomy":"post_tag","embeddable":true,"href":"https:\/\/cristinacortinas.org\/sustentabilidad\/wp-json\/wp\/v2\/tags?post=9632"}],"curies":[{"name":"wp","href":"https:\/\/api.w.org\/{rel}","templated":true}]}}