{"id":9558,"date":"2025-05-21T20:00:35","date_gmt":"2025-05-22T02:00:35","guid":{"rendered":"https:\/\/cristinacortinas.org\/sustentabilidad\/?p=9558"},"modified":"2025-05-21T20:04:00","modified_gmt":"2025-05-22T02:04:00","slug":"video-un-abc-para-mexico-catedra-construir-para-el-bien-comun-y-el-desarrollo-sostenible","status":"publish","type":"post","link":"https:\/\/cristinacortinas.org\/sustentabilidad\/video-un-abc-para-mexico-catedra-construir-para-el-bien-comun-y-el-desarrollo-sostenible\/","title":{"rendered":"Video: Un ABC para M\u00e9xico; c\u00e1tedra construir para el bien com\u00fan y el desarrollo sostenible"},"content":{"rendered":"<p>No se pierdan la conferencia \"El ABC para el desarrollo sustentable en M\u00e9xico: agua, biodiversidad y clima\"<br \/>\nImpartida por el distinguido cient\u00edfico Jos\u00e9 Sarukh\u00e1n y por el jurista Gerardo Gil Valdivia, ambos profundos conocedores de temas clave para nuestro futuro.<\/p>\n<p><iframe loading=\"lazy\" title=\"YouTube video player\" src=\"https:\/\/www.youtube.com\/embed\/dQXYsq75rKI?si=BlPc398S77pq8YuD\" width=\"100%\" height=\"350\" frameborder=\"0\" allowfullscreen=\"allowfullscreen\"><\/iframe><\/p>\n","protected":false},"excerpt":{"rendered":"<p>No se pierdan la conferencia \"El ABC para el desarrollo sustentable en M\u00e9xico: agua, biodiversidad y clima\" Impartida por el distinguido cient\u00edfico Jos\u00e9 Sarukh\u00e1n y por el jurista Gerardo Gil Valdivia, ambos profundos conocedores de temas clave para nuestro futuro.<\/p>\n","protected":false},"author":1,"featured_media":9559,"comment_status":"closed","ping_status":"closed","sticky":false,"template":"","format":"standard","meta":{"footnotes":""},"categories":[40],"tags":[],"class_list":["post-9558","post","type-post","status-publish","format-standard","has-post-thumbnail","hentry","category-noticias","cat-40-id"],"yoast_head":"<!-- This site is optimized with the Yoast SEO plugin v27.4 - https:\/\/yoast.com\/product\/yoast-seo-wordpress\/ -->\n<title>Video: Un ABC para M\u00e9xico; c\u00e1tedra construir para el bien com\u00fan y el desarrollo sostenible - Dra. Ma. Cristina Cortinas Dur\u00e1n<\/title>\n<meta name=\"description\" content=\"El cambio clim\u00e1tico se refiere a los cambios a largo plazo de las temperaturas y los patrones clim\u00e1ticos. Las actividades humanas han sido el principal motor del cambio clim\u00e1tico, debido principalmente a la quema de combustibles f\u00f3siles como el carb\u00f3n, el petr\u00f3leo y el gas.\" \/>\n<meta name=\"robots\" content=\"index, follow, max-snippet:-1, max-image-preview:large, max-video-preview:-1\" \/>\n<link rel=\"canonical\" href=\"https:\/\/cristinacortinas.org\/sustentabilidad\/video-un-abc-para-mexico-catedra-construir-para-el-bien-comun-y-el-desarrollo-sostenible\/\" \/>\n<meta property=\"og:locale\" content=\"es_ES\" \/>\n<meta property=\"og:type\" content=\"article\" \/>\n<meta property=\"og:title\" content=\"Video: Un ABC para M\u00e9xico; c\u00e1tedra construir para el bien com\u00fan y el desarrollo sostenible - Dra. Ma. Cristina Cortinas Dur\u00e1n\" \/>\n<meta property=\"og:description\" content=\"El cambio clim\u00e1tico se refiere a los cambios a largo plazo de las temperaturas y los patrones clim\u00e1ticos. Las actividades humanas han sido el principal motor del cambio clim\u00e1tico, debido principalmente a la quema de combustibles f\u00f3siles como el carb\u00f3n, el petr\u00f3leo y el gas.\" \/>\n<meta property=\"og:url\" content=\"https:\/\/cristinacortinas.org\/sustentabilidad\/video-un-abc-para-mexico-catedra-construir-para-el-bien-comun-y-el-desarrollo-sostenible\/\" \/>\n<meta property=\"og:site_name\" content=\"Dra. Ma. Cristina Cortinas Dur\u00e1n\" \/>\n<meta property=\"article:publisher\" content=\"https:\/\/www.facebook.com\/cristinacortinasduran\/\" \/>\n<meta property=\"article:published_time\" content=\"2025-05-22T02:00:35+00:00\" \/>\n<meta property=\"article:modified_time\" content=\"2025-05-22T02:04:00+00:00\" \/>\n<meta property=\"og:image\" content=\"https:\/\/cristinacortinas.org\/sustentabilidad\/wp-content\/uploads\/2025\/05\/catedra-construir-para-el-bien-comun-y-el-desarrollo-sostenible.jpg\" \/>\n\t<meta property=\"og:image:width\" content=\"921\" \/>\n\t<meta property=\"og:image:height\" content=\"467\" \/>\n\t<meta property=\"og:image:type\" content=\"image\/jpeg\" \/>\n<meta name=\"author\" content=\"CCristina\" \/>\n<meta name=\"twitter:card\" content=\"summary_large_image\" \/>\n<meta name=\"twitter:creator\" content=\"@DraCrisCortinas\" \/>\n<meta name=\"twitter:site\" content=\"@DraCrisCortinas\" \/>\n<meta name=\"twitter:label1\" content=\"Escrito por\" \/>\n\t<meta name=\"twitter:data1\" content=\"CCristina\" \/>\n<script type=\"application\/ld+json\" class=\"yoast-schema-graph\">{\"@context\":\"https:\\\/\\\/schema.org\",\"@graph\":[{\"@type\":\"Article\",\"@id\":\"https:\\\/\\\/cristinacortinas.org\\\/sustentabilidad\\\/video-un-abc-para-mexico-catedra-construir-para-el-bien-comun-y-el-desarrollo-sostenible\\\/#article\",\"isPartOf\":{\"@id\":\"https:\\\/\\\/cristinacortinas.org\\\/sustentabilidad\\\/video-un-abc-para-mexico-catedra-construir-para-el-bien-comun-y-el-desarrollo-sostenible\\\/\"},\"author\":{\"name\":\"CCristina\",\"@id\":\"https:\\\/\\\/cristinacortinas.org\\\/sustentabilidad\\\/#\\\/schema\\\/person\\\/230b4a4171b31e97671db5b680f06b08\"},\"headline\":\"Video: Un ABC para M\u00e9xico; c\u00e1tedra construir para el bien com\u00fan y el desarrollo sostenible\",\"datePublished\":\"2025-05-22T02:00:35+00:00\",\"dateModified\":\"2025-05-22T02:04:00+00:00\",\"mainEntityOfPage\":{\"@id\":\"https:\\\/\\\/cristinacortinas.org\\\/sustentabilidad\\\/video-un-abc-para-mexico-catedra-construir-para-el-bien-comun-y-el-desarrollo-sostenible\\\/\"},\"wordCount\":61,\"image\":{\"@id\":\"https:\\\/\\\/cristinacortinas.org\\\/sustentabilidad\\\/video-un-abc-para-mexico-catedra-construir-para-el-bien-comun-y-el-desarrollo-sostenible\\\/#primaryimage\"},\"thumbnailUrl\":\"https:\\\/\\\/cristinacortinas.org\\\/sustentabilidad\\\/wp-content\\\/uploads\\\/2025\\\/05\\\/catedra-construir-para-el-bien-comun-y-el-desarrollo-sostenible.jpg\",\"articleSection\":[\"Noticias\"],\"inLanguage\":\"es\"},{\"@type\":\"WebPage\",\"@id\":\"https:\\\/\\\/cristinacortinas.org\\\/sustentabilidad\\\/video-un-abc-para-mexico-catedra-construir-para-el-bien-comun-y-el-desarrollo-sostenible\\\/\",\"url\":\"https:\\\/\\\/cristinacortinas.org\\\/sustentabilidad\\\/video-un-abc-para-mexico-catedra-construir-para-el-bien-comun-y-el-desarrollo-sostenible\\\/\",\"name\":\"Video: Un ABC para M\u00e9xico; c\u00e1tedra construir para el bien com\u00fan y el desarrollo sostenible - Dra. Ma. Cristina Cortinas Dur\u00e1n\",\"isPartOf\":{\"@id\":\"https:\\\/\\\/cristinacortinas.org\\\/sustentabilidad\\\/#website\"},\"primaryImageOfPage\":{\"@id\":\"https:\\\/\\\/cristinacortinas.org\\\/sustentabilidad\\\/video-un-abc-para-mexico-catedra-construir-para-el-bien-comun-y-el-desarrollo-sostenible\\\/#primaryimage\"},\"image\":{\"@id\":\"https:\\\/\\\/cristinacortinas.org\\\/sustentabilidad\\\/video-un-abc-para-mexico-catedra-construir-para-el-bien-comun-y-el-desarrollo-sostenible\\\/#primaryimage\"},\"thumbnailUrl\":\"https:\\\/\\\/cristinacortinas.org\\\/sustentabilidad\\\/wp-content\\\/uploads\\\/2025\\\/05\\\/catedra-construir-para-el-bien-comun-y-el-desarrollo-sostenible.jpg\",\"datePublished\":\"2025-05-22T02:00:35+00:00\",\"dateModified\":\"2025-05-22T02:04:00+00:00\",\"author\":{\"@id\":\"https:\\\/\\\/cristinacortinas.org\\\/sustentabilidad\\\/#\\\/schema\\\/person\\\/230b4a4171b31e97671db5b680f06b08\"},\"description\":\"El cambio clim\u00e1tico se refiere a los cambios a largo plazo de las temperaturas y los patrones clim\u00e1ticos. Las actividades humanas han sido el principal motor del cambio clim\u00e1tico, debido principalmente a la quema de combustibles f\u00f3siles como el carb\u00f3n, el petr\u00f3leo y el gas.\",\"breadcrumb\":{\"@id\":\"https:\\\/\\\/cristinacortinas.org\\\/sustentabilidad\\\/video-un-abc-para-mexico-catedra-construir-para-el-bien-comun-y-el-desarrollo-sostenible\\\/#breadcrumb\"},\"inLanguage\":\"es\",\"potentialAction\":[{\"@type\":\"ReadAction\",\"target\":[\"https:\\\/\\\/cristinacortinas.org\\\/sustentabilidad\\\/video-un-abc-para-mexico-catedra-construir-para-el-bien-comun-y-el-desarrollo-sostenible\\\/\"]}]},{\"@type\":\"ImageObject\",\"inLanguage\":\"es\",\"@id\":\"https:\\\/\\\/cristinacortinas.org\\\/sustentabilidad\\\/video-un-abc-para-mexico-catedra-construir-para-el-bien-comun-y-el-desarrollo-sostenible\\\/#primaryimage\",\"url\":\"https:\\\/\\\/cristinacortinas.org\\\/sustentabilidad\\\/wp-content\\\/uploads\\\/2025\\\/05\\\/catedra-construir-para-el-bien-comun-y-el-desarrollo-sostenible.jpg\",\"contentUrl\":\"https:\\\/\\\/cristinacortinas.org\\\/sustentabilidad\\\/wp-content\\\/uploads\\\/2025\\\/05\\\/catedra-construir-para-el-bien-comun-y-el-desarrollo-sostenible.jpg\",\"width\":921,\"height\":467,\"caption\":\"c\u00e1tedra construir para el bien com\u00fan y el desarrollo sostenible\"},{\"@type\":\"BreadcrumbList\",\"@id\":\"https:\\\/\\\/cristinacortinas.org\\\/sustentabilidad\\\/video-un-abc-para-mexico-catedra-construir-para-el-bien-comun-y-el-desarrollo-sostenible\\\/#breadcrumb\",\"itemListElement\":[{\"@type\":\"ListItem\",\"position\":1,\"name\":\"Portada\",\"item\":\"https:\\\/\\\/cristinacortinas.org\\\/sustentabilidad\\\/\"},{\"@type\":\"ListItem\",\"position\":2,\"name\":\"Video: Un ABC para M\u00e9xico; c\u00e1tedra construir para el bien com\u00fan y el desarrollo sostenible\"}]},{\"@type\":\"WebSite\",\"@id\":\"https:\\\/\\\/cristinacortinas.org\\\/sustentabilidad\\\/#website\",\"url\":\"https:\\\/\\\/cristinacortinas.org\\\/sustentabilidad\\\/\",\"name\":\"Dra. Ma. Cristina Cortinas Dur\u00e1n\",\"description\":\"\",\"potentialAction\":[{\"@type\":\"SearchAction\",\"target\":{\"@type\":\"EntryPoint\",\"urlTemplate\":\"https:\\\/\\\/cristinacortinas.org\\\/sustentabilidad\\\/?s={search_term_string}\"},\"query-input\":{\"@type\":\"PropertyValueSpecification\",\"valueRequired\":true,\"valueName\":\"search_term_string\"}}],\"inLanguage\":\"es\"},{\"@type\":\"Person\",\"@id\":\"https:\\\/\\\/cristinacortinas.org\\\/sustentabilidad\\\/#\\\/schema\\\/person\\\/230b4a4171b31e97671db5b680f06b08\",\"name\":\"CCristina\"}]}<\/script>\n<!-- \/ Yoast SEO plugin. -->","yoast_head_json":{"title":"Video: Un ABC para M\u00e9xico; c\u00e1tedra construir para el bien com\u00fan y el desarrollo sostenible - Dra. Ma. Cristina Cortinas Dur\u00e1n","description":"El cambio clim\u00e1tico se refiere a los cambios a largo plazo de las temperaturas y los patrones clim\u00e1ticos. Las actividades humanas han sido el principal motor del cambio clim\u00e1tico, debido principalmente a la quema de combustibles f\u00f3siles como el carb\u00f3n, el petr\u00f3leo y el gas.","robots":{"index":"index","follow":"follow","max-snippet":"max-snippet:-1","max-image-preview":"max-image-preview:large","max-video-preview":"max-video-preview:-1"},"canonical":"https:\/\/cristinacortinas.org\/sustentabilidad\/video-un-abc-para-mexico-catedra-construir-para-el-bien-comun-y-el-desarrollo-sostenible\/","og_locale":"es_ES","og_type":"article","og_title":"Video: Un ABC para M\u00e9xico; c\u00e1tedra construir para el bien com\u00fan y el desarrollo sostenible - Dra. Ma. Cristina Cortinas Dur\u00e1n","og_description":"El cambio clim\u00e1tico se refiere a los cambios a largo plazo de las temperaturas y los patrones clim\u00e1ticos. Las actividades humanas han sido el principal motor del cambio clim\u00e1tico, debido principalmente a la quema de combustibles f\u00f3siles como el carb\u00f3n, el petr\u00f3leo y el gas.","og_url":"https:\/\/cristinacortinas.org\/sustentabilidad\/video-un-abc-para-mexico-catedra-construir-para-el-bien-comun-y-el-desarrollo-sostenible\/","og_site_name":"Dra. Ma. Cristina Cortinas Dur\u00e1n","article_publisher":"https:\/\/www.facebook.com\/cristinacortinasduran\/","article_published_time":"2025-05-22T02:00:35+00:00","article_modified_time":"2025-05-22T02:04:00+00:00","og_image":[{"width":921,"height":467,"url":"https:\/\/cristinacortinas.org\/sustentabilidad\/wp-content\/uploads\/2025\/05\/catedra-construir-para-el-bien-comun-y-el-desarrollo-sostenible.jpg","type":"image\/jpeg"}],"author":"CCristina","twitter_card":"summary_large_image","twitter_creator":"@DraCrisCortinas","twitter_site":"@DraCrisCortinas","twitter_misc":{"Escrito por":"CCristina"},"schema":{"@context":"https:\/\/schema.org","@graph":[{"@type":"Article","@id":"https:\/\/cristinacortinas.org\/sustentabilidad\/video-un-abc-para-mexico-catedra-construir-para-el-bien-comun-y-el-desarrollo-sostenible\/#article","isPartOf":{"@id":"https:\/\/cristinacortinas.org\/sustentabilidad\/video-un-abc-para-mexico-catedra-construir-para-el-bien-comun-y-el-desarrollo-sostenible\/"},"author":{"name":"CCristina","@id":"https:\/\/cristinacortinas.org\/sustentabilidad\/#\/schema\/person\/230b4a4171b31e97671db5b680f06b08"},"headline":"Video: Un ABC para M\u00e9xico; c\u00e1tedra construir para el bien com\u00fan y el desarrollo sostenible","datePublished":"2025-05-22T02:00:35+00:00","dateModified":"2025-05-22T02:04:00+00:00","mainEntityOfPage":{"@id":"https:\/\/cristinacortinas.org\/sustentabilidad\/video-un-abc-para-mexico-catedra-construir-para-el-bien-comun-y-el-desarrollo-sostenible\/"},"wordCount":61,"image":{"@id":"https:\/\/cristinacortinas.org\/sustentabilidad\/video-un-abc-para-mexico-catedra-construir-para-el-bien-comun-y-el-desarrollo-sostenible\/#primaryimage"},"thumbnailUrl":"https:\/\/cristinacortinas.org\/sustentabilidad\/wp-content\/uploads\/2025\/05\/catedra-construir-para-el-bien-comun-y-el-desarrollo-sostenible.jpg","articleSection":["Noticias"],"inLanguage":"es"},{"@type":"WebPage","@id":"https:\/\/cristinacortinas.org\/sustentabilidad\/video-un-abc-para-mexico-catedra-construir-para-el-bien-comun-y-el-desarrollo-sostenible\/","url":"https:\/\/cristinacortinas.org\/sustentabilidad\/video-un-abc-para-mexico-catedra-construir-para-el-bien-comun-y-el-desarrollo-sostenible\/","name":"Video: Un ABC para M\u00e9xico; c\u00e1tedra construir para el bien com\u00fan y el desarrollo sostenible - Dra. Ma. Cristina Cortinas Dur\u00e1n","isPartOf":{"@id":"https:\/\/cristinacortinas.org\/sustentabilidad\/#website"},"primaryImageOfPage":{"@id":"https:\/\/cristinacortinas.org\/sustentabilidad\/video-un-abc-para-mexico-catedra-construir-para-el-bien-comun-y-el-desarrollo-sostenible\/#primaryimage"},"image":{"@id":"https:\/\/cristinacortinas.org\/sustentabilidad\/video-un-abc-para-mexico-catedra-construir-para-el-bien-comun-y-el-desarrollo-sostenible\/#primaryimage"},"thumbnailUrl":"https:\/\/cristinacortinas.org\/sustentabilidad\/wp-content\/uploads\/2025\/05\/catedra-construir-para-el-bien-comun-y-el-desarrollo-sostenible.jpg","datePublished":"2025-05-22T02:00:35+00:00","dateModified":"2025-05-22T02:04:00+00:00","author":{"@id":"https:\/\/cristinacortinas.org\/sustentabilidad\/#\/schema\/person\/230b4a4171b31e97671db5b680f06b08"},"description":"El cambio clim\u00e1tico se refiere a los cambios a largo plazo de las temperaturas y los patrones clim\u00e1ticos. Las actividades humanas han sido el principal motor del cambio clim\u00e1tico, debido principalmente a la quema de combustibles f\u00f3siles como el carb\u00f3n, el petr\u00f3leo y el gas.","breadcrumb":{"@id":"https:\/\/cristinacortinas.org\/sustentabilidad\/video-un-abc-para-mexico-catedra-construir-para-el-bien-comun-y-el-desarrollo-sostenible\/#breadcrumb"},"inLanguage":"es","potentialAction":[{"@type":"ReadAction","target":["https:\/\/cristinacortinas.org\/sustentabilidad\/video-un-abc-para-mexico-catedra-construir-para-el-bien-comun-y-el-desarrollo-sostenible\/"]}]},{"@type":"ImageObject","inLanguage":"es","@id":"https:\/\/cristinacortinas.org\/sustentabilidad\/video-un-abc-para-mexico-catedra-construir-para-el-bien-comun-y-el-desarrollo-sostenible\/#primaryimage","url":"https:\/\/cristinacortinas.org\/sustentabilidad\/wp-content\/uploads\/2025\/05\/catedra-construir-para-el-bien-comun-y-el-desarrollo-sostenible.jpg","contentUrl":"https:\/\/cristinacortinas.org\/sustentabilidad\/wp-content\/uploads\/2025\/05\/catedra-construir-para-el-bien-comun-y-el-desarrollo-sostenible.jpg","width":921,"height":467,"caption":"c\u00e1tedra construir para el bien com\u00fan y el desarrollo sostenible"},{"@type":"BreadcrumbList","@id":"https:\/\/cristinacortinas.org\/sustentabilidad\/video-un-abc-para-mexico-catedra-construir-para-el-bien-comun-y-el-desarrollo-sostenible\/#breadcrumb","itemListElement":[{"@type":"ListItem","position":1,"name":"Portada","item":"https:\/\/cristinacortinas.org\/sustentabilidad\/"},{"@type":"ListItem","position":2,"name":"Video: Un ABC para M\u00e9xico; c\u00e1tedra construir para el bien com\u00fan y el desarrollo sostenible"}]},{"@type":"WebSite","@id":"https:\/\/cristinacortinas.org\/sustentabilidad\/#website","url":"https:\/\/cristinacortinas.org\/sustentabilidad\/","name":"Dra. Ma. Cristina Cortinas Dur\u00e1n","description":"","potentialAction":[{"@type":"SearchAction","target":{"@type":"EntryPoint","urlTemplate":"https:\/\/cristinacortinas.org\/sustentabilidad\/?s={search_term_string}"},"query-input":{"@type":"PropertyValueSpecification","valueRequired":true,"valueName":"search_term_string"}}],"inLanguage":"es"},{"@type":"Person","@id":"https:\/\/cristinacortinas.org\/sustentabilidad\/#\/schema\/person\/230b4a4171b31e97671db5b680f06b08","name":"CCristina"}]}},"_links":{"self":[{"href":"https:\/\/cristinacortinas.org\/sustentabilidad\/wp-json\/wp\/v2\/posts\/9558","targetHints":{"allow":["GET"]}}],"collection":[{"href":"https:\/\/cristinacortinas.org\/sustentabilidad\/wp-json\/wp\/v2\/posts"}],"about":[{"href":"https:\/\/cristinacortinas.org\/sustentabilidad\/wp-json\/wp\/v2\/types\/post"}],"author":[{"embeddable":true,"href":"https:\/\/cristinacortinas.org\/sustentabilidad\/wp-json\/wp\/v2\/users\/1"}],"replies":[{"embeddable":true,"href":"https:\/\/cristinacortinas.org\/sustentabilidad\/wp-json\/wp\/v2\/comments?post=9558"}],"version-history":[{"count":2,"href":"https:\/\/cristinacortinas.org\/sustentabilidad\/wp-json\/wp\/v2\/posts\/9558\/revisions"}],"predecessor-version":[{"id":9561,"href":"https:\/\/cristinacortinas.org\/sustentabilidad\/wp-json\/wp\/v2\/posts\/9558\/revisions\/9561"}],"wp:featuredmedia":[{"embeddable":true,"href":"https:\/\/cristinacortinas.org\/sustentabilidad\/wp-json\/wp\/v2\/media\/9559"}],"wp:attachment":[{"href":"https:\/\/cristinacortinas.org\/sustentabilidad\/wp-json\/wp\/v2\/media?parent=9558"}],"wp:term":[{"taxonomy":"category","embeddable":true,"href":"https:\/\/cristinacortinas.org\/sustentabilidad\/wp-json\/wp\/v2\/categories?post=9558"},{"taxonomy":"post_tag","embeddable":true,"href":"https:\/\/cristinacortinas.org\/sustentabilidad\/wp-json\/wp\/v2\/tags?post=9558"}],"curies":[{"name":"wp","href":"https:\/\/api.w.org\/{rel}","templated":true}]}}