{"id":9445,"date":"2025-02-19T16:00:07","date_gmt":"2025-02-19T22:00:07","guid":{"rendered":"https:\/\/cristinacortinas.org\/sustentabilidad\/?p=9445"},"modified":"2025-02-19T16:01:07","modified_gmt":"2025-02-19T22:01:07","slug":"unidos-por-la-educacion-la-fuerza-de-la-comunidad-escolar-en-la-recuperacion-de-guerrero","status":"publish","type":"post","link":"https:\/\/cristinacortinas.org\/sustentabilidad\/unidos-por-la-educacion-la-fuerza-de-la-comunidad-escolar-en-la-recuperacion-de-guerrero\/","title":{"rendered":"Unidos por la Educaci\u00f3n: La Fuerza de la Comunidad Escolar en la Recuperaci\u00f3n de Guerrero"},"content":{"rendered":"<div class=\"widget-row \">\n<div id=\"text-widget-1734712717573\" class=\"widget widgetResponsive textWidget col20\" data-type=\"TextWidget\" data-delay=\"\" data-animation-duration=\"\" data-animation-delay=\"\" data-animation=\"lazyAnimation-\">\n<div class=\"text-widget-content\">\n<p><span class=\"color-primary\">El pasado 30 de enero, la Telesecundaria Ricardo Flores Mag\u00f3n, Coyuca de Benitez Guerrero present\u00f3 con gran entusiasmo su programa\u00a0<\/span><span class=\"color-primary\">Creciendo Juntos<\/span><span class=\"color-primary\">, una jornada de integraci\u00f3n y aprendizaje que reuni\u00f3 a estudiantes, familias, docentes y autoridades educativas para fortalecer los lazos comunitarios y promover una educaci\u00f3n integral enfocada en habilidades esenciales para enfrentar los<\/span><span class=\"color-primary\">\u00a0retos del presente<\/span><span class=\"color-primary\">.<\/span><span class=\"color-primary\">\u00a0Este programa, desarrollado por la propia comunidad educativa de la Telesecundaria<\/span><span class=\"color-primary\">, refleja un compromiso con el empoderamiento de las personas y la creaci\u00f3n de una sociedad resiliente, responsable y sostenible.<\/span><\/p>\n<p><span class=\"color-primary\">En el evento, la\u00a0<\/span><span class=\"color-primary\">Supervisora Escolar Profesora Mayte Piza,<\/span><span class=\"color-primary\">\u00a0acompa\u00f1\u00f3 a la comunidad escolar, reafirmando la importancia de la colaboraci\u00f3n entre todos los actores de la comunidad educativa para garantizar el \u00e9xito de este tipo de programas.<\/span><\/p>\n<\/div>\n<\/div>\n<\/div>\n<div class=\"widget-row \">\n<div id=\"image-widget-1734712717563\" class=\"widget widgetResponsive imageWidget col20\" data-type=\"ImageWidget\" data-delay=\"\" data-animation-duration=\"\" data-animation-delay=\"\" data-animation=\"lazyAnimation-\">\n<div class=\"image-box image-position-default\">\n<div class=\"widget-preserving-ratio-outer \">\n<div class=\"widget-preserving-ratio-inner\" data-slide=\"https:\/\/content.app-sources.com\/s\/61794109021370342\/uploads\/Descargado\/475663921_1900303907466608_431894709739644739_n-9440623.jpg?format=webp\"><a class=\"lazyImage flex flex-col image-cover-height image-cover\"><img decoding=\"async\" class=\"flex-none\" src=\"https:\/\/content.app-sources.com\/s\/61794109021370342\/uploads\/Descargado\/475663921_1900303907466608_431894709739644739_n-9440623.jpg?format=webp\" alt=\"\" \/><\/a><\/div>\n<\/div>\n<\/div>\n<\/div>\n<\/div>\n<div class=\"widget-row \">\n<div id=\"text-widget-1734712717575\" class=\"widget widgetResponsive textWidget col20\" data-type=\"TextWidget\" data-delay=\"\" data-animation-duration=\"\" data-animation-delay=\"\" data-animation=\"lazyAnimation-\">\n<div class=\"text-widget-content\">\n<p><span class=\"color-primary\">Un Programa con Prop\u00f3sito: Empoderando a la Comunidad Escolar<\/span><\/p>\n<p>&nbsp;<\/p>\n<p><span class=\"color-primary\">El objetivo principal de\u00a0<\/span><span class=\"color-primary\">Creciendo Juntos<\/span><span class=\"color-primary\">\u00a0es transformar la comunidad escolar, involucrando a todos sus miembros \u2014desde los estudiantes hasta las autoridades\u2014 en un proceso de aprendizaje que trascienda las aulas. A trav\u00e9s de actividades participativas,\u00a0<\/span><span class=\"color-primary\">el programa busca fortalecer no solo el conocimiento acad\u00e9mico, sino tambi\u00e9n valores fundamentales como la empat\u00eda, la solidaridad y la responsabilidad.<\/span><\/p>\n<p><span class=\"color-primary\">Entre los puntos clave del programa, destacan:<\/span><\/p>\n<ul>\n<li><span class=\"color-primary\">Resiliencia:<\/span><span class=\"color-primary\">\u00a0Desarrollar la capacidad de adaptaci\u00f3n y superaci\u00f3n ante situaciones dif\u00edciles.<\/span><\/li>\n<li>Gesti\u00f3n de Riesgos:\u00a0Ense\u00f1ar a identificar y gestionar riesgos en la vida cotidiana, preparando a la\u00a0comunidad escolar para enfrentar amenazas de manera proactiva.<\/li>\n<\/ul>\n<ul>\n<li><span class=\"color-primary\">Prevenci\u00f3n:\u00a0<\/span><span class=\"color-primary\">Fomentar la conciencia sobre la importancia de prevenir enfermedades, violencia y otros riesgos, a trav\u00e9s de h\u00e1bitos y conocimientos clave.<\/span><\/li>\n<li><span class=\"color-primary\">Autocuidado<\/span><span class=\"color-primary\">: Impulsar la importancia de cuidar tanto la salud f\u00edsica como emocional, creando un entorno donde los miembros de la comunidad se apoyen mutuamente.<\/span><\/li>\n<li><span class=\"color-primary\">Cuidado del Medio Ambiente<\/span><span class=\"color-primary\">: Promover pr\u00e1cticas ecol\u00f3gicas responsables dentro y fuera del aula, con un enfoque en la conservaci\u00f3n de recursos naturales.<\/span><\/li>\n<li><span class=\"color-primary\">Valores:\u00a0<\/span><span class=\"color-primary\">Fortalecer valores fundamentales como la empat\u00eda y la responsabilidad, esenciales para una convivencia arm\u00f3nica y respetuosa.<\/span><\/li>\n<li><span class=\"color-primary\">Creatividad y Expresi\u00f3n:\u00a0<\/span><span class=\"color-primary\">Incentivar la creatividad y el uso de la expresi\u00f3n oral como herramientas fundamentales para el aprendizaje y la comunicaci\u00f3n.<\/span><\/li>\n<li><span class=\"color-primary\">Conciencia Ecol\u00f3gica:\u00a0<\/span><span class=\"color-primary\">Sensibilizar a la comunidad sobre la importancia de cuidar el medio ambiente y adoptar medidas para su preservaci\u00f3n.<\/span><\/li>\n<li><span class=\"color-primary\">Pensamiento Cr\u00edtico:<\/span><span class=\"color-primary\">\u00a0Estimular la capacidad de cuestionar y reflexionar sobre los problemas sociales y ambientales, promoviendo la toma de decisiones informadas.<\/span><\/li>\n<li><span class=\"color-primary\">Liderazgo y Toma de Decisiones:<\/span><span class=\"color-primary\">\u00a0Fomentar un liderazgo compartido y responsable, donde todos los miembros de la comunidad escolar tengan voz y participaci\u00f3n en las decisiones que los afectan.<\/span><\/li>\n<li><span class=\"color-primary\">Uso Responsable de las Tecnolog\u00edas:\u00a0<\/span><span class=\"color-primary\">Preparar a los estudiantes para los desaf\u00edos del siglo XXI mediante la capacitaci\u00f3n en el uso adecuado de la tecnolog\u00eda.<\/span><\/li>\n<\/ul>\n<\/div>\n<\/div>\n<\/div>\n<div class=\"widget-row \">\n<div id=\"gallery-widget-1739440366713\" class=\"widget widgetResponsive gallery col20\" data-type=\"Gallery\" data-delay=\"\" data-animation-duration=\"\" data-animation-delay=\"\" data-animation=\"lazyAnimation-\">\n<div class=\"col20 f-left gallery-widget-content\">\n<div class=\"inline-gallery with-gallery\" data-autoplay=\"true\" data-timeout=\"3000\" data-pauseonhover=\"true\" data-arrows=\"true\" data-pagination=\"false\" data-items=\"1\">\n<div class=\"tos-wrapper tos-inline tos-fx-slide tos-fill tos-has-prev tos-has-next tos-opening tos-hover tos-opened\">\n<div class=\"tos-slider\">\n<div class=\"tos-slide tos-html\">\n<div class=\"render-crisp\" data-slide=\"https:\/\/content.app-sources.com\/s\/61794109021370342\/uploads\/Descargado\/475735182_1900323704131295_8638460148580348429_n_1-9440939.jpg?format=webp\"><\/div>\n<\/div>\n<div class=\"tos-slide tos-html\">\n<div class=\"render-crisp\" data-slide=\"https:\/\/content.app-sources.com\/s\/61794109021370342\/uploads\/Descargado\/475835312_1900323894131276_1222376337876853444_n_1-9441281.jpg?format=webp\"><\/div>\n<\/div>\n<div class=\"tos-slide tos-html\">\n<div class=\"render-crisp\" data-slide=\"https:\/\/content.app-sources.com\/s\/61794109021370342\/uploads\/Descargado\/475440571_1900324154131250_2497932653285157365_n-9441910.jpg?format=webp\"><\/div>\n<\/div>\n<div class=\"tos-slide tos-html\">\n<div class=\"render-crisp\" data-slide=\"https:\/\/content.app-sources.com\/s\/61794109021370342\/uploads\/Descargado\/475441670_1900324147464584_1373451695462427683_n-9441911.jpg?format=webp\"><\/div>\n<\/div>\n<div class=\"tos-slide tos-html\">\n<div class=\"render-crisp\" data-slide=\"https:\/\/content.app-sources.com\/s\/61794109021370342\/uploads\/Descargado\/475814592_1900323907464608_844893609735570974_n_1-9441911.jpg?format=webp\"><\/div>\n<\/div>\n<div class=\"tos-slide tos-html\">\n<div class=\"render-crisp\" data-slide=\"https:\/\/content.app-sources.com\/s\/61794109021370342\/uploads\/Descargado\/475458425_1900324294131236_6889026453371890708_n_1-9441911.jpg?format=webp\"><\/div>\n<\/div>\n<div class=\"tos-slide tos-html\">\n<div class=\"render-crisp\" data-slide=\"https:\/\/content.app-sources.com\/s\/61794109021370342\/uploads\/Descargado\/475465405_1900324014131264_2545882176999628659_n_1-9441911.jpg?format=webp\"><\/div>\n<\/div>\n<div class=\"tos-slide tos-html\">\n<div class=\"render-crisp\" data-slide=\"https:\/\/content.app-sources.com\/s\/61794109021370342\/uploads\/Descargado\/475540836_1900130250817307_6888076302723832155_n-9446680.jpg?format=webp\"><\/div>\n<\/div>\n<div class=\"tos-slide tos-html\">\n<div class=\"render-crisp\" data-slide=\"https:\/\/content.app-sources.com\/s\/61794109021370342\/uploads\/Descargado\/475440266_1900323780797954_8640464311135242145_n_1-9446742.jpg?format=webp\"><\/div>\n<\/div>\n<\/div>\n<\/div>\n<\/div>\n<\/div>\n<\/div>\n<\/div>\n<div class=\"widget-row \">\n<div id=\"text-widget-1734712717572\" class=\"widget widgetResponsive textWidget col20\" data-type=\"TextWidget\" data-delay=\"\" data-animation-duration=\"\" data-animation-delay=\"\" data-animation=\"lazyAnimation-\">\n<div class=\"text-widget-content\">\n<p><span class=\"color-primary\">Un Enfoque Integral para la Resiliencia y la Sostenibilidad<\/span><\/p>\n<p>&nbsp;<\/p>\n<p><span class=\"color-primary\">Creciendo Juntos surge como respuesta a las necesidades educativas y sociales de las comunidades escolares de Guerrero, especialmente despu\u00e9s de los devastadores\u00a0<\/span><span class=\"color-primary\">huracanes John y Otis.<\/span><span class=\"color-primary\">\u00a0Estos fen\u00f3menos naturales causaron grandes afectaciones, y el programa busca transformar la educaci\u00f3n, no solo a trav\u00e9s de la reconstrucci\u00f3n de infraestructuras, sino tambi\u00e9n con un enfoque integral que involucra a toda la comunidad escolar.<\/span><\/p>\n<p><span class=\"color-primary\">El programa abarca \u00e1reas clave como la r<\/span><span class=\"color-primary\">esiliencia educativa, capacitando a los estudiantes y docentes para enfrentar situaciones dif\u00edciles y garantizar la continuidad del aprendizaje en momentos de crisis.<\/span><span class=\"color-primary\">\u00a0Adem\u00e1s, se enfoca en la gesti\u00f3n de riesgos, con \u00e9nfasis en la preparaci\u00f3n y respuesta ante amenazas, asegurando que las escuelas sean espacios m\u00e1s seguros frente a diversos tipos de emergencias.<\/span><\/p>\n<p>&nbsp;<\/p>\n<p><span class=\"color-primary\">El<\/span><span class=\"color-primary\">\u00a0cuidado del medio ambiente<\/span><span class=\"color-primary\">\u00a0tambi\u00e9n ocupa un lugar destacado en la programaci\u00f3n, promoviendo pr\u00e1cticas ecol\u00f3gicas dentro y fuera del aula, como la creaci\u00f3n de huertos escolares sostenibles y el uso eficiente de los recursos naturales. Adem\u00e1s, el programa incorpora temas de prevenci\u00f3n y autocuidado, preparando a los estudiantes para enfrentar situaciones de estr\u00e9s y crisis, y garantizando su bienestar f\u00edsico y emocional.<\/span><\/p>\n<\/div>\n<\/div>\n<\/div>\n<div class=\"widget-row \">\n<div id=\"gallery-widget-1739440366376\" class=\"widget widgetResponsive gallery col20\" data-type=\"Gallery\" data-delay=\"\" data-animation-duration=\"\" data-animation-delay=\"\" data-animation=\"lazyAnimation-\">\n<div class=\"col20 f-left gallery-widget-content\">\n<div class=\"inline-gallery with-gallery\" data-autoplay=\"true\" data-timeout=\"3000\" data-pauseonhover=\"true\" data-arrows=\"true\" data-pagination=\"false\" data-items=\"1\">\n<div class=\"tos-wrapper tos-inline tos-fx-slide tos-fill tos-has-prev tos-has-next tos-opening tos-hover tos-opened\">\n<div class=\"tos-slider\">\n<div class=\"tos-slide tos-html\">\n<div class=\"render-crisp\" data-slide=\"https:\/\/content.app-sources.com\/s\/61794109021370342\/uploads\/Descargado\/475658112_1900137517483247_6248609183191288089_n-9441911.jpg?format=webp\"><\/div>\n<\/div>\n<div class=\"tos-slide tos-html\">\n<div class=\"render-crisp\" data-slide=\"https:\/\/content.app-sources.com\/s\/61794109021370342\/uploads\/Descargado\/475743674_1900138070816525_3800943088162867334_n-9441911.jpg?format=webp\"><\/div>\n<\/div>\n<div class=\"tos-slide tos-html\">\n<div class=\"render-crisp\" data-slide=\"https:\/\/content.app-sources.com\/s\/61794109021370342\/uploads\/Descargado\/475698260_1900113477485651_7689514450962667808_n-9442180.jpg?format=webp\"><\/div>\n<\/div>\n<div class=\"tos-slide tos-html\">\n<div class=\"render-crisp\" data-slide=\"https:\/\/content.app-sources.com\/s\/61794109021370342\/uploads\/Descargado\/475375725_1900122377484761_2398096373154140082_n-9442181.jpg?format=webp\"><\/div>\n<\/div>\n<div class=\"tos-slide tos-html\">\n<div class=\"render-crisp\" data-slide=\"https:\/\/content.app-sources.com\/s\/61794109021370342\/uploads\/Descargado\/475471341_1900123317484667_7683038841923078207_n-9442180.jpg?format=webp\"><\/div>\n<\/div>\n<div class=\"tos-slide tos-html\">\n<div class=\"render-crisp\" data-slide=\"https:\/\/content.app-sources.com\/s\/61794109021370342\/uploads\/Descargado\/474872119_1900137470816585_3462201594874069471_n-9442181.jpg?format=webp\"><\/div>\n<\/div>\n<div class=\"tos-slide tos-html\">\n<div class=\"render-crisp\" data-slide=\"https:\/\/content.app-sources.com\/s\/61794109021370342\/uploads\/Descargado\/475507986_1900303957466603_6149430134896714334_n-9442182.jpg?format=webp\"><\/div>\n<\/div>\n<div class=\"tos-slide tos-html\">\n<div class=\"render-crisp\" data-slide=\"https:\/\/content.app-sources.com\/s\/61794109021370342\/uploads\/Descargado\/475529007_1900138417483157_3995150119385422860_n-9442181.jpg?format=webp\"><\/div>\n<\/div>\n<div class=\"tos-slide tos-html\">\n<div class=\"render-crisp\" data-slide=\"https:\/\/content.app-sources.com\/s\/61794109021370342\/uploads\/Descargado\/475570902_1900132290817103_3169866342862412554_n-9442180.jpg?format=webp\"><\/div>\n<\/div>\n<div class=\"tos-slide tos-html\">\n<div class=\"render-crisp\" data-slide=\"https:\/\/content.app-sources.com\/s\/61794109021370342\/uploads\/Descargado\/475730460_1900304020799930_8584018236567097331_n-9442182.jpg?format=webp\"><\/div>\n<\/div>\n<div class=\"tos-slide tos-html\">\n<div class=\"render-crisp\" data-slide=\"https:\/\/content.app-sources.com\/s\/61794109021370342\/uploads\/Descargado\/475759745_1900121534151512_923245023351409805_n-9442181.jpg?format=webp\"><\/div>\n<\/div>\n<div class=\"tos-slide tos-html\">\n<div class=\"render-crisp\" data-slide=\"https:\/\/content.app-sources.com\/s\/61794109021370342\/uploads\/Descargado\/475843429_1900304347466564_2355580366067637243_n-9442181.jpg?format=webp\"><\/div>\n<\/div>\n<div class=\"tos-slide tos-html\">\n<div class=\"render-crisp\" data-slide=\"https:\/\/content.app-sources.com\/s\/61794109021370342\/uploads\/Descargado\/475888452_1900303727466626_837476931814451382_n-9442181.jpg?format=webp\"><\/div>\n<\/div>\n<div class=\"tos-slide tos-html\">\n<div class=\"render-crisp\" data-slide=\"https:\/\/content.app-sources.com\/s\/61794109021370342\/uploads\/Descargado\/475551882_1900122300818102_8335378697323594565_n-9442181.jpg?format=webp\"><\/div>\n<\/div>\n<div class=\"tos-slide tos-html\">\n<div class=\"render-crisp\" data-slide=\"https:\/\/content.app-sources.com\/s\/61794109021370342\/uploads\/Descargado\/475760510_1900123380817994_1008106834141079841_n-9446347.jpg?format=webp\"><\/div>\n<\/div>\n<\/div>\n<\/div>\n<\/div>\n<\/div>\n<\/div>\n<\/div>\n<div class=\"widget-row \">\n<div id=\"text-widget-1734712717568\" class=\"widget widgetResponsive textWidget col20\" data-type=\"TextWidget\" data-delay=\"\" data-animation-duration=\"\" data-animation-delay=\"\" data-animation=\"lazyAnimation-\">\n<div class=\"text-widget-content\">\n<p><span class=\"color-primary\">Colaboraci\u00f3n y Compromiso Comunitario: Claves del \u00c9xito<\/span><\/p>\n<p><span class=\"color-primary\">Lo m\u00e1s valioso de\u00a0<\/span><span class=\"color-primary\">Creciendo Juntos<\/span><span class=\"color-primary\">\u00a0es su enfoque en la\u00a0<\/span><span class=\"color-primary\">colaboraci\u00f3n<\/span><span class=\"color-primary\">\u00a0entre todos los\u00a0<\/span><span class=\"color-primary\">actores de la comunidad escolar<\/span><span class=\"color-primary\">. Desde los\u00a0<\/span><span class=\"color-primary\">estudiantes hasta las autoridades educativas<\/span><span class=\"color-primary\">, cada miembro juega un papel crucial en la construcci\u00f3n de un entorno m\u00e1s seguro, saludable y sostenible. Las actividades\u00a0<\/span><span class=\"color-primary\">din\u00e1micas y participativas<\/span><span class=\"color-primary\">\u00a0permiten que todos trabajen en conjunto para fortalecer los lazos comunitarios y fomentar una cultura de aprendizaje continuo.<\/span><\/p>\n<p><span class=\"color-primary\">Los<\/span><span class=\"color-primary\">\u00a0agentes de cambio\u00a0<\/span><span class=\"color-primary\">en este proceso incluyen a los estudiantes, quienes se convierten en\u00a0<\/span><span class=\"color-primary\">l\u00edderes<\/span><span class=\"color-primary\">\u00a0en sus\u00a0<\/span><span class=\"color-primary\">propias comunidades<\/span><span class=\"color-primary\">, las<\/span><span class=\"color-primary\">\u00a0familias<\/span><span class=\"color-primary\">, que se involucran activamente en el proceso educativo, y los docentes, quienes gu\u00edan, educan y e<\/span><span class=\"color-primary\">mpoderan a los estudiantes.<\/span><span class=\"color-primary\">\u00a0Las autoridades educativas, a trav\u00e9s de su apoyo institucional, tambi\u00e9n desempe\u00f1an un papel fundamental en la creaci\u00f3n de pol\u00edticas educativas que fortalezcan estas iniciativas.<\/span><\/p>\n<p><span class=\"color-primary\">A trav\u00e9s de este programa, no solo se busca educar a los estudiantes, sino tambi\u00e9n involucrar a las familias y a las autoridades educativas en el proceso de creaci\u00f3n de un entorno m\u00e1s resiliente. Creciendo Juntos demuestra que la integraci\u00f3n de todos los miembros de la comunidad escolar es esencial para afrontar los retos del futuro con esperanza y determinaci\u00f3n.<\/span><\/p>\n<\/div>\n<\/div>\n<\/div>\n<div class=\"widget-row \">\n<div id=\"gallery-widget-1739440366298\" class=\"widget widgetResponsive gallery col20\" data-type=\"Gallery\" data-delay=\"\" data-animation-duration=\"\" data-animation-delay=\"\" data-animation=\"lazyAnimation-\">\n<div class=\"col20 f-left gallery-widget-content\">\n<div class=\"inline-gallery with-gallery\" data-autoplay=\"true\" data-timeout=\"3000\" data-pauseonhover=\"true\" data-arrows=\"true\" data-pagination=\"false\" data-items=\"1\">\n<div class=\"tos-wrapper tos-inline tos-fx-slide tos-fill tos-has-prev tos-has-next tos-opening tos-hover tos-opened\">\n<div class=\"tos-slider\">\n<div class=\"tos-slide tos-html\">\n<div class=\"render-crisp\" data-slide=\"https:\/\/content.app-sources.com\/s\/61794109021370342\/uploads\/Descargado\/474701771_1900112050819127_2602381726935487035_n-9442843.jpg?format=webp\"><\/div>\n<\/div>\n<div class=\"tos-slide tos-html\">\n<div class=\"render-crisp\" data-slide=\"https:\/\/content.app-sources.com\/s\/61794109021370342\/uploads\/Descargado\/475118471_1900110134152652_5418456807703354212_n-9442843.jpg?format=webp\"><\/div>\n<\/div>\n<div class=\"tos-slide tos-html\">\n<div class=\"render-crisp\" data-slide=\"https:\/\/content.app-sources.com\/s\/61794109021370342\/uploads\/Descargado\/475276912_1898130061017326_4054203794691784607_n-9442842.jpg?format=webp\"><\/div>\n<\/div>\n<div class=\"tos-slide tos-html\">\n<div class=\"render-crisp\" data-slide=\"https:\/\/content.app-sources.com\/s\/61794109021370342\/uploads\/Descargado\/475299670_1898130127683986_8837640256465076449_n-9442842.jpg?format=webp\"><\/div>\n<\/div>\n<div class=\"tos-slide tos-html\">\n<div class=\"render-crisp\" data-slide=\"https:\/\/content.app-sources.com\/s\/61794109021370342\/uploads\/Descargado\/475416706_1900316980798634_6831536465086977867_n-9442842.jpg?format=webp\"><\/div>\n<\/div>\n<div class=\"tos-slide tos-html\">\n<div class=\"render-crisp\" data-slide=\"https:\/\/content.app-sources.com\/s\/61794109021370342\/uploads\/Descargado\/475797656_1900127397484259_8455922728281426540_n-9442843.jpg?format=webp\"><\/div>\n<\/div>\n<div class=\"tos-slide tos-html\">\n<div class=\"render-crisp\" data-slide=\"https:\/\/content.app-sources.com\/s\/61794109021370342\/uploads\/Descargado\/475847944_1900112014152464_8148644574240138557_n-9442843.jpg?format=webp\"><\/div>\n<\/div>\n<div class=\"tos-slide tos-html\">\n<div class=\"render-crisp\" data-slide=\"https:\/\/content.app-sources.com\/s\/61794109021370342\/uploads\/Descargado\/475577275_1900130447483954_4710705444393525253_n-9442843.jpg?format=webp\"><\/div>\n<\/div>\n<div class=\"tos-slide tos-html\">\n<div class=\"render-crisp\" data-slide=\"https:\/\/content.app-sources.com\/s\/61794109021370342\/uploads\/Descargado\/475806903_1900317100798622_1606812247311923304_n-9442842.jpg?format=webp\"><\/div>\n<\/div>\n<div class=\"tos-slide tos-html\">\n<div class=\"render-crisp\" data-slide=\"https:\/\/content.app-sources.com\/s\/61794109021370342\/uploads\/Descargado\/474869466_1900130507483948_7229706215316049771_n-9446533.jpg?format=webp\"><\/div>\n<\/div>\n<div class=\"tos-slide tos-html\">\n<div class=\"render-crisp\" data-slide=\"https:\/\/content.app-sources.com\/s\/61794109021370342\/uploads\/Descargado\/475570999_1900130230817309_2235193721463568912_n-9446533.jpg?format=webp\"><\/div>\n<\/div>\n<div class=\"tos-slide tos-html\">\n<div class=\"render-crisp\" data-slide=\"https:\/\/content.app-sources.com\/s\/61794109021370342\/uploads\/Descargado\/475720956_1900123517484647_2421818098795271177_n-9446347.jpg?format=webp\"><\/div>\n<\/div>\n<\/div>\n<\/div>\n<\/div>\n<\/div>\n<\/div>\n<\/div>\n<div class=\"widget-row \">\n<div id=\"text-widget-1734712717567\" class=\"widget widgetResponsive textWidget col20\" data-type=\"TextWidget\" data-delay=\"\" data-animation-duration=\"\" data-animation-delay=\"\" data-animation=\"lazyAnimation-\">\n<div class=\"text-widget-content\">\n<p><span class=\"color-primary\">Escuelas Seguras M\u00e9xico: Colaboraci\u00f3n a Largo Plazo<\/span><\/p>\n<p><span class=\"color-primary\">Desde los<\/span><span class=\"color-primary\">\u00a0huracanes Otis y John, Escuelas Seguras M\u00e9xico\u00a0<\/span><span class=\"color-primary\">ha trabajado de manera constante con la comunidad educativa de la Telesecundaria Ricardo Flores Mag\u00f3n. A lo largo de los \u00faltimos 14 meses, se ha colaborado en la capacitaci\u00f3n de docentes, directivos y estudiantes en diversos temas de resiliencia, gesti\u00f3n de riesgos y prevenci\u00f3n de emergencias. Esta colaboraci\u00f3n ha sido fundamental para transformar la Telesecundaria en un referente de resiliencia educativa.<\/span><\/p>\n<p><span class=\"color-primary\">Escuelas Seguras M\u00e9xico ha<\/span><span class=\"color-primary\">\u00a0implementado\u00a0<\/span><span class=\"color-primary\">proyectos clave,<\/span><span class=\"color-primary\">\u00a0como la creaci\u00f3n de espacios seguros, la incorporaci\u00f3n de pr\u00e1cticas ecol\u00f3gicas dentro del curr\u00edculo escolar, y el desarrollo de programas que fortalecen la capacidad de respuesta de la comunidad escolar ante situaciones de emergencia. El\u00a0<\/span><span class=\"color-primary\">trabajo conjunto\u00a0<\/span><span class=\"color-primary\">ha permitido que tanto los estudiantes como los docentes desarrollen habilidades cruciales para enfrentar no solo los impactos de desastres por fenomenos naturales, sino tambi\u00e9n para mejorar su calidad de vida y su entorno.<\/span><\/p>\n<p><span class=\"color-primary\">Con cada paso, la\u00a0<\/span><span class=\"color-primary\">Telesecundaria Ricardo Flores Mag\u00f3n<\/span><span class=\"color-primary\">\u00a0y\u00a0<\/span><span class=\"color-primary\">Escuelas Seguras M\u00e9xico<\/span><span class=\"color-primary\">\u00a0siguen demostrando que la educaci\u00f3n es una poderosa herramienta de transformaci\u00f3n social, y que, con la colaboraci\u00f3n y el compromiso de todos, se puede construir un futuro m\u00e1s seguro, resiliente y sostenible.<\/span><\/p>\n<\/div>\n<\/div>\n<\/div>\n<div class=\"widget-row \">\n<div id=\"video-widget-1739440366125\" class=\"widget widgetResponsive videoWidget col20\" data-type=\"VideoWidget\" data-delay=\"\" data-animation-duration=\"\" data-animation-delay=\"\" data-animation=\"lazyAnimation-\">\n<div class=\"widget-preserving-ratio-outer video-position-left\">\n<div class=\"widget-preserving-ratio-inner\">\n<div class=\"full-size video-thumb-bg\"><iframe class=\"full-size-abs\" src=\"https:\/\/www.youtube.com\/embed\/QDA5purbV10\" frameborder=\"0\" allowfullscreen=\"allowfullscreen\" data-mce-fragment=\"1\"><\/iframe><\/div>\n<\/div>\n<\/div>\n<\/div>\n<\/div>\n<div class=\"widget-row \">\n<div id=\"text-widget-1734712717566\" class=\"widget widgetResponsive textWidget col20\" data-type=\"TextWidget\" data-delay=\"\" data-animation-duration=\"\" data-animation-delay=\"\" data-animation=\"lazyAnimation-\">\n<div class=\"text-widget-content\">\n<p><span class=\"color-primary\">Un Futuro M\u00e1s Resiliente y Sostenible<\/span><\/p>\n<p><span class=\"color-primary\">El programa Creciendo Juntos resalta la importancia de la<\/span><span class=\"color-primary\">\u00a0educaci\u00f3n\u00a0<\/span><span class=\"color-primary\">como herramienta para la\u00a0<\/span><span class=\"color-primary\">transformaci\u00f3n social y ambiental.<\/span><span class=\"color-primary\">\u00a0En un contexto como el de Guerrero, donde las comunidades enfrentan constantes<\/span><span class=\"color-primary\">\u00a0desaf\u00edos<\/span><span class=\"color-primary\">, iniciativas como esta son fundamentales para construir un futuro m\u00e1s\u00a0<\/span><span class=\"color-primary\">resiliente y sostenible.<\/span><\/p>\n<p><span class=\"color-primary\">Con cada paso, la Telesecundaria Ricardo Flores Mag\u00f3n se convierte en un ejemplo de c\u00f3mo la comunidad escolar puede unirse para enfrentar los retos del presente y construir un futuro m\u00e1s seguro y prometedor para las pr\u00f3ximas generaciones.<\/span><\/p>\n<p><span class=\"color-primary\">Escuelas Seguras M\u00e9xico<\/span><\/p>\n<p><span class=\"color-primary\">Comite de Comunicaciones y Sensibilizaci\u00f3n<\/span><\/p>\n<\/div>\n<\/div>\n<\/div>\n","protected":false},"excerpt":{"rendered":"<p>El pasado 30 de enero, la Telesecundaria Ricardo Flores Mag\u00f3n, Coyuca de Benitez Guerrero present\u00f3 con gran entusiasmo su programa\u00a0Creciendo Juntos, una jornada de integraci\u00f3n y aprendizaje que reuni\u00f3 a estudiantes, familias, docentes y autoridades educativas para fortalecer los lazos comunitarios y promover una educaci\u00f3n integral enfocada en habilidades esenciales para enfrentar los\u00a0retos del presente.\u00a0Este programa, desarrollado por la propia&nbsp;<a href=\"https:\/\/cristinacortinas.org\/sustentabilidad\/unidos-por-la-educacion-la-fuerza-de-la-comunidad-escolar-en-la-recuperacion-de-guerrero\/\" class=\"read-more\">Seguir leyendo<\/a><\/p>\n","protected":false},"author":1,"featured_media":9447,"comment_status":"closed","ping_status":"closed","sticky":false,"template":"","format":"standard","meta":{"footnotes":""},"categories":[40],"tags":[],"class_list":["post-9445","post","type-post","status-publish","format-standard","has-post-thumbnail","hentry","category-noticias","cat-40-id"],"yoast_head":"<!-- This site is optimized with the Yoast SEO plugin v27.4 - https:\/\/yoast.com\/product\/yoast-seo-wordpress\/ -->\n<title>Unidos por la Educaci\u00f3n: La Fuerza de la Comunidad Escolar en la Recuperaci\u00f3n de Guerrero - Dra. Ma. Cristina Cortinas Dur\u00e1n<\/title>\n<meta name=\"description\" content=\"El pasado 30 de enero, la Telesecundaria Ricardo Flores Mag\u00f3n, Coyuca de Benitez Guerrero present\u00f3 con gran entusiasmo su programa Creciendo Juntos\" \/>\n<meta name=\"robots\" content=\"index, follow, max-snippet:-1, max-image-preview:large, max-video-preview:-1\" \/>\n<link rel=\"canonical\" href=\"https:\/\/cristinacortinas.org\/sustentabilidad\/unidos-por-la-educacion-la-fuerza-de-la-comunidad-escolar-en-la-recuperacion-de-guerrero\/\" \/>\n<meta property=\"og:locale\" content=\"es_ES\" \/>\n<meta property=\"og:type\" content=\"article\" \/>\n<meta property=\"og:title\" content=\"Unidos por la Educaci\u00f3n: La Fuerza de la Comunidad Escolar en la Recuperaci\u00f3n de Guerrero - Dra. Ma. Cristina Cortinas Dur\u00e1n\" \/>\n<meta property=\"og:description\" content=\"El pasado 30 de enero, la Telesecundaria Ricardo Flores Mag\u00f3n, Coyuca de Benitez Guerrero present\u00f3 con gran entusiasmo su programa Creciendo Juntos\" \/>\n<meta property=\"og:url\" content=\"https:\/\/cristinacortinas.org\/sustentabilidad\/unidos-por-la-educacion-la-fuerza-de-la-comunidad-escolar-en-la-recuperacion-de-guerrero\/\" \/>\n<meta property=\"og:site_name\" content=\"Dra. Ma. Cristina Cortinas Dur\u00e1n\" \/>\n<meta property=\"article:publisher\" content=\"https:\/\/www.facebook.com\/cristinacortinasduran\/\" \/>\n<meta property=\"article:published_time\" content=\"2025-02-19T22:00:07+00:00\" \/>\n<meta property=\"article:modified_time\" content=\"2025-02-19T22:01:07+00:00\" \/>\n<meta property=\"og:image\" content=\"https:\/\/cristinacortinas.org\/sustentabilidad\/wp-content\/uploads\/2025\/02\/La-Fuerza-de-la-Comunidad-Escolar-en-la-Recuperacion-de-Guerrero-.jpg\" \/>\n\t<meta property=\"og:image:width\" content=\"1145\" \/>\n\t<meta property=\"og:image:height\" content=\"811\" \/>\n\t<meta property=\"og:image:type\" content=\"image\/jpeg\" \/>\n<meta name=\"author\" content=\"CCristina\" \/>\n<meta name=\"twitter:card\" content=\"summary_large_image\" \/>\n<meta name=\"twitter:creator\" content=\"@DraCrisCortinas\" \/>\n<meta name=\"twitter:site\" content=\"@DraCrisCortinas\" \/>\n<meta name=\"twitter:label1\" content=\"Escrito por\" \/>\n\t<meta name=\"twitter:data1\" content=\"CCristina\" \/>\n\t<meta name=\"twitter:label2\" content=\"Tiempo de lectura\" \/>\n\t<meta name=\"twitter:data2\" content=\"6 minutos\" \/>\n<script type=\"application\/ld+json\" class=\"yoast-schema-graph\">{\"@context\":\"https:\\\/\\\/schema.org\",\"@graph\":[{\"@type\":\"Article\",\"@id\":\"https:\\\/\\\/cristinacortinas.org\\\/sustentabilidad\\\/unidos-por-la-educacion-la-fuerza-de-la-comunidad-escolar-en-la-recuperacion-de-guerrero\\\/#article\",\"isPartOf\":{\"@id\":\"https:\\\/\\\/cristinacortinas.org\\\/sustentabilidad\\\/unidos-por-la-educacion-la-fuerza-de-la-comunidad-escolar-en-la-recuperacion-de-guerrero\\\/\"},\"author\":{\"name\":\"CCristina\",\"@id\":\"https:\\\/\\\/cristinacortinas.org\\\/sustentabilidad\\\/#\\\/schema\\\/person\\\/230b4a4171b31e97671db5b680f06b08\"},\"headline\":\"Unidos por la Educaci\u00f3n: La Fuerza de la Comunidad Escolar en la Recuperaci\u00f3n de Guerrero\",\"datePublished\":\"2025-02-19T22:00:07+00:00\",\"dateModified\":\"2025-02-19T22:01:07+00:00\",\"mainEntityOfPage\":{\"@id\":\"https:\\\/\\\/cristinacortinas.org\\\/sustentabilidad\\\/unidos-por-la-educacion-la-fuerza-de-la-comunidad-escolar-en-la-recuperacion-de-guerrero\\\/\"},\"wordCount\":1246,\"image\":{\"@id\":\"https:\\\/\\\/cristinacortinas.org\\\/sustentabilidad\\\/unidos-por-la-educacion-la-fuerza-de-la-comunidad-escolar-en-la-recuperacion-de-guerrero\\\/#primaryimage\"},\"thumbnailUrl\":\"https:\\\/\\\/cristinacortinas.org\\\/sustentabilidad\\\/wp-content\\\/uploads\\\/2025\\\/02\\\/La-Fuerza-de-la-Comunidad-Escolar-en-la-Recuperacion-de-Guerrero-.jpg\",\"articleSection\":[\"Noticias\"],\"inLanguage\":\"es\"},{\"@type\":\"WebPage\",\"@id\":\"https:\\\/\\\/cristinacortinas.org\\\/sustentabilidad\\\/unidos-por-la-educacion-la-fuerza-de-la-comunidad-escolar-en-la-recuperacion-de-guerrero\\\/\",\"url\":\"https:\\\/\\\/cristinacortinas.org\\\/sustentabilidad\\\/unidos-por-la-educacion-la-fuerza-de-la-comunidad-escolar-en-la-recuperacion-de-guerrero\\\/\",\"name\":\"Unidos por la Educaci\u00f3n: La Fuerza de la Comunidad Escolar en la Recuperaci\u00f3n de Guerrero - Dra. Ma. Cristina Cortinas Dur\u00e1n\",\"isPartOf\":{\"@id\":\"https:\\\/\\\/cristinacortinas.org\\\/sustentabilidad\\\/#website\"},\"primaryImageOfPage\":{\"@id\":\"https:\\\/\\\/cristinacortinas.org\\\/sustentabilidad\\\/unidos-por-la-educacion-la-fuerza-de-la-comunidad-escolar-en-la-recuperacion-de-guerrero\\\/#primaryimage\"},\"image\":{\"@id\":\"https:\\\/\\\/cristinacortinas.org\\\/sustentabilidad\\\/unidos-por-la-educacion-la-fuerza-de-la-comunidad-escolar-en-la-recuperacion-de-guerrero\\\/#primaryimage\"},\"thumbnailUrl\":\"https:\\\/\\\/cristinacortinas.org\\\/sustentabilidad\\\/wp-content\\\/uploads\\\/2025\\\/02\\\/La-Fuerza-de-la-Comunidad-Escolar-en-la-Recuperacion-de-Guerrero-.jpg\",\"datePublished\":\"2025-02-19T22:00:07+00:00\",\"dateModified\":\"2025-02-19T22:01:07+00:00\",\"author\":{\"@id\":\"https:\\\/\\\/cristinacortinas.org\\\/sustentabilidad\\\/#\\\/schema\\\/person\\\/230b4a4171b31e97671db5b680f06b08\"},\"description\":\"El pasado 30 de enero, la Telesecundaria Ricardo Flores Mag\u00f3n, Coyuca de Benitez Guerrero present\u00f3 con gran entusiasmo su programa Creciendo Juntos\",\"breadcrumb\":{\"@id\":\"https:\\\/\\\/cristinacortinas.org\\\/sustentabilidad\\\/unidos-por-la-educacion-la-fuerza-de-la-comunidad-escolar-en-la-recuperacion-de-guerrero\\\/#breadcrumb\"},\"inLanguage\":\"es\",\"potentialAction\":[{\"@type\":\"ReadAction\",\"target\":[\"https:\\\/\\\/cristinacortinas.org\\\/sustentabilidad\\\/unidos-por-la-educacion-la-fuerza-de-la-comunidad-escolar-en-la-recuperacion-de-guerrero\\\/\"]}]},{\"@type\":\"ImageObject\",\"inLanguage\":\"es\",\"@id\":\"https:\\\/\\\/cristinacortinas.org\\\/sustentabilidad\\\/unidos-por-la-educacion-la-fuerza-de-la-comunidad-escolar-en-la-recuperacion-de-guerrero\\\/#primaryimage\",\"url\":\"https:\\\/\\\/cristinacortinas.org\\\/sustentabilidad\\\/wp-content\\\/uploads\\\/2025\\\/02\\\/La-Fuerza-de-la-Comunidad-Escolar-en-la-Recuperacion-de-Guerrero-.jpg\",\"contentUrl\":\"https:\\\/\\\/cristinacortinas.org\\\/sustentabilidad\\\/wp-content\\\/uploads\\\/2025\\\/02\\\/La-Fuerza-de-la-Comunidad-Escolar-en-la-Recuperacion-de-Guerrero-.jpg\",\"width\":1145,\"height\":811},{\"@type\":\"BreadcrumbList\",\"@id\":\"https:\\\/\\\/cristinacortinas.org\\\/sustentabilidad\\\/unidos-por-la-educacion-la-fuerza-de-la-comunidad-escolar-en-la-recuperacion-de-guerrero\\\/#breadcrumb\",\"itemListElement\":[{\"@type\":\"ListItem\",\"position\":1,\"name\":\"Portada\",\"item\":\"https:\\\/\\\/cristinacortinas.org\\\/sustentabilidad\\\/\"},{\"@type\":\"ListItem\",\"position\":2,\"name\":\"Unidos por la Educaci\u00f3n: La Fuerza de la Comunidad Escolar en la Recuperaci\u00f3n de Guerrero\"}]},{\"@type\":\"WebSite\",\"@id\":\"https:\\\/\\\/cristinacortinas.org\\\/sustentabilidad\\\/#website\",\"url\":\"https:\\\/\\\/cristinacortinas.org\\\/sustentabilidad\\\/\",\"name\":\"Dra. Ma. Cristina Cortinas Dur\u00e1n\",\"description\":\"\",\"potentialAction\":[{\"@type\":\"SearchAction\",\"target\":{\"@type\":\"EntryPoint\",\"urlTemplate\":\"https:\\\/\\\/cristinacortinas.org\\\/sustentabilidad\\\/?s={search_term_string}\"},\"query-input\":{\"@type\":\"PropertyValueSpecification\",\"valueRequired\":true,\"valueName\":\"search_term_string\"}}],\"inLanguage\":\"es\"},{\"@type\":\"Person\",\"@id\":\"https:\\\/\\\/cristinacortinas.org\\\/sustentabilidad\\\/#\\\/schema\\\/person\\\/230b4a4171b31e97671db5b680f06b08\",\"name\":\"CCristina\"}]}<\/script>\n<!-- \/ Yoast SEO plugin. -->","yoast_head_json":{"title":"Unidos por la Educaci\u00f3n: La Fuerza de la Comunidad Escolar en la Recuperaci\u00f3n de Guerrero - Dra. Ma. Cristina Cortinas Dur\u00e1n","description":"El pasado 30 de enero, la Telesecundaria Ricardo Flores Mag\u00f3n, Coyuca de Benitez Guerrero present\u00f3 con gran entusiasmo su programa Creciendo Juntos","robots":{"index":"index","follow":"follow","max-snippet":"max-snippet:-1","max-image-preview":"max-image-preview:large","max-video-preview":"max-video-preview:-1"},"canonical":"https:\/\/cristinacortinas.org\/sustentabilidad\/unidos-por-la-educacion-la-fuerza-de-la-comunidad-escolar-en-la-recuperacion-de-guerrero\/","og_locale":"es_ES","og_type":"article","og_title":"Unidos por la Educaci\u00f3n: La Fuerza de la Comunidad Escolar en la Recuperaci\u00f3n de Guerrero - Dra. Ma. Cristina Cortinas Dur\u00e1n","og_description":"El pasado 30 de enero, la Telesecundaria Ricardo Flores Mag\u00f3n, Coyuca de Benitez Guerrero present\u00f3 con gran entusiasmo su programa Creciendo Juntos","og_url":"https:\/\/cristinacortinas.org\/sustentabilidad\/unidos-por-la-educacion-la-fuerza-de-la-comunidad-escolar-en-la-recuperacion-de-guerrero\/","og_site_name":"Dra. Ma. Cristina Cortinas Dur\u00e1n","article_publisher":"https:\/\/www.facebook.com\/cristinacortinasduran\/","article_published_time":"2025-02-19T22:00:07+00:00","article_modified_time":"2025-02-19T22:01:07+00:00","og_image":[{"width":1145,"height":811,"url":"https:\/\/cristinacortinas.org\/sustentabilidad\/wp-content\/uploads\/2025\/02\/La-Fuerza-de-la-Comunidad-Escolar-en-la-Recuperacion-de-Guerrero-.jpg","type":"image\/jpeg"}],"author":"CCristina","twitter_card":"summary_large_image","twitter_creator":"@DraCrisCortinas","twitter_site":"@DraCrisCortinas","twitter_misc":{"Escrito por":"CCristina","Tiempo de lectura":"6 minutos"},"schema":{"@context":"https:\/\/schema.org","@graph":[{"@type":"Article","@id":"https:\/\/cristinacortinas.org\/sustentabilidad\/unidos-por-la-educacion-la-fuerza-de-la-comunidad-escolar-en-la-recuperacion-de-guerrero\/#article","isPartOf":{"@id":"https:\/\/cristinacortinas.org\/sustentabilidad\/unidos-por-la-educacion-la-fuerza-de-la-comunidad-escolar-en-la-recuperacion-de-guerrero\/"},"author":{"name":"CCristina","@id":"https:\/\/cristinacortinas.org\/sustentabilidad\/#\/schema\/person\/230b4a4171b31e97671db5b680f06b08"},"headline":"Unidos por la Educaci\u00f3n: La Fuerza de la Comunidad Escolar en la Recuperaci\u00f3n de Guerrero","datePublished":"2025-02-19T22:00:07+00:00","dateModified":"2025-02-19T22:01:07+00:00","mainEntityOfPage":{"@id":"https:\/\/cristinacortinas.org\/sustentabilidad\/unidos-por-la-educacion-la-fuerza-de-la-comunidad-escolar-en-la-recuperacion-de-guerrero\/"},"wordCount":1246,"image":{"@id":"https:\/\/cristinacortinas.org\/sustentabilidad\/unidos-por-la-educacion-la-fuerza-de-la-comunidad-escolar-en-la-recuperacion-de-guerrero\/#primaryimage"},"thumbnailUrl":"https:\/\/cristinacortinas.org\/sustentabilidad\/wp-content\/uploads\/2025\/02\/La-Fuerza-de-la-Comunidad-Escolar-en-la-Recuperacion-de-Guerrero-.jpg","articleSection":["Noticias"],"inLanguage":"es"},{"@type":"WebPage","@id":"https:\/\/cristinacortinas.org\/sustentabilidad\/unidos-por-la-educacion-la-fuerza-de-la-comunidad-escolar-en-la-recuperacion-de-guerrero\/","url":"https:\/\/cristinacortinas.org\/sustentabilidad\/unidos-por-la-educacion-la-fuerza-de-la-comunidad-escolar-en-la-recuperacion-de-guerrero\/","name":"Unidos por la Educaci\u00f3n: La Fuerza de la Comunidad Escolar en la Recuperaci\u00f3n de Guerrero - Dra. Ma. Cristina Cortinas Dur\u00e1n","isPartOf":{"@id":"https:\/\/cristinacortinas.org\/sustentabilidad\/#website"},"primaryImageOfPage":{"@id":"https:\/\/cristinacortinas.org\/sustentabilidad\/unidos-por-la-educacion-la-fuerza-de-la-comunidad-escolar-en-la-recuperacion-de-guerrero\/#primaryimage"},"image":{"@id":"https:\/\/cristinacortinas.org\/sustentabilidad\/unidos-por-la-educacion-la-fuerza-de-la-comunidad-escolar-en-la-recuperacion-de-guerrero\/#primaryimage"},"thumbnailUrl":"https:\/\/cristinacortinas.org\/sustentabilidad\/wp-content\/uploads\/2025\/02\/La-Fuerza-de-la-Comunidad-Escolar-en-la-Recuperacion-de-Guerrero-.jpg","datePublished":"2025-02-19T22:00:07+00:00","dateModified":"2025-02-19T22:01:07+00:00","author":{"@id":"https:\/\/cristinacortinas.org\/sustentabilidad\/#\/schema\/person\/230b4a4171b31e97671db5b680f06b08"},"description":"El pasado 30 de enero, la Telesecundaria Ricardo Flores Mag\u00f3n, Coyuca de Benitez Guerrero present\u00f3 con gran entusiasmo su programa Creciendo Juntos","breadcrumb":{"@id":"https:\/\/cristinacortinas.org\/sustentabilidad\/unidos-por-la-educacion-la-fuerza-de-la-comunidad-escolar-en-la-recuperacion-de-guerrero\/#breadcrumb"},"inLanguage":"es","potentialAction":[{"@type":"ReadAction","target":["https:\/\/cristinacortinas.org\/sustentabilidad\/unidos-por-la-educacion-la-fuerza-de-la-comunidad-escolar-en-la-recuperacion-de-guerrero\/"]}]},{"@type":"ImageObject","inLanguage":"es","@id":"https:\/\/cristinacortinas.org\/sustentabilidad\/unidos-por-la-educacion-la-fuerza-de-la-comunidad-escolar-en-la-recuperacion-de-guerrero\/#primaryimage","url":"https:\/\/cristinacortinas.org\/sustentabilidad\/wp-content\/uploads\/2025\/02\/La-Fuerza-de-la-Comunidad-Escolar-en-la-Recuperacion-de-Guerrero-.jpg","contentUrl":"https:\/\/cristinacortinas.org\/sustentabilidad\/wp-content\/uploads\/2025\/02\/La-Fuerza-de-la-Comunidad-Escolar-en-la-Recuperacion-de-Guerrero-.jpg","width":1145,"height":811},{"@type":"BreadcrumbList","@id":"https:\/\/cristinacortinas.org\/sustentabilidad\/unidos-por-la-educacion-la-fuerza-de-la-comunidad-escolar-en-la-recuperacion-de-guerrero\/#breadcrumb","itemListElement":[{"@type":"ListItem","position":1,"name":"Portada","item":"https:\/\/cristinacortinas.org\/sustentabilidad\/"},{"@type":"ListItem","position":2,"name":"Unidos por la Educaci\u00f3n: La Fuerza de la Comunidad Escolar en la Recuperaci\u00f3n de Guerrero"}]},{"@type":"WebSite","@id":"https:\/\/cristinacortinas.org\/sustentabilidad\/#website","url":"https:\/\/cristinacortinas.org\/sustentabilidad\/","name":"Dra. Ma. Cristina Cortinas Dur\u00e1n","description":"","potentialAction":[{"@type":"SearchAction","target":{"@type":"EntryPoint","urlTemplate":"https:\/\/cristinacortinas.org\/sustentabilidad\/?s={search_term_string}"},"query-input":{"@type":"PropertyValueSpecification","valueRequired":true,"valueName":"search_term_string"}}],"inLanguage":"es"},{"@type":"Person","@id":"https:\/\/cristinacortinas.org\/sustentabilidad\/#\/schema\/person\/230b4a4171b31e97671db5b680f06b08","name":"CCristina"}]}},"_links":{"self":[{"href":"https:\/\/cristinacortinas.org\/sustentabilidad\/wp-json\/wp\/v2\/posts\/9445","targetHints":{"allow":["GET"]}}],"collection":[{"href":"https:\/\/cristinacortinas.org\/sustentabilidad\/wp-json\/wp\/v2\/posts"}],"about":[{"href":"https:\/\/cristinacortinas.org\/sustentabilidad\/wp-json\/wp\/v2\/types\/post"}],"author":[{"embeddable":true,"href":"https:\/\/cristinacortinas.org\/sustentabilidad\/wp-json\/wp\/v2\/users\/1"}],"replies":[{"embeddable":true,"href":"https:\/\/cristinacortinas.org\/sustentabilidad\/wp-json\/wp\/v2\/comments?post=9445"}],"version-history":[{"count":2,"href":"https:\/\/cristinacortinas.org\/sustentabilidad\/wp-json\/wp\/v2\/posts\/9445\/revisions"}],"predecessor-version":[{"id":9449,"href":"https:\/\/cristinacortinas.org\/sustentabilidad\/wp-json\/wp\/v2\/posts\/9445\/revisions\/9449"}],"wp:featuredmedia":[{"embeddable":true,"href":"https:\/\/cristinacortinas.org\/sustentabilidad\/wp-json\/wp\/v2\/media\/9447"}],"wp:attachment":[{"href":"https:\/\/cristinacortinas.org\/sustentabilidad\/wp-json\/wp\/v2\/media?parent=9445"}],"wp:term":[{"taxonomy":"category","embeddable":true,"href":"https:\/\/cristinacortinas.org\/sustentabilidad\/wp-json\/wp\/v2\/categories?post=9445"},{"taxonomy":"post_tag","embeddable":true,"href":"https:\/\/cristinacortinas.org\/sustentabilidad\/wp-json\/wp\/v2\/tags?post=9445"}],"curies":[{"name":"wp","href":"https:\/\/api.w.org\/{rel}","templated":true}]}}