{"id":9440,"date":"2025-01-29T14:25:37","date_gmt":"2025-01-29T20:25:37","guid":{"rendered":"https:\/\/cristinacortinas.org\/sustentabilidad\/?p=9440"},"modified":"2025-01-29T14:25:37","modified_gmt":"2025-01-29T20:25:37","slug":"economia-circular-en-mexico-presentacion-de-las-bases-del-diagnostico-publicado-por-la-semarnat","status":"publish","type":"post","link":"https:\/\/cristinacortinas.org\/sustentabilidad\/economia-circular-en-mexico-presentacion-de-las-bases-del-diagnostico-publicado-por-la-semarnat\/","title":{"rendered":"Econom\u00eda Circular en M\u00e9xico \u2013 Presentaci\u00f3n de las bases del diagn\u00f3stico publicado por la SEMARNAT"},"content":{"rendered":"<p>Presentaci\u00f3n por Mauricio Zenteno Casas del documento \u201cBases para la Elaboraci\u00f3n de un Diagn\u00f3stico de la Estrategia Nacional de Econom\u00eda Circular en M\u00e9xico\u201d publicado por la SEMARNAT en septiembre 2024.<\/p>\n<p><iframe loading=\"lazy\" title=\"YouTube video player\" src=\"https:\/\/www.youtube.com\/embed\/clkaaeNwnJo?si=FQOxfTr9GVXrU1jX\" width=\"100%\" height=\"315\" frameborder=\"0\" allowfullscreen=\"allowfullscreen\"><span style=\"display: inline-block; width: 0px; overflow: hidden; line-height: 0;\" data-mce-type=\"bookmark\" class=\"mce_SELRES_start\">\ufeff<\/span><\/iframe><\/p>\n","protected":false},"excerpt":{"rendered":"<p>Presentaci\u00f3n por Mauricio Zenteno Casas del documento \u201cBases para la Elaboraci\u00f3n de un Diagn\u00f3stico de la Estrategia Nacional de Econom\u00eda Circular en M\u00e9xico\u201d publicado por la SEMARNAT en septiembre 2024. \ufeff<\/p>\n","protected":false},"author":1,"featured_media":9442,"comment_status":"closed","ping_status":"closed","sticky":false,"template":"","format":"standard","meta":{"footnotes":""},"categories":[40],"tags":[],"class_list":["post-9440","post","type-post","status-publish","format-standard","has-post-thumbnail","hentry","category-noticias","cat-40-id"],"yoast_head":"<!-- This site is optimized with the Yoast SEO plugin v27.4 - https:\/\/yoast.com\/product\/yoast-seo-wordpress\/ -->\n<title>Econom\u00eda Circular en M\u00e9xico \u2013 Presentaci\u00f3n de las bases del diagn\u00f3stico publicado por la SEMARNAT<\/title>\n<meta name=\"description\" content=\"Presentaci\u00f3n por Mauricio Zenteno Casas del documento \u201cBases para la Elaboraci\u00f3n de un Diagn\u00f3stico de la Estrategia Nacional de Econom\u00eda Circular en M\u00e9xico\u201d publicado por la SEMARNAT en septiembre 2024.\" \/>\n<meta name=\"robots\" content=\"index, follow, max-snippet:-1, max-image-preview:large, max-video-preview:-1\" \/>\n<link rel=\"canonical\" href=\"https:\/\/cristinacortinas.org\/sustentabilidad\/economia-circular-en-mexico-presentacion-de-las-bases-del-diagnostico-publicado-por-la-semarnat\/\" \/>\n<meta property=\"og:locale\" content=\"es_ES\" \/>\n<meta property=\"og:type\" content=\"article\" \/>\n<meta property=\"og:title\" content=\"Econom\u00eda Circular en M\u00e9xico \u2013 Presentaci\u00f3n de las bases del diagn\u00f3stico publicado por la SEMARNAT\" \/>\n<meta property=\"og:description\" content=\"Presentaci\u00f3n por Mauricio Zenteno Casas del documento \u201cBases para la Elaboraci\u00f3n de un Diagn\u00f3stico de la Estrategia Nacional de Econom\u00eda Circular en M\u00e9xico\u201d publicado por la SEMARNAT en septiembre 2024.\" \/>\n<meta property=\"og:url\" content=\"https:\/\/cristinacortinas.org\/sustentabilidad\/economia-circular-en-mexico-presentacion-de-las-bases-del-diagnostico-publicado-por-la-semarnat\/\" \/>\n<meta property=\"og:site_name\" content=\"Dra. Ma. Cristina Cortinas Dur\u00e1n\" \/>\n<meta property=\"article:publisher\" content=\"https:\/\/www.facebook.com\/cristinacortinasduran\/\" \/>\n<meta property=\"article:published_time\" content=\"2025-01-29T20:25:37+00:00\" \/>\n<meta property=\"og:image\" content=\"https:\/\/cristinacortinas.org\/sustentabilidad\/wp-content\/uploads\/2025\/01\/Economia-Circular-en-Mexico-\u2013-Presentacion-de-las-bases-del-diagnostico-publicado-por-la-SEMARNAT.jpg\" \/>\n\t<meta property=\"og:image:width\" content=\"980\" \/>\n\t<meta property=\"og:image:height\" content=\"536\" \/>\n\t<meta property=\"og:image:type\" content=\"image\/jpeg\" \/>\n<meta name=\"author\" content=\"CCristina\" \/>\n<meta name=\"twitter:card\" content=\"summary_large_image\" \/>\n<meta name=\"twitter:creator\" content=\"@DraCrisCortinas\" \/>\n<meta name=\"twitter:site\" content=\"@DraCrisCortinas\" \/>\n<meta name=\"twitter:label1\" content=\"Escrito por\" \/>\n\t<meta name=\"twitter:data1\" content=\"CCristina\" \/>\n<script type=\"application\/ld+json\" class=\"yoast-schema-graph\">{\"@context\":\"https:\\\/\\\/schema.org\",\"@graph\":[{\"@type\":\"Article\",\"@id\":\"https:\\\/\\\/cristinacortinas.org\\\/sustentabilidad\\\/economia-circular-en-mexico-presentacion-de-las-bases-del-diagnostico-publicado-por-la-semarnat\\\/#article\",\"isPartOf\":{\"@id\":\"https:\\\/\\\/cristinacortinas.org\\\/sustentabilidad\\\/economia-circular-en-mexico-presentacion-de-las-bases-del-diagnostico-publicado-por-la-semarnat\\\/\"},\"author\":{\"name\":\"CCristina\",\"@id\":\"https:\\\/\\\/cristinacortinas.org\\\/sustentabilidad\\\/#\\\/schema\\\/person\\\/230b4a4171b31e97671db5b680f06b08\"},\"headline\":\"Econom\u00eda Circular en M\u00e9xico \u2013 Presentaci\u00f3n de las bases del diagn\u00f3stico publicado por la SEMARNAT\",\"datePublished\":\"2025-01-29T20:25:37+00:00\",\"mainEntityOfPage\":{\"@id\":\"https:\\\/\\\/cristinacortinas.org\\\/sustentabilidad\\\/economia-circular-en-mexico-presentacion-de-las-bases-del-diagnostico-publicado-por-la-semarnat\\\/\"},\"wordCount\":52,\"image\":{\"@id\":\"https:\\\/\\\/cristinacortinas.org\\\/sustentabilidad\\\/economia-circular-en-mexico-presentacion-de-las-bases-del-diagnostico-publicado-por-la-semarnat\\\/#primaryimage\"},\"thumbnailUrl\":\"https:\\\/\\\/cristinacortinas.org\\\/sustentabilidad\\\/wp-content\\\/uploads\\\/2025\\\/01\\\/Economia-Circular-en-Mexico-\u2013-Presentacion-de-las-bases-del-diagnostico-publicado-por-la-SEMARNAT.jpg\",\"articleSection\":[\"Noticias\"],\"inLanguage\":\"es\"},{\"@type\":\"WebPage\",\"@id\":\"https:\\\/\\\/cristinacortinas.org\\\/sustentabilidad\\\/economia-circular-en-mexico-presentacion-de-las-bases-del-diagnostico-publicado-por-la-semarnat\\\/\",\"url\":\"https:\\\/\\\/cristinacortinas.org\\\/sustentabilidad\\\/economia-circular-en-mexico-presentacion-de-las-bases-del-diagnostico-publicado-por-la-semarnat\\\/\",\"name\":\"Econom\u00eda Circular en M\u00e9xico \u2013 Presentaci\u00f3n de las bases del diagn\u00f3stico publicado por la SEMARNAT\",\"isPartOf\":{\"@id\":\"https:\\\/\\\/cristinacortinas.org\\\/sustentabilidad\\\/#website\"},\"primaryImageOfPage\":{\"@id\":\"https:\\\/\\\/cristinacortinas.org\\\/sustentabilidad\\\/economia-circular-en-mexico-presentacion-de-las-bases-del-diagnostico-publicado-por-la-semarnat\\\/#primaryimage\"},\"image\":{\"@id\":\"https:\\\/\\\/cristinacortinas.org\\\/sustentabilidad\\\/economia-circular-en-mexico-presentacion-de-las-bases-del-diagnostico-publicado-por-la-semarnat\\\/#primaryimage\"},\"thumbnailUrl\":\"https:\\\/\\\/cristinacortinas.org\\\/sustentabilidad\\\/wp-content\\\/uploads\\\/2025\\\/01\\\/Economia-Circular-en-Mexico-\u2013-Presentacion-de-las-bases-del-diagnostico-publicado-por-la-SEMARNAT.jpg\",\"datePublished\":\"2025-01-29T20:25:37+00:00\",\"author\":{\"@id\":\"https:\\\/\\\/cristinacortinas.org\\\/sustentabilidad\\\/#\\\/schema\\\/person\\\/230b4a4171b31e97671db5b680f06b08\"},\"description\":\"Presentaci\u00f3n por Mauricio Zenteno Casas del documento \u201cBases para la Elaboraci\u00f3n de un Diagn\u00f3stico de la Estrategia Nacional de Econom\u00eda Circular en M\u00e9xico\u201d publicado por la SEMARNAT en septiembre 2024.\",\"breadcrumb\":{\"@id\":\"https:\\\/\\\/cristinacortinas.org\\\/sustentabilidad\\\/economia-circular-en-mexico-presentacion-de-las-bases-del-diagnostico-publicado-por-la-semarnat\\\/#breadcrumb\"},\"inLanguage\":\"es\",\"potentialAction\":[{\"@type\":\"ReadAction\",\"target\":[\"https:\\\/\\\/cristinacortinas.org\\\/sustentabilidad\\\/economia-circular-en-mexico-presentacion-de-las-bases-del-diagnostico-publicado-por-la-semarnat\\\/\"]}]},{\"@type\":\"ImageObject\",\"inLanguage\":\"es\",\"@id\":\"https:\\\/\\\/cristinacortinas.org\\\/sustentabilidad\\\/economia-circular-en-mexico-presentacion-de-las-bases-del-diagnostico-publicado-por-la-semarnat\\\/#primaryimage\",\"url\":\"https:\\\/\\\/cristinacortinas.org\\\/sustentabilidad\\\/wp-content\\\/uploads\\\/2025\\\/01\\\/Economia-Circular-en-Mexico-\u2013-Presentacion-de-las-bases-del-diagnostico-publicado-por-la-SEMARNAT.jpg\",\"contentUrl\":\"https:\\\/\\\/cristinacortinas.org\\\/sustentabilidad\\\/wp-content\\\/uploads\\\/2025\\\/01\\\/Economia-Circular-en-Mexico-\u2013-Presentacion-de-las-bases-del-diagnostico-publicado-por-la-SEMARNAT.jpg\",\"width\":980,\"height\":536},{\"@type\":\"BreadcrumbList\",\"@id\":\"https:\\\/\\\/cristinacortinas.org\\\/sustentabilidad\\\/economia-circular-en-mexico-presentacion-de-las-bases-del-diagnostico-publicado-por-la-semarnat\\\/#breadcrumb\",\"itemListElement\":[{\"@type\":\"ListItem\",\"position\":1,\"name\":\"Portada\",\"item\":\"https:\\\/\\\/cristinacortinas.org\\\/sustentabilidad\\\/\"},{\"@type\":\"ListItem\",\"position\":2,\"name\":\"Econom\u00eda Circular en M\u00e9xico \u2013 Presentaci\u00f3n de las bases del diagn\u00f3stico publicado por la SEMARNAT\"}]},{\"@type\":\"WebSite\",\"@id\":\"https:\\\/\\\/cristinacortinas.org\\\/sustentabilidad\\\/#website\",\"url\":\"https:\\\/\\\/cristinacortinas.org\\\/sustentabilidad\\\/\",\"name\":\"Dra. Ma. Cristina Cortinas Dur\u00e1n\",\"description\":\"\",\"potentialAction\":[{\"@type\":\"SearchAction\",\"target\":{\"@type\":\"EntryPoint\",\"urlTemplate\":\"https:\\\/\\\/cristinacortinas.org\\\/sustentabilidad\\\/?s={search_term_string}\"},\"query-input\":{\"@type\":\"PropertyValueSpecification\",\"valueRequired\":true,\"valueName\":\"search_term_string\"}}],\"inLanguage\":\"es\"},{\"@type\":\"Person\",\"@id\":\"https:\\\/\\\/cristinacortinas.org\\\/sustentabilidad\\\/#\\\/schema\\\/person\\\/230b4a4171b31e97671db5b680f06b08\",\"name\":\"CCristina\"}]}<\/script>\n<!-- \/ Yoast SEO plugin. -->","yoast_head_json":{"title":"Econom\u00eda Circular en M\u00e9xico \u2013 Presentaci\u00f3n de las bases del diagn\u00f3stico publicado por la SEMARNAT","description":"Presentaci\u00f3n por Mauricio Zenteno Casas del documento \u201cBases para la Elaboraci\u00f3n de un Diagn\u00f3stico de la Estrategia Nacional de Econom\u00eda Circular en M\u00e9xico\u201d publicado por la SEMARNAT en septiembre 2024.","robots":{"index":"index","follow":"follow","max-snippet":"max-snippet:-1","max-image-preview":"max-image-preview:large","max-video-preview":"max-video-preview:-1"},"canonical":"https:\/\/cristinacortinas.org\/sustentabilidad\/economia-circular-en-mexico-presentacion-de-las-bases-del-diagnostico-publicado-por-la-semarnat\/","og_locale":"es_ES","og_type":"article","og_title":"Econom\u00eda Circular en M\u00e9xico \u2013 Presentaci\u00f3n de las bases del diagn\u00f3stico publicado por la SEMARNAT","og_description":"Presentaci\u00f3n por Mauricio Zenteno Casas del documento \u201cBases para la Elaboraci\u00f3n de un Diagn\u00f3stico de la Estrategia Nacional de Econom\u00eda Circular en M\u00e9xico\u201d publicado por la SEMARNAT en septiembre 2024.","og_url":"https:\/\/cristinacortinas.org\/sustentabilidad\/economia-circular-en-mexico-presentacion-de-las-bases-del-diagnostico-publicado-por-la-semarnat\/","og_site_name":"Dra. Ma. Cristina Cortinas Dur\u00e1n","article_publisher":"https:\/\/www.facebook.com\/cristinacortinasduran\/","article_published_time":"2025-01-29T20:25:37+00:00","og_image":[{"width":980,"height":536,"url":"https:\/\/cristinacortinas.org\/sustentabilidad\/wp-content\/uploads\/2025\/01\/Economia-Circular-en-Mexico-\u2013-Presentacion-de-las-bases-del-diagnostico-publicado-por-la-SEMARNAT.jpg","type":"image\/jpeg"}],"author":"CCristina","twitter_card":"summary_large_image","twitter_creator":"@DraCrisCortinas","twitter_site":"@DraCrisCortinas","twitter_misc":{"Escrito por":"CCristina"},"schema":{"@context":"https:\/\/schema.org","@graph":[{"@type":"Article","@id":"https:\/\/cristinacortinas.org\/sustentabilidad\/economia-circular-en-mexico-presentacion-de-las-bases-del-diagnostico-publicado-por-la-semarnat\/#article","isPartOf":{"@id":"https:\/\/cristinacortinas.org\/sustentabilidad\/economia-circular-en-mexico-presentacion-de-las-bases-del-diagnostico-publicado-por-la-semarnat\/"},"author":{"name":"CCristina","@id":"https:\/\/cristinacortinas.org\/sustentabilidad\/#\/schema\/person\/230b4a4171b31e97671db5b680f06b08"},"headline":"Econom\u00eda Circular en M\u00e9xico \u2013 Presentaci\u00f3n de las bases del diagn\u00f3stico publicado por la SEMARNAT","datePublished":"2025-01-29T20:25:37+00:00","mainEntityOfPage":{"@id":"https:\/\/cristinacortinas.org\/sustentabilidad\/economia-circular-en-mexico-presentacion-de-las-bases-del-diagnostico-publicado-por-la-semarnat\/"},"wordCount":52,"image":{"@id":"https:\/\/cristinacortinas.org\/sustentabilidad\/economia-circular-en-mexico-presentacion-de-las-bases-del-diagnostico-publicado-por-la-semarnat\/#primaryimage"},"thumbnailUrl":"https:\/\/cristinacortinas.org\/sustentabilidad\/wp-content\/uploads\/2025\/01\/Economia-Circular-en-Mexico-\u2013-Presentacion-de-las-bases-del-diagnostico-publicado-por-la-SEMARNAT.jpg","articleSection":["Noticias"],"inLanguage":"es"},{"@type":"WebPage","@id":"https:\/\/cristinacortinas.org\/sustentabilidad\/economia-circular-en-mexico-presentacion-de-las-bases-del-diagnostico-publicado-por-la-semarnat\/","url":"https:\/\/cristinacortinas.org\/sustentabilidad\/economia-circular-en-mexico-presentacion-de-las-bases-del-diagnostico-publicado-por-la-semarnat\/","name":"Econom\u00eda Circular en M\u00e9xico \u2013 Presentaci\u00f3n de las bases del diagn\u00f3stico publicado por la SEMARNAT","isPartOf":{"@id":"https:\/\/cristinacortinas.org\/sustentabilidad\/#website"},"primaryImageOfPage":{"@id":"https:\/\/cristinacortinas.org\/sustentabilidad\/economia-circular-en-mexico-presentacion-de-las-bases-del-diagnostico-publicado-por-la-semarnat\/#primaryimage"},"image":{"@id":"https:\/\/cristinacortinas.org\/sustentabilidad\/economia-circular-en-mexico-presentacion-de-las-bases-del-diagnostico-publicado-por-la-semarnat\/#primaryimage"},"thumbnailUrl":"https:\/\/cristinacortinas.org\/sustentabilidad\/wp-content\/uploads\/2025\/01\/Economia-Circular-en-Mexico-\u2013-Presentacion-de-las-bases-del-diagnostico-publicado-por-la-SEMARNAT.jpg","datePublished":"2025-01-29T20:25:37+00:00","author":{"@id":"https:\/\/cristinacortinas.org\/sustentabilidad\/#\/schema\/person\/230b4a4171b31e97671db5b680f06b08"},"description":"Presentaci\u00f3n por Mauricio Zenteno Casas del documento \u201cBases para la Elaboraci\u00f3n de un Diagn\u00f3stico de la Estrategia Nacional de Econom\u00eda Circular en M\u00e9xico\u201d publicado por la SEMARNAT en septiembre 2024.","breadcrumb":{"@id":"https:\/\/cristinacortinas.org\/sustentabilidad\/economia-circular-en-mexico-presentacion-de-las-bases-del-diagnostico-publicado-por-la-semarnat\/#breadcrumb"},"inLanguage":"es","potentialAction":[{"@type":"ReadAction","target":["https:\/\/cristinacortinas.org\/sustentabilidad\/economia-circular-en-mexico-presentacion-de-las-bases-del-diagnostico-publicado-por-la-semarnat\/"]}]},{"@type":"ImageObject","inLanguage":"es","@id":"https:\/\/cristinacortinas.org\/sustentabilidad\/economia-circular-en-mexico-presentacion-de-las-bases-del-diagnostico-publicado-por-la-semarnat\/#primaryimage","url":"https:\/\/cristinacortinas.org\/sustentabilidad\/wp-content\/uploads\/2025\/01\/Economia-Circular-en-Mexico-\u2013-Presentacion-de-las-bases-del-diagnostico-publicado-por-la-SEMARNAT.jpg","contentUrl":"https:\/\/cristinacortinas.org\/sustentabilidad\/wp-content\/uploads\/2025\/01\/Economia-Circular-en-Mexico-\u2013-Presentacion-de-las-bases-del-diagnostico-publicado-por-la-SEMARNAT.jpg","width":980,"height":536},{"@type":"BreadcrumbList","@id":"https:\/\/cristinacortinas.org\/sustentabilidad\/economia-circular-en-mexico-presentacion-de-las-bases-del-diagnostico-publicado-por-la-semarnat\/#breadcrumb","itemListElement":[{"@type":"ListItem","position":1,"name":"Portada","item":"https:\/\/cristinacortinas.org\/sustentabilidad\/"},{"@type":"ListItem","position":2,"name":"Econom\u00eda Circular en M\u00e9xico \u2013 Presentaci\u00f3n de las bases del diagn\u00f3stico publicado por la SEMARNAT"}]},{"@type":"WebSite","@id":"https:\/\/cristinacortinas.org\/sustentabilidad\/#website","url":"https:\/\/cristinacortinas.org\/sustentabilidad\/","name":"Dra. Ma. Cristina Cortinas Dur\u00e1n","description":"","potentialAction":[{"@type":"SearchAction","target":{"@type":"EntryPoint","urlTemplate":"https:\/\/cristinacortinas.org\/sustentabilidad\/?s={search_term_string}"},"query-input":{"@type":"PropertyValueSpecification","valueRequired":true,"valueName":"search_term_string"}}],"inLanguage":"es"},{"@type":"Person","@id":"https:\/\/cristinacortinas.org\/sustentabilidad\/#\/schema\/person\/230b4a4171b31e97671db5b680f06b08","name":"CCristina"}]}},"_links":{"self":[{"href":"https:\/\/cristinacortinas.org\/sustentabilidad\/wp-json\/wp\/v2\/posts\/9440","targetHints":{"allow":["GET"]}}],"collection":[{"href":"https:\/\/cristinacortinas.org\/sustentabilidad\/wp-json\/wp\/v2\/posts"}],"about":[{"href":"https:\/\/cristinacortinas.org\/sustentabilidad\/wp-json\/wp\/v2\/types\/post"}],"author":[{"embeddable":true,"href":"https:\/\/cristinacortinas.org\/sustentabilidad\/wp-json\/wp\/v2\/users\/1"}],"replies":[{"embeddable":true,"href":"https:\/\/cristinacortinas.org\/sustentabilidad\/wp-json\/wp\/v2\/comments?post=9440"}],"version-history":[{"count":1,"href":"https:\/\/cristinacortinas.org\/sustentabilidad\/wp-json\/wp\/v2\/posts\/9440\/revisions"}],"predecessor-version":[{"id":9443,"href":"https:\/\/cristinacortinas.org\/sustentabilidad\/wp-json\/wp\/v2\/posts\/9440\/revisions\/9443"}],"wp:featuredmedia":[{"embeddable":true,"href":"https:\/\/cristinacortinas.org\/sustentabilidad\/wp-json\/wp\/v2\/media\/9442"}],"wp:attachment":[{"href":"https:\/\/cristinacortinas.org\/sustentabilidad\/wp-json\/wp\/v2\/media?parent=9440"}],"wp:term":[{"taxonomy":"category","embeddable":true,"href":"https:\/\/cristinacortinas.org\/sustentabilidad\/wp-json\/wp\/v2\/categories?post=9440"},{"taxonomy":"post_tag","embeddable":true,"href":"https:\/\/cristinacortinas.org\/sustentabilidad\/wp-json\/wp\/v2\/tags?post=9440"}],"curies":[{"name":"wp","href":"https:\/\/api.w.org\/{rel}","templated":true}]}}