{"id":9363,"date":"2024-12-12T16:48:04","date_gmt":"2024-12-12T22:48:04","guid":{"rendered":"https:\/\/cristinacortinas.org\/sustentabilidad\/?p=9363"},"modified":"2024-12-12T16:48:04","modified_gmt":"2024-12-12T22:48:04","slug":"visitas-de-cierre-de-2024-para-intercambiar-agendas-sobre-economia-circular-y-sustentabilidad-economica-social-y-ambiental-con-funcionarios-federales-clave","status":"publish","type":"post","link":"https:\/\/cristinacortinas.org\/sustentabilidad\/visitas-de-cierre-de-2024-para-intercambiar-agendas-sobre-economia-circular-y-sustentabilidad-economica-social-y-ambiental-con-funcionarios-federales-clave\/","title":{"rendered":"Visitas de cierre de 2024 para intercambiar agendas sobre econom\u00eda circular y sustentabilidad econ\u00f3mica, social y ambiental con funcionarios federales clave"},"content":{"rendered":"<p>Cristina Cortinas, Izarelly Rosillo y Alejandra M\u00e9ndez, integrantes de la Fundaci\u00f3n Cristina Cortinas, comentaron sus actividades para promover la econom\u00eda circular comunitaria, regenerativa, social y solidaria con funcionarios de las Secretar\u00edas de Medio Ambiente y Recursos Naturales (SEMARNAT) y de Econom\u00eda (SE) que expusieron sus propias agendas en temas relacionados<\/p>\n<p>Visita a Jos\u00e9 Luis Samaniego encargado de cambio clim\u00e1tico y desarrollo de la\u00a0 SEMARNAT<\/p>\n<p><img loading=\"lazy\" decoding=\"async\" class=\"alignnone size-full wp-image-9366\" src=\"http:\/\/cristinacortinas.org\/sustentabilidad\/wp-content\/uploads\/2024\/12\/Visita-a-Jose-Luis-Samaniego-encargado-de-cambio-climatico-y-desarrollo-de-la-SEMARNAT.jpg\" alt=\"\" width=\"921\" height=\"691\" srcset=\"https:\/\/cristinacortinas.org\/sustentabilidad\/wp-content\/uploads\/2024\/12\/Visita-a-Jose-Luis-Samaniego-encargado-de-cambio-climatico-y-desarrollo-de-la-SEMARNAT.jpg 921w, https:\/\/cristinacortinas.org\/sustentabilidad\/wp-content\/uploads\/2024\/12\/Visita-a-Jose-Luis-Samaniego-encargado-de-cambio-climatico-y-desarrollo-de-la-SEMARNAT-300x225.jpg 300w, https:\/\/cristinacortinas.org\/sustentabilidad\/wp-content\/uploads\/2024\/12\/Visita-a-Jose-Luis-Samaniego-encargado-de-cambio-climatico-y-desarrollo-de-la-SEMARNAT-768x576.jpg 768w, https:\/\/cristinacortinas.org\/sustentabilidad\/wp-content\/uploads\/2024\/12\/Visita-a-Jose-Luis-Samaniego-encargado-de-cambio-climatico-y-desarrollo-de-la-SEMARNAT-200x150.jpg 200w\" sizes=\"auto, (max-width: 921px) 100vw, 921px\" \/><\/p>\n<p>&nbsp;<\/p>\n<p>Visita a Rafael Salas director de sustentabilidad y econom\u00eda circular de la Secretar\u00eda de Econom\u00eda<\/p>\n<p><img loading=\"lazy\" decoding=\"async\" class=\"alignnone size-full wp-image-9365\" src=\"http:\/\/cristinacortinas.org\/sustentabilidad\/wp-content\/uploads\/2024\/12\/Visita-a-Rafael-Salas-director-de-sustentabilidad-y-economia-circular-de-la-Secretaria-de-Economia.jpg\" alt=\"\" width=\"416\" height=\"555\" srcset=\"https:\/\/cristinacortinas.org\/sustentabilidad\/wp-content\/uploads\/2024\/12\/Visita-a-Rafael-Salas-director-de-sustentabilidad-y-economia-circular-de-la-Secretaria-de-Economia.jpg 416w, https:\/\/cristinacortinas.org\/sustentabilidad\/wp-content\/uploads\/2024\/12\/Visita-a-Rafael-Salas-director-de-sustentabilidad-y-economia-circular-de-la-Secretaria-de-Economia-225x300.jpg 225w\" sizes=\"auto, (max-width: 416px) 100vw, 416px\" \/><\/p>\n<p>Visita a H\u00e9ctor Ochoa coordinador del sector econ\u00f3mico de la zona frontera de la Secretar\u00eda de Econom\u00eda<\/p>\n<p><img loading=\"lazy\" decoding=\"async\" class=\"alignnone size-full wp-image-9364\" src=\"http:\/\/cristinacortinas.org\/sustentabilidad\/wp-content\/uploads\/2024\/12\/Visita-a-Hector-Ochoa-coordinador-del-sector-economico-de-la-zona-frontera-de-la-Secretaria-de-Economia.jpg\" alt=\"\" width=\"464\" height=\"618\" srcset=\"https:\/\/cristinacortinas.org\/sustentabilidad\/wp-content\/uploads\/2024\/12\/Visita-a-Hector-Ochoa-coordinador-del-sector-economico-de-la-zona-frontera-de-la-Secretaria-de-Economia.jpg 464w, https:\/\/cristinacortinas.org\/sustentabilidad\/wp-content\/uploads\/2024\/12\/Visita-a-Hector-Ochoa-coordinador-del-sector-economico-de-la-zona-frontera-de-la-Secretaria-de-Economia-225x300.jpg 225w\" sizes=\"auto, (max-width: 464px) 100vw, 464px\" \/><\/p>\n","protected":false},"excerpt":{"rendered":"<p>Cristina Cortinas, Izarelly Rosillo y Alejandra M\u00e9ndez, integrantes de la Fundaci\u00f3n Cristina Cortinas, comentaron sus actividades para promover la econom\u00eda circular comunitaria, regenerativa, social y solidaria con funcionarios de las Secretar\u00edas de Medio Ambiente y Recursos Naturales (SEMARNAT) y de Econom\u00eda (SE) que expusieron sus propias agendas en temas relacionados Visita a Jos\u00e9 Luis Samaniego encargado de cambio clim\u00e1tico y&nbsp;<a href=\"https:\/\/cristinacortinas.org\/sustentabilidad\/visitas-de-cierre-de-2024-para-intercambiar-agendas-sobre-economia-circular-y-sustentabilidad-economica-social-y-ambiental-con-funcionarios-federales-clave\/\" class=\"read-more\">Seguir leyendo<\/a><\/p>\n","protected":false},"author":1,"featured_media":9364,"comment_status":"closed","ping_status":"closed","sticky":false,"template":"","format":"standard","meta":{"footnotes":""},"categories":[40],"tags":[],"class_list":["post-9363","post","type-post","status-publish","format-standard","has-post-thumbnail","hentry","category-noticias","cat-40-id"],"yoast_head":"<!-- This site is optimized with the Yoast SEO plugin v27.4 - https:\/\/yoast.com\/product\/yoast-seo-wordpress\/ -->\n<title>Visitas de cierre de 2024 para intercambiar agendas sobre econom\u00eda circular y sustentabilidad econ\u00f3mica, social y ambiental con funcionarios federales clave - Dra. Ma. Cristina Cortinas Dur\u00e1n<\/title>\n<meta name=\"description\" content=\"Visitas de cierre de 2024 para intercambiar agendas sobre econom\u00eda circular y sustentabilidad econ\u00f3mica, social y ambiental con funcionarios federales clave\" \/>\n<meta name=\"robots\" content=\"index, follow, max-snippet:-1, max-image-preview:large, max-video-preview:-1\" \/>\n<link rel=\"canonical\" href=\"https:\/\/cristinacortinas.org\/sustentabilidad\/visitas-de-cierre-de-2024-para-intercambiar-agendas-sobre-economia-circular-y-sustentabilidad-economica-social-y-ambiental-con-funcionarios-federales-clave\/\" \/>\n<meta property=\"og:locale\" content=\"es_ES\" \/>\n<meta property=\"og:type\" content=\"article\" \/>\n<meta property=\"og:title\" content=\"Visitas de cierre de 2024 para intercambiar agendas sobre econom\u00eda circular y sustentabilidad econ\u00f3mica, social y ambiental con funcionarios federales clave - Dra. Ma. Cristina Cortinas Dur\u00e1n\" \/>\n<meta property=\"og:description\" content=\"Visitas de cierre de 2024 para intercambiar agendas sobre econom\u00eda circular y sustentabilidad econ\u00f3mica, social y ambiental con funcionarios federales clave\" \/>\n<meta property=\"og:url\" content=\"https:\/\/cristinacortinas.org\/sustentabilidad\/visitas-de-cierre-de-2024-para-intercambiar-agendas-sobre-economia-circular-y-sustentabilidad-economica-social-y-ambiental-con-funcionarios-federales-clave\/\" \/>\n<meta property=\"og:site_name\" content=\"Dra. Ma. Cristina Cortinas Dur\u00e1n\" \/>\n<meta property=\"article:publisher\" content=\"https:\/\/www.facebook.com\/cristinacortinasduran\/\" \/>\n<meta property=\"article:published_time\" content=\"2024-12-12T22:48:04+00:00\" \/>\n<meta property=\"og:image\" content=\"https:\/\/cristinacortinas.org\/sustentabilidad\/wp-content\/uploads\/2024\/12\/Visita-a-Hector-Ochoa-coordinador-del-sector-economico-de-la-zona-frontera-de-la-Secretaria-de-Economia.jpg\" \/>\n\t<meta property=\"og:image:width\" content=\"464\" \/>\n\t<meta property=\"og:image:height\" content=\"618\" \/>\n\t<meta property=\"og:image:type\" content=\"image\/jpeg\" \/>\n<meta name=\"author\" content=\"CCristina\" \/>\n<meta name=\"twitter:card\" content=\"summary_large_image\" \/>\n<meta name=\"twitter:creator\" content=\"@DraCrisCortinas\" \/>\n<meta name=\"twitter:site\" content=\"@DraCrisCortinas\" \/>\n<meta name=\"twitter:label1\" content=\"Escrito por\" \/>\n\t<meta name=\"twitter:data1\" content=\"CCristina\" \/>\n\t<meta name=\"twitter:label2\" content=\"Tiempo de lectura\" \/>\n\t<meta name=\"twitter:data2\" content=\"1 minuto\" \/>\n<script type=\"application\/ld+json\" class=\"yoast-schema-graph\">{\"@context\":\"https:\\\/\\\/schema.org\",\"@graph\":[{\"@type\":\"Article\",\"@id\":\"https:\\\/\\\/cristinacortinas.org\\\/sustentabilidad\\\/visitas-de-cierre-de-2024-para-intercambiar-agendas-sobre-economia-circular-y-sustentabilidad-economica-social-y-ambiental-con-funcionarios-federales-clave\\\/#article\",\"isPartOf\":{\"@id\":\"https:\\\/\\\/cristinacortinas.org\\\/sustentabilidad\\\/visitas-de-cierre-de-2024-para-intercambiar-agendas-sobre-economia-circular-y-sustentabilidad-economica-social-y-ambiental-con-funcionarios-federales-clave\\\/\"},\"author\":{\"name\":\"CCristina\",\"@id\":\"https:\\\/\\\/cristinacortinas.org\\\/sustentabilidad\\\/#\\\/schema\\\/person\\\/230b4a4171b31e97671db5b680f06b08\"},\"headline\":\"Visitas de cierre de 2024 para intercambiar agendas sobre econom\u00eda circular y sustentabilidad econ\u00f3mica, social y ambiental con funcionarios federales clave\",\"datePublished\":\"2024-12-12T22:48:04+00:00\",\"mainEntityOfPage\":{\"@id\":\"https:\\\/\\\/cristinacortinas.org\\\/sustentabilidad\\\/visitas-de-cierre-de-2024-para-intercambiar-agendas-sobre-economia-circular-y-sustentabilidad-economica-social-y-ambiental-con-funcionarios-federales-clave\\\/\"},\"wordCount\":132,\"image\":{\"@id\":\"https:\\\/\\\/cristinacortinas.org\\\/sustentabilidad\\\/visitas-de-cierre-de-2024-para-intercambiar-agendas-sobre-economia-circular-y-sustentabilidad-economica-social-y-ambiental-con-funcionarios-federales-clave\\\/#primaryimage\"},\"thumbnailUrl\":\"https:\\\/\\\/cristinacortinas.org\\\/sustentabilidad\\\/wp-content\\\/uploads\\\/2024\\\/12\\\/Visita-a-Hector-Ochoa-coordinador-del-sector-economico-de-la-zona-frontera-de-la-Secretaria-de-Economia.jpg\",\"articleSection\":[\"Noticias\"],\"inLanguage\":\"es\"},{\"@type\":\"WebPage\",\"@id\":\"https:\\\/\\\/cristinacortinas.org\\\/sustentabilidad\\\/visitas-de-cierre-de-2024-para-intercambiar-agendas-sobre-economia-circular-y-sustentabilidad-economica-social-y-ambiental-con-funcionarios-federales-clave\\\/\",\"url\":\"https:\\\/\\\/cristinacortinas.org\\\/sustentabilidad\\\/visitas-de-cierre-de-2024-para-intercambiar-agendas-sobre-economia-circular-y-sustentabilidad-economica-social-y-ambiental-con-funcionarios-federales-clave\\\/\",\"name\":\"Visitas de cierre de 2024 para intercambiar agendas sobre econom\u00eda circular y sustentabilidad econ\u00f3mica, social y ambiental con funcionarios federales clave - Dra. Ma. Cristina Cortinas Dur\u00e1n\",\"isPartOf\":{\"@id\":\"https:\\\/\\\/cristinacortinas.org\\\/sustentabilidad\\\/#website\"},\"primaryImageOfPage\":{\"@id\":\"https:\\\/\\\/cristinacortinas.org\\\/sustentabilidad\\\/visitas-de-cierre-de-2024-para-intercambiar-agendas-sobre-economia-circular-y-sustentabilidad-economica-social-y-ambiental-con-funcionarios-federales-clave\\\/#primaryimage\"},\"image\":{\"@id\":\"https:\\\/\\\/cristinacortinas.org\\\/sustentabilidad\\\/visitas-de-cierre-de-2024-para-intercambiar-agendas-sobre-economia-circular-y-sustentabilidad-economica-social-y-ambiental-con-funcionarios-federales-clave\\\/#primaryimage\"},\"thumbnailUrl\":\"https:\\\/\\\/cristinacortinas.org\\\/sustentabilidad\\\/wp-content\\\/uploads\\\/2024\\\/12\\\/Visita-a-Hector-Ochoa-coordinador-del-sector-economico-de-la-zona-frontera-de-la-Secretaria-de-Economia.jpg\",\"datePublished\":\"2024-12-12T22:48:04+00:00\",\"author\":{\"@id\":\"https:\\\/\\\/cristinacortinas.org\\\/sustentabilidad\\\/#\\\/schema\\\/person\\\/230b4a4171b31e97671db5b680f06b08\"},\"description\":\"Visitas de cierre de 2024 para intercambiar agendas sobre econom\u00eda circular y sustentabilidad econ\u00f3mica, social y ambiental con funcionarios federales clave\",\"breadcrumb\":{\"@id\":\"https:\\\/\\\/cristinacortinas.org\\\/sustentabilidad\\\/visitas-de-cierre-de-2024-para-intercambiar-agendas-sobre-economia-circular-y-sustentabilidad-economica-social-y-ambiental-con-funcionarios-federales-clave\\\/#breadcrumb\"},\"inLanguage\":\"es\",\"potentialAction\":[{\"@type\":\"ReadAction\",\"target\":[\"https:\\\/\\\/cristinacortinas.org\\\/sustentabilidad\\\/visitas-de-cierre-de-2024-para-intercambiar-agendas-sobre-economia-circular-y-sustentabilidad-economica-social-y-ambiental-con-funcionarios-federales-clave\\\/\"]}]},{\"@type\":\"ImageObject\",\"inLanguage\":\"es\",\"@id\":\"https:\\\/\\\/cristinacortinas.org\\\/sustentabilidad\\\/visitas-de-cierre-de-2024-para-intercambiar-agendas-sobre-economia-circular-y-sustentabilidad-economica-social-y-ambiental-con-funcionarios-federales-clave\\\/#primaryimage\",\"url\":\"https:\\\/\\\/cristinacortinas.org\\\/sustentabilidad\\\/wp-content\\\/uploads\\\/2024\\\/12\\\/Visita-a-Hector-Ochoa-coordinador-del-sector-economico-de-la-zona-frontera-de-la-Secretaria-de-Economia.jpg\",\"contentUrl\":\"https:\\\/\\\/cristinacortinas.org\\\/sustentabilidad\\\/wp-content\\\/uploads\\\/2024\\\/12\\\/Visita-a-Hector-Ochoa-coordinador-del-sector-economico-de-la-zona-frontera-de-la-Secretaria-de-Economia.jpg\",\"width\":464,\"height\":618},{\"@type\":\"BreadcrumbList\",\"@id\":\"https:\\\/\\\/cristinacortinas.org\\\/sustentabilidad\\\/visitas-de-cierre-de-2024-para-intercambiar-agendas-sobre-economia-circular-y-sustentabilidad-economica-social-y-ambiental-con-funcionarios-federales-clave\\\/#breadcrumb\",\"itemListElement\":[{\"@type\":\"ListItem\",\"position\":1,\"name\":\"Portada\",\"item\":\"https:\\\/\\\/cristinacortinas.org\\\/sustentabilidad\\\/\"},{\"@type\":\"ListItem\",\"position\":2,\"name\":\"Visitas de cierre de 2024 para intercambiar agendas sobre econom\u00eda circular y sustentabilidad econ\u00f3mica, social y ambiental con funcionarios federales clave\"}]},{\"@type\":\"WebSite\",\"@id\":\"https:\\\/\\\/cristinacortinas.org\\\/sustentabilidad\\\/#website\",\"url\":\"https:\\\/\\\/cristinacortinas.org\\\/sustentabilidad\\\/\",\"name\":\"Dra. Ma. Cristina Cortinas Dur\u00e1n\",\"description\":\"\",\"potentialAction\":[{\"@type\":\"SearchAction\",\"target\":{\"@type\":\"EntryPoint\",\"urlTemplate\":\"https:\\\/\\\/cristinacortinas.org\\\/sustentabilidad\\\/?s={search_term_string}\"},\"query-input\":{\"@type\":\"PropertyValueSpecification\",\"valueRequired\":true,\"valueName\":\"search_term_string\"}}],\"inLanguage\":\"es\"},{\"@type\":\"Person\",\"@id\":\"https:\\\/\\\/cristinacortinas.org\\\/sustentabilidad\\\/#\\\/schema\\\/person\\\/230b4a4171b31e97671db5b680f06b08\",\"name\":\"CCristina\"}]}<\/script>\n<!-- \/ Yoast SEO plugin. -->","yoast_head_json":{"title":"Visitas de cierre de 2024 para intercambiar agendas sobre econom\u00eda circular y sustentabilidad econ\u00f3mica, social y ambiental con funcionarios federales clave - Dra. Ma. Cristina Cortinas Dur\u00e1n","description":"Visitas de cierre de 2024 para intercambiar agendas sobre econom\u00eda circular y sustentabilidad econ\u00f3mica, social y ambiental con funcionarios federales clave","robots":{"index":"index","follow":"follow","max-snippet":"max-snippet:-1","max-image-preview":"max-image-preview:large","max-video-preview":"max-video-preview:-1"},"canonical":"https:\/\/cristinacortinas.org\/sustentabilidad\/visitas-de-cierre-de-2024-para-intercambiar-agendas-sobre-economia-circular-y-sustentabilidad-economica-social-y-ambiental-con-funcionarios-federales-clave\/","og_locale":"es_ES","og_type":"article","og_title":"Visitas de cierre de 2024 para intercambiar agendas sobre econom\u00eda circular y sustentabilidad econ\u00f3mica, social y ambiental con funcionarios federales clave - Dra. Ma. Cristina Cortinas Dur\u00e1n","og_description":"Visitas de cierre de 2024 para intercambiar agendas sobre econom\u00eda circular y sustentabilidad econ\u00f3mica, social y ambiental con funcionarios federales clave","og_url":"https:\/\/cristinacortinas.org\/sustentabilidad\/visitas-de-cierre-de-2024-para-intercambiar-agendas-sobre-economia-circular-y-sustentabilidad-economica-social-y-ambiental-con-funcionarios-federales-clave\/","og_site_name":"Dra. Ma. Cristina Cortinas Dur\u00e1n","article_publisher":"https:\/\/www.facebook.com\/cristinacortinasduran\/","article_published_time":"2024-12-12T22:48:04+00:00","og_image":[{"width":464,"height":618,"url":"https:\/\/cristinacortinas.org\/sustentabilidad\/wp-content\/uploads\/2024\/12\/Visita-a-Hector-Ochoa-coordinador-del-sector-economico-de-la-zona-frontera-de-la-Secretaria-de-Economia.jpg","type":"image\/jpeg"}],"author":"CCristina","twitter_card":"summary_large_image","twitter_creator":"@DraCrisCortinas","twitter_site":"@DraCrisCortinas","twitter_misc":{"Escrito por":"CCristina","Tiempo de lectura":"1 minuto"},"schema":{"@context":"https:\/\/schema.org","@graph":[{"@type":"Article","@id":"https:\/\/cristinacortinas.org\/sustentabilidad\/visitas-de-cierre-de-2024-para-intercambiar-agendas-sobre-economia-circular-y-sustentabilidad-economica-social-y-ambiental-con-funcionarios-federales-clave\/#article","isPartOf":{"@id":"https:\/\/cristinacortinas.org\/sustentabilidad\/visitas-de-cierre-de-2024-para-intercambiar-agendas-sobre-economia-circular-y-sustentabilidad-economica-social-y-ambiental-con-funcionarios-federales-clave\/"},"author":{"name":"CCristina","@id":"https:\/\/cristinacortinas.org\/sustentabilidad\/#\/schema\/person\/230b4a4171b31e97671db5b680f06b08"},"headline":"Visitas de cierre de 2024 para intercambiar agendas sobre econom\u00eda circular y sustentabilidad econ\u00f3mica, social y ambiental con funcionarios federales clave","datePublished":"2024-12-12T22:48:04+00:00","mainEntityOfPage":{"@id":"https:\/\/cristinacortinas.org\/sustentabilidad\/visitas-de-cierre-de-2024-para-intercambiar-agendas-sobre-economia-circular-y-sustentabilidad-economica-social-y-ambiental-con-funcionarios-federales-clave\/"},"wordCount":132,"image":{"@id":"https:\/\/cristinacortinas.org\/sustentabilidad\/visitas-de-cierre-de-2024-para-intercambiar-agendas-sobre-economia-circular-y-sustentabilidad-economica-social-y-ambiental-con-funcionarios-federales-clave\/#primaryimage"},"thumbnailUrl":"https:\/\/cristinacortinas.org\/sustentabilidad\/wp-content\/uploads\/2024\/12\/Visita-a-Hector-Ochoa-coordinador-del-sector-economico-de-la-zona-frontera-de-la-Secretaria-de-Economia.jpg","articleSection":["Noticias"],"inLanguage":"es"},{"@type":"WebPage","@id":"https:\/\/cristinacortinas.org\/sustentabilidad\/visitas-de-cierre-de-2024-para-intercambiar-agendas-sobre-economia-circular-y-sustentabilidad-economica-social-y-ambiental-con-funcionarios-federales-clave\/","url":"https:\/\/cristinacortinas.org\/sustentabilidad\/visitas-de-cierre-de-2024-para-intercambiar-agendas-sobre-economia-circular-y-sustentabilidad-economica-social-y-ambiental-con-funcionarios-federales-clave\/","name":"Visitas de cierre de 2024 para intercambiar agendas sobre econom\u00eda circular y sustentabilidad econ\u00f3mica, social y ambiental con funcionarios federales clave - Dra. Ma. Cristina Cortinas Dur\u00e1n","isPartOf":{"@id":"https:\/\/cristinacortinas.org\/sustentabilidad\/#website"},"primaryImageOfPage":{"@id":"https:\/\/cristinacortinas.org\/sustentabilidad\/visitas-de-cierre-de-2024-para-intercambiar-agendas-sobre-economia-circular-y-sustentabilidad-economica-social-y-ambiental-con-funcionarios-federales-clave\/#primaryimage"},"image":{"@id":"https:\/\/cristinacortinas.org\/sustentabilidad\/visitas-de-cierre-de-2024-para-intercambiar-agendas-sobre-economia-circular-y-sustentabilidad-economica-social-y-ambiental-con-funcionarios-federales-clave\/#primaryimage"},"thumbnailUrl":"https:\/\/cristinacortinas.org\/sustentabilidad\/wp-content\/uploads\/2024\/12\/Visita-a-Hector-Ochoa-coordinador-del-sector-economico-de-la-zona-frontera-de-la-Secretaria-de-Economia.jpg","datePublished":"2024-12-12T22:48:04+00:00","author":{"@id":"https:\/\/cristinacortinas.org\/sustentabilidad\/#\/schema\/person\/230b4a4171b31e97671db5b680f06b08"},"description":"Visitas de cierre de 2024 para intercambiar agendas sobre econom\u00eda circular y sustentabilidad econ\u00f3mica, social y ambiental con funcionarios federales clave","breadcrumb":{"@id":"https:\/\/cristinacortinas.org\/sustentabilidad\/visitas-de-cierre-de-2024-para-intercambiar-agendas-sobre-economia-circular-y-sustentabilidad-economica-social-y-ambiental-con-funcionarios-federales-clave\/#breadcrumb"},"inLanguage":"es","potentialAction":[{"@type":"ReadAction","target":["https:\/\/cristinacortinas.org\/sustentabilidad\/visitas-de-cierre-de-2024-para-intercambiar-agendas-sobre-economia-circular-y-sustentabilidad-economica-social-y-ambiental-con-funcionarios-federales-clave\/"]}]},{"@type":"ImageObject","inLanguage":"es","@id":"https:\/\/cristinacortinas.org\/sustentabilidad\/visitas-de-cierre-de-2024-para-intercambiar-agendas-sobre-economia-circular-y-sustentabilidad-economica-social-y-ambiental-con-funcionarios-federales-clave\/#primaryimage","url":"https:\/\/cristinacortinas.org\/sustentabilidad\/wp-content\/uploads\/2024\/12\/Visita-a-Hector-Ochoa-coordinador-del-sector-economico-de-la-zona-frontera-de-la-Secretaria-de-Economia.jpg","contentUrl":"https:\/\/cristinacortinas.org\/sustentabilidad\/wp-content\/uploads\/2024\/12\/Visita-a-Hector-Ochoa-coordinador-del-sector-economico-de-la-zona-frontera-de-la-Secretaria-de-Economia.jpg","width":464,"height":618},{"@type":"BreadcrumbList","@id":"https:\/\/cristinacortinas.org\/sustentabilidad\/visitas-de-cierre-de-2024-para-intercambiar-agendas-sobre-economia-circular-y-sustentabilidad-economica-social-y-ambiental-con-funcionarios-federales-clave\/#breadcrumb","itemListElement":[{"@type":"ListItem","position":1,"name":"Portada","item":"https:\/\/cristinacortinas.org\/sustentabilidad\/"},{"@type":"ListItem","position":2,"name":"Visitas de cierre de 2024 para intercambiar agendas sobre econom\u00eda circular y sustentabilidad econ\u00f3mica, social y ambiental con funcionarios federales clave"}]},{"@type":"WebSite","@id":"https:\/\/cristinacortinas.org\/sustentabilidad\/#website","url":"https:\/\/cristinacortinas.org\/sustentabilidad\/","name":"Dra. Ma. Cristina Cortinas Dur\u00e1n","description":"","potentialAction":[{"@type":"SearchAction","target":{"@type":"EntryPoint","urlTemplate":"https:\/\/cristinacortinas.org\/sustentabilidad\/?s={search_term_string}"},"query-input":{"@type":"PropertyValueSpecification","valueRequired":true,"valueName":"search_term_string"}}],"inLanguage":"es"},{"@type":"Person","@id":"https:\/\/cristinacortinas.org\/sustentabilidad\/#\/schema\/person\/230b4a4171b31e97671db5b680f06b08","name":"CCristina"}]}},"_links":{"self":[{"href":"https:\/\/cristinacortinas.org\/sustentabilidad\/wp-json\/wp\/v2\/posts\/9363","targetHints":{"allow":["GET"]}}],"collection":[{"href":"https:\/\/cristinacortinas.org\/sustentabilidad\/wp-json\/wp\/v2\/posts"}],"about":[{"href":"https:\/\/cristinacortinas.org\/sustentabilidad\/wp-json\/wp\/v2\/types\/post"}],"author":[{"embeddable":true,"href":"https:\/\/cristinacortinas.org\/sustentabilidad\/wp-json\/wp\/v2\/users\/1"}],"replies":[{"embeddable":true,"href":"https:\/\/cristinacortinas.org\/sustentabilidad\/wp-json\/wp\/v2\/comments?post=9363"}],"version-history":[{"count":1,"href":"https:\/\/cristinacortinas.org\/sustentabilidad\/wp-json\/wp\/v2\/posts\/9363\/revisions"}],"predecessor-version":[{"id":9367,"href":"https:\/\/cristinacortinas.org\/sustentabilidad\/wp-json\/wp\/v2\/posts\/9363\/revisions\/9367"}],"wp:featuredmedia":[{"embeddable":true,"href":"https:\/\/cristinacortinas.org\/sustentabilidad\/wp-json\/wp\/v2\/media\/9364"}],"wp:attachment":[{"href":"https:\/\/cristinacortinas.org\/sustentabilidad\/wp-json\/wp\/v2\/media?parent=9363"}],"wp:term":[{"taxonomy":"category","embeddable":true,"href":"https:\/\/cristinacortinas.org\/sustentabilidad\/wp-json\/wp\/v2\/categories?post=9363"},{"taxonomy":"post_tag","embeddable":true,"href":"https:\/\/cristinacortinas.org\/sustentabilidad\/wp-json\/wp\/v2\/tags?post=9363"}],"curies":[{"name":"wp","href":"https:\/\/api.w.org\/{rel}","templated":true}]}}