{"id":9267,"date":"2024-10-05T12:59:45","date_gmt":"2024-10-05T18:59:45","guid":{"rendered":"https:\/\/cristinacortinas.org\/sustentabilidad\/?p=9267"},"modified":"2024-10-05T13:02:57","modified_gmt":"2024-10-05T19:02:57","slug":"mensaje-que-envie-a-mis-nietas-y-a-sus-mamas-con-motivo-de-la-toma-de-posesion-de-claudia-sheinbaum","status":"publish","type":"post","link":"https:\/\/cristinacortinas.org\/sustentabilidad\/mensaje-que-envie-a-mis-nietas-y-a-sus-mamas-con-motivo-de-la-toma-de-posesion-de-claudia-sheinbaum\/","title":{"rendered":"Mensaje que envi\u00e9 a mis nietas y a sus mam\u00e1s con motivo de la toma de posesi\u00f3n de Claudia Sheinbaum"},"content":{"rendered":"<p>Mensaje que envi\u00e9 a mis nietas y a sus mam\u00e1s con motivo de la toma de posesi\u00f3n de Claudia Sheinbaum. Queridas nietas Jay y Pau, M\u00f3nica y Ale, Les env\u00edo un mensaje con la foto de la toma de posesi\u00f3n de nuestra primera presidenta mujer de la Rep\u00fablica Mexicana, tras de la cual se encuentra otra mujer del Estado Mayor Presidencial que la resguarda \u00a1un hecho hist\u00f3rico! y en el que ella se present\u00f3 como mujer, madre y abuela, al resaltar que este es tiempo de mujeres. Tambi\u00e9n les env\u00edo una presentaci\u00f3n que difundir\u00e9 hoy para destacar que no todo es felicidad al saber que el conflicto armado en el Oriente Pr\u00f3ximo es una declaraci\u00f3n de guerra, por lo que es importante dar a conocer c\u00f3mo surgi\u00f3 la Organizaci\u00f3n de las Naciones Unidas y lo que significa el Pacto por el Futuro que acaba de publicar. As\u00ed que yo no dejar\u00e9 de insistir por que los ciudadanos nos pronunciemos al respecto. Bienvenidas sus opiniones y su apoyo para difundir este mensaje y la presentaci\u00f3n.<\/p>\n<p>Cristina Cortinas<\/p>\n<div class='w3eden'><!-- WPDM Link Template: Default Template -->\n\n<div class=\"link-template-default card mb-2\">\n    <div class=\"card-body\">\n        <div class=\"media\">\n            <div class=\"mr-3 img-48\"><img decoding=\"async\" class=\"wpdm_icon\" alt=\"Icono\"   src=\"https:\/\/cristinacortinas.org\/sustentabilidad\/wp-content\/plugins\/download-manager\/assets\/file-type-icons\/pdf.png\" \/><\/div>\n            <div class=\"media-body\">\n                <h3 class=\"package-title\"><a href='https:\/\/cristinacortinas.org\/sustentabilidad\/download\/orientaciones-al-ciudadano-que-transita-hacia-una-economia-circular\/'>Orientaciones al ciudadano que transita hacia una economi\u0301a circular<\/a><\/h3>\n                <div class=\"text-muted text-small\"><i class=\"fas fa-copy\"><\/i> 1 archivo(s) <i class=\"fas fa-hdd ml-3\"><\/i> 1.87 MB<\/div>\n            <\/div>\n            <div class=\"ml-3\">\n                <a class='wpdm-download-link download-on-click btn btn-info ' rel='nofollow' href='#' data-downloadurl=\"https:\/\/cristinacortinas.org\/sustentabilidad\/download\/orientaciones-al-ciudadano-que-transita-hacia-una-economia-circular\/?wpdmdl=9263&refresh=69ec7ec7b726b1777106631\">Descargar<\/a>\n            <\/div>\n        <\/div>\n    <\/div>\n<\/div>\n\n<\/div>\n","protected":false},"excerpt":{"rendered":"<p>Mensaje que envi\u00e9 a mis nietas y a sus mam\u00e1s con motivo de la toma de posesi\u00f3n de Claudia Sheinbaum. Queridas nietas Jay y Pau, M\u00f3nica y Ale, Les env\u00edo un mensaje con la foto de la toma de posesi\u00f3n de nuestra primera presidenta mujer de la Rep\u00fablica Mexicana, tras de la cual se encuentra otra mujer del Estado Mayor&nbsp;<a href=\"https:\/\/cristinacortinas.org\/sustentabilidad\/mensaje-que-envie-a-mis-nietas-y-a-sus-mamas-con-motivo-de-la-toma-de-posesion-de-claudia-sheinbaum\/\" class=\"read-more\">Seguir leyendo<\/a><\/p>\n","protected":false},"author":1,"featured_media":9268,"comment_status":"closed","ping_status":"closed","sticky":false,"template":"","format":"standard","meta":{"footnotes":""},"categories":[40],"tags":[],"class_list":["post-9267","post","type-post","status-publish","format-standard","has-post-thumbnail","hentry","category-noticias","cat-40-id"],"yoast_head":"<!-- This site is optimized with the Yoast SEO plugin v27.4 - https:\/\/yoast.com\/product\/yoast-seo-wordpress\/ -->\n<title>Mensaje que envi\u00e9 a mis nietas y a sus mam\u00e1s con motivo de la toma de posesi\u00f3n de Claudia Sheinbaum<\/title>\n<meta name=\"description\" content=\"Les env\u00edo un mensaje con la foto de la toma de posesi\u00f3n de nuestra primera presidenta mujer de la Rep\u00fablica Mexicana\" \/>\n<meta name=\"robots\" content=\"index, follow, max-snippet:-1, max-image-preview:large, max-video-preview:-1\" \/>\n<link rel=\"canonical\" href=\"https:\/\/cristinacortinas.org\/sustentabilidad\/mensaje-que-envie-a-mis-nietas-y-a-sus-mamas-con-motivo-de-la-toma-de-posesion-de-claudia-sheinbaum\/\" \/>\n<meta property=\"og:locale\" content=\"es_ES\" \/>\n<meta property=\"og:type\" content=\"article\" \/>\n<meta property=\"og:title\" content=\"Mensaje que envi\u00e9 a mis nietas y a sus mam\u00e1s con motivo de la toma de posesi\u00f3n de Claudia Sheinbaum\" \/>\n<meta property=\"og:description\" content=\"Les env\u00edo un mensaje con la foto de la toma de posesi\u00f3n de nuestra primera presidenta mujer de la Rep\u00fablica Mexicana\" \/>\n<meta property=\"og:url\" content=\"https:\/\/cristinacortinas.org\/sustentabilidad\/mensaje-que-envie-a-mis-nietas-y-a-sus-mamas-con-motivo-de-la-toma-de-posesion-de-claudia-sheinbaum\/\" \/>\n<meta property=\"og:site_name\" content=\"Dra. Ma. Cristina Cortinas Dur\u00e1n\" \/>\n<meta property=\"article:publisher\" content=\"https:\/\/www.facebook.com\/cristinacortinasduran\/\" \/>\n<meta property=\"article:published_time\" content=\"2024-10-05T18:59:45+00:00\" \/>\n<meta property=\"article:modified_time\" content=\"2024-10-05T19:02:57+00:00\" \/>\n<meta property=\"og:image\" content=\"https:\/\/cristinacortinas.org\/sustentabilidad\/wp-content\/uploads\/2024\/10\/Orientacio\u0301n-a-ciudadanos-interesados-en-la-economi\u0301a-circular.png\" \/>\n\t<meta property=\"og:image:width\" content=\"921\" \/>\n\t<meta property=\"og:image:height\" content=\"614\" \/>\n\t<meta property=\"og:image:type\" content=\"image\/png\" \/>\n<meta name=\"author\" content=\"CCristina\" \/>\n<meta name=\"twitter:card\" content=\"summary_large_image\" \/>\n<meta name=\"twitter:creator\" content=\"@DraCrisCortinas\" \/>\n<meta name=\"twitter:site\" content=\"@DraCrisCortinas\" \/>\n<meta name=\"twitter:label1\" content=\"Escrito por\" \/>\n\t<meta name=\"twitter:data1\" content=\"CCristina\" \/>\n\t<meta name=\"twitter:label2\" content=\"Tiempo de lectura\" \/>\n\t<meta name=\"twitter:data2\" content=\"1 minuto\" \/>\n<script type=\"application\/ld+json\" class=\"yoast-schema-graph\">{\"@context\":\"https:\\\/\\\/schema.org\",\"@graph\":[{\"@type\":\"Article\",\"@id\":\"https:\\\/\\\/cristinacortinas.org\\\/sustentabilidad\\\/mensaje-que-envie-a-mis-nietas-y-a-sus-mamas-con-motivo-de-la-toma-de-posesion-de-claudia-sheinbaum\\\/#article\",\"isPartOf\":{\"@id\":\"https:\\\/\\\/cristinacortinas.org\\\/sustentabilidad\\\/mensaje-que-envie-a-mis-nietas-y-a-sus-mamas-con-motivo-de-la-toma-de-posesion-de-claudia-sheinbaum\\\/\"},\"author\":{\"name\":\"CCristina\",\"@id\":\"https:\\\/\\\/cristinacortinas.org\\\/sustentabilidad\\\/#\\\/schema\\\/person\\\/230b4a4171b31e97671db5b680f06b08\"},\"headline\":\"Mensaje que envi\u00e9 a mis nietas y a sus mam\u00e1s con motivo de la toma de posesi\u00f3n de Claudia Sheinbaum\",\"datePublished\":\"2024-10-05T18:59:45+00:00\",\"dateModified\":\"2024-10-05T19:02:57+00:00\",\"mainEntityOfPage\":{\"@id\":\"https:\\\/\\\/cristinacortinas.org\\\/sustentabilidad\\\/mensaje-que-envie-a-mis-nietas-y-a-sus-mamas-con-motivo-de-la-toma-de-posesion-de-claudia-sheinbaum\\\/\"},\"wordCount\":218,\"image\":{\"@id\":\"https:\\\/\\\/cristinacortinas.org\\\/sustentabilidad\\\/mensaje-que-envie-a-mis-nietas-y-a-sus-mamas-con-motivo-de-la-toma-de-posesion-de-claudia-sheinbaum\\\/#primaryimage\"},\"thumbnailUrl\":\"https:\\\/\\\/cristinacortinas.org\\\/sustentabilidad\\\/wp-content\\\/uploads\\\/2024\\\/10\\\/Orientacio\u0301n-a-ciudadanos-interesados-en-la-economi\u0301a-circular.png\",\"articleSection\":[\"Noticias\"],\"inLanguage\":\"es\"},{\"@type\":\"WebPage\",\"@id\":\"https:\\\/\\\/cristinacortinas.org\\\/sustentabilidad\\\/mensaje-que-envie-a-mis-nietas-y-a-sus-mamas-con-motivo-de-la-toma-de-posesion-de-claudia-sheinbaum\\\/\",\"url\":\"https:\\\/\\\/cristinacortinas.org\\\/sustentabilidad\\\/mensaje-que-envie-a-mis-nietas-y-a-sus-mamas-con-motivo-de-la-toma-de-posesion-de-claudia-sheinbaum\\\/\",\"name\":\"Mensaje que envi\u00e9 a mis nietas y a sus mam\u00e1s con motivo de la toma de posesi\u00f3n de Claudia Sheinbaum\",\"isPartOf\":{\"@id\":\"https:\\\/\\\/cristinacortinas.org\\\/sustentabilidad\\\/#website\"},\"primaryImageOfPage\":{\"@id\":\"https:\\\/\\\/cristinacortinas.org\\\/sustentabilidad\\\/mensaje-que-envie-a-mis-nietas-y-a-sus-mamas-con-motivo-de-la-toma-de-posesion-de-claudia-sheinbaum\\\/#primaryimage\"},\"image\":{\"@id\":\"https:\\\/\\\/cristinacortinas.org\\\/sustentabilidad\\\/mensaje-que-envie-a-mis-nietas-y-a-sus-mamas-con-motivo-de-la-toma-de-posesion-de-claudia-sheinbaum\\\/#primaryimage\"},\"thumbnailUrl\":\"https:\\\/\\\/cristinacortinas.org\\\/sustentabilidad\\\/wp-content\\\/uploads\\\/2024\\\/10\\\/Orientacio\u0301n-a-ciudadanos-interesados-en-la-economi\u0301a-circular.png\",\"datePublished\":\"2024-10-05T18:59:45+00:00\",\"dateModified\":\"2024-10-05T19:02:57+00:00\",\"author\":{\"@id\":\"https:\\\/\\\/cristinacortinas.org\\\/sustentabilidad\\\/#\\\/schema\\\/person\\\/230b4a4171b31e97671db5b680f06b08\"},\"description\":\"Les env\u00edo un mensaje con la foto de la toma de posesi\u00f3n de nuestra primera presidenta mujer de la Rep\u00fablica Mexicana\",\"breadcrumb\":{\"@id\":\"https:\\\/\\\/cristinacortinas.org\\\/sustentabilidad\\\/mensaje-que-envie-a-mis-nietas-y-a-sus-mamas-con-motivo-de-la-toma-de-posesion-de-claudia-sheinbaum\\\/#breadcrumb\"},\"inLanguage\":\"es\",\"potentialAction\":[{\"@type\":\"ReadAction\",\"target\":[\"https:\\\/\\\/cristinacortinas.org\\\/sustentabilidad\\\/mensaje-que-envie-a-mis-nietas-y-a-sus-mamas-con-motivo-de-la-toma-de-posesion-de-claudia-sheinbaum\\\/\"]}]},{\"@type\":\"ImageObject\",\"inLanguage\":\"es\",\"@id\":\"https:\\\/\\\/cristinacortinas.org\\\/sustentabilidad\\\/mensaje-que-envie-a-mis-nietas-y-a-sus-mamas-con-motivo-de-la-toma-de-posesion-de-claudia-sheinbaum\\\/#primaryimage\",\"url\":\"https:\\\/\\\/cristinacortinas.org\\\/sustentabilidad\\\/wp-content\\\/uploads\\\/2024\\\/10\\\/Orientacio\u0301n-a-ciudadanos-interesados-en-la-economi\u0301a-circular.png\",\"contentUrl\":\"https:\\\/\\\/cristinacortinas.org\\\/sustentabilidad\\\/wp-content\\\/uploads\\\/2024\\\/10\\\/Orientacio\u0301n-a-ciudadanos-interesados-en-la-economi\u0301a-circular.png\",\"width\":921,\"height\":614},{\"@type\":\"BreadcrumbList\",\"@id\":\"https:\\\/\\\/cristinacortinas.org\\\/sustentabilidad\\\/mensaje-que-envie-a-mis-nietas-y-a-sus-mamas-con-motivo-de-la-toma-de-posesion-de-claudia-sheinbaum\\\/#breadcrumb\",\"itemListElement\":[{\"@type\":\"ListItem\",\"position\":1,\"name\":\"Portada\",\"item\":\"https:\\\/\\\/cristinacortinas.org\\\/sustentabilidad\\\/\"},{\"@type\":\"ListItem\",\"position\":2,\"name\":\"Mensaje que envi\u00e9 a mis nietas y a sus mam\u00e1s con motivo de la toma de posesi\u00f3n de Claudia Sheinbaum\"}]},{\"@type\":\"WebSite\",\"@id\":\"https:\\\/\\\/cristinacortinas.org\\\/sustentabilidad\\\/#website\",\"url\":\"https:\\\/\\\/cristinacortinas.org\\\/sustentabilidad\\\/\",\"name\":\"Dra. Ma. Cristina Cortinas Dur\u00e1n\",\"description\":\"\",\"potentialAction\":[{\"@type\":\"SearchAction\",\"target\":{\"@type\":\"EntryPoint\",\"urlTemplate\":\"https:\\\/\\\/cristinacortinas.org\\\/sustentabilidad\\\/?s={search_term_string}\"},\"query-input\":{\"@type\":\"PropertyValueSpecification\",\"valueRequired\":true,\"valueName\":\"search_term_string\"}}],\"inLanguage\":\"es\"},{\"@type\":\"Person\",\"@id\":\"https:\\\/\\\/cristinacortinas.org\\\/sustentabilidad\\\/#\\\/schema\\\/person\\\/230b4a4171b31e97671db5b680f06b08\",\"name\":\"CCristina\"}]}<\/script>\n<!-- \/ Yoast SEO plugin. -->","yoast_head_json":{"title":"Mensaje que envi\u00e9 a mis nietas y a sus mam\u00e1s con motivo de la toma de posesi\u00f3n de Claudia Sheinbaum","description":"Les env\u00edo un mensaje con la foto de la toma de posesi\u00f3n de nuestra primera presidenta mujer de la Rep\u00fablica Mexicana","robots":{"index":"index","follow":"follow","max-snippet":"max-snippet:-1","max-image-preview":"max-image-preview:large","max-video-preview":"max-video-preview:-1"},"canonical":"https:\/\/cristinacortinas.org\/sustentabilidad\/mensaje-que-envie-a-mis-nietas-y-a-sus-mamas-con-motivo-de-la-toma-de-posesion-de-claudia-sheinbaum\/","og_locale":"es_ES","og_type":"article","og_title":"Mensaje que envi\u00e9 a mis nietas y a sus mam\u00e1s con motivo de la toma de posesi\u00f3n de Claudia Sheinbaum","og_description":"Les env\u00edo un mensaje con la foto de la toma de posesi\u00f3n de nuestra primera presidenta mujer de la Rep\u00fablica Mexicana","og_url":"https:\/\/cristinacortinas.org\/sustentabilidad\/mensaje-que-envie-a-mis-nietas-y-a-sus-mamas-con-motivo-de-la-toma-de-posesion-de-claudia-sheinbaum\/","og_site_name":"Dra. Ma. Cristina Cortinas Dur\u00e1n","article_publisher":"https:\/\/www.facebook.com\/cristinacortinasduran\/","article_published_time":"2024-10-05T18:59:45+00:00","article_modified_time":"2024-10-05T19:02:57+00:00","og_image":[{"width":921,"height":614,"url":"https:\/\/cristinacortinas.org\/sustentabilidad\/wp-content\/uploads\/2024\/10\/Orientacio\u0301n-a-ciudadanos-interesados-en-la-economi\u0301a-circular.png","type":"image\/png"}],"author":"CCristina","twitter_card":"summary_large_image","twitter_creator":"@DraCrisCortinas","twitter_site":"@DraCrisCortinas","twitter_misc":{"Escrito por":"CCristina","Tiempo de lectura":"1 minuto"},"schema":{"@context":"https:\/\/schema.org","@graph":[{"@type":"Article","@id":"https:\/\/cristinacortinas.org\/sustentabilidad\/mensaje-que-envie-a-mis-nietas-y-a-sus-mamas-con-motivo-de-la-toma-de-posesion-de-claudia-sheinbaum\/#article","isPartOf":{"@id":"https:\/\/cristinacortinas.org\/sustentabilidad\/mensaje-que-envie-a-mis-nietas-y-a-sus-mamas-con-motivo-de-la-toma-de-posesion-de-claudia-sheinbaum\/"},"author":{"name":"CCristina","@id":"https:\/\/cristinacortinas.org\/sustentabilidad\/#\/schema\/person\/230b4a4171b31e97671db5b680f06b08"},"headline":"Mensaje que envi\u00e9 a mis nietas y a sus mam\u00e1s con motivo de la toma de posesi\u00f3n de Claudia Sheinbaum","datePublished":"2024-10-05T18:59:45+00:00","dateModified":"2024-10-05T19:02:57+00:00","mainEntityOfPage":{"@id":"https:\/\/cristinacortinas.org\/sustentabilidad\/mensaje-que-envie-a-mis-nietas-y-a-sus-mamas-con-motivo-de-la-toma-de-posesion-de-claudia-sheinbaum\/"},"wordCount":218,"image":{"@id":"https:\/\/cristinacortinas.org\/sustentabilidad\/mensaje-que-envie-a-mis-nietas-y-a-sus-mamas-con-motivo-de-la-toma-de-posesion-de-claudia-sheinbaum\/#primaryimage"},"thumbnailUrl":"https:\/\/cristinacortinas.org\/sustentabilidad\/wp-content\/uploads\/2024\/10\/Orientacio\u0301n-a-ciudadanos-interesados-en-la-economi\u0301a-circular.png","articleSection":["Noticias"],"inLanguage":"es"},{"@type":"WebPage","@id":"https:\/\/cristinacortinas.org\/sustentabilidad\/mensaje-que-envie-a-mis-nietas-y-a-sus-mamas-con-motivo-de-la-toma-de-posesion-de-claudia-sheinbaum\/","url":"https:\/\/cristinacortinas.org\/sustentabilidad\/mensaje-que-envie-a-mis-nietas-y-a-sus-mamas-con-motivo-de-la-toma-de-posesion-de-claudia-sheinbaum\/","name":"Mensaje que envi\u00e9 a mis nietas y a sus mam\u00e1s con motivo de la toma de posesi\u00f3n de Claudia Sheinbaum","isPartOf":{"@id":"https:\/\/cristinacortinas.org\/sustentabilidad\/#website"},"primaryImageOfPage":{"@id":"https:\/\/cristinacortinas.org\/sustentabilidad\/mensaje-que-envie-a-mis-nietas-y-a-sus-mamas-con-motivo-de-la-toma-de-posesion-de-claudia-sheinbaum\/#primaryimage"},"image":{"@id":"https:\/\/cristinacortinas.org\/sustentabilidad\/mensaje-que-envie-a-mis-nietas-y-a-sus-mamas-con-motivo-de-la-toma-de-posesion-de-claudia-sheinbaum\/#primaryimage"},"thumbnailUrl":"https:\/\/cristinacortinas.org\/sustentabilidad\/wp-content\/uploads\/2024\/10\/Orientacio\u0301n-a-ciudadanos-interesados-en-la-economi\u0301a-circular.png","datePublished":"2024-10-05T18:59:45+00:00","dateModified":"2024-10-05T19:02:57+00:00","author":{"@id":"https:\/\/cristinacortinas.org\/sustentabilidad\/#\/schema\/person\/230b4a4171b31e97671db5b680f06b08"},"description":"Les env\u00edo un mensaje con la foto de la toma de posesi\u00f3n de nuestra primera presidenta mujer de la Rep\u00fablica Mexicana","breadcrumb":{"@id":"https:\/\/cristinacortinas.org\/sustentabilidad\/mensaje-que-envie-a-mis-nietas-y-a-sus-mamas-con-motivo-de-la-toma-de-posesion-de-claudia-sheinbaum\/#breadcrumb"},"inLanguage":"es","potentialAction":[{"@type":"ReadAction","target":["https:\/\/cristinacortinas.org\/sustentabilidad\/mensaje-que-envie-a-mis-nietas-y-a-sus-mamas-con-motivo-de-la-toma-de-posesion-de-claudia-sheinbaum\/"]}]},{"@type":"ImageObject","inLanguage":"es","@id":"https:\/\/cristinacortinas.org\/sustentabilidad\/mensaje-que-envie-a-mis-nietas-y-a-sus-mamas-con-motivo-de-la-toma-de-posesion-de-claudia-sheinbaum\/#primaryimage","url":"https:\/\/cristinacortinas.org\/sustentabilidad\/wp-content\/uploads\/2024\/10\/Orientacio\u0301n-a-ciudadanos-interesados-en-la-economi\u0301a-circular.png","contentUrl":"https:\/\/cristinacortinas.org\/sustentabilidad\/wp-content\/uploads\/2024\/10\/Orientacio\u0301n-a-ciudadanos-interesados-en-la-economi\u0301a-circular.png","width":921,"height":614},{"@type":"BreadcrumbList","@id":"https:\/\/cristinacortinas.org\/sustentabilidad\/mensaje-que-envie-a-mis-nietas-y-a-sus-mamas-con-motivo-de-la-toma-de-posesion-de-claudia-sheinbaum\/#breadcrumb","itemListElement":[{"@type":"ListItem","position":1,"name":"Portada","item":"https:\/\/cristinacortinas.org\/sustentabilidad\/"},{"@type":"ListItem","position":2,"name":"Mensaje que envi\u00e9 a mis nietas y a sus mam\u00e1s con motivo de la toma de posesi\u00f3n de Claudia Sheinbaum"}]},{"@type":"WebSite","@id":"https:\/\/cristinacortinas.org\/sustentabilidad\/#website","url":"https:\/\/cristinacortinas.org\/sustentabilidad\/","name":"Dra. Ma. Cristina Cortinas Dur\u00e1n","description":"","potentialAction":[{"@type":"SearchAction","target":{"@type":"EntryPoint","urlTemplate":"https:\/\/cristinacortinas.org\/sustentabilidad\/?s={search_term_string}"},"query-input":{"@type":"PropertyValueSpecification","valueRequired":true,"valueName":"search_term_string"}}],"inLanguage":"es"},{"@type":"Person","@id":"https:\/\/cristinacortinas.org\/sustentabilidad\/#\/schema\/person\/230b4a4171b31e97671db5b680f06b08","name":"CCristina"}]}},"_links":{"self":[{"href":"https:\/\/cristinacortinas.org\/sustentabilidad\/wp-json\/wp\/v2\/posts\/9267","targetHints":{"allow":["GET"]}}],"collection":[{"href":"https:\/\/cristinacortinas.org\/sustentabilidad\/wp-json\/wp\/v2\/posts"}],"about":[{"href":"https:\/\/cristinacortinas.org\/sustentabilidad\/wp-json\/wp\/v2\/types\/post"}],"author":[{"embeddable":true,"href":"https:\/\/cristinacortinas.org\/sustentabilidad\/wp-json\/wp\/v2\/users\/1"}],"replies":[{"embeddable":true,"href":"https:\/\/cristinacortinas.org\/sustentabilidad\/wp-json\/wp\/v2\/comments?post=9267"}],"version-history":[{"count":1,"href":"https:\/\/cristinacortinas.org\/sustentabilidad\/wp-json\/wp\/v2\/posts\/9267\/revisions"}],"predecessor-version":[{"id":9270,"href":"https:\/\/cristinacortinas.org\/sustentabilidad\/wp-json\/wp\/v2\/posts\/9267\/revisions\/9270"}],"wp:featuredmedia":[{"embeddable":true,"href":"https:\/\/cristinacortinas.org\/sustentabilidad\/wp-json\/wp\/v2\/media\/9268"}],"wp:attachment":[{"href":"https:\/\/cristinacortinas.org\/sustentabilidad\/wp-json\/wp\/v2\/media?parent=9267"}],"wp:term":[{"taxonomy":"category","embeddable":true,"href":"https:\/\/cristinacortinas.org\/sustentabilidad\/wp-json\/wp\/v2\/categories?post=9267"},{"taxonomy":"post_tag","embeddable":true,"href":"https:\/\/cristinacortinas.org\/sustentabilidad\/wp-json\/wp\/v2\/tags?post=9267"}],"curies":[{"name":"wp","href":"https:\/\/api.w.org\/{rel}","templated":true}]}}