{"id":9252,"date":"2024-10-04T13:23:10","date_gmt":"2024-10-04T19:23:10","guid":{"rendered":"https:\/\/cristinacortinas.org\/sustentabilidad\/?p=9252"},"modified":"2024-10-04T13:23:21","modified_gmt":"2024-10-04T19:23:21","slug":"orientaciones-al-ciudadano-interesado-en-contribuir-a-una-economia-circular","status":"publish","type":"post","link":"https:\/\/cristinacortinas.org\/sustentabilidad\/orientaciones-al-ciudadano-interesado-en-contribuir-a-una-economia-circular\/","title":{"rendered":"Orientaciones al ciudadano interesado en contribuir a una econom\u00eda circular"},"content":{"rendered":"<p><span class=\"font-bold text-sm text-gray-800 dark:text-white\">Mar\u00eda Cristina Cortinas<\/span><span class=\"text-xs text-gray-800 dark:text-white\"> <a href=\"https:\/\/netnoticias.mx\/opinion\">Opini\u00f3n\u00a0<\/a>|\u00a0<time datetime=\"2024-10-03T05:00:00-06:00\">Jueves 3 Octubre 2024 5:00 AM<\/time><\/span><\/p>\n<p>El desperdicio de recursos materiales, agua, energ\u00eda, suelo y biodiversidad, provocados por pr\u00e1cticas de producci\u00f3n y consumo lineales, ha tra\u00eddo consigo no solo p\u00e9rdidas considerables del patrimonio de la humanidad y problemas graves de contaminaci\u00f3n ambiental asociados al cambio clim\u00e1tico y a los fen\u00f3menos que lo acompa\u00f1an, sino la pobreza de grandes n\u00facleos de la poblaci\u00f3n, situaciones de hambre, el desempleo o empleo informal, entre otros problemas a erradicar.<\/p>\n<div class=\"in-article mb-6\">\n<div id=\"ina1\"><\/div>\n<\/div>\n<p>Contrario a lo anterior, la adopci\u00f3n de los principios y pr\u00e1cticas de econom\u00eda circular, est\u00e1n encaminados a eliminar residuos y contaminaci\u00f3n desde el dise\u00f1o de los productos de consumo, alargar la vida de los productos y materiales manteni\u00e9ndolos en uso y regenerar los sistemas naturales.<\/p>\n<p>De manera que, desde los hogares, las escuelas, las oficinas, los comercios, los establecimientos industriales y de servicios, las actividades agropecuarias, forestales y pesqueras, entre otros, podemos adoptar medidas que nos lleven a lograr un consumo responsable de los materiales, agua y energ\u00eda, as\u00ed como a la protecci\u00f3n y regeneraci\u00f3n de los suelos y la biodiversidad.<\/p>\n<p>En diversos pa\u00edses del mundo, al igual que en M\u00e9xico y en el estado de Chihuahua, el inter\u00e9s en practicar la econom\u00eda circular ha llevado a establecer pol\u00edticas, a formular leyes, planes, programas y estrategias para impulsarla; lo que tambi\u00e9n se busca lograr en el municipio de Ju\u00e1rez como un todo y en su cabecera municipal Ciudad Ju\u00e1rez, con una amplia participaci\u00f3n ciudadana informada y organizada.<\/p>\n<p>Con este \u00faltimo prop\u00f3sito, el tema de la econom\u00eda circular se encuentra en el centro de la atenci\u00f3n de instituciones educativas, organizaciones empresariales, dependencias gubernamentales y grupos de la sociedad civil interesados en contribuir al tr\u00e1nsito del municipio de Ju\u00e1rez hacia una econom\u00eda circular.<\/p>\n<p>Gracias a las tecnolog\u00edas de la informaci\u00f3n y la comunicaci\u00f3n (TIC) los ciudadanos en general y los dem\u00e1s grupos de inter\u00e9s citados, pueden acceder a publicaciones, cursos y conferencias que les faciliten la adopci\u00f3n de pr\u00e1cticas de econom\u00eda circular en los \u00e1mbitos particulares en los que se desenvuelven; en beneficio de su salud y bienestar, as\u00ed como con la mejora de su entorno.<\/p>\n<p>Igualmente importante, es el establecimiento de alianzas, redes y clubes entre quienes buscan acelerar el tr\u00e1nsito hacia la econom\u00eda circular de manera organizada y coordinada.<\/p>\n<hr \/>\n[1] Para mayor informaci\u00f3n consultar las p\u00e1ginas: www.cristinacortinas.org y www.fundacionccortinas.org<\/p>\n<p>Completo: https:\/\/netnoticias.mx\/opinion\/orientaciones-al-ciudadano-interesado-en-contribuir-a-una-economia-circular<\/p>\n<p>&nbsp;<\/p>\n","protected":false},"excerpt":{"rendered":"<p>Mar\u00eda Cristina Cortinas Opini\u00f3n\u00a0|\u00a0Jueves 3 Octubre 2024 5:00 AM El desperdicio de recursos materiales, agua, energ\u00eda, suelo y biodiversidad, provocados por pr\u00e1cticas de producci\u00f3n y consumo lineales, ha tra\u00eddo consigo no solo p\u00e9rdidas considerables del patrimonio de la humanidad y problemas graves de contaminaci\u00f3n ambiental asociados al cambio clim\u00e1tico y a los fen\u00f3menos que lo acompa\u00f1an, sino la pobreza de&nbsp;<a href=\"https:\/\/cristinacortinas.org\/sustentabilidad\/orientaciones-al-ciudadano-interesado-en-contribuir-a-una-economia-circular\/\" class=\"read-more\">Seguir leyendo<\/a><\/p>\n","protected":false},"author":1,"featured_media":7091,"comment_status":"closed","ping_status":"closed","sticky":false,"template":"","format":"standard","meta":{"footnotes":""},"categories":[40],"tags":[],"class_list":["post-9252","post","type-post","status-publish","format-standard","has-post-thumbnail","hentry","category-noticias","cat-40-id"],"yoast_head":"<!-- This site is optimized with the Yoast SEO plugin v27.4 - https:\/\/yoast.com\/product\/yoast-seo-wordpress\/ -->\n<title>Orientaciones al ciudadano interesado en contribuir a una econom\u00eda circular - Dra. Ma. Cristina Cortinas Dur\u00e1n<\/title>\n<meta name=\"description\" content=\"El desperdicio de recursos materiales, agua, energ\u00eda, suelo y biodiversidad, provocados por pr\u00e1cticas de producci\u00f3n y consumo lineales\" \/>\n<meta name=\"robots\" content=\"index, follow, max-snippet:-1, max-image-preview:large, max-video-preview:-1\" \/>\n<link rel=\"canonical\" href=\"https:\/\/cristinacortinas.org\/sustentabilidad\/orientaciones-al-ciudadano-interesado-en-contribuir-a-una-economia-circular\/\" \/>\n<meta property=\"og:locale\" content=\"es_ES\" \/>\n<meta property=\"og:type\" content=\"article\" \/>\n<meta property=\"og:title\" content=\"Orientaciones al ciudadano interesado en contribuir a una econom\u00eda circular - Dra. Ma. Cristina Cortinas Dur\u00e1n\" \/>\n<meta property=\"og:description\" content=\"El desperdicio de recursos materiales, agua, energ\u00eda, suelo y biodiversidad, provocados por pr\u00e1cticas de producci\u00f3n y consumo lineales\" \/>\n<meta property=\"og:url\" content=\"https:\/\/cristinacortinas.org\/sustentabilidad\/orientaciones-al-ciudadano-interesado-en-contribuir-a-una-economia-circular\/\" \/>\n<meta property=\"og:site_name\" content=\"Dra. Ma. Cristina Cortinas Dur\u00e1n\" \/>\n<meta property=\"article:publisher\" content=\"https:\/\/www.facebook.com\/cristinacortinasduran\/\" \/>\n<meta property=\"article:published_time\" content=\"2024-10-04T19:23:10+00:00\" \/>\n<meta property=\"article:modified_time\" content=\"2024-10-04T19:23:21+00:00\" \/>\n<meta property=\"og:image\" content=\"https:\/\/cristinacortinas.org\/sustentabilidad\/wp-content\/uploads\/2019\/09\/Cristina-Cortinas-Sept-2019.jpg\" \/>\n\t<meta property=\"og:image:width\" content=\"903\" \/>\n\t<meta property=\"og:image:height\" content=\"508\" \/>\n\t<meta property=\"og:image:type\" content=\"image\/jpeg\" \/>\n<meta name=\"author\" content=\"CCristina\" \/>\n<meta name=\"twitter:card\" content=\"summary_large_image\" \/>\n<meta name=\"twitter:creator\" content=\"@DraCrisCortinas\" \/>\n<meta name=\"twitter:site\" content=\"@DraCrisCortinas\" \/>\n<meta name=\"twitter:label1\" content=\"Escrito por\" \/>\n\t<meta name=\"twitter:data1\" content=\"CCristina\" \/>\n\t<meta name=\"twitter:label2\" content=\"Tiempo de lectura\" \/>\n\t<meta name=\"twitter:data2\" content=\"2 minutos\" \/>\n<script type=\"application\/ld+json\" class=\"yoast-schema-graph\">{\"@context\":\"https:\\\/\\\/schema.org\",\"@graph\":[{\"@type\":\"Article\",\"@id\":\"https:\\\/\\\/cristinacortinas.org\\\/sustentabilidad\\\/orientaciones-al-ciudadano-interesado-en-contribuir-a-una-economia-circular\\\/#article\",\"isPartOf\":{\"@id\":\"https:\\\/\\\/cristinacortinas.org\\\/sustentabilidad\\\/orientaciones-al-ciudadano-interesado-en-contribuir-a-una-economia-circular\\\/\"},\"author\":{\"name\":\"CCristina\",\"@id\":\"https:\\\/\\\/cristinacortinas.org\\\/sustentabilidad\\\/#\\\/schema\\\/person\\\/230b4a4171b31e97671db5b680f06b08\"},\"headline\":\"Orientaciones al ciudadano interesado en contribuir a una econom\u00eda circular\",\"datePublished\":\"2024-10-04T19:23:10+00:00\",\"dateModified\":\"2024-10-04T19:23:21+00:00\",\"mainEntityOfPage\":{\"@id\":\"https:\\\/\\\/cristinacortinas.org\\\/sustentabilidad\\\/orientaciones-al-ciudadano-interesado-en-contribuir-a-una-economia-circular\\\/\"},\"wordCount\":456,\"image\":{\"@id\":\"https:\\\/\\\/cristinacortinas.org\\\/sustentabilidad\\\/orientaciones-al-ciudadano-interesado-en-contribuir-a-una-economia-circular\\\/#primaryimage\"},\"thumbnailUrl\":\"https:\\\/\\\/cristinacortinas.org\\\/sustentabilidad\\\/wp-content\\\/uploads\\\/2019\\\/09\\\/Cristina-Cortinas-Sept-2019.jpg\",\"articleSection\":[\"Noticias\"],\"inLanguage\":\"es\"},{\"@type\":\"WebPage\",\"@id\":\"https:\\\/\\\/cristinacortinas.org\\\/sustentabilidad\\\/orientaciones-al-ciudadano-interesado-en-contribuir-a-una-economia-circular\\\/\",\"url\":\"https:\\\/\\\/cristinacortinas.org\\\/sustentabilidad\\\/orientaciones-al-ciudadano-interesado-en-contribuir-a-una-economia-circular\\\/\",\"name\":\"Orientaciones al ciudadano interesado en contribuir a una econom\u00eda circular - Dra. Ma. Cristina Cortinas Dur\u00e1n\",\"isPartOf\":{\"@id\":\"https:\\\/\\\/cristinacortinas.org\\\/sustentabilidad\\\/#website\"},\"primaryImageOfPage\":{\"@id\":\"https:\\\/\\\/cristinacortinas.org\\\/sustentabilidad\\\/orientaciones-al-ciudadano-interesado-en-contribuir-a-una-economia-circular\\\/#primaryimage\"},\"image\":{\"@id\":\"https:\\\/\\\/cristinacortinas.org\\\/sustentabilidad\\\/orientaciones-al-ciudadano-interesado-en-contribuir-a-una-economia-circular\\\/#primaryimage\"},\"thumbnailUrl\":\"https:\\\/\\\/cristinacortinas.org\\\/sustentabilidad\\\/wp-content\\\/uploads\\\/2019\\\/09\\\/Cristina-Cortinas-Sept-2019.jpg\",\"datePublished\":\"2024-10-04T19:23:10+00:00\",\"dateModified\":\"2024-10-04T19:23:21+00:00\",\"author\":{\"@id\":\"https:\\\/\\\/cristinacortinas.org\\\/sustentabilidad\\\/#\\\/schema\\\/person\\\/230b4a4171b31e97671db5b680f06b08\"},\"description\":\"El desperdicio de recursos materiales, agua, energ\u00eda, suelo y biodiversidad, provocados por pr\u00e1cticas de producci\u00f3n y consumo lineales\",\"breadcrumb\":{\"@id\":\"https:\\\/\\\/cristinacortinas.org\\\/sustentabilidad\\\/orientaciones-al-ciudadano-interesado-en-contribuir-a-una-economia-circular\\\/#breadcrumb\"},\"inLanguage\":\"es\",\"potentialAction\":[{\"@type\":\"ReadAction\",\"target\":[\"https:\\\/\\\/cristinacortinas.org\\\/sustentabilidad\\\/orientaciones-al-ciudadano-interesado-en-contribuir-a-una-economia-circular\\\/\"]}]},{\"@type\":\"ImageObject\",\"inLanguage\":\"es\",\"@id\":\"https:\\\/\\\/cristinacortinas.org\\\/sustentabilidad\\\/orientaciones-al-ciudadano-interesado-en-contribuir-a-una-economia-circular\\\/#primaryimage\",\"url\":\"https:\\\/\\\/cristinacortinas.org\\\/sustentabilidad\\\/wp-content\\\/uploads\\\/2019\\\/09\\\/Cristina-Cortinas-Sept-2019.jpg\",\"contentUrl\":\"https:\\\/\\\/cristinacortinas.org\\\/sustentabilidad\\\/wp-content\\\/uploads\\\/2019\\\/09\\\/Cristina-Cortinas-Sept-2019.jpg\",\"width\":903,\"height\":508},{\"@type\":\"BreadcrumbList\",\"@id\":\"https:\\\/\\\/cristinacortinas.org\\\/sustentabilidad\\\/orientaciones-al-ciudadano-interesado-en-contribuir-a-una-economia-circular\\\/#breadcrumb\",\"itemListElement\":[{\"@type\":\"ListItem\",\"position\":1,\"name\":\"Portada\",\"item\":\"https:\\\/\\\/cristinacortinas.org\\\/sustentabilidad\\\/\"},{\"@type\":\"ListItem\",\"position\":2,\"name\":\"Orientaciones al ciudadano interesado en contribuir a una econom\u00eda circular\"}]},{\"@type\":\"WebSite\",\"@id\":\"https:\\\/\\\/cristinacortinas.org\\\/sustentabilidad\\\/#website\",\"url\":\"https:\\\/\\\/cristinacortinas.org\\\/sustentabilidad\\\/\",\"name\":\"Dra. Ma. Cristina Cortinas Dur\u00e1n\",\"description\":\"\",\"potentialAction\":[{\"@type\":\"SearchAction\",\"target\":{\"@type\":\"EntryPoint\",\"urlTemplate\":\"https:\\\/\\\/cristinacortinas.org\\\/sustentabilidad\\\/?s={search_term_string}\"},\"query-input\":{\"@type\":\"PropertyValueSpecification\",\"valueRequired\":true,\"valueName\":\"search_term_string\"}}],\"inLanguage\":\"es\"},{\"@type\":\"Person\",\"@id\":\"https:\\\/\\\/cristinacortinas.org\\\/sustentabilidad\\\/#\\\/schema\\\/person\\\/230b4a4171b31e97671db5b680f06b08\",\"name\":\"CCristina\"}]}<\/script>\n<!-- \/ Yoast SEO plugin. -->","yoast_head_json":{"title":"Orientaciones al ciudadano interesado en contribuir a una econom\u00eda circular - Dra. Ma. Cristina Cortinas Dur\u00e1n","description":"El desperdicio de recursos materiales, agua, energ\u00eda, suelo y biodiversidad, provocados por pr\u00e1cticas de producci\u00f3n y consumo lineales","robots":{"index":"index","follow":"follow","max-snippet":"max-snippet:-1","max-image-preview":"max-image-preview:large","max-video-preview":"max-video-preview:-1"},"canonical":"https:\/\/cristinacortinas.org\/sustentabilidad\/orientaciones-al-ciudadano-interesado-en-contribuir-a-una-economia-circular\/","og_locale":"es_ES","og_type":"article","og_title":"Orientaciones al ciudadano interesado en contribuir a una econom\u00eda circular - Dra. Ma. Cristina Cortinas Dur\u00e1n","og_description":"El desperdicio de recursos materiales, agua, energ\u00eda, suelo y biodiversidad, provocados por pr\u00e1cticas de producci\u00f3n y consumo lineales","og_url":"https:\/\/cristinacortinas.org\/sustentabilidad\/orientaciones-al-ciudadano-interesado-en-contribuir-a-una-economia-circular\/","og_site_name":"Dra. Ma. Cristina Cortinas Dur\u00e1n","article_publisher":"https:\/\/www.facebook.com\/cristinacortinasduran\/","article_published_time":"2024-10-04T19:23:10+00:00","article_modified_time":"2024-10-04T19:23:21+00:00","og_image":[{"width":903,"height":508,"url":"https:\/\/cristinacortinas.org\/sustentabilidad\/wp-content\/uploads\/2019\/09\/Cristina-Cortinas-Sept-2019.jpg","type":"image\/jpeg"}],"author":"CCristina","twitter_card":"summary_large_image","twitter_creator":"@DraCrisCortinas","twitter_site":"@DraCrisCortinas","twitter_misc":{"Escrito por":"CCristina","Tiempo de lectura":"2 minutos"},"schema":{"@context":"https:\/\/schema.org","@graph":[{"@type":"Article","@id":"https:\/\/cristinacortinas.org\/sustentabilidad\/orientaciones-al-ciudadano-interesado-en-contribuir-a-una-economia-circular\/#article","isPartOf":{"@id":"https:\/\/cristinacortinas.org\/sustentabilidad\/orientaciones-al-ciudadano-interesado-en-contribuir-a-una-economia-circular\/"},"author":{"name":"CCristina","@id":"https:\/\/cristinacortinas.org\/sustentabilidad\/#\/schema\/person\/230b4a4171b31e97671db5b680f06b08"},"headline":"Orientaciones al ciudadano interesado en contribuir a una econom\u00eda circular","datePublished":"2024-10-04T19:23:10+00:00","dateModified":"2024-10-04T19:23:21+00:00","mainEntityOfPage":{"@id":"https:\/\/cristinacortinas.org\/sustentabilidad\/orientaciones-al-ciudadano-interesado-en-contribuir-a-una-economia-circular\/"},"wordCount":456,"image":{"@id":"https:\/\/cristinacortinas.org\/sustentabilidad\/orientaciones-al-ciudadano-interesado-en-contribuir-a-una-economia-circular\/#primaryimage"},"thumbnailUrl":"https:\/\/cristinacortinas.org\/sustentabilidad\/wp-content\/uploads\/2019\/09\/Cristina-Cortinas-Sept-2019.jpg","articleSection":["Noticias"],"inLanguage":"es"},{"@type":"WebPage","@id":"https:\/\/cristinacortinas.org\/sustentabilidad\/orientaciones-al-ciudadano-interesado-en-contribuir-a-una-economia-circular\/","url":"https:\/\/cristinacortinas.org\/sustentabilidad\/orientaciones-al-ciudadano-interesado-en-contribuir-a-una-economia-circular\/","name":"Orientaciones al ciudadano interesado en contribuir a una econom\u00eda circular - Dra. Ma. Cristina Cortinas Dur\u00e1n","isPartOf":{"@id":"https:\/\/cristinacortinas.org\/sustentabilidad\/#website"},"primaryImageOfPage":{"@id":"https:\/\/cristinacortinas.org\/sustentabilidad\/orientaciones-al-ciudadano-interesado-en-contribuir-a-una-economia-circular\/#primaryimage"},"image":{"@id":"https:\/\/cristinacortinas.org\/sustentabilidad\/orientaciones-al-ciudadano-interesado-en-contribuir-a-una-economia-circular\/#primaryimage"},"thumbnailUrl":"https:\/\/cristinacortinas.org\/sustentabilidad\/wp-content\/uploads\/2019\/09\/Cristina-Cortinas-Sept-2019.jpg","datePublished":"2024-10-04T19:23:10+00:00","dateModified":"2024-10-04T19:23:21+00:00","author":{"@id":"https:\/\/cristinacortinas.org\/sustentabilidad\/#\/schema\/person\/230b4a4171b31e97671db5b680f06b08"},"description":"El desperdicio de recursos materiales, agua, energ\u00eda, suelo y biodiversidad, provocados por pr\u00e1cticas de producci\u00f3n y consumo lineales","breadcrumb":{"@id":"https:\/\/cristinacortinas.org\/sustentabilidad\/orientaciones-al-ciudadano-interesado-en-contribuir-a-una-economia-circular\/#breadcrumb"},"inLanguage":"es","potentialAction":[{"@type":"ReadAction","target":["https:\/\/cristinacortinas.org\/sustentabilidad\/orientaciones-al-ciudadano-interesado-en-contribuir-a-una-economia-circular\/"]}]},{"@type":"ImageObject","inLanguage":"es","@id":"https:\/\/cristinacortinas.org\/sustentabilidad\/orientaciones-al-ciudadano-interesado-en-contribuir-a-una-economia-circular\/#primaryimage","url":"https:\/\/cristinacortinas.org\/sustentabilidad\/wp-content\/uploads\/2019\/09\/Cristina-Cortinas-Sept-2019.jpg","contentUrl":"https:\/\/cristinacortinas.org\/sustentabilidad\/wp-content\/uploads\/2019\/09\/Cristina-Cortinas-Sept-2019.jpg","width":903,"height":508},{"@type":"BreadcrumbList","@id":"https:\/\/cristinacortinas.org\/sustentabilidad\/orientaciones-al-ciudadano-interesado-en-contribuir-a-una-economia-circular\/#breadcrumb","itemListElement":[{"@type":"ListItem","position":1,"name":"Portada","item":"https:\/\/cristinacortinas.org\/sustentabilidad\/"},{"@type":"ListItem","position":2,"name":"Orientaciones al ciudadano interesado en contribuir a una econom\u00eda circular"}]},{"@type":"WebSite","@id":"https:\/\/cristinacortinas.org\/sustentabilidad\/#website","url":"https:\/\/cristinacortinas.org\/sustentabilidad\/","name":"Dra. Ma. Cristina Cortinas Dur\u00e1n","description":"","potentialAction":[{"@type":"SearchAction","target":{"@type":"EntryPoint","urlTemplate":"https:\/\/cristinacortinas.org\/sustentabilidad\/?s={search_term_string}"},"query-input":{"@type":"PropertyValueSpecification","valueRequired":true,"valueName":"search_term_string"}}],"inLanguage":"es"},{"@type":"Person","@id":"https:\/\/cristinacortinas.org\/sustentabilidad\/#\/schema\/person\/230b4a4171b31e97671db5b680f06b08","name":"CCristina"}]}},"_links":{"self":[{"href":"https:\/\/cristinacortinas.org\/sustentabilidad\/wp-json\/wp\/v2\/posts\/9252","targetHints":{"allow":["GET"]}}],"collection":[{"href":"https:\/\/cristinacortinas.org\/sustentabilidad\/wp-json\/wp\/v2\/posts"}],"about":[{"href":"https:\/\/cristinacortinas.org\/sustentabilidad\/wp-json\/wp\/v2\/types\/post"}],"author":[{"embeddable":true,"href":"https:\/\/cristinacortinas.org\/sustentabilidad\/wp-json\/wp\/v2\/users\/1"}],"replies":[{"embeddable":true,"href":"https:\/\/cristinacortinas.org\/sustentabilidad\/wp-json\/wp\/v2\/comments?post=9252"}],"version-history":[{"count":2,"href":"https:\/\/cristinacortinas.org\/sustentabilidad\/wp-json\/wp\/v2\/posts\/9252\/revisions"}],"predecessor-version":[{"id":9254,"href":"https:\/\/cristinacortinas.org\/sustentabilidad\/wp-json\/wp\/v2\/posts\/9252\/revisions\/9254"}],"wp:featuredmedia":[{"embeddable":true,"href":"https:\/\/cristinacortinas.org\/sustentabilidad\/wp-json\/wp\/v2\/media\/7091"}],"wp:attachment":[{"href":"https:\/\/cristinacortinas.org\/sustentabilidad\/wp-json\/wp\/v2\/media?parent=9252"}],"wp:term":[{"taxonomy":"category","embeddable":true,"href":"https:\/\/cristinacortinas.org\/sustentabilidad\/wp-json\/wp\/v2\/categories?post=9252"},{"taxonomy":"post_tag","embeddable":true,"href":"https:\/\/cristinacortinas.org\/sustentabilidad\/wp-json\/wp\/v2\/tags?post=9252"}],"curies":[{"name":"wp","href":"https:\/\/api.w.org\/{rel}","templated":true}]}}