{"id":9223,"date":"2024-09-11T13:08:19","date_gmt":"2024-09-11T19:08:19","guid":{"rendered":"https:\/\/cristinacortinas.org\/sustentabilidad\/?p=9223"},"modified":"2024-09-11T13:08:19","modified_gmt":"2024-09-11T19:08:19","slug":"les-comparto-mi-respuesta-a-quienes-amablemente-han-externado-opiniones-adicionales-sobre-mi-conferencia-en-relacion-a-la-economia-circular-y-la-creacion-de-salud","status":"publish","type":"post","link":"https:\/\/cristinacortinas.org\/sustentabilidad\/les-comparto-mi-respuesta-a-quienes-amablemente-han-externado-opiniones-adicionales-sobre-mi-conferencia-en-relacion-a-la-economia-circular-y-la-creacion-de-salud\/","title":{"rendered":"LES COMPARTO MI RESPUESTA A QUIENES AMABLEMENTE HAN EXTERNADO OPINIONES ADICIONALES SOBRE MI CONFERENCIA EN RELACI\u00d3N A LA ECONOM\u00cdA CIRCULAR Y LA CREACI\u00d3N DE SALUD"},"content":{"rendered":"<p>Despu\u00e9s de tomar nota de sus \u00faltimas observaciones, por dem\u00e1s valiosas, me gustar\u00eda compartir con ustedes lo siguiente que explica el porqu\u00e9 trato de relacionar los principios y pr\u00e1cticas de la econom\u00eda circular, como lo ha sido los correspondientes al desarrollo sustentable con los temas que cubro en mis breves pl\u00e1ticas, la suma de las cuales (contenidas en mis p\u00e1ginas electr\u00f3nicas) constituyen un todo. Mi tesis doctoral realizada en Francia vers\u00f3 sobre la relaci\u00f3n entre Gen\u00e9tica y C\u00e1ncer, espec\u00edficamente las leucemias. Por azares del destino al regresar a M\u00e9xico solo encontr\u00e9 trabajo en la d\u00e9cada de 1970 como jefa del departamento de Biolog\u00eda de la Nutrici\u00f3n en el Centro de Investigaci\u00f3n IMSS Siglo XXI enel Distrito Federal. En 1971 me un\u00ed al Instituto de Investigaciones Biom\u00e9dicas de la UNAM en donde por m\u00e1s de veinte a\u00f1os realic\u00e9 investigaciones para evaluar el efecto gen\u00e9tico de sustancias qu\u00edmicas empleadas como medicamentos de amplio consumo y contaminantes qu\u00edmicos ambientales (metales pesados, plaguicidas y otros). La suma de las experiencias derivadas de ello y mis actividades docentes quedaron plasmadas en numerosas publicaciones y en el libro C\u00e1ncer, Herencia y Ambiente publicado por el Fondo de Cultura Econ\u00f3mica (FCE). Para tratar de contribuir a la prevenci\u00f3n del c\u00e1ncer me di cuenta que tendr\u00eda que hacerlo desde otra posici\u00f3n y acept\u00e9 los cargos de directora general de Salud Ambiental, Ocupacional y Saneamiento B\u00e1sico en la Secretar\u00eda de Salud y despu\u00e9s de directora general de Materiales, Residuos y Actividades Riesgosas en el Instituto Nacional de Ecolog\u00eda. Ello me permiti\u00f3 darme cuenta de que, si no se tienen facultades legales para exigir a las fuentes contaminantes que liberan t\u00f3xicos al ambiente que lo dejen de hacer, no pasa nada. Como investigadora y despu\u00e9s como funcionaria p\u00fablica, tambi\u00e9n fui parte de los grupos de trabajo que formularon los cap\u00edtulos sobre gesti\u00f3n de sustancias qu\u00edmicas y residuos peligrosos, radiactivos y municipales de la Agenda 21 publicada por el PNUMA, lo cual se describe en el libro la Diplomacia Ambiental. M\u00e9xico y la Conferencia de las Naciones Unidas sobre Medio Ambiente y Desarrollo del FCE. Antes de la fundaci\u00f3n del INE en la Secretar\u00eda de Desarrollo Social, contribu\u00ed a la preparaci\u00f3n del ingreso de M\u00e9xico a la OCDE, lo que qued\u00f3 plasmado en tres monograf\u00edas que escrib\u00ed sobre las obligaciones que derivar\u00edan para M\u00e9xico de su adhesi\u00f3n a dicho organismo en materia de comercio internacional de productos qu\u00edmicos, movimiento transfronterizo de desechos peligrosos y otros desechos y la prevenci\u00f3n de accidentes qu\u00edmicos mayores. Toda esa experiencia me llev\u00f3 a aceptar contribuir a la formulaci\u00f3n de la iniciativa de Ley General para la Prevenci\u00f3n y Gesti\u00f3n Integral de los Residuos como asesora de legisladores en el Congreso de la Uni\u00f3n que public\u00f3 los seis libros que escrib\u00ed para sustentarla en un amplio diagn\u00f3stico en la materia. Desde entonces no he dejado de socializar la Ley y de apoyar la formulaci\u00f3n de leyes y reglamentos estatales en la materia. Adem\u00e1s de lo cual contribu\u00ed a la formulaci\u00f3n del primer Reglamento Municipal para la Prevenci\u00f3n, Gesti\u00f3n Integral y Econom\u00eda Circular de los Residuos del Municipio de Landa de Matamoros, Quer\u00e9taro. As\u00ed mismo, y no obstante mi edad, no dejo un d\u00eda de tratar de aprender y compartir lo que aprendo, y de buscar todas las maneras para llamar la atenci\u00f3n de quienes quieran contribuir a proteger a nuestros ni\u00f1os y j\u00f3venes de los riesgos qu\u00edmicos ambientales.<\/p>\n","protected":false},"excerpt":{"rendered":"<p>Despu\u00e9s de tomar nota de sus \u00faltimas observaciones, por dem\u00e1s valiosas, me gustar\u00eda compartir con ustedes lo siguiente que explica el porqu\u00e9 trato de relacionar los principios y pr\u00e1cticas de la econom\u00eda circular, como lo ha sido los correspondientes al desarrollo sustentable con los temas que cubro en mis breves pl\u00e1ticas, la suma de las cuales (contenidas en mis p\u00e1ginas&nbsp;<a href=\"https:\/\/cristinacortinas.org\/sustentabilidad\/les-comparto-mi-respuesta-a-quienes-amablemente-han-externado-opiniones-adicionales-sobre-mi-conferencia-en-relacion-a-la-economia-circular-y-la-creacion-de-salud\/\" class=\"read-more\">Seguir leyendo<\/a><\/p>\n","protected":false},"author":1,"featured_media":8286,"comment_status":"closed","ping_status":"closed","sticky":false,"template":"","format":"standard","meta":{"footnotes":""},"categories":[40],"tags":[],"class_list":["post-9223","post","type-post","status-publish","format-standard","has-post-thumbnail","hentry","category-noticias","cat-40-id"],"yoast_head":"<!-- This site is optimized with the Yoast SEO plugin v27.4 - https:\/\/yoast.com\/product\/yoast-seo-wordpress\/ -->\n<title>LES COMPARTO MI RESPUESTA A QUIENES AMABLEMENTE HAN EXTERNADO OPINIONES ADICIONALES SOBRE MI CONFERENCIA EN RELACI\u00d3N A LA ECONOM\u00cdA CIRCULAR Y LA CREACI\u00d3N DE SALUD - Dra. Ma. Cristina Cortinas Dur\u00e1n<\/title>\n<meta name=\"description\" content=\"Despu\u00e9s de tomar nota de sus \u00faltimas observaciones, por dem\u00e1s valiosas, me gustar\u00eda compartir con ustedes lo siguiente que explica el porqu\u00e9 trato de relacionar los principios y pr\u00e1cticas de la econom\u00eda circular\" \/>\n<meta name=\"robots\" content=\"index, follow, max-snippet:-1, max-image-preview:large, max-video-preview:-1\" \/>\n<link rel=\"canonical\" href=\"https:\/\/cristinacortinas.org\/sustentabilidad\/les-comparto-mi-respuesta-a-quienes-amablemente-han-externado-opiniones-adicionales-sobre-mi-conferencia-en-relacion-a-la-economia-circular-y-la-creacion-de-salud\/\" \/>\n<meta property=\"og:locale\" content=\"es_ES\" \/>\n<meta property=\"og:type\" content=\"article\" \/>\n<meta property=\"og:title\" content=\"LES COMPARTO MI RESPUESTA A QUIENES AMABLEMENTE HAN EXTERNADO OPINIONES ADICIONALES SOBRE MI CONFERENCIA EN RELACI\u00d3N A LA ECONOM\u00cdA CIRCULAR Y LA CREACI\u00d3N DE SALUD - Dra. Ma. Cristina Cortinas Dur\u00e1n\" \/>\n<meta property=\"og:description\" content=\"Despu\u00e9s de tomar nota de sus \u00faltimas observaciones, por dem\u00e1s valiosas, me gustar\u00eda compartir con ustedes lo siguiente que explica el porqu\u00e9 trato de relacionar los principios y pr\u00e1cticas de la econom\u00eda circular\" \/>\n<meta property=\"og:url\" content=\"https:\/\/cristinacortinas.org\/sustentabilidad\/les-comparto-mi-respuesta-a-quienes-amablemente-han-externado-opiniones-adicionales-sobre-mi-conferencia-en-relacion-a-la-economia-circular-y-la-creacion-de-salud\/\" \/>\n<meta property=\"og:site_name\" content=\"Dra. Ma. Cristina Cortinas Dur\u00e1n\" \/>\n<meta property=\"article:publisher\" content=\"https:\/\/www.facebook.com\/cristinacortinasduran\/\" \/>\n<meta property=\"article:published_time\" content=\"2024-09-11T19:08:19+00:00\" \/>\n<meta property=\"og:image\" content=\"https:\/\/cristinacortinas.org\/sustentabilidad\/wp-content\/uploads\/2021\/09\/economia-circular-en-pueblos-m\u00e1gicos-cristina-cortinas.jpg\" \/>\n\t<meta property=\"og:image:width\" content=\"1152\" \/>\n\t<meta property=\"og:image:height\" content=\"648\" \/>\n\t<meta property=\"og:image:type\" content=\"image\/jpeg\" \/>\n<meta name=\"author\" content=\"CCristina\" \/>\n<meta name=\"twitter:card\" content=\"summary_large_image\" \/>\n<meta name=\"twitter:creator\" content=\"@DraCrisCortinas\" \/>\n<meta name=\"twitter:site\" content=\"@DraCrisCortinas\" \/>\n<meta name=\"twitter:label1\" content=\"Escrito por\" \/>\n\t<meta name=\"twitter:data1\" content=\"CCristina\" \/>\n\t<meta name=\"twitter:label2\" content=\"Tiempo de lectura\" \/>\n\t<meta name=\"twitter:data2\" content=\"3 minutos\" \/>\n<script type=\"application\/ld+json\" class=\"yoast-schema-graph\">{\"@context\":\"https:\\\/\\\/schema.org\",\"@graph\":[{\"@type\":\"Article\",\"@id\":\"https:\\\/\\\/cristinacortinas.org\\\/sustentabilidad\\\/les-comparto-mi-respuesta-a-quienes-amablemente-han-externado-opiniones-adicionales-sobre-mi-conferencia-en-relacion-a-la-economia-circular-y-la-creacion-de-salud\\\/#article\",\"isPartOf\":{\"@id\":\"https:\\\/\\\/cristinacortinas.org\\\/sustentabilidad\\\/les-comparto-mi-respuesta-a-quienes-amablemente-han-externado-opiniones-adicionales-sobre-mi-conferencia-en-relacion-a-la-economia-circular-y-la-creacion-de-salud\\\/\"},\"author\":{\"name\":\"CCristina\",\"@id\":\"https:\\\/\\\/cristinacortinas.org\\\/sustentabilidad\\\/#\\\/schema\\\/person\\\/230b4a4171b31e97671db5b680f06b08\"},\"headline\":\"LES COMPARTO MI RESPUESTA A QUIENES AMABLEMENTE HAN EXTERNADO OPINIONES ADICIONALES SOBRE MI CONFERENCIA EN RELACI\u00d3N A LA ECONOM\u00cdA CIRCULAR Y LA CREACI\u00d3N DE SALUD\",\"datePublished\":\"2024-09-11T19:08:19+00:00\",\"mainEntityOfPage\":{\"@id\":\"https:\\\/\\\/cristinacortinas.org\\\/sustentabilidad\\\/les-comparto-mi-respuesta-a-quienes-amablemente-han-externado-opiniones-adicionales-sobre-mi-conferencia-en-relacion-a-la-economia-circular-y-la-creacion-de-salud\\\/\"},\"wordCount\":656,\"image\":{\"@id\":\"https:\\\/\\\/cristinacortinas.org\\\/sustentabilidad\\\/les-comparto-mi-respuesta-a-quienes-amablemente-han-externado-opiniones-adicionales-sobre-mi-conferencia-en-relacion-a-la-economia-circular-y-la-creacion-de-salud\\\/#primaryimage\"},\"thumbnailUrl\":\"https:\\\/\\\/cristinacortinas.org\\\/sustentabilidad\\\/wp-content\\\/uploads\\\/2021\\\/09\\\/economia-circular-en-pueblos-m\u00e1gicos-cristina-cortinas.jpg\",\"articleSection\":[\"Noticias\"],\"inLanguage\":\"es\"},{\"@type\":\"WebPage\",\"@id\":\"https:\\\/\\\/cristinacortinas.org\\\/sustentabilidad\\\/les-comparto-mi-respuesta-a-quienes-amablemente-han-externado-opiniones-adicionales-sobre-mi-conferencia-en-relacion-a-la-economia-circular-y-la-creacion-de-salud\\\/\",\"url\":\"https:\\\/\\\/cristinacortinas.org\\\/sustentabilidad\\\/les-comparto-mi-respuesta-a-quienes-amablemente-han-externado-opiniones-adicionales-sobre-mi-conferencia-en-relacion-a-la-economia-circular-y-la-creacion-de-salud\\\/\",\"name\":\"LES COMPARTO MI RESPUESTA A QUIENES AMABLEMENTE HAN EXTERNADO OPINIONES ADICIONALES SOBRE MI CONFERENCIA EN RELACI\u00d3N A LA ECONOM\u00cdA CIRCULAR Y LA CREACI\u00d3N DE SALUD - Dra. Ma. Cristina Cortinas Dur\u00e1n\",\"isPartOf\":{\"@id\":\"https:\\\/\\\/cristinacortinas.org\\\/sustentabilidad\\\/#website\"},\"primaryImageOfPage\":{\"@id\":\"https:\\\/\\\/cristinacortinas.org\\\/sustentabilidad\\\/les-comparto-mi-respuesta-a-quienes-amablemente-han-externado-opiniones-adicionales-sobre-mi-conferencia-en-relacion-a-la-economia-circular-y-la-creacion-de-salud\\\/#primaryimage\"},\"image\":{\"@id\":\"https:\\\/\\\/cristinacortinas.org\\\/sustentabilidad\\\/les-comparto-mi-respuesta-a-quienes-amablemente-han-externado-opiniones-adicionales-sobre-mi-conferencia-en-relacion-a-la-economia-circular-y-la-creacion-de-salud\\\/#primaryimage\"},\"thumbnailUrl\":\"https:\\\/\\\/cristinacortinas.org\\\/sustentabilidad\\\/wp-content\\\/uploads\\\/2021\\\/09\\\/economia-circular-en-pueblos-m\u00e1gicos-cristina-cortinas.jpg\",\"datePublished\":\"2024-09-11T19:08:19+00:00\",\"author\":{\"@id\":\"https:\\\/\\\/cristinacortinas.org\\\/sustentabilidad\\\/#\\\/schema\\\/person\\\/230b4a4171b31e97671db5b680f06b08\"},\"description\":\"Despu\u00e9s de tomar nota de sus \u00faltimas observaciones, por dem\u00e1s valiosas, me gustar\u00eda compartir con ustedes lo siguiente que explica el porqu\u00e9 trato de relacionar los principios y pr\u00e1cticas de la econom\u00eda circular\",\"breadcrumb\":{\"@id\":\"https:\\\/\\\/cristinacortinas.org\\\/sustentabilidad\\\/les-comparto-mi-respuesta-a-quienes-amablemente-han-externado-opiniones-adicionales-sobre-mi-conferencia-en-relacion-a-la-economia-circular-y-la-creacion-de-salud\\\/#breadcrumb\"},\"inLanguage\":\"es\",\"potentialAction\":[{\"@type\":\"ReadAction\",\"target\":[\"https:\\\/\\\/cristinacortinas.org\\\/sustentabilidad\\\/les-comparto-mi-respuesta-a-quienes-amablemente-han-externado-opiniones-adicionales-sobre-mi-conferencia-en-relacion-a-la-economia-circular-y-la-creacion-de-salud\\\/\"]}]},{\"@type\":\"ImageObject\",\"inLanguage\":\"es\",\"@id\":\"https:\\\/\\\/cristinacortinas.org\\\/sustentabilidad\\\/les-comparto-mi-respuesta-a-quienes-amablemente-han-externado-opiniones-adicionales-sobre-mi-conferencia-en-relacion-a-la-economia-circular-y-la-creacion-de-salud\\\/#primaryimage\",\"url\":\"https:\\\/\\\/cristinacortinas.org\\\/sustentabilidad\\\/wp-content\\\/uploads\\\/2021\\\/09\\\/economia-circular-en-pueblos-m\u00e1gicos-cristina-cortinas.jpg\",\"contentUrl\":\"https:\\\/\\\/cristinacortinas.org\\\/sustentabilidad\\\/wp-content\\\/uploads\\\/2021\\\/09\\\/economia-circular-en-pueblos-m\u00e1gicos-cristina-cortinas.jpg\",\"width\":1152,\"height\":648},{\"@type\":\"BreadcrumbList\",\"@id\":\"https:\\\/\\\/cristinacortinas.org\\\/sustentabilidad\\\/les-comparto-mi-respuesta-a-quienes-amablemente-han-externado-opiniones-adicionales-sobre-mi-conferencia-en-relacion-a-la-economia-circular-y-la-creacion-de-salud\\\/#breadcrumb\",\"itemListElement\":[{\"@type\":\"ListItem\",\"position\":1,\"name\":\"Portada\",\"item\":\"https:\\\/\\\/cristinacortinas.org\\\/sustentabilidad\\\/\"},{\"@type\":\"ListItem\",\"position\":2,\"name\":\"LES COMPARTO MI RESPUESTA A QUIENES AMABLEMENTE HAN EXTERNADO OPINIONES ADICIONALES SOBRE MI CONFERENCIA EN RELACI\u00d3N A LA ECONOM\u00cdA CIRCULAR Y LA CREACI\u00d3N DE SALUD\"}]},{\"@type\":\"WebSite\",\"@id\":\"https:\\\/\\\/cristinacortinas.org\\\/sustentabilidad\\\/#website\",\"url\":\"https:\\\/\\\/cristinacortinas.org\\\/sustentabilidad\\\/\",\"name\":\"Dra. Ma. Cristina Cortinas Dur\u00e1n\",\"description\":\"\",\"potentialAction\":[{\"@type\":\"SearchAction\",\"target\":{\"@type\":\"EntryPoint\",\"urlTemplate\":\"https:\\\/\\\/cristinacortinas.org\\\/sustentabilidad\\\/?s={search_term_string}\"},\"query-input\":{\"@type\":\"PropertyValueSpecification\",\"valueRequired\":true,\"valueName\":\"search_term_string\"}}],\"inLanguage\":\"es\"},{\"@type\":\"Person\",\"@id\":\"https:\\\/\\\/cristinacortinas.org\\\/sustentabilidad\\\/#\\\/schema\\\/person\\\/230b4a4171b31e97671db5b680f06b08\",\"name\":\"CCristina\"}]}<\/script>\n<!-- \/ Yoast SEO plugin. -->","yoast_head_json":{"title":"LES COMPARTO MI RESPUESTA A QUIENES AMABLEMENTE HAN EXTERNADO OPINIONES ADICIONALES SOBRE MI CONFERENCIA EN RELACI\u00d3N A LA ECONOM\u00cdA CIRCULAR Y LA CREACI\u00d3N DE SALUD - Dra. Ma. Cristina Cortinas Dur\u00e1n","description":"Despu\u00e9s de tomar nota de sus \u00faltimas observaciones, por dem\u00e1s valiosas, me gustar\u00eda compartir con ustedes lo siguiente que explica el porqu\u00e9 trato de relacionar los principios y pr\u00e1cticas de la econom\u00eda circular","robots":{"index":"index","follow":"follow","max-snippet":"max-snippet:-1","max-image-preview":"max-image-preview:large","max-video-preview":"max-video-preview:-1"},"canonical":"https:\/\/cristinacortinas.org\/sustentabilidad\/les-comparto-mi-respuesta-a-quienes-amablemente-han-externado-opiniones-adicionales-sobre-mi-conferencia-en-relacion-a-la-economia-circular-y-la-creacion-de-salud\/","og_locale":"es_ES","og_type":"article","og_title":"LES COMPARTO MI RESPUESTA A QUIENES AMABLEMENTE HAN EXTERNADO OPINIONES ADICIONALES SOBRE MI CONFERENCIA EN RELACI\u00d3N A LA ECONOM\u00cdA CIRCULAR Y LA CREACI\u00d3N DE SALUD - Dra. Ma. Cristina Cortinas Dur\u00e1n","og_description":"Despu\u00e9s de tomar nota de sus \u00faltimas observaciones, por dem\u00e1s valiosas, me gustar\u00eda compartir con ustedes lo siguiente que explica el porqu\u00e9 trato de relacionar los principios y pr\u00e1cticas de la econom\u00eda circular","og_url":"https:\/\/cristinacortinas.org\/sustentabilidad\/les-comparto-mi-respuesta-a-quienes-amablemente-han-externado-opiniones-adicionales-sobre-mi-conferencia-en-relacion-a-la-economia-circular-y-la-creacion-de-salud\/","og_site_name":"Dra. Ma. Cristina Cortinas Dur\u00e1n","article_publisher":"https:\/\/www.facebook.com\/cristinacortinasduran\/","article_published_time":"2024-09-11T19:08:19+00:00","og_image":[{"width":1152,"height":648,"url":"https:\/\/cristinacortinas.org\/sustentabilidad\/wp-content\/uploads\/2021\/09\/economia-circular-en-pueblos-m\u00e1gicos-cristina-cortinas.jpg","type":"image\/jpeg"}],"author":"CCristina","twitter_card":"summary_large_image","twitter_creator":"@DraCrisCortinas","twitter_site":"@DraCrisCortinas","twitter_misc":{"Escrito por":"CCristina","Tiempo de lectura":"3 minutos"},"schema":{"@context":"https:\/\/schema.org","@graph":[{"@type":"Article","@id":"https:\/\/cristinacortinas.org\/sustentabilidad\/les-comparto-mi-respuesta-a-quienes-amablemente-han-externado-opiniones-adicionales-sobre-mi-conferencia-en-relacion-a-la-economia-circular-y-la-creacion-de-salud\/#article","isPartOf":{"@id":"https:\/\/cristinacortinas.org\/sustentabilidad\/les-comparto-mi-respuesta-a-quienes-amablemente-han-externado-opiniones-adicionales-sobre-mi-conferencia-en-relacion-a-la-economia-circular-y-la-creacion-de-salud\/"},"author":{"name":"CCristina","@id":"https:\/\/cristinacortinas.org\/sustentabilidad\/#\/schema\/person\/230b4a4171b31e97671db5b680f06b08"},"headline":"LES COMPARTO MI RESPUESTA A QUIENES AMABLEMENTE HAN EXTERNADO OPINIONES ADICIONALES SOBRE MI CONFERENCIA EN RELACI\u00d3N A LA ECONOM\u00cdA CIRCULAR Y LA CREACI\u00d3N DE SALUD","datePublished":"2024-09-11T19:08:19+00:00","mainEntityOfPage":{"@id":"https:\/\/cristinacortinas.org\/sustentabilidad\/les-comparto-mi-respuesta-a-quienes-amablemente-han-externado-opiniones-adicionales-sobre-mi-conferencia-en-relacion-a-la-economia-circular-y-la-creacion-de-salud\/"},"wordCount":656,"image":{"@id":"https:\/\/cristinacortinas.org\/sustentabilidad\/les-comparto-mi-respuesta-a-quienes-amablemente-han-externado-opiniones-adicionales-sobre-mi-conferencia-en-relacion-a-la-economia-circular-y-la-creacion-de-salud\/#primaryimage"},"thumbnailUrl":"https:\/\/cristinacortinas.org\/sustentabilidad\/wp-content\/uploads\/2021\/09\/economia-circular-en-pueblos-m\u00e1gicos-cristina-cortinas.jpg","articleSection":["Noticias"],"inLanguage":"es"},{"@type":"WebPage","@id":"https:\/\/cristinacortinas.org\/sustentabilidad\/les-comparto-mi-respuesta-a-quienes-amablemente-han-externado-opiniones-adicionales-sobre-mi-conferencia-en-relacion-a-la-economia-circular-y-la-creacion-de-salud\/","url":"https:\/\/cristinacortinas.org\/sustentabilidad\/les-comparto-mi-respuesta-a-quienes-amablemente-han-externado-opiniones-adicionales-sobre-mi-conferencia-en-relacion-a-la-economia-circular-y-la-creacion-de-salud\/","name":"LES COMPARTO MI RESPUESTA A QUIENES AMABLEMENTE HAN EXTERNADO OPINIONES ADICIONALES SOBRE MI CONFERENCIA EN RELACI\u00d3N A LA ECONOM\u00cdA CIRCULAR Y LA CREACI\u00d3N DE SALUD - Dra. Ma. Cristina Cortinas Dur\u00e1n","isPartOf":{"@id":"https:\/\/cristinacortinas.org\/sustentabilidad\/#website"},"primaryImageOfPage":{"@id":"https:\/\/cristinacortinas.org\/sustentabilidad\/les-comparto-mi-respuesta-a-quienes-amablemente-han-externado-opiniones-adicionales-sobre-mi-conferencia-en-relacion-a-la-economia-circular-y-la-creacion-de-salud\/#primaryimage"},"image":{"@id":"https:\/\/cristinacortinas.org\/sustentabilidad\/les-comparto-mi-respuesta-a-quienes-amablemente-han-externado-opiniones-adicionales-sobre-mi-conferencia-en-relacion-a-la-economia-circular-y-la-creacion-de-salud\/#primaryimage"},"thumbnailUrl":"https:\/\/cristinacortinas.org\/sustentabilidad\/wp-content\/uploads\/2021\/09\/economia-circular-en-pueblos-m\u00e1gicos-cristina-cortinas.jpg","datePublished":"2024-09-11T19:08:19+00:00","author":{"@id":"https:\/\/cristinacortinas.org\/sustentabilidad\/#\/schema\/person\/230b4a4171b31e97671db5b680f06b08"},"description":"Despu\u00e9s de tomar nota de sus \u00faltimas observaciones, por dem\u00e1s valiosas, me gustar\u00eda compartir con ustedes lo siguiente que explica el porqu\u00e9 trato de relacionar los principios y pr\u00e1cticas de la econom\u00eda circular","breadcrumb":{"@id":"https:\/\/cristinacortinas.org\/sustentabilidad\/les-comparto-mi-respuesta-a-quienes-amablemente-han-externado-opiniones-adicionales-sobre-mi-conferencia-en-relacion-a-la-economia-circular-y-la-creacion-de-salud\/#breadcrumb"},"inLanguage":"es","potentialAction":[{"@type":"ReadAction","target":["https:\/\/cristinacortinas.org\/sustentabilidad\/les-comparto-mi-respuesta-a-quienes-amablemente-han-externado-opiniones-adicionales-sobre-mi-conferencia-en-relacion-a-la-economia-circular-y-la-creacion-de-salud\/"]}]},{"@type":"ImageObject","inLanguage":"es","@id":"https:\/\/cristinacortinas.org\/sustentabilidad\/les-comparto-mi-respuesta-a-quienes-amablemente-han-externado-opiniones-adicionales-sobre-mi-conferencia-en-relacion-a-la-economia-circular-y-la-creacion-de-salud\/#primaryimage","url":"https:\/\/cristinacortinas.org\/sustentabilidad\/wp-content\/uploads\/2021\/09\/economia-circular-en-pueblos-m\u00e1gicos-cristina-cortinas.jpg","contentUrl":"https:\/\/cristinacortinas.org\/sustentabilidad\/wp-content\/uploads\/2021\/09\/economia-circular-en-pueblos-m\u00e1gicos-cristina-cortinas.jpg","width":1152,"height":648},{"@type":"BreadcrumbList","@id":"https:\/\/cristinacortinas.org\/sustentabilidad\/les-comparto-mi-respuesta-a-quienes-amablemente-han-externado-opiniones-adicionales-sobre-mi-conferencia-en-relacion-a-la-economia-circular-y-la-creacion-de-salud\/#breadcrumb","itemListElement":[{"@type":"ListItem","position":1,"name":"Portada","item":"https:\/\/cristinacortinas.org\/sustentabilidad\/"},{"@type":"ListItem","position":2,"name":"LES COMPARTO MI RESPUESTA A QUIENES AMABLEMENTE HAN EXTERNADO OPINIONES ADICIONALES SOBRE MI CONFERENCIA EN RELACI\u00d3N A LA ECONOM\u00cdA CIRCULAR Y LA CREACI\u00d3N DE SALUD"}]},{"@type":"WebSite","@id":"https:\/\/cristinacortinas.org\/sustentabilidad\/#website","url":"https:\/\/cristinacortinas.org\/sustentabilidad\/","name":"Dra. Ma. Cristina Cortinas Dur\u00e1n","description":"","potentialAction":[{"@type":"SearchAction","target":{"@type":"EntryPoint","urlTemplate":"https:\/\/cristinacortinas.org\/sustentabilidad\/?s={search_term_string}"},"query-input":{"@type":"PropertyValueSpecification","valueRequired":true,"valueName":"search_term_string"}}],"inLanguage":"es"},{"@type":"Person","@id":"https:\/\/cristinacortinas.org\/sustentabilidad\/#\/schema\/person\/230b4a4171b31e97671db5b680f06b08","name":"CCristina"}]}},"_links":{"self":[{"href":"https:\/\/cristinacortinas.org\/sustentabilidad\/wp-json\/wp\/v2\/posts\/9223","targetHints":{"allow":["GET"]}}],"collection":[{"href":"https:\/\/cristinacortinas.org\/sustentabilidad\/wp-json\/wp\/v2\/posts"}],"about":[{"href":"https:\/\/cristinacortinas.org\/sustentabilidad\/wp-json\/wp\/v2\/types\/post"}],"author":[{"embeddable":true,"href":"https:\/\/cristinacortinas.org\/sustentabilidad\/wp-json\/wp\/v2\/users\/1"}],"replies":[{"embeddable":true,"href":"https:\/\/cristinacortinas.org\/sustentabilidad\/wp-json\/wp\/v2\/comments?post=9223"}],"version-history":[{"count":1,"href":"https:\/\/cristinacortinas.org\/sustentabilidad\/wp-json\/wp\/v2\/posts\/9223\/revisions"}],"predecessor-version":[{"id":9224,"href":"https:\/\/cristinacortinas.org\/sustentabilidad\/wp-json\/wp\/v2\/posts\/9223\/revisions\/9224"}],"wp:featuredmedia":[{"embeddable":true,"href":"https:\/\/cristinacortinas.org\/sustentabilidad\/wp-json\/wp\/v2\/media\/8286"}],"wp:attachment":[{"href":"https:\/\/cristinacortinas.org\/sustentabilidad\/wp-json\/wp\/v2\/media?parent=9223"}],"wp:term":[{"taxonomy":"category","embeddable":true,"href":"https:\/\/cristinacortinas.org\/sustentabilidad\/wp-json\/wp\/v2\/categories?post=9223"},{"taxonomy":"post_tag","embeddable":true,"href":"https:\/\/cristinacortinas.org\/sustentabilidad\/wp-json\/wp\/v2\/tags?post=9223"}],"curies":[{"name":"wp","href":"https:\/\/api.w.org\/{rel}","templated":true}]}}