{"id":9199,"date":"2024-09-02T18:08:57","date_gmt":"2024-09-03T00:08:57","guid":{"rendered":"https:\/\/cristinacortinas.org\/sustentabilidad\/?p=9199"},"modified":"2024-09-02T18:38:31","modified_gmt":"2024-09-03T00:38:31","slug":"dra-cristina-cortinas-nombrada-hija-adoptiva-del-municipio-de-comitan","status":"publish","type":"post","link":"https:\/\/cristinacortinas.org\/sustentabilidad\/dra-cristina-cortinas-nombrada-hija-adoptiva-del-municipio-de-comitan\/","title":{"rendered":"Dra. Cristina Cortinas nombrada hija adoptiva del municipio de Comit\u00e1n"},"content":{"rendered":"<p style=\"text-align: center;\"><img loading=\"lazy\" decoding=\"async\" class=\"alignnone size-medium wp-image-9200\" src=\"http:\/\/cristinacortinas.org\/sustentabilidad\/wp-content\/uploads\/2024\/09\/Dra.-Cristina-Cortinas-nombrada-hija-adoptiva-del-municipio-de-Comitan-225x300.jpeg\" alt=\"\" width=\"225\" height=\"300\" srcset=\"https:\/\/cristinacortinas.org\/sustentabilidad\/wp-content\/uploads\/2024\/09\/Dra.-Cristina-Cortinas-nombrada-hija-adoptiva-del-municipio-de-Comitan-225x300.jpeg 225w, https:\/\/cristinacortinas.org\/sustentabilidad\/wp-content\/uploads\/2024\/09\/Dra.-Cristina-Cortinas-nombrada-hija-adoptiva-del-municipio-de-Comitan-768x1024.jpeg 768w, https:\/\/cristinacortinas.org\/sustentabilidad\/wp-content\/uploads\/2024\/09\/Dra.-Cristina-Cortinas-nombrada-hija-adoptiva-del-municipio-de-Comitan.jpeg 960w\" sizes=\"auto, (max-width: 225px) 100vw, 225px\" \/><\/p>\n<p>Para incitar a dejar de consumir bolsas de pl\u00e1stico de un solo uso me colgu\u00e9 al cuello una hermos\u00edsima bolsa chiapaneca tejida en telar al dar mi primera pl\u00e1tica y en cada una de mis otras reuniones. \u00a1Fue todo un \u00e9xito! sobretodo cuando dije que ya es tiempo de actuar, HOY no ma\u00f1ana, ante la urgencia clim\u00e1tica. Logr\u00e9 entusiasmar al auditorio y que aceptaran que empez\u00e1ramos a realizar planes de manejo educativos en planteles escolares.<\/p>\n<p><img loading=\"lazy\" decoding=\"async\" class=\"size-medium wp-image-9201 alignleft\" src=\"http:\/\/cristinacortinas.org\/sustentabilidad\/wp-content\/uploads\/2024\/09\/Comite-medio-ambiente-Comitan-Chiapas-300x225.jpeg\" alt=\"\" width=\"300\" height=\"225\" srcset=\"https:\/\/cristinacortinas.org\/sustentabilidad\/wp-content\/uploads\/2024\/09\/Comite-medio-ambiente-Comitan-Chiapas-300x225.jpeg 300w, https:\/\/cristinacortinas.org\/sustentabilidad\/wp-content\/uploads\/2024\/09\/Comite-medio-ambiente-Comitan-Chiapas-1024x768.jpeg 1024w, https:\/\/cristinacortinas.org\/sustentabilidad\/wp-content\/uploads\/2024\/09\/Comite-medio-ambiente-Comitan-Chiapas-768x576.jpeg 768w, https:\/\/cristinacortinas.org\/sustentabilidad\/wp-content\/uploads\/2024\/09\/Comite-medio-ambiente-Comitan-Chiapas-1536x1152.jpeg 1536w, https:\/\/cristinacortinas.org\/sustentabilidad\/wp-content\/uploads\/2024\/09\/Comite-medio-ambiente-Comitan-Chiapas-200x150.jpeg 200w, https:\/\/cristinacortinas.org\/sustentabilidad\/wp-content\/uploads\/2024\/09\/Comite-medio-ambiente-Comitan-Chiapas.jpeg 1600w\" sizes=\"auto, (max-width: 300px) 100vw, 300px\" \/>Al finalizar mi segunda pl\u00e1tica (en la que me colgu\u00e9 la bolsa tejida) me nombraron hija adoptiva del municipio de Comit\u00e1n. En la foto de cierre aparezco al lado de la Secretaria de Medio Ambiente e Izarelly Rosillo y atr\u00e1s de mi el Tesorero municipal que recibi\u00f3 un reconocimiento de las Naciones Unidas por reportar la ejecuci\u00f3n de su presupuesto en t\u00e9rminos de objetivos de desarrollo sostenible a cuyo cumplimiento contribuye. \u00c9l ser\u00e1 nuestro interlocutor para iniciar en Comit\u00e1n la puesta en pr\u00e1ctica de los planes de manejo educativos para circularizar a planteles, familias y barrios.<\/p>\n<p>&nbsp;<\/p>\n<p><img loading=\"lazy\" decoding=\"async\" class=\"size-medium wp-image-9202 alignright\" src=\"http:\/\/cristinacortinas.org\/sustentabilidad\/wp-content\/uploads\/2024\/09\/tercera-reunion-con-miembros-del-cabildo-de-Comitan-300x211.jpeg\" alt=\"\" width=\"300\" height=\"211\" srcset=\"https:\/\/cristinacortinas.org\/sustentabilidad\/wp-content\/uploads\/2024\/09\/tercera-reunion-con-miembros-del-cabildo-de-Comitan-300x211.jpeg 300w, https:\/\/cristinacortinas.org\/sustentabilidad\/wp-content\/uploads\/2024\/09\/tercera-reunion-con-miembros-del-cabildo-de-Comitan-1024x721.jpeg 1024w, https:\/\/cristinacortinas.org\/sustentabilidad\/wp-content\/uploads\/2024\/09\/tercera-reunion-con-miembros-del-cabildo-de-Comitan-768x540.jpeg 768w, https:\/\/cristinacortinas.org\/sustentabilidad\/wp-content\/uploads\/2024\/09\/tercera-reunion-con-miembros-del-cabildo-de-Comitan-1536x1081.jpeg 1536w, https:\/\/cristinacortinas.org\/sustentabilidad\/wp-content\/uploads\/2024\/09\/tercera-reunion-con-miembros-del-cabildo-de-Comitan.jpeg 1600w\" sizes=\"auto, (max-width: 300px) 100vw, 300px\" \/>De felicidad al terminar la tercera reuni\u00f3n con miembros del cabildo de Comit\u00e1n y otros interesados, casi me pongo a bailar por el gusto que me di\u00f3 que ofrecieran su apoyo para empezar a elaborar un plan estrat\u00e9gico para crear una cultura ciudadana cero residuos.<\/p>\n","protected":false},"excerpt":{"rendered":"<p>Para incitar a dejar de consumir bolsas de pl\u00e1stico de un solo uso me colgu\u00e9 al cuello una hermos\u00edsima bolsa chiapaneca tejida en telar al dar mi primera pl\u00e1tica y en cada una de mis otras reuniones. \u00a1Fue todo un \u00e9xito! sobretodo cuando dije que ya es tiempo de actuar, HOY no ma\u00f1ana, ante la urgencia clim\u00e1tica. Logr\u00e9 entusiasmar al&nbsp;<a href=\"https:\/\/cristinacortinas.org\/sustentabilidad\/dra-cristina-cortinas-nombrada-hija-adoptiva-del-municipio-de-comitan\/\" class=\"read-more\">Seguir leyendo<\/a><\/p>\n","protected":false},"author":1,"featured_media":9202,"comment_status":"closed","ping_status":"closed","sticky":false,"template":"","format":"standard","meta":{"footnotes":""},"categories":[40],"tags":[1133,1146],"class_list":["post-9199","post","type-post","status-publish","format-standard","has-post-thumbnail","hentry","category-noticias","tag-chiapas","tag-comitan","cat-40-id"],"yoast_head":"<!-- This site is optimized with the Yoast SEO plugin v27.4 - https:\/\/yoast.com\/product\/yoast-seo-wordpress\/ -->\n<title>Dra. Cristina Cortinas nombrada hija adoptiva del municipio de Comit\u00e1n - Dra. Ma. Cristina Cortinas Dur\u00e1n<\/title>\n<meta name=\"description\" content=\"Logr\u00e9 entusiasmar al auditorio y que aceptaran que empez\u00e1ramos a realizar planes de manejo educativos en planteles escolares.\" \/>\n<meta name=\"robots\" content=\"index, follow, max-snippet:-1, max-image-preview:large, max-video-preview:-1\" \/>\n<link rel=\"canonical\" href=\"https:\/\/cristinacortinas.org\/sustentabilidad\/dra-cristina-cortinas-nombrada-hija-adoptiva-del-municipio-de-comitan\/\" \/>\n<meta property=\"og:locale\" content=\"es_ES\" \/>\n<meta property=\"og:type\" content=\"article\" \/>\n<meta property=\"og:title\" content=\"Dra. Cristina Cortinas nombrada hija adoptiva del municipio de Comit\u00e1n - Dra. Ma. Cristina Cortinas Dur\u00e1n\" \/>\n<meta property=\"og:description\" content=\"Logr\u00e9 entusiasmar al auditorio y que aceptaran que empez\u00e1ramos a realizar planes de manejo educativos en planteles escolares.\" \/>\n<meta property=\"og:url\" content=\"https:\/\/cristinacortinas.org\/sustentabilidad\/dra-cristina-cortinas-nombrada-hija-adoptiva-del-municipio-de-comitan\/\" \/>\n<meta property=\"og:site_name\" content=\"Dra. Ma. Cristina Cortinas Dur\u00e1n\" \/>\n<meta property=\"article:publisher\" content=\"https:\/\/www.facebook.com\/cristinacortinasduran\/\" \/>\n<meta property=\"article:published_time\" content=\"2024-09-03T00:08:57+00:00\" \/>\n<meta property=\"article:modified_time\" content=\"2024-09-03T00:38:31+00:00\" \/>\n<meta property=\"og:image\" content=\"https:\/\/cristinacortinas.org\/sustentabilidad\/wp-content\/uploads\/2024\/09\/tercera-reunion-con-miembros-del-cabildo-de-Comitan.jpeg\" \/>\n\t<meta property=\"og:image:width\" content=\"1600\" \/>\n\t<meta property=\"og:image:height\" content=\"1126\" \/>\n\t<meta property=\"og:image:type\" content=\"image\/jpeg\" \/>\n<meta name=\"author\" content=\"CCristina\" \/>\n<meta name=\"twitter:card\" content=\"summary_large_image\" \/>\n<meta name=\"twitter:creator\" content=\"@DraCrisCortinas\" \/>\n<meta name=\"twitter:site\" content=\"@DraCrisCortinas\" \/>\n<meta name=\"twitter:label1\" content=\"Escrito por\" \/>\n\t<meta name=\"twitter:data1\" content=\"CCristina\" \/>\n\t<meta name=\"twitter:label2\" content=\"Tiempo de lectura\" \/>\n\t<meta name=\"twitter:data2\" content=\"1 minuto\" \/>\n<script type=\"application\/ld+json\" class=\"yoast-schema-graph\">{\"@context\":\"https:\\\/\\\/schema.org\",\"@graph\":[{\"@type\":\"Article\",\"@id\":\"https:\\\/\\\/cristinacortinas.org\\\/sustentabilidad\\\/dra-cristina-cortinas-nombrada-hija-adoptiva-del-municipio-de-comitan\\\/#article\",\"isPartOf\":{\"@id\":\"https:\\\/\\\/cristinacortinas.org\\\/sustentabilidad\\\/dra-cristina-cortinas-nombrada-hija-adoptiva-del-municipio-de-comitan\\\/\"},\"author\":{\"name\":\"CCristina\",\"@id\":\"https:\\\/\\\/cristinacortinas.org\\\/sustentabilidad\\\/#\\\/schema\\\/person\\\/230b4a4171b31e97671db5b680f06b08\"},\"headline\":\"Dra. Cristina Cortinas nombrada hija adoptiva del municipio de Comit\u00e1n\",\"datePublished\":\"2024-09-03T00:08:57+00:00\",\"dateModified\":\"2024-09-03T00:38:31+00:00\",\"mainEntityOfPage\":{\"@id\":\"https:\\\/\\\/cristinacortinas.org\\\/sustentabilidad\\\/dra-cristina-cortinas-nombrada-hija-adoptiva-del-municipio-de-comitan\\\/\"},\"wordCount\":244,\"image\":{\"@id\":\"https:\\\/\\\/cristinacortinas.org\\\/sustentabilidad\\\/dra-cristina-cortinas-nombrada-hija-adoptiva-del-municipio-de-comitan\\\/#primaryimage\"},\"thumbnailUrl\":\"https:\\\/\\\/cristinacortinas.org\\\/sustentabilidad\\\/wp-content\\\/uploads\\\/2024\\\/09\\\/tercera-reunion-con-miembros-del-cabildo-de-Comitan.jpeg\",\"keywords\":[\"Chiapas\",\"Comit\u00e1n\"],\"articleSection\":[\"Noticias\"],\"inLanguage\":\"es\"},{\"@type\":\"WebPage\",\"@id\":\"https:\\\/\\\/cristinacortinas.org\\\/sustentabilidad\\\/dra-cristina-cortinas-nombrada-hija-adoptiva-del-municipio-de-comitan\\\/\",\"url\":\"https:\\\/\\\/cristinacortinas.org\\\/sustentabilidad\\\/dra-cristina-cortinas-nombrada-hija-adoptiva-del-municipio-de-comitan\\\/\",\"name\":\"Dra. Cristina Cortinas nombrada hija adoptiva del municipio de Comit\u00e1n - Dra. Ma. Cristina Cortinas Dur\u00e1n\",\"isPartOf\":{\"@id\":\"https:\\\/\\\/cristinacortinas.org\\\/sustentabilidad\\\/#website\"},\"primaryImageOfPage\":{\"@id\":\"https:\\\/\\\/cristinacortinas.org\\\/sustentabilidad\\\/dra-cristina-cortinas-nombrada-hija-adoptiva-del-municipio-de-comitan\\\/#primaryimage\"},\"image\":{\"@id\":\"https:\\\/\\\/cristinacortinas.org\\\/sustentabilidad\\\/dra-cristina-cortinas-nombrada-hija-adoptiva-del-municipio-de-comitan\\\/#primaryimage\"},\"thumbnailUrl\":\"https:\\\/\\\/cristinacortinas.org\\\/sustentabilidad\\\/wp-content\\\/uploads\\\/2024\\\/09\\\/tercera-reunion-con-miembros-del-cabildo-de-Comitan.jpeg\",\"datePublished\":\"2024-09-03T00:08:57+00:00\",\"dateModified\":\"2024-09-03T00:38:31+00:00\",\"author\":{\"@id\":\"https:\\\/\\\/cristinacortinas.org\\\/sustentabilidad\\\/#\\\/schema\\\/person\\\/230b4a4171b31e97671db5b680f06b08\"},\"description\":\"Logr\u00e9 entusiasmar al auditorio y que aceptaran que empez\u00e1ramos a realizar planes de manejo educativos en planteles escolares.\",\"breadcrumb\":{\"@id\":\"https:\\\/\\\/cristinacortinas.org\\\/sustentabilidad\\\/dra-cristina-cortinas-nombrada-hija-adoptiva-del-municipio-de-comitan\\\/#breadcrumb\"},\"inLanguage\":\"es\",\"potentialAction\":[{\"@type\":\"ReadAction\",\"target\":[\"https:\\\/\\\/cristinacortinas.org\\\/sustentabilidad\\\/dra-cristina-cortinas-nombrada-hija-adoptiva-del-municipio-de-comitan\\\/\"]}]},{\"@type\":\"ImageObject\",\"inLanguage\":\"es\",\"@id\":\"https:\\\/\\\/cristinacortinas.org\\\/sustentabilidad\\\/dra-cristina-cortinas-nombrada-hija-adoptiva-del-municipio-de-comitan\\\/#primaryimage\",\"url\":\"https:\\\/\\\/cristinacortinas.org\\\/sustentabilidad\\\/wp-content\\\/uploads\\\/2024\\\/09\\\/tercera-reunion-con-miembros-del-cabildo-de-Comitan.jpeg\",\"contentUrl\":\"https:\\\/\\\/cristinacortinas.org\\\/sustentabilidad\\\/wp-content\\\/uploads\\\/2024\\\/09\\\/tercera-reunion-con-miembros-del-cabildo-de-Comitan.jpeg\",\"width\":1600,\"height\":1126},{\"@type\":\"BreadcrumbList\",\"@id\":\"https:\\\/\\\/cristinacortinas.org\\\/sustentabilidad\\\/dra-cristina-cortinas-nombrada-hija-adoptiva-del-municipio-de-comitan\\\/#breadcrumb\",\"itemListElement\":[{\"@type\":\"ListItem\",\"position\":1,\"name\":\"Portada\",\"item\":\"https:\\\/\\\/cristinacortinas.org\\\/sustentabilidad\\\/\"},{\"@type\":\"ListItem\",\"position\":2,\"name\":\"Dra. Cristina Cortinas nombrada hija adoptiva del municipio de Comit\u00e1n\"}]},{\"@type\":\"WebSite\",\"@id\":\"https:\\\/\\\/cristinacortinas.org\\\/sustentabilidad\\\/#website\",\"url\":\"https:\\\/\\\/cristinacortinas.org\\\/sustentabilidad\\\/\",\"name\":\"Dra. Ma. Cristina Cortinas Dur\u00e1n\",\"description\":\"\",\"potentialAction\":[{\"@type\":\"SearchAction\",\"target\":{\"@type\":\"EntryPoint\",\"urlTemplate\":\"https:\\\/\\\/cristinacortinas.org\\\/sustentabilidad\\\/?s={search_term_string}\"},\"query-input\":{\"@type\":\"PropertyValueSpecification\",\"valueRequired\":true,\"valueName\":\"search_term_string\"}}],\"inLanguage\":\"es\"},{\"@type\":\"Person\",\"@id\":\"https:\\\/\\\/cristinacortinas.org\\\/sustentabilidad\\\/#\\\/schema\\\/person\\\/230b4a4171b31e97671db5b680f06b08\",\"name\":\"CCristina\"}]}<\/script>\n<!-- \/ Yoast SEO plugin. -->","yoast_head_json":{"title":"Dra. Cristina Cortinas nombrada hija adoptiva del municipio de Comit\u00e1n - Dra. Ma. Cristina Cortinas Dur\u00e1n","description":"Logr\u00e9 entusiasmar al auditorio y que aceptaran que empez\u00e1ramos a realizar planes de manejo educativos en planteles escolares.","robots":{"index":"index","follow":"follow","max-snippet":"max-snippet:-1","max-image-preview":"max-image-preview:large","max-video-preview":"max-video-preview:-1"},"canonical":"https:\/\/cristinacortinas.org\/sustentabilidad\/dra-cristina-cortinas-nombrada-hija-adoptiva-del-municipio-de-comitan\/","og_locale":"es_ES","og_type":"article","og_title":"Dra. Cristina Cortinas nombrada hija adoptiva del municipio de Comit\u00e1n - Dra. Ma. Cristina Cortinas Dur\u00e1n","og_description":"Logr\u00e9 entusiasmar al auditorio y que aceptaran que empez\u00e1ramos a realizar planes de manejo educativos en planteles escolares.","og_url":"https:\/\/cristinacortinas.org\/sustentabilidad\/dra-cristina-cortinas-nombrada-hija-adoptiva-del-municipio-de-comitan\/","og_site_name":"Dra. Ma. Cristina Cortinas Dur\u00e1n","article_publisher":"https:\/\/www.facebook.com\/cristinacortinasduran\/","article_published_time":"2024-09-03T00:08:57+00:00","article_modified_time":"2024-09-03T00:38:31+00:00","og_image":[{"width":1600,"height":1126,"url":"https:\/\/cristinacortinas.org\/sustentabilidad\/wp-content\/uploads\/2024\/09\/tercera-reunion-con-miembros-del-cabildo-de-Comitan.jpeg","type":"image\/jpeg"}],"author":"CCristina","twitter_card":"summary_large_image","twitter_creator":"@DraCrisCortinas","twitter_site":"@DraCrisCortinas","twitter_misc":{"Escrito por":"CCristina","Tiempo de lectura":"1 minuto"},"schema":{"@context":"https:\/\/schema.org","@graph":[{"@type":"Article","@id":"https:\/\/cristinacortinas.org\/sustentabilidad\/dra-cristina-cortinas-nombrada-hija-adoptiva-del-municipio-de-comitan\/#article","isPartOf":{"@id":"https:\/\/cristinacortinas.org\/sustentabilidad\/dra-cristina-cortinas-nombrada-hija-adoptiva-del-municipio-de-comitan\/"},"author":{"name":"CCristina","@id":"https:\/\/cristinacortinas.org\/sustentabilidad\/#\/schema\/person\/230b4a4171b31e97671db5b680f06b08"},"headline":"Dra. Cristina Cortinas nombrada hija adoptiva del municipio de Comit\u00e1n","datePublished":"2024-09-03T00:08:57+00:00","dateModified":"2024-09-03T00:38:31+00:00","mainEntityOfPage":{"@id":"https:\/\/cristinacortinas.org\/sustentabilidad\/dra-cristina-cortinas-nombrada-hija-adoptiva-del-municipio-de-comitan\/"},"wordCount":244,"image":{"@id":"https:\/\/cristinacortinas.org\/sustentabilidad\/dra-cristina-cortinas-nombrada-hija-adoptiva-del-municipio-de-comitan\/#primaryimage"},"thumbnailUrl":"https:\/\/cristinacortinas.org\/sustentabilidad\/wp-content\/uploads\/2024\/09\/tercera-reunion-con-miembros-del-cabildo-de-Comitan.jpeg","keywords":["Chiapas","Comit\u00e1n"],"articleSection":["Noticias"],"inLanguage":"es"},{"@type":"WebPage","@id":"https:\/\/cristinacortinas.org\/sustentabilidad\/dra-cristina-cortinas-nombrada-hija-adoptiva-del-municipio-de-comitan\/","url":"https:\/\/cristinacortinas.org\/sustentabilidad\/dra-cristina-cortinas-nombrada-hija-adoptiva-del-municipio-de-comitan\/","name":"Dra. Cristina Cortinas nombrada hija adoptiva del municipio de Comit\u00e1n - Dra. Ma. Cristina Cortinas Dur\u00e1n","isPartOf":{"@id":"https:\/\/cristinacortinas.org\/sustentabilidad\/#website"},"primaryImageOfPage":{"@id":"https:\/\/cristinacortinas.org\/sustentabilidad\/dra-cristina-cortinas-nombrada-hija-adoptiva-del-municipio-de-comitan\/#primaryimage"},"image":{"@id":"https:\/\/cristinacortinas.org\/sustentabilidad\/dra-cristina-cortinas-nombrada-hija-adoptiva-del-municipio-de-comitan\/#primaryimage"},"thumbnailUrl":"https:\/\/cristinacortinas.org\/sustentabilidad\/wp-content\/uploads\/2024\/09\/tercera-reunion-con-miembros-del-cabildo-de-Comitan.jpeg","datePublished":"2024-09-03T00:08:57+00:00","dateModified":"2024-09-03T00:38:31+00:00","author":{"@id":"https:\/\/cristinacortinas.org\/sustentabilidad\/#\/schema\/person\/230b4a4171b31e97671db5b680f06b08"},"description":"Logr\u00e9 entusiasmar al auditorio y que aceptaran que empez\u00e1ramos a realizar planes de manejo educativos en planteles escolares.","breadcrumb":{"@id":"https:\/\/cristinacortinas.org\/sustentabilidad\/dra-cristina-cortinas-nombrada-hija-adoptiva-del-municipio-de-comitan\/#breadcrumb"},"inLanguage":"es","potentialAction":[{"@type":"ReadAction","target":["https:\/\/cristinacortinas.org\/sustentabilidad\/dra-cristina-cortinas-nombrada-hija-adoptiva-del-municipio-de-comitan\/"]}]},{"@type":"ImageObject","inLanguage":"es","@id":"https:\/\/cristinacortinas.org\/sustentabilidad\/dra-cristina-cortinas-nombrada-hija-adoptiva-del-municipio-de-comitan\/#primaryimage","url":"https:\/\/cristinacortinas.org\/sustentabilidad\/wp-content\/uploads\/2024\/09\/tercera-reunion-con-miembros-del-cabildo-de-Comitan.jpeg","contentUrl":"https:\/\/cristinacortinas.org\/sustentabilidad\/wp-content\/uploads\/2024\/09\/tercera-reunion-con-miembros-del-cabildo-de-Comitan.jpeg","width":1600,"height":1126},{"@type":"BreadcrumbList","@id":"https:\/\/cristinacortinas.org\/sustentabilidad\/dra-cristina-cortinas-nombrada-hija-adoptiva-del-municipio-de-comitan\/#breadcrumb","itemListElement":[{"@type":"ListItem","position":1,"name":"Portada","item":"https:\/\/cristinacortinas.org\/sustentabilidad\/"},{"@type":"ListItem","position":2,"name":"Dra. Cristina Cortinas nombrada hija adoptiva del municipio de Comit\u00e1n"}]},{"@type":"WebSite","@id":"https:\/\/cristinacortinas.org\/sustentabilidad\/#website","url":"https:\/\/cristinacortinas.org\/sustentabilidad\/","name":"Dra. Ma. Cristina Cortinas Dur\u00e1n","description":"","potentialAction":[{"@type":"SearchAction","target":{"@type":"EntryPoint","urlTemplate":"https:\/\/cristinacortinas.org\/sustentabilidad\/?s={search_term_string}"},"query-input":{"@type":"PropertyValueSpecification","valueRequired":true,"valueName":"search_term_string"}}],"inLanguage":"es"},{"@type":"Person","@id":"https:\/\/cristinacortinas.org\/sustentabilidad\/#\/schema\/person\/230b4a4171b31e97671db5b680f06b08","name":"CCristina"}]}},"_links":{"self":[{"href":"https:\/\/cristinacortinas.org\/sustentabilidad\/wp-json\/wp\/v2\/posts\/9199","targetHints":{"allow":["GET"]}}],"collection":[{"href":"https:\/\/cristinacortinas.org\/sustentabilidad\/wp-json\/wp\/v2\/posts"}],"about":[{"href":"https:\/\/cristinacortinas.org\/sustentabilidad\/wp-json\/wp\/v2\/types\/post"}],"author":[{"embeddable":true,"href":"https:\/\/cristinacortinas.org\/sustentabilidad\/wp-json\/wp\/v2\/users\/1"}],"replies":[{"embeddable":true,"href":"https:\/\/cristinacortinas.org\/sustentabilidad\/wp-json\/wp\/v2\/comments?post=9199"}],"version-history":[{"count":4,"href":"https:\/\/cristinacortinas.org\/sustentabilidad\/wp-json\/wp\/v2\/posts\/9199\/revisions"}],"predecessor-version":[{"id":9206,"href":"https:\/\/cristinacortinas.org\/sustentabilidad\/wp-json\/wp\/v2\/posts\/9199\/revisions\/9206"}],"wp:featuredmedia":[{"embeddable":true,"href":"https:\/\/cristinacortinas.org\/sustentabilidad\/wp-json\/wp\/v2\/media\/9202"}],"wp:attachment":[{"href":"https:\/\/cristinacortinas.org\/sustentabilidad\/wp-json\/wp\/v2\/media?parent=9199"}],"wp:term":[{"taxonomy":"category","embeddable":true,"href":"https:\/\/cristinacortinas.org\/sustentabilidad\/wp-json\/wp\/v2\/categories?post=9199"},{"taxonomy":"post_tag","embeddable":true,"href":"https:\/\/cristinacortinas.org\/sustentabilidad\/wp-json\/wp\/v2\/tags?post=9199"}],"curies":[{"name":"wp","href":"https:\/\/api.w.org\/{rel}","templated":true}]}}