{"id":9124,"date":"2024-06-09T10:19:52","date_gmt":"2024-06-09T16:19:52","guid":{"rendered":"https:\/\/cristinacortinas.org\/sustentabilidad\/?p=9124"},"modified":"2024-06-09T10:19:52","modified_gmt":"2024-06-09T16:19:52","slug":"comparto-con-ustedes-el-mensaje-que-envie-hoy-a-mi-nieta-mas-pequena","status":"publish","type":"post","link":"https:\/\/cristinacortinas.org\/sustentabilidad\/comparto-con-ustedes-el-mensaje-que-envie-hoy-a-mi-nieta-mas-pequena\/","title":{"rendered":"Comparto con ustedes el mensaje que envi\u00e9 hoy a mi nieta m\u00e1s peque\u00f1a:"},"content":{"rendered":"<p>Querida Pau, Hoy amanec\u00ed pregunt\u00e1ndome si todo lo que escribo y difundo, las conferencias y cursos que imparto, servir\u00e1n verdaderamente para algo. Por eso me puse a revisar el chat de ambientalistas en el que difundo mis trabajos y resum\u00ed las opiniones que recibo, que terminan con esta frase: Felicidades nuevamente por su dedicaci\u00f3n. Tambi\u00e9n escuch\u00e9 en el radio el relato del libro El Principito en el cual dice que nunca estamos solos... siempre habr\u00e1 un pozo de agua en el desierto. As\u00ed que eso me ha dado \u00e1nimos para seguir adelante, lo cual comparto con ustedes<\/p>\n","protected":false},"excerpt":{"rendered":"<p>Querida Pau, Hoy amanec\u00ed pregunt\u00e1ndome si todo lo que escribo y difundo, las conferencias y cursos que imparto, servir\u00e1n verdaderamente para algo. Por eso me puse a revisar el chat de ambientalistas en el que difundo mis trabajos y resum\u00ed las opiniones que recibo, que terminan con esta frase: Felicidades nuevamente por su dedicaci\u00f3n. Tambi\u00e9n escuch\u00e9 en el radio el&nbsp;<a href=\"https:\/\/cristinacortinas.org\/sustentabilidad\/comparto-con-ustedes-el-mensaje-que-envie-hoy-a-mi-nieta-mas-pequena\/\" class=\"read-more\">Seguir leyendo<\/a><\/p>\n","protected":false},"author":1,"featured_media":7091,"comment_status":"closed","ping_status":"closed","sticky":false,"template":"","format":"standard","meta":{"footnotes":""},"categories":[40],"tags":[],"class_list":["post-9124","post","type-post","status-publish","format-standard","has-post-thumbnail","hentry","category-noticias","cat-40-id"],"yoast_head":"<!-- This site is optimized with the Yoast SEO plugin v27.4 - https:\/\/yoast.com\/product\/yoast-seo-wordpress\/ -->\n<title>Comparto con ustedes el mensaje que envi\u00e9 hoy a mi nieta m\u00e1s peque\u00f1a: - Dra. Ma. Cristina Cortinas Dur\u00e1n<\/title>\n<meta name=\"robots\" content=\"index, follow, max-snippet:-1, max-image-preview:large, max-video-preview:-1\" \/>\n<link rel=\"canonical\" href=\"https:\/\/cristinacortinas.org\/sustentabilidad\/comparto-con-ustedes-el-mensaje-que-envie-hoy-a-mi-nieta-mas-pequena\/\" \/>\n<meta property=\"og:locale\" content=\"es_ES\" \/>\n<meta property=\"og:type\" content=\"article\" \/>\n<meta property=\"og:title\" content=\"Comparto con ustedes el mensaje que envi\u00e9 hoy a mi nieta m\u00e1s peque\u00f1a: - Dra. Ma. Cristina Cortinas Dur\u00e1n\" \/>\n<meta property=\"og:description\" content=\"Querida Pau, Hoy amanec\u00ed pregunt\u00e1ndome si todo lo que escribo y difundo, las conferencias y cursos que imparto, servir\u00e1n verdaderamente para algo. Por eso me puse a revisar el chat de ambientalistas en el que difundo mis trabajos y resum\u00ed las opiniones que recibo, que terminan con esta frase: Felicidades nuevamente por su dedicaci\u00f3n. Tambi\u00e9n escuch\u00e9 en el radio el&nbsp;Seguir leyendo\" \/>\n<meta property=\"og:url\" content=\"https:\/\/cristinacortinas.org\/sustentabilidad\/comparto-con-ustedes-el-mensaje-que-envie-hoy-a-mi-nieta-mas-pequena\/\" \/>\n<meta property=\"og:site_name\" content=\"Dra. Ma. Cristina Cortinas Dur\u00e1n\" \/>\n<meta property=\"article:publisher\" content=\"https:\/\/www.facebook.com\/cristinacortinasduran\/\" \/>\n<meta property=\"article:published_time\" content=\"2024-06-09T16:19:52+00:00\" \/>\n<meta property=\"og:image\" content=\"https:\/\/cristinacortinas.org\/sustentabilidad\/wp-content\/uploads\/2019\/09\/Cristina-Cortinas-Sept-2019.jpg\" \/>\n\t<meta property=\"og:image:width\" content=\"903\" \/>\n\t<meta property=\"og:image:height\" content=\"508\" \/>\n\t<meta property=\"og:image:type\" content=\"image\/jpeg\" \/>\n<meta name=\"author\" content=\"CCristina\" \/>\n<meta name=\"twitter:card\" content=\"summary_large_image\" \/>\n<meta name=\"twitter:creator\" content=\"@DraCrisCortinas\" \/>\n<meta name=\"twitter:site\" content=\"@DraCrisCortinas\" \/>\n<meta name=\"twitter:label1\" content=\"Escrito por\" \/>\n\t<meta name=\"twitter:data1\" content=\"CCristina\" \/>\n\t<meta name=\"twitter:label2\" content=\"Tiempo de lectura\" \/>\n\t<meta name=\"twitter:data2\" content=\"1 minuto\" \/>\n<script type=\"application\/ld+json\" class=\"yoast-schema-graph\">{\"@context\":\"https:\\\/\\\/schema.org\",\"@graph\":[{\"@type\":\"Article\",\"@id\":\"https:\\\/\\\/cristinacortinas.org\\\/sustentabilidad\\\/comparto-con-ustedes-el-mensaje-que-envie-hoy-a-mi-nieta-mas-pequena\\\/#article\",\"isPartOf\":{\"@id\":\"https:\\\/\\\/cristinacortinas.org\\\/sustentabilidad\\\/comparto-con-ustedes-el-mensaje-que-envie-hoy-a-mi-nieta-mas-pequena\\\/\"},\"author\":{\"name\":\"CCristina\",\"@id\":\"https:\\\/\\\/cristinacortinas.org\\\/sustentabilidad\\\/#\\\/schema\\\/person\\\/230b4a4171b31e97671db5b680f06b08\"},\"headline\":\"Comparto con ustedes el mensaje que envi\u00e9 hoy a mi nieta m\u00e1s peque\u00f1a:\",\"datePublished\":\"2024-06-09T16:19:52+00:00\",\"mainEntityOfPage\":{\"@id\":\"https:\\\/\\\/cristinacortinas.org\\\/sustentabilidad\\\/comparto-con-ustedes-el-mensaje-que-envie-hoy-a-mi-nieta-mas-pequena\\\/\"},\"wordCount\":116,\"image\":{\"@id\":\"https:\\\/\\\/cristinacortinas.org\\\/sustentabilidad\\\/comparto-con-ustedes-el-mensaje-que-envie-hoy-a-mi-nieta-mas-pequena\\\/#primaryimage\"},\"thumbnailUrl\":\"https:\\\/\\\/cristinacortinas.org\\\/sustentabilidad\\\/wp-content\\\/uploads\\\/2019\\\/09\\\/Cristina-Cortinas-Sept-2019.jpg\",\"articleSection\":[\"Noticias\"],\"inLanguage\":\"es\"},{\"@type\":\"WebPage\",\"@id\":\"https:\\\/\\\/cristinacortinas.org\\\/sustentabilidad\\\/comparto-con-ustedes-el-mensaje-que-envie-hoy-a-mi-nieta-mas-pequena\\\/\",\"url\":\"https:\\\/\\\/cristinacortinas.org\\\/sustentabilidad\\\/comparto-con-ustedes-el-mensaje-que-envie-hoy-a-mi-nieta-mas-pequena\\\/\",\"name\":\"Comparto con ustedes el mensaje que envi\u00e9 hoy a mi nieta m\u00e1s peque\u00f1a: - Dra. Ma. Cristina Cortinas Dur\u00e1n\",\"isPartOf\":{\"@id\":\"https:\\\/\\\/cristinacortinas.org\\\/sustentabilidad\\\/#website\"},\"primaryImageOfPage\":{\"@id\":\"https:\\\/\\\/cristinacortinas.org\\\/sustentabilidad\\\/comparto-con-ustedes-el-mensaje-que-envie-hoy-a-mi-nieta-mas-pequena\\\/#primaryimage\"},\"image\":{\"@id\":\"https:\\\/\\\/cristinacortinas.org\\\/sustentabilidad\\\/comparto-con-ustedes-el-mensaje-que-envie-hoy-a-mi-nieta-mas-pequena\\\/#primaryimage\"},\"thumbnailUrl\":\"https:\\\/\\\/cristinacortinas.org\\\/sustentabilidad\\\/wp-content\\\/uploads\\\/2019\\\/09\\\/Cristina-Cortinas-Sept-2019.jpg\",\"datePublished\":\"2024-06-09T16:19:52+00:00\",\"author\":{\"@id\":\"https:\\\/\\\/cristinacortinas.org\\\/sustentabilidad\\\/#\\\/schema\\\/person\\\/230b4a4171b31e97671db5b680f06b08\"},\"breadcrumb\":{\"@id\":\"https:\\\/\\\/cristinacortinas.org\\\/sustentabilidad\\\/comparto-con-ustedes-el-mensaje-que-envie-hoy-a-mi-nieta-mas-pequena\\\/#breadcrumb\"},\"inLanguage\":\"es\",\"potentialAction\":[{\"@type\":\"ReadAction\",\"target\":[\"https:\\\/\\\/cristinacortinas.org\\\/sustentabilidad\\\/comparto-con-ustedes-el-mensaje-que-envie-hoy-a-mi-nieta-mas-pequena\\\/\"]}]},{\"@type\":\"ImageObject\",\"inLanguage\":\"es\",\"@id\":\"https:\\\/\\\/cristinacortinas.org\\\/sustentabilidad\\\/comparto-con-ustedes-el-mensaje-que-envie-hoy-a-mi-nieta-mas-pequena\\\/#primaryimage\",\"url\":\"https:\\\/\\\/cristinacortinas.org\\\/sustentabilidad\\\/wp-content\\\/uploads\\\/2019\\\/09\\\/Cristina-Cortinas-Sept-2019.jpg\",\"contentUrl\":\"https:\\\/\\\/cristinacortinas.org\\\/sustentabilidad\\\/wp-content\\\/uploads\\\/2019\\\/09\\\/Cristina-Cortinas-Sept-2019.jpg\",\"width\":903,\"height\":508},{\"@type\":\"BreadcrumbList\",\"@id\":\"https:\\\/\\\/cristinacortinas.org\\\/sustentabilidad\\\/comparto-con-ustedes-el-mensaje-que-envie-hoy-a-mi-nieta-mas-pequena\\\/#breadcrumb\",\"itemListElement\":[{\"@type\":\"ListItem\",\"position\":1,\"name\":\"Portada\",\"item\":\"https:\\\/\\\/cristinacortinas.org\\\/sustentabilidad\\\/\"},{\"@type\":\"ListItem\",\"position\":2,\"name\":\"Comparto con ustedes el mensaje que envi\u00e9 hoy a mi nieta m\u00e1s peque\u00f1a:\"}]},{\"@type\":\"WebSite\",\"@id\":\"https:\\\/\\\/cristinacortinas.org\\\/sustentabilidad\\\/#website\",\"url\":\"https:\\\/\\\/cristinacortinas.org\\\/sustentabilidad\\\/\",\"name\":\"Dra. Ma. Cristina Cortinas Dur\u00e1n\",\"description\":\"\",\"potentialAction\":[{\"@type\":\"SearchAction\",\"target\":{\"@type\":\"EntryPoint\",\"urlTemplate\":\"https:\\\/\\\/cristinacortinas.org\\\/sustentabilidad\\\/?s={search_term_string}\"},\"query-input\":{\"@type\":\"PropertyValueSpecification\",\"valueRequired\":true,\"valueName\":\"search_term_string\"}}],\"inLanguage\":\"es\"},{\"@type\":\"Person\",\"@id\":\"https:\\\/\\\/cristinacortinas.org\\\/sustentabilidad\\\/#\\\/schema\\\/person\\\/230b4a4171b31e97671db5b680f06b08\",\"name\":\"CCristina\"}]}<\/script>\n<!-- \/ Yoast SEO plugin. -->","yoast_head_json":{"title":"Comparto con ustedes el mensaje que envi\u00e9 hoy a mi nieta m\u00e1s peque\u00f1a: - Dra. Ma. Cristina Cortinas Dur\u00e1n","robots":{"index":"index","follow":"follow","max-snippet":"max-snippet:-1","max-image-preview":"max-image-preview:large","max-video-preview":"max-video-preview:-1"},"canonical":"https:\/\/cristinacortinas.org\/sustentabilidad\/comparto-con-ustedes-el-mensaje-que-envie-hoy-a-mi-nieta-mas-pequena\/","og_locale":"es_ES","og_type":"article","og_title":"Comparto con ustedes el mensaje que envi\u00e9 hoy a mi nieta m\u00e1s peque\u00f1a: - Dra. Ma. Cristina Cortinas Dur\u00e1n","og_description":"Querida Pau, Hoy amanec\u00ed pregunt\u00e1ndome si todo lo que escribo y difundo, las conferencias y cursos que imparto, servir\u00e1n verdaderamente para algo. Por eso me puse a revisar el chat de ambientalistas en el que difundo mis trabajos y resum\u00ed las opiniones que recibo, que terminan con esta frase: Felicidades nuevamente por su dedicaci\u00f3n. Tambi\u00e9n escuch\u00e9 en el radio el&nbsp;Seguir leyendo","og_url":"https:\/\/cristinacortinas.org\/sustentabilidad\/comparto-con-ustedes-el-mensaje-que-envie-hoy-a-mi-nieta-mas-pequena\/","og_site_name":"Dra. Ma. Cristina Cortinas Dur\u00e1n","article_publisher":"https:\/\/www.facebook.com\/cristinacortinasduran\/","article_published_time":"2024-06-09T16:19:52+00:00","og_image":[{"width":903,"height":508,"url":"https:\/\/cristinacortinas.org\/sustentabilidad\/wp-content\/uploads\/2019\/09\/Cristina-Cortinas-Sept-2019.jpg","type":"image\/jpeg"}],"author":"CCristina","twitter_card":"summary_large_image","twitter_creator":"@DraCrisCortinas","twitter_site":"@DraCrisCortinas","twitter_misc":{"Escrito por":"CCristina","Tiempo de lectura":"1 minuto"},"schema":{"@context":"https:\/\/schema.org","@graph":[{"@type":"Article","@id":"https:\/\/cristinacortinas.org\/sustentabilidad\/comparto-con-ustedes-el-mensaje-que-envie-hoy-a-mi-nieta-mas-pequena\/#article","isPartOf":{"@id":"https:\/\/cristinacortinas.org\/sustentabilidad\/comparto-con-ustedes-el-mensaje-que-envie-hoy-a-mi-nieta-mas-pequena\/"},"author":{"name":"CCristina","@id":"https:\/\/cristinacortinas.org\/sustentabilidad\/#\/schema\/person\/230b4a4171b31e97671db5b680f06b08"},"headline":"Comparto con ustedes el mensaje que envi\u00e9 hoy a mi nieta m\u00e1s peque\u00f1a:","datePublished":"2024-06-09T16:19:52+00:00","mainEntityOfPage":{"@id":"https:\/\/cristinacortinas.org\/sustentabilidad\/comparto-con-ustedes-el-mensaje-que-envie-hoy-a-mi-nieta-mas-pequena\/"},"wordCount":116,"image":{"@id":"https:\/\/cristinacortinas.org\/sustentabilidad\/comparto-con-ustedes-el-mensaje-que-envie-hoy-a-mi-nieta-mas-pequena\/#primaryimage"},"thumbnailUrl":"https:\/\/cristinacortinas.org\/sustentabilidad\/wp-content\/uploads\/2019\/09\/Cristina-Cortinas-Sept-2019.jpg","articleSection":["Noticias"],"inLanguage":"es"},{"@type":"WebPage","@id":"https:\/\/cristinacortinas.org\/sustentabilidad\/comparto-con-ustedes-el-mensaje-que-envie-hoy-a-mi-nieta-mas-pequena\/","url":"https:\/\/cristinacortinas.org\/sustentabilidad\/comparto-con-ustedes-el-mensaje-que-envie-hoy-a-mi-nieta-mas-pequena\/","name":"Comparto con ustedes el mensaje que envi\u00e9 hoy a mi nieta m\u00e1s peque\u00f1a: - Dra. Ma. Cristina Cortinas Dur\u00e1n","isPartOf":{"@id":"https:\/\/cristinacortinas.org\/sustentabilidad\/#website"},"primaryImageOfPage":{"@id":"https:\/\/cristinacortinas.org\/sustentabilidad\/comparto-con-ustedes-el-mensaje-que-envie-hoy-a-mi-nieta-mas-pequena\/#primaryimage"},"image":{"@id":"https:\/\/cristinacortinas.org\/sustentabilidad\/comparto-con-ustedes-el-mensaje-que-envie-hoy-a-mi-nieta-mas-pequena\/#primaryimage"},"thumbnailUrl":"https:\/\/cristinacortinas.org\/sustentabilidad\/wp-content\/uploads\/2019\/09\/Cristina-Cortinas-Sept-2019.jpg","datePublished":"2024-06-09T16:19:52+00:00","author":{"@id":"https:\/\/cristinacortinas.org\/sustentabilidad\/#\/schema\/person\/230b4a4171b31e97671db5b680f06b08"},"breadcrumb":{"@id":"https:\/\/cristinacortinas.org\/sustentabilidad\/comparto-con-ustedes-el-mensaje-que-envie-hoy-a-mi-nieta-mas-pequena\/#breadcrumb"},"inLanguage":"es","potentialAction":[{"@type":"ReadAction","target":["https:\/\/cristinacortinas.org\/sustentabilidad\/comparto-con-ustedes-el-mensaje-que-envie-hoy-a-mi-nieta-mas-pequena\/"]}]},{"@type":"ImageObject","inLanguage":"es","@id":"https:\/\/cristinacortinas.org\/sustentabilidad\/comparto-con-ustedes-el-mensaje-que-envie-hoy-a-mi-nieta-mas-pequena\/#primaryimage","url":"https:\/\/cristinacortinas.org\/sustentabilidad\/wp-content\/uploads\/2019\/09\/Cristina-Cortinas-Sept-2019.jpg","contentUrl":"https:\/\/cristinacortinas.org\/sustentabilidad\/wp-content\/uploads\/2019\/09\/Cristina-Cortinas-Sept-2019.jpg","width":903,"height":508},{"@type":"BreadcrumbList","@id":"https:\/\/cristinacortinas.org\/sustentabilidad\/comparto-con-ustedes-el-mensaje-que-envie-hoy-a-mi-nieta-mas-pequena\/#breadcrumb","itemListElement":[{"@type":"ListItem","position":1,"name":"Portada","item":"https:\/\/cristinacortinas.org\/sustentabilidad\/"},{"@type":"ListItem","position":2,"name":"Comparto con ustedes el mensaje que envi\u00e9 hoy a mi nieta m\u00e1s peque\u00f1a:"}]},{"@type":"WebSite","@id":"https:\/\/cristinacortinas.org\/sustentabilidad\/#website","url":"https:\/\/cristinacortinas.org\/sustentabilidad\/","name":"Dra. Ma. Cristina Cortinas Dur\u00e1n","description":"","potentialAction":[{"@type":"SearchAction","target":{"@type":"EntryPoint","urlTemplate":"https:\/\/cristinacortinas.org\/sustentabilidad\/?s={search_term_string}"},"query-input":{"@type":"PropertyValueSpecification","valueRequired":true,"valueName":"search_term_string"}}],"inLanguage":"es"},{"@type":"Person","@id":"https:\/\/cristinacortinas.org\/sustentabilidad\/#\/schema\/person\/230b4a4171b31e97671db5b680f06b08","name":"CCristina"}]}},"_links":{"self":[{"href":"https:\/\/cristinacortinas.org\/sustentabilidad\/wp-json\/wp\/v2\/posts\/9124","targetHints":{"allow":["GET"]}}],"collection":[{"href":"https:\/\/cristinacortinas.org\/sustentabilidad\/wp-json\/wp\/v2\/posts"}],"about":[{"href":"https:\/\/cristinacortinas.org\/sustentabilidad\/wp-json\/wp\/v2\/types\/post"}],"author":[{"embeddable":true,"href":"https:\/\/cristinacortinas.org\/sustentabilidad\/wp-json\/wp\/v2\/users\/1"}],"replies":[{"embeddable":true,"href":"https:\/\/cristinacortinas.org\/sustentabilidad\/wp-json\/wp\/v2\/comments?post=9124"}],"version-history":[{"count":1,"href":"https:\/\/cristinacortinas.org\/sustentabilidad\/wp-json\/wp\/v2\/posts\/9124\/revisions"}],"predecessor-version":[{"id":9125,"href":"https:\/\/cristinacortinas.org\/sustentabilidad\/wp-json\/wp\/v2\/posts\/9124\/revisions\/9125"}],"wp:featuredmedia":[{"embeddable":true,"href":"https:\/\/cristinacortinas.org\/sustentabilidad\/wp-json\/wp\/v2\/media\/7091"}],"wp:attachment":[{"href":"https:\/\/cristinacortinas.org\/sustentabilidad\/wp-json\/wp\/v2\/media?parent=9124"}],"wp:term":[{"taxonomy":"category","embeddable":true,"href":"https:\/\/cristinacortinas.org\/sustentabilidad\/wp-json\/wp\/v2\/categories?post=9124"},{"taxonomy":"post_tag","embeddable":true,"href":"https:\/\/cristinacortinas.org\/sustentabilidad\/wp-json\/wp\/v2\/tags?post=9124"}],"curies":[{"name":"wp","href":"https:\/\/api.w.org\/{rel}","templated":true}]}}