{"id":9112,"date":"2024-06-07T10:45:43","date_gmt":"2024-06-07T16:45:43","guid":{"rendered":"https:\/\/cristinacortinas.org\/sustentabilidad\/?p=9112"},"modified":"2024-06-07T10:47:47","modified_gmt":"2024-06-07T16:47:47","slug":"4to-festival-del-medio-ambiente-ciclo-de-conferencias-el-holismo-todo-esta-vinculado","status":"publish","type":"post","link":"https:\/\/cristinacortinas.org\/sustentabilidad\/4to-festival-del-medio-ambiente-ciclo-de-conferencias-el-holismo-todo-esta-vinculado\/","title":{"rendered":"4to Festival del Medio Ambiente, Ciclo de conferencias: &#8220;El Holismo- Todo est\u00e1 vinculado&#8221;"},"content":{"rendered":"<div class=\"mgb-md zm-row\" data-v-1729b4aa=\"\">\n<div data-v-1729b4aa=\"\">\n<p>Hola,<\/p>\n<p>Lo invitamos a unirse a la reuni\u00f3n Zoom.<br \/>\nCu\u00e1ndo: 8 jun 2024 06:00 p. m. Ciudad de M\u00e9xico<\/p>\n<\/div>\n<div class=\"zm-col zm-col-6\" data-v-1729b4aa=\"\">Fecha y hora<\/div>\n<div class=\"pdl-xs zm-col zm-col-18\" data-v-1729b4aa=\"\">8 jun 2024 06:00 p.\u00a0m.\u00a0\u00a0<span data-v-1729b4aa=\"\">en<\/span>\u00a0\u00a0<button class=\"zm-button--link zm-button--mini zm-button\" role=\"button\" type=\"button\" data-v-1729b4aa=\"\"><span class=\"zm-button__slot\">Ciudad de M\u00e9xico<\/span><\/button><\/div>\n<\/div>\n<div class=\"mgb-md zm-row\" data-v-1729b4aa=\"\">\n<div class=\"zm-col zm-col-6\" data-v-1729b4aa=\"\">Descripci\u00f3n<\/div>\n<div class=\"pdl-xs w-sp zm-col zm-col-18\" data-v-1729b4aa=\"\">Conferencia de la Dra. Cristina Cortinas: MITIGACI\u00d3N DE IMPACTOS CLIM\u00c1TICOS MEDIANTE PLANES DE MANEJO DE RESIDUOS EDUCATIVOS<\/div>\n<\/div>\n<div data-v-1729b4aa=\"\">Inscripci\u00f3n en la la siguiente liga::<\/div>\n<div data-v-1729b4aa=\"\"><a href=\"https:\/\/us06web.zoom.us\/meeting\/register\/tZYuc-qrpzgiG91A0MQRl3g5YqMAos9_FRct#\/\">https:\/\/us06web.zoom.us\/meeting\/register\/tZYuc-qrpzgiG91A0MQRl3g5YqMAos9_FRct#\/<\/a><\/div>\n<div data-v-1729b4aa=\"\"><\/div>\n","protected":false},"excerpt":{"rendered":"<p>Hola, Lo invitamos a unirse a la reuni\u00f3n Zoom. Cu\u00e1ndo: 8 jun 2024 06:00 p. m. Ciudad de M\u00e9xico Fecha y hora 8 jun 2024 06:00 p.\u00a0m.\u00a0\u00a0en\u00a0\u00a0Ciudad de M\u00e9xico Descripci\u00f3n Conferencia de la Dra. Cristina Cortinas: MITIGACI\u00d3N DE IMPACTOS CLIM\u00c1TICOS MEDIANTE PLANES DE MANEJO DE RESIDUOS EDUCATIVOS Inscripci\u00f3n en la la siguiente liga:: https:\/\/us06web.zoom.us\/meeting\/register\/tZYuc-qrpzgiG91A0MQRl3g5YqMAos9_FRct#\/<\/p>\n","protected":false},"author":1,"featured_media":9114,"comment_status":"closed","ping_status":"closed","sticky":false,"template":"","format":"standard","meta":{"footnotes":""},"categories":[40],"tags":[],"class_list":["post-9112","post","type-post","status-publish","format-standard","has-post-thumbnail","hentry","category-noticias","cat-40-id"],"yoast_head":"<!-- This site is optimized with the Yoast SEO plugin v27.4 - https:\/\/yoast.com\/product\/yoast-seo-wordpress\/ -->\n<title>4to Festival del Medio Ambiente, Ciclo de conferencias: &quot;El Holismo- Todo est\u00e1 vinculado&quot; - Dra. Ma. Cristina Cortinas Dur\u00e1n<\/title>\n<meta name=\"description\" content=\"Ciclo de conferencias: &quot;El Holismo- Todo est\u00e1 vinculado&quot;\" \/>\n<meta name=\"robots\" content=\"index, follow, max-snippet:-1, max-image-preview:large, max-video-preview:-1\" \/>\n<link rel=\"canonical\" href=\"https:\/\/cristinacortinas.org\/sustentabilidad\/4to-festival-del-medio-ambiente-ciclo-de-conferencias-el-holismo-todo-esta-vinculado\/\" \/>\n<meta property=\"og:locale\" content=\"es_ES\" \/>\n<meta property=\"og:type\" content=\"article\" \/>\n<meta property=\"og:title\" content=\"4to Festival del Medio Ambiente, Ciclo de conferencias: &quot;El Holismo- Todo est\u00e1 vinculado&quot; - Dra. Ma. Cristina Cortinas Dur\u00e1n\" \/>\n<meta property=\"og:description\" content=\"Ciclo de conferencias: &quot;El Holismo- Todo est\u00e1 vinculado&quot;\" \/>\n<meta property=\"og:url\" content=\"https:\/\/cristinacortinas.org\/sustentabilidad\/4to-festival-del-medio-ambiente-ciclo-de-conferencias-el-holismo-todo-esta-vinculado\/\" \/>\n<meta property=\"og:site_name\" content=\"Dra. Ma. Cristina Cortinas Dur\u00e1n\" \/>\n<meta property=\"article:publisher\" content=\"https:\/\/www.facebook.com\/cristinacortinasduran\/\" \/>\n<meta property=\"article:published_time\" content=\"2024-06-07T16:45:43+00:00\" \/>\n<meta property=\"article:modified_time\" content=\"2024-06-07T16:47:47+00:00\" \/>\n<meta property=\"og:image\" content=\"https:\/\/cristinacortinas.org\/sustentabilidad\/wp-content\/uploads\/2024\/06\/4to-Festival-del-Medio-Ambiente-Ciclo-de-conferencias-El-Holismo-Todo-esta-vinculado.jpg\" \/>\n\t<meta property=\"og:image:width\" content=\"1024\" \/>\n\t<meta property=\"og:image:height\" content=\"458\" \/>\n\t<meta property=\"og:image:type\" content=\"image\/jpeg\" \/>\n<meta name=\"author\" content=\"CCristina\" \/>\n<meta name=\"twitter:card\" content=\"summary_large_image\" \/>\n<meta name=\"twitter:creator\" content=\"@DraCrisCortinas\" \/>\n<meta name=\"twitter:site\" content=\"@DraCrisCortinas\" \/>\n<meta name=\"twitter:label1\" content=\"Escrito por\" \/>\n\t<meta name=\"twitter:data1\" content=\"CCristina\" \/>\n<script type=\"application\/ld+json\" class=\"yoast-schema-graph\">{\"@context\":\"https:\\\/\\\/schema.org\",\"@graph\":[{\"@type\":\"Article\",\"@id\":\"https:\\\/\\\/cristinacortinas.org\\\/sustentabilidad\\\/4to-festival-del-medio-ambiente-ciclo-de-conferencias-el-holismo-todo-esta-vinculado\\\/#article\",\"isPartOf\":{\"@id\":\"https:\\\/\\\/cristinacortinas.org\\\/sustentabilidad\\\/4to-festival-del-medio-ambiente-ciclo-de-conferencias-el-holismo-todo-esta-vinculado\\\/\"},\"author\":{\"name\":\"CCristina\",\"@id\":\"https:\\\/\\\/cristinacortinas.org\\\/sustentabilidad\\\/#\\\/schema\\\/person\\\/230b4a4171b31e97671db5b680f06b08\"},\"headline\":\"4to Festival del Medio Ambiente, Ciclo de conferencias: &#8220;El Holismo- Todo est\u00e1 vinculado&#8221;\",\"datePublished\":\"2024-06-07T16:45:43+00:00\",\"dateModified\":\"2024-06-07T16:47:47+00:00\",\"mainEntityOfPage\":{\"@id\":\"https:\\\/\\\/cristinacortinas.org\\\/sustentabilidad\\\/4to-festival-del-medio-ambiente-ciclo-de-conferencias-el-holismo-todo-esta-vinculado\\\/\"},\"wordCount\":84,\"image\":{\"@id\":\"https:\\\/\\\/cristinacortinas.org\\\/sustentabilidad\\\/4to-festival-del-medio-ambiente-ciclo-de-conferencias-el-holismo-todo-esta-vinculado\\\/#primaryimage\"},\"thumbnailUrl\":\"https:\\\/\\\/cristinacortinas.org\\\/sustentabilidad\\\/wp-content\\\/uploads\\\/2024\\\/06\\\/4to-Festival-del-Medio-Ambiente-Ciclo-de-conferencias-El-Holismo-Todo-esta-vinculado.jpg\",\"articleSection\":[\"Noticias\"],\"inLanguage\":\"es\"},{\"@type\":\"WebPage\",\"@id\":\"https:\\\/\\\/cristinacortinas.org\\\/sustentabilidad\\\/4to-festival-del-medio-ambiente-ciclo-de-conferencias-el-holismo-todo-esta-vinculado\\\/\",\"url\":\"https:\\\/\\\/cristinacortinas.org\\\/sustentabilidad\\\/4to-festival-del-medio-ambiente-ciclo-de-conferencias-el-holismo-todo-esta-vinculado\\\/\",\"name\":\"4to Festival del Medio Ambiente, Ciclo de conferencias: \\\"El Holismo- Todo est\u00e1 vinculado\\\" - Dra. Ma. Cristina Cortinas Dur\u00e1n\",\"isPartOf\":{\"@id\":\"https:\\\/\\\/cristinacortinas.org\\\/sustentabilidad\\\/#website\"},\"primaryImageOfPage\":{\"@id\":\"https:\\\/\\\/cristinacortinas.org\\\/sustentabilidad\\\/4to-festival-del-medio-ambiente-ciclo-de-conferencias-el-holismo-todo-esta-vinculado\\\/#primaryimage\"},\"image\":{\"@id\":\"https:\\\/\\\/cristinacortinas.org\\\/sustentabilidad\\\/4to-festival-del-medio-ambiente-ciclo-de-conferencias-el-holismo-todo-esta-vinculado\\\/#primaryimage\"},\"thumbnailUrl\":\"https:\\\/\\\/cristinacortinas.org\\\/sustentabilidad\\\/wp-content\\\/uploads\\\/2024\\\/06\\\/4to-Festival-del-Medio-Ambiente-Ciclo-de-conferencias-El-Holismo-Todo-esta-vinculado.jpg\",\"datePublished\":\"2024-06-07T16:45:43+00:00\",\"dateModified\":\"2024-06-07T16:47:47+00:00\",\"author\":{\"@id\":\"https:\\\/\\\/cristinacortinas.org\\\/sustentabilidad\\\/#\\\/schema\\\/person\\\/230b4a4171b31e97671db5b680f06b08\"},\"description\":\"Ciclo de conferencias: \\\"El Holismo- Todo est\u00e1 vinculado\\\"\",\"breadcrumb\":{\"@id\":\"https:\\\/\\\/cristinacortinas.org\\\/sustentabilidad\\\/4to-festival-del-medio-ambiente-ciclo-de-conferencias-el-holismo-todo-esta-vinculado\\\/#breadcrumb\"},\"inLanguage\":\"es\",\"potentialAction\":[{\"@type\":\"ReadAction\",\"target\":[\"https:\\\/\\\/cristinacortinas.org\\\/sustentabilidad\\\/4to-festival-del-medio-ambiente-ciclo-de-conferencias-el-holismo-todo-esta-vinculado\\\/\"]}]},{\"@type\":\"ImageObject\",\"inLanguage\":\"es\",\"@id\":\"https:\\\/\\\/cristinacortinas.org\\\/sustentabilidad\\\/4to-festival-del-medio-ambiente-ciclo-de-conferencias-el-holismo-todo-esta-vinculado\\\/#primaryimage\",\"url\":\"https:\\\/\\\/cristinacortinas.org\\\/sustentabilidad\\\/wp-content\\\/uploads\\\/2024\\\/06\\\/4to-Festival-del-Medio-Ambiente-Ciclo-de-conferencias-El-Holismo-Todo-esta-vinculado.jpg\",\"contentUrl\":\"https:\\\/\\\/cristinacortinas.org\\\/sustentabilidad\\\/wp-content\\\/uploads\\\/2024\\\/06\\\/4to-Festival-del-Medio-Ambiente-Ciclo-de-conferencias-El-Holismo-Todo-esta-vinculado.jpg\",\"width\":1024,\"height\":458,\"caption\":\"4to Festival del Medio Ambiente, Ciclo de conferencias El Holismo- Todo est\u00e1 vinculado\"},{\"@type\":\"BreadcrumbList\",\"@id\":\"https:\\\/\\\/cristinacortinas.org\\\/sustentabilidad\\\/4to-festival-del-medio-ambiente-ciclo-de-conferencias-el-holismo-todo-esta-vinculado\\\/#breadcrumb\",\"itemListElement\":[{\"@type\":\"ListItem\",\"position\":1,\"name\":\"Portada\",\"item\":\"https:\\\/\\\/cristinacortinas.org\\\/sustentabilidad\\\/\"},{\"@type\":\"ListItem\",\"position\":2,\"name\":\"4to Festival del Medio Ambiente, Ciclo de conferencias: &#8220;El Holismo- Todo est\u00e1 vinculado&#8221;\"}]},{\"@type\":\"WebSite\",\"@id\":\"https:\\\/\\\/cristinacortinas.org\\\/sustentabilidad\\\/#website\",\"url\":\"https:\\\/\\\/cristinacortinas.org\\\/sustentabilidad\\\/\",\"name\":\"Dra. Ma. Cristina Cortinas Dur\u00e1n\",\"description\":\"\",\"potentialAction\":[{\"@type\":\"SearchAction\",\"target\":{\"@type\":\"EntryPoint\",\"urlTemplate\":\"https:\\\/\\\/cristinacortinas.org\\\/sustentabilidad\\\/?s={search_term_string}\"},\"query-input\":{\"@type\":\"PropertyValueSpecification\",\"valueRequired\":true,\"valueName\":\"search_term_string\"}}],\"inLanguage\":\"es\"},{\"@type\":\"Person\",\"@id\":\"https:\\\/\\\/cristinacortinas.org\\\/sustentabilidad\\\/#\\\/schema\\\/person\\\/230b4a4171b31e97671db5b680f06b08\",\"name\":\"CCristina\"}]}<\/script>\n<!-- \/ Yoast SEO plugin. -->","yoast_head_json":{"title":"4to Festival del Medio Ambiente, Ciclo de conferencias: \"El Holismo- Todo est\u00e1 vinculado\" - Dra. Ma. Cristina Cortinas Dur\u00e1n","description":"Ciclo de conferencias: \"El Holismo- Todo est\u00e1 vinculado\"","robots":{"index":"index","follow":"follow","max-snippet":"max-snippet:-1","max-image-preview":"max-image-preview:large","max-video-preview":"max-video-preview:-1"},"canonical":"https:\/\/cristinacortinas.org\/sustentabilidad\/4to-festival-del-medio-ambiente-ciclo-de-conferencias-el-holismo-todo-esta-vinculado\/","og_locale":"es_ES","og_type":"article","og_title":"4to Festival del Medio Ambiente, Ciclo de conferencias: \"El Holismo- Todo est\u00e1 vinculado\" - Dra. Ma. Cristina Cortinas Dur\u00e1n","og_description":"Ciclo de conferencias: \"El Holismo- Todo est\u00e1 vinculado\"","og_url":"https:\/\/cristinacortinas.org\/sustentabilidad\/4to-festival-del-medio-ambiente-ciclo-de-conferencias-el-holismo-todo-esta-vinculado\/","og_site_name":"Dra. Ma. Cristina Cortinas Dur\u00e1n","article_publisher":"https:\/\/www.facebook.com\/cristinacortinasduran\/","article_published_time":"2024-06-07T16:45:43+00:00","article_modified_time":"2024-06-07T16:47:47+00:00","og_image":[{"width":1024,"height":458,"url":"https:\/\/cristinacortinas.org\/sustentabilidad\/wp-content\/uploads\/2024\/06\/4to-Festival-del-Medio-Ambiente-Ciclo-de-conferencias-El-Holismo-Todo-esta-vinculado.jpg","type":"image\/jpeg"}],"author":"CCristina","twitter_card":"summary_large_image","twitter_creator":"@DraCrisCortinas","twitter_site":"@DraCrisCortinas","twitter_misc":{"Escrito por":"CCristina"},"schema":{"@context":"https:\/\/schema.org","@graph":[{"@type":"Article","@id":"https:\/\/cristinacortinas.org\/sustentabilidad\/4to-festival-del-medio-ambiente-ciclo-de-conferencias-el-holismo-todo-esta-vinculado\/#article","isPartOf":{"@id":"https:\/\/cristinacortinas.org\/sustentabilidad\/4to-festival-del-medio-ambiente-ciclo-de-conferencias-el-holismo-todo-esta-vinculado\/"},"author":{"name":"CCristina","@id":"https:\/\/cristinacortinas.org\/sustentabilidad\/#\/schema\/person\/230b4a4171b31e97671db5b680f06b08"},"headline":"4to Festival del Medio Ambiente, Ciclo de conferencias: &#8220;El Holismo- Todo est\u00e1 vinculado&#8221;","datePublished":"2024-06-07T16:45:43+00:00","dateModified":"2024-06-07T16:47:47+00:00","mainEntityOfPage":{"@id":"https:\/\/cristinacortinas.org\/sustentabilidad\/4to-festival-del-medio-ambiente-ciclo-de-conferencias-el-holismo-todo-esta-vinculado\/"},"wordCount":84,"image":{"@id":"https:\/\/cristinacortinas.org\/sustentabilidad\/4to-festival-del-medio-ambiente-ciclo-de-conferencias-el-holismo-todo-esta-vinculado\/#primaryimage"},"thumbnailUrl":"https:\/\/cristinacortinas.org\/sustentabilidad\/wp-content\/uploads\/2024\/06\/4to-Festival-del-Medio-Ambiente-Ciclo-de-conferencias-El-Holismo-Todo-esta-vinculado.jpg","articleSection":["Noticias"],"inLanguage":"es"},{"@type":"WebPage","@id":"https:\/\/cristinacortinas.org\/sustentabilidad\/4to-festival-del-medio-ambiente-ciclo-de-conferencias-el-holismo-todo-esta-vinculado\/","url":"https:\/\/cristinacortinas.org\/sustentabilidad\/4to-festival-del-medio-ambiente-ciclo-de-conferencias-el-holismo-todo-esta-vinculado\/","name":"4to Festival del Medio Ambiente, Ciclo de conferencias: \"El Holismo- Todo est\u00e1 vinculado\" - Dra. Ma. Cristina Cortinas Dur\u00e1n","isPartOf":{"@id":"https:\/\/cristinacortinas.org\/sustentabilidad\/#website"},"primaryImageOfPage":{"@id":"https:\/\/cristinacortinas.org\/sustentabilidad\/4to-festival-del-medio-ambiente-ciclo-de-conferencias-el-holismo-todo-esta-vinculado\/#primaryimage"},"image":{"@id":"https:\/\/cristinacortinas.org\/sustentabilidad\/4to-festival-del-medio-ambiente-ciclo-de-conferencias-el-holismo-todo-esta-vinculado\/#primaryimage"},"thumbnailUrl":"https:\/\/cristinacortinas.org\/sustentabilidad\/wp-content\/uploads\/2024\/06\/4to-Festival-del-Medio-Ambiente-Ciclo-de-conferencias-El-Holismo-Todo-esta-vinculado.jpg","datePublished":"2024-06-07T16:45:43+00:00","dateModified":"2024-06-07T16:47:47+00:00","author":{"@id":"https:\/\/cristinacortinas.org\/sustentabilidad\/#\/schema\/person\/230b4a4171b31e97671db5b680f06b08"},"description":"Ciclo de conferencias: \"El Holismo- Todo est\u00e1 vinculado\"","breadcrumb":{"@id":"https:\/\/cristinacortinas.org\/sustentabilidad\/4to-festival-del-medio-ambiente-ciclo-de-conferencias-el-holismo-todo-esta-vinculado\/#breadcrumb"},"inLanguage":"es","potentialAction":[{"@type":"ReadAction","target":["https:\/\/cristinacortinas.org\/sustentabilidad\/4to-festival-del-medio-ambiente-ciclo-de-conferencias-el-holismo-todo-esta-vinculado\/"]}]},{"@type":"ImageObject","inLanguage":"es","@id":"https:\/\/cristinacortinas.org\/sustentabilidad\/4to-festival-del-medio-ambiente-ciclo-de-conferencias-el-holismo-todo-esta-vinculado\/#primaryimage","url":"https:\/\/cristinacortinas.org\/sustentabilidad\/wp-content\/uploads\/2024\/06\/4to-Festival-del-Medio-Ambiente-Ciclo-de-conferencias-El-Holismo-Todo-esta-vinculado.jpg","contentUrl":"https:\/\/cristinacortinas.org\/sustentabilidad\/wp-content\/uploads\/2024\/06\/4to-Festival-del-Medio-Ambiente-Ciclo-de-conferencias-El-Holismo-Todo-esta-vinculado.jpg","width":1024,"height":458,"caption":"4to Festival del Medio Ambiente, Ciclo de conferencias El Holismo- Todo est\u00e1 vinculado"},{"@type":"BreadcrumbList","@id":"https:\/\/cristinacortinas.org\/sustentabilidad\/4to-festival-del-medio-ambiente-ciclo-de-conferencias-el-holismo-todo-esta-vinculado\/#breadcrumb","itemListElement":[{"@type":"ListItem","position":1,"name":"Portada","item":"https:\/\/cristinacortinas.org\/sustentabilidad\/"},{"@type":"ListItem","position":2,"name":"4to Festival del Medio Ambiente, Ciclo de conferencias: &#8220;El Holismo- Todo est\u00e1 vinculado&#8221;"}]},{"@type":"WebSite","@id":"https:\/\/cristinacortinas.org\/sustentabilidad\/#website","url":"https:\/\/cristinacortinas.org\/sustentabilidad\/","name":"Dra. Ma. Cristina Cortinas Dur\u00e1n","description":"","potentialAction":[{"@type":"SearchAction","target":{"@type":"EntryPoint","urlTemplate":"https:\/\/cristinacortinas.org\/sustentabilidad\/?s={search_term_string}"},"query-input":{"@type":"PropertyValueSpecification","valueRequired":true,"valueName":"search_term_string"}}],"inLanguage":"es"},{"@type":"Person","@id":"https:\/\/cristinacortinas.org\/sustentabilidad\/#\/schema\/person\/230b4a4171b31e97671db5b680f06b08","name":"CCristina"}]}},"_links":{"self":[{"href":"https:\/\/cristinacortinas.org\/sustentabilidad\/wp-json\/wp\/v2\/posts\/9112","targetHints":{"allow":["GET"]}}],"collection":[{"href":"https:\/\/cristinacortinas.org\/sustentabilidad\/wp-json\/wp\/v2\/posts"}],"about":[{"href":"https:\/\/cristinacortinas.org\/sustentabilidad\/wp-json\/wp\/v2\/types\/post"}],"author":[{"embeddable":true,"href":"https:\/\/cristinacortinas.org\/sustentabilidad\/wp-json\/wp\/v2\/users\/1"}],"replies":[{"embeddable":true,"href":"https:\/\/cristinacortinas.org\/sustentabilidad\/wp-json\/wp\/v2\/comments?post=9112"}],"version-history":[{"count":4,"href":"https:\/\/cristinacortinas.org\/sustentabilidad\/wp-json\/wp\/v2\/posts\/9112\/revisions"}],"predecessor-version":[{"id":9118,"href":"https:\/\/cristinacortinas.org\/sustentabilidad\/wp-json\/wp\/v2\/posts\/9112\/revisions\/9118"}],"wp:featuredmedia":[{"embeddable":true,"href":"https:\/\/cristinacortinas.org\/sustentabilidad\/wp-json\/wp\/v2\/media\/9114"}],"wp:attachment":[{"href":"https:\/\/cristinacortinas.org\/sustentabilidad\/wp-json\/wp\/v2\/media?parent=9112"}],"wp:term":[{"taxonomy":"category","embeddable":true,"href":"https:\/\/cristinacortinas.org\/sustentabilidad\/wp-json\/wp\/v2\/categories?post=9112"},{"taxonomy":"post_tag","embeddable":true,"href":"https:\/\/cristinacortinas.org\/sustentabilidad\/wp-json\/wp\/v2\/tags?post=9112"}],"curies":[{"name":"wp","href":"https:\/\/api.w.org\/{rel}","templated":true}]}}