{"id":9097,"date":"2024-05-29T08:56:59","date_gmt":"2024-05-29T14:56:59","guid":{"rendered":"https:\/\/cristinacortinas.org\/sustentabilidad\/?p=9097"},"modified":"2024-05-29T08:56:59","modified_gmt":"2024-05-29T14:56:59","slug":"invitacion-a-multiplicar-interacciones-ante-emergencia-climatica","status":"publish","type":"post","link":"https:\/\/cristinacortinas.org\/sustentabilidad\/invitacion-a-multiplicar-interacciones-ante-emergencia-climatica\/","title":{"rendered":"INVITACI\u00d3N A MULTIPLICAR INTERACCIONES ANTE EMERGENCIA CLIM\u00c1TICA"},"content":{"rendered":"<p>Agradeceremos a l@s compa\u00f1er@s del INECC-SEMARNAT que trabajan en la formulaci\u00f3n de acciones para contender con los problemas ocasionados por el Hurac\u00e1n OTIS que nos mantengan al tanto sobre ello. Me un\u00ed a un grupo de organizaciones filantr\u00f3picas que trabajan en la reconstrucci\u00f3n de Acapulco en m\u00faltiples mesas de trabajo, incluida una sobre residuos. Una dificultad que enfrentamos es no caer en \"reunionitis virtuales\" y encontrar v\u00edas para pasar de inmediato a la acci\u00f3n reflexiva y planeada. Por ello eleg\u00ed como una v\u00eda la de trabajar con las instituciones educativas para construir un plan de manejo de residuos educativo, participativo y que motive a las comunidades a circularizarse. Pr\u00f3ximamente visitar\u00e9 el campus de la Escuela Nacional de Estudios Superiores Unidad Juriquilla de la UNAM para aprender c\u00f3mo lleva a la pr\u00e1ctica sus compromisos contra\u00eddos en el marco del Manifiesto Interuniversitario para promover la econom\u00eda circular en Quer\u00e9taro y compartir lo que aprenda. Ojal\u00e1 y podamos multiplicar este tipo de interacciones.<\/p>\n<p>Cristina Cortinas<\/p>\n","protected":false},"excerpt":{"rendered":"<p>Agradeceremos a l@s compa\u00f1er@s del INECC-SEMARNAT que trabajan en la formulaci\u00f3n de acciones para contender con los problemas ocasionados por el Hurac\u00e1n OTIS que nos mantengan al tanto sobre ello. Me un\u00ed a un grupo de organizaciones filantr\u00f3picas que trabajan en la reconstrucci\u00f3n de Acapulco en m\u00faltiples mesas de trabajo, incluida una sobre residuos. Una dificultad que enfrentamos es no&nbsp;<a href=\"https:\/\/cristinacortinas.org\/sustentabilidad\/invitacion-a-multiplicar-interacciones-ante-emergencia-climatica\/\" class=\"read-more\">Seguir leyendo<\/a><\/p>\n","protected":false},"author":1,"featured_media":9099,"comment_status":"closed","ping_status":"closed","sticky":false,"template":"","format":"standard","meta":{"footnotes":""},"categories":[40],"tags":[1144],"class_list":["post-9097","post","type-post","status-publish","format-standard","has-post-thumbnail","hentry","category-noticias","tag-huracan-otis","cat-40-id"],"yoast_head":"<!-- This site is optimized with the Yoast SEO plugin v27.4 - https:\/\/yoast.com\/product\/yoast-seo-wordpress\/ -->\n<title>INVITACI\u00d3N A MULTIPLICAR INTERACCIONES ANTE EMERGENCIA CLIM\u00c1TICA - Dra. Ma. Cristina Cortinas Dur\u00e1n<\/title>\n<meta name=\"description\" content=\"Agradeceremos a l@s compa\u00f1er@s del INECC-SEMARNAT que trabajan en la formulaci\u00f3n de acciones para contender con los problemas ocasionados por el Hurac\u00e1n OTIS que nos mantengan al tanto sobre ello.\" \/>\n<meta name=\"robots\" content=\"index, follow, max-snippet:-1, max-image-preview:large, max-video-preview:-1\" \/>\n<link rel=\"canonical\" href=\"https:\/\/cristinacortinas.org\/sustentabilidad\/invitacion-a-multiplicar-interacciones-ante-emergencia-climatica\/\" \/>\n<meta property=\"og:locale\" content=\"es_ES\" \/>\n<meta property=\"og:type\" content=\"article\" \/>\n<meta property=\"og:title\" content=\"INVITACI\u00d3N A MULTIPLICAR INTERACCIONES ANTE EMERGENCIA CLIM\u00c1TICA - Dra. Ma. Cristina Cortinas Dur\u00e1n\" \/>\n<meta property=\"og:description\" content=\"Agradeceremos a l@s compa\u00f1er@s del INECC-SEMARNAT que trabajan en la formulaci\u00f3n de acciones para contender con los problemas ocasionados por el Hurac\u00e1n OTIS que nos mantengan al tanto sobre ello.\" \/>\n<meta property=\"og:url\" content=\"https:\/\/cristinacortinas.org\/sustentabilidad\/invitacion-a-multiplicar-interacciones-ante-emergencia-climatica\/\" \/>\n<meta property=\"og:site_name\" content=\"Dra. Ma. Cristina Cortinas Dur\u00e1n\" \/>\n<meta property=\"article:publisher\" content=\"https:\/\/www.facebook.com\/cristinacortinasduran\/\" \/>\n<meta property=\"article:published_time\" content=\"2024-05-29T14:56:59+00:00\" \/>\n<meta property=\"og:image\" content=\"https:\/\/cristinacortinas.org\/sustentabilidad\/wp-content\/uploads\/2024\/05\/Huracan-OTIS.jpg\" \/>\n\t<meta property=\"og:image:width\" content=\"1154\" \/>\n\t<meta property=\"og:image:height\" content=\"648\" \/>\n\t<meta property=\"og:image:type\" content=\"image\/jpeg\" \/>\n<meta name=\"author\" content=\"CCristina\" \/>\n<meta name=\"twitter:card\" content=\"summary_large_image\" \/>\n<meta name=\"twitter:creator\" content=\"@DraCrisCortinas\" \/>\n<meta name=\"twitter:site\" content=\"@DraCrisCortinas\" \/>\n<meta name=\"twitter:label1\" content=\"Escrito por\" \/>\n\t<meta name=\"twitter:data1\" content=\"CCristina\" \/>\n\t<meta name=\"twitter:label2\" content=\"Tiempo de lectura\" \/>\n\t<meta name=\"twitter:data2\" content=\"1 minuto\" \/>\n<script type=\"application\/ld+json\" class=\"yoast-schema-graph\">{\"@context\":\"https:\\\/\\\/schema.org\",\"@graph\":[{\"@type\":\"Article\",\"@id\":\"https:\\\/\\\/cristinacortinas.org\\\/sustentabilidad\\\/invitacion-a-multiplicar-interacciones-ante-emergencia-climatica\\\/#article\",\"isPartOf\":{\"@id\":\"https:\\\/\\\/cristinacortinas.org\\\/sustentabilidad\\\/invitacion-a-multiplicar-interacciones-ante-emergencia-climatica\\\/\"},\"author\":{\"name\":\"CCristina\",\"@id\":\"https:\\\/\\\/cristinacortinas.org\\\/sustentabilidad\\\/#\\\/schema\\\/person\\\/230b4a4171b31e97671db5b680f06b08\"},\"headline\":\"INVITACI\u00d3N A MULTIPLICAR INTERACCIONES ANTE EMERGENCIA CLIM\u00c1TICA\",\"datePublished\":\"2024-05-29T14:56:59+00:00\",\"mainEntityOfPage\":{\"@id\":\"https:\\\/\\\/cristinacortinas.org\\\/sustentabilidad\\\/invitacion-a-multiplicar-interacciones-ante-emergencia-climatica\\\/\"},\"wordCount\":188,\"image\":{\"@id\":\"https:\\\/\\\/cristinacortinas.org\\\/sustentabilidad\\\/invitacion-a-multiplicar-interacciones-ante-emergencia-climatica\\\/#primaryimage\"},\"thumbnailUrl\":\"https:\\\/\\\/cristinacortinas.org\\\/sustentabilidad\\\/wp-content\\\/uploads\\\/2024\\\/05\\\/Huracan-OTIS.jpg\",\"keywords\":[\"Hurac\u00e1n OTIS\"],\"articleSection\":[\"Noticias\"],\"inLanguage\":\"es\"},{\"@type\":\"WebPage\",\"@id\":\"https:\\\/\\\/cristinacortinas.org\\\/sustentabilidad\\\/invitacion-a-multiplicar-interacciones-ante-emergencia-climatica\\\/\",\"url\":\"https:\\\/\\\/cristinacortinas.org\\\/sustentabilidad\\\/invitacion-a-multiplicar-interacciones-ante-emergencia-climatica\\\/\",\"name\":\"INVITACI\u00d3N A MULTIPLICAR INTERACCIONES ANTE EMERGENCIA CLIM\u00c1TICA - Dra. Ma. Cristina Cortinas Dur\u00e1n\",\"isPartOf\":{\"@id\":\"https:\\\/\\\/cristinacortinas.org\\\/sustentabilidad\\\/#website\"},\"primaryImageOfPage\":{\"@id\":\"https:\\\/\\\/cristinacortinas.org\\\/sustentabilidad\\\/invitacion-a-multiplicar-interacciones-ante-emergencia-climatica\\\/#primaryimage\"},\"image\":{\"@id\":\"https:\\\/\\\/cristinacortinas.org\\\/sustentabilidad\\\/invitacion-a-multiplicar-interacciones-ante-emergencia-climatica\\\/#primaryimage\"},\"thumbnailUrl\":\"https:\\\/\\\/cristinacortinas.org\\\/sustentabilidad\\\/wp-content\\\/uploads\\\/2024\\\/05\\\/Huracan-OTIS.jpg\",\"datePublished\":\"2024-05-29T14:56:59+00:00\",\"author\":{\"@id\":\"https:\\\/\\\/cristinacortinas.org\\\/sustentabilidad\\\/#\\\/schema\\\/person\\\/230b4a4171b31e97671db5b680f06b08\"},\"description\":\"Agradeceremos a l@s compa\u00f1er@s del INECC-SEMARNAT que trabajan en la formulaci\u00f3n de acciones para contender con los problemas ocasionados por el Hurac\u00e1n OTIS que nos mantengan al tanto sobre ello.\",\"breadcrumb\":{\"@id\":\"https:\\\/\\\/cristinacortinas.org\\\/sustentabilidad\\\/invitacion-a-multiplicar-interacciones-ante-emergencia-climatica\\\/#breadcrumb\"},\"inLanguage\":\"es\",\"potentialAction\":[{\"@type\":\"ReadAction\",\"target\":[\"https:\\\/\\\/cristinacortinas.org\\\/sustentabilidad\\\/invitacion-a-multiplicar-interacciones-ante-emergencia-climatica\\\/\"]}]},{\"@type\":\"ImageObject\",\"inLanguage\":\"es\",\"@id\":\"https:\\\/\\\/cristinacortinas.org\\\/sustentabilidad\\\/invitacion-a-multiplicar-interacciones-ante-emergencia-climatica\\\/#primaryimage\",\"url\":\"https:\\\/\\\/cristinacortinas.org\\\/sustentabilidad\\\/wp-content\\\/uploads\\\/2024\\\/05\\\/Huracan-OTIS.jpg\",\"contentUrl\":\"https:\\\/\\\/cristinacortinas.org\\\/sustentabilidad\\\/wp-content\\\/uploads\\\/2024\\\/05\\\/Huracan-OTIS.jpg\",\"width\":1154,\"height\":648},{\"@type\":\"BreadcrumbList\",\"@id\":\"https:\\\/\\\/cristinacortinas.org\\\/sustentabilidad\\\/invitacion-a-multiplicar-interacciones-ante-emergencia-climatica\\\/#breadcrumb\",\"itemListElement\":[{\"@type\":\"ListItem\",\"position\":1,\"name\":\"Portada\",\"item\":\"https:\\\/\\\/cristinacortinas.org\\\/sustentabilidad\\\/\"},{\"@type\":\"ListItem\",\"position\":2,\"name\":\"INVITACI\u00d3N A MULTIPLICAR INTERACCIONES ANTE EMERGENCIA CLIM\u00c1TICA\"}]},{\"@type\":\"WebSite\",\"@id\":\"https:\\\/\\\/cristinacortinas.org\\\/sustentabilidad\\\/#website\",\"url\":\"https:\\\/\\\/cristinacortinas.org\\\/sustentabilidad\\\/\",\"name\":\"Dra. Ma. Cristina Cortinas Dur\u00e1n\",\"description\":\"\",\"potentialAction\":[{\"@type\":\"SearchAction\",\"target\":{\"@type\":\"EntryPoint\",\"urlTemplate\":\"https:\\\/\\\/cristinacortinas.org\\\/sustentabilidad\\\/?s={search_term_string}\"},\"query-input\":{\"@type\":\"PropertyValueSpecification\",\"valueRequired\":true,\"valueName\":\"search_term_string\"}}],\"inLanguage\":\"es\"},{\"@type\":\"Person\",\"@id\":\"https:\\\/\\\/cristinacortinas.org\\\/sustentabilidad\\\/#\\\/schema\\\/person\\\/230b4a4171b31e97671db5b680f06b08\",\"name\":\"CCristina\"}]}<\/script>\n<!-- \/ Yoast SEO plugin. -->","yoast_head_json":{"title":"INVITACI\u00d3N A MULTIPLICAR INTERACCIONES ANTE EMERGENCIA CLIM\u00c1TICA - Dra. Ma. Cristina Cortinas Dur\u00e1n","description":"Agradeceremos a l@s compa\u00f1er@s del INECC-SEMARNAT que trabajan en la formulaci\u00f3n de acciones para contender con los problemas ocasionados por el Hurac\u00e1n OTIS que nos mantengan al tanto sobre ello.","robots":{"index":"index","follow":"follow","max-snippet":"max-snippet:-1","max-image-preview":"max-image-preview:large","max-video-preview":"max-video-preview:-1"},"canonical":"https:\/\/cristinacortinas.org\/sustentabilidad\/invitacion-a-multiplicar-interacciones-ante-emergencia-climatica\/","og_locale":"es_ES","og_type":"article","og_title":"INVITACI\u00d3N A MULTIPLICAR INTERACCIONES ANTE EMERGENCIA CLIM\u00c1TICA - Dra. Ma. Cristina Cortinas Dur\u00e1n","og_description":"Agradeceremos a l@s compa\u00f1er@s del INECC-SEMARNAT que trabajan en la formulaci\u00f3n de acciones para contender con los problemas ocasionados por el Hurac\u00e1n OTIS que nos mantengan al tanto sobre ello.","og_url":"https:\/\/cristinacortinas.org\/sustentabilidad\/invitacion-a-multiplicar-interacciones-ante-emergencia-climatica\/","og_site_name":"Dra. Ma. Cristina Cortinas Dur\u00e1n","article_publisher":"https:\/\/www.facebook.com\/cristinacortinasduran\/","article_published_time":"2024-05-29T14:56:59+00:00","og_image":[{"width":1154,"height":648,"url":"https:\/\/cristinacortinas.org\/sustentabilidad\/wp-content\/uploads\/2024\/05\/Huracan-OTIS.jpg","type":"image\/jpeg"}],"author":"CCristina","twitter_card":"summary_large_image","twitter_creator":"@DraCrisCortinas","twitter_site":"@DraCrisCortinas","twitter_misc":{"Escrito por":"CCristina","Tiempo de lectura":"1 minuto"},"schema":{"@context":"https:\/\/schema.org","@graph":[{"@type":"Article","@id":"https:\/\/cristinacortinas.org\/sustentabilidad\/invitacion-a-multiplicar-interacciones-ante-emergencia-climatica\/#article","isPartOf":{"@id":"https:\/\/cristinacortinas.org\/sustentabilidad\/invitacion-a-multiplicar-interacciones-ante-emergencia-climatica\/"},"author":{"name":"CCristina","@id":"https:\/\/cristinacortinas.org\/sustentabilidad\/#\/schema\/person\/230b4a4171b31e97671db5b680f06b08"},"headline":"INVITACI\u00d3N A MULTIPLICAR INTERACCIONES ANTE EMERGENCIA CLIM\u00c1TICA","datePublished":"2024-05-29T14:56:59+00:00","mainEntityOfPage":{"@id":"https:\/\/cristinacortinas.org\/sustentabilidad\/invitacion-a-multiplicar-interacciones-ante-emergencia-climatica\/"},"wordCount":188,"image":{"@id":"https:\/\/cristinacortinas.org\/sustentabilidad\/invitacion-a-multiplicar-interacciones-ante-emergencia-climatica\/#primaryimage"},"thumbnailUrl":"https:\/\/cristinacortinas.org\/sustentabilidad\/wp-content\/uploads\/2024\/05\/Huracan-OTIS.jpg","keywords":["Hurac\u00e1n OTIS"],"articleSection":["Noticias"],"inLanguage":"es"},{"@type":"WebPage","@id":"https:\/\/cristinacortinas.org\/sustentabilidad\/invitacion-a-multiplicar-interacciones-ante-emergencia-climatica\/","url":"https:\/\/cristinacortinas.org\/sustentabilidad\/invitacion-a-multiplicar-interacciones-ante-emergencia-climatica\/","name":"INVITACI\u00d3N A MULTIPLICAR INTERACCIONES ANTE EMERGENCIA CLIM\u00c1TICA - Dra. Ma. Cristina Cortinas Dur\u00e1n","isPartOf":{"@id":"https:\/\/cristinacortinas.org\/sustentabilidad\/#website"},"primaryImageOfPage":{"@id":"https:\/\/cristinacortinas.org\/sustentabilidad\/invitacion-a-multiplicar-interacciones-ante-emergencia-climatica\/#primaryimage"},"image":{"@id":"https:\/\/cristinacortinas.org\/sustentabilidad\/invitacion-a-multiplicar-interacciones-ante-emergencia-climatica\/#primaryimage"},"thumbnailUrl":"https:\/\/cristinacortinas.org\/sustentabilidad\/wp-content\/uploads\/2024\/05\/Huracan-OTIS.jpg","datePublished":"2024-05-29T14:56:59+00:00","author":{"@id":"https:\/\/cristinacortinas.org\/sustentabilidad\/#\/schema\/person\/230b4a4171b31e97671db5b680f06b08"},"description":"Agradeceremos a l@s compa\u00f1er@s del INECC-SEMARNAT que trabajan en la formulaci\u00f3n de acciones para contender con los problemas ocasionados por el Hurac\u00e1n OTIS que nos mantengan al tanto sobre ello.","breadcrumb":{"@id":"https:\/\/cristinacortinas.org\/sustentabilidad\/invitacion-a-multiplicar-interacciones-ante-emergencia-climatica\/#breadcrumb"},"inLanguage":"es","potentialAction":[{"@type":"ReadAction","target":["https:\/\/cristinacortinas.org\/sustentabilidad\/invitacion-a-multiplicar-interacciones-ante-emergencia-climatica\/"]}]},{"@type":"ImageObject","inLanguage":"es","@id":"https:\/\/cristinacortinas.org\/sustentabilidad\/invitacion-a-multiplicar-interacciones-ante-emergencia-climatica\/#primaryimage","url":"https:\/\/cristinacortinas.org\/sustentabilidad\/wp-content\/uploads\/2024\/05\/Huracan-OTIS.jpg","contentUrl":"https:\/\/cristinacortinas.org\/sustentabilidad\/wp-content\/uploads\/2024\/05\/Huracan-OTIS.jpg","width":1154,"height":648},{"@type":"BreadcrumbList","@id":"https:\/\/cristinacortinas.org\/sustentabilidad\/invitacion-a-multiplicar-interacciones-ante-emergencia-climatica\/#breadcrumb","itemListElement":[{"@type":"ListItem","position":1,"name":"Portada","item":"https:\/\/cristinacortinas.org\/sustentabilidad\/"},{"@type":"ListItem","position":2,"name":"INVITACI\u00d3N A MULTIPLICAR INTERACCIONES ANTE EMERGENCIA CLIM\u00c1TICA"}]},{"@type":"WebSite","@id":"https:\/\/cristinacortinas.org\/sustentabilidad\/#website","url":"https:\/\/cristinacortinas.org\/sustentabilidad\/","name":"Dra. Ma. Cristina Cortinas Dur\u00e1n","description":"","potentialAction":[{"@type":"SearchAction","target":{"@type":"EntryPoint","urlTemplate":"https:\/\/cristinacortinas.org\/sustentabilidad\/?s={search_term_string}"},"query-input":{"@type":"PropertyValueSpecification","valueRequired":true,"valueName":"search_term_string"}}],"inLanguage":"es"},{"@type":"Person","@id":"https:\/\/cristinacortinas.org\/sustentabilidad\/#\/schema\/person\/230b4a4171b31e97671db5b680f06b08","name":"CCristina"}]}},"_links":{"self":[{"href":"https:\/\/cristinacortinas.org\/sustentabilidad\/wp-json\/wp\/v2\/posts\/9097","targetHints":{"allow":["GET"]}}],"collection":[{"href":"https:\/\/cristinacortinas.org\/sustentabilidad\/wp-json\/wp\/v2\/posts"}],"about":[{"href":"https:\/\/cristinacortinas.org\/sustentabilidad\/wp-json\/wp\/v2\/types\/post"}],"author":[{"embeddable":true,"href":"https:\/\/cristinacortinas.org\/sustentabilidad\/wp-json\/wp\/v2\/users\/1"}],"replies":[{"embeddable":true,"href":"https:\/\/cristinacortinas.org\/sustentabilidad\/wp-json\/wp\/v2\/comments?post=9097"}],"version-history":[{"count":1,"href":"https:\/\/cristinacortinas.org\/sustentabilidad\/wp-json\/wp\/v2\/posts\/9097\/revisions"}],"predecessor-version":[{"id":9100,"href":"https:\/\/cristinacortinas.org\/sustentabilidad\/wp-json\/wp\/v2\/posts\/9097\/revisions\/9100"}],"wp:featuredmedia":[{"embeddable":true,"href":"https:\/\/cristinacortinas.org\/sustentabilidad\/wp-json\/wp\/v2\/media\/9099"}],"wp:attachment":[{"href":"https:\/\/cristinacortinas.org\/sustentabilidad\/wp-json\/wp\/v2\/media?parent=9097"}],"wp:term":[{"taxonomy":"category","embeddable":true,"href":"https:\/\/cristinacortinas.org\/sustentabilidad\/wp-json\/wp\/v2\/categories?post=9097"},{"taxonomy":"post_tag","embeddable":true,"href":"https:\/\/cristinacortinas.org\/sustentabilidad\/wp-json\/wp\/v2\/tags?post=9097"}],"curies":[{"name":"wp","href":"https:\/\/api.w.org\/{rel}","templated":true}]}}