{"id":9027,"date":"2024-04-19T11:05:22","date_gmt":"2024-04-19T17:05:22","guid":{"rendered":"https:\/\/cristinacortinas.org\/sustentabilidad\/?p=9027"},"modified":"2024-04-19T11:05:58","modified_gmt":"2024-04-19T17:05:58","slug":"puede-la-economia-circular-contribuir-a-mitigar-el-cancer","status":"publish","type":"post","link":"https:\/\/cristinacortinas.org\/sustentabilidad\/puede-la-economia-circular-contribuir-a-mitigar-el-cancer\/","title":{"rendered":"\u00bfPuede la econom\u00eda circular contribuir a mitigar el c\u00e1ncer?"},"content":{"rendered":"<p>Estoy en v\u00edas de actualizar el libro \u201cC\u00e1ncer, Herencia y Ambiente\u201d, que public\u00f3 el Fondo de Cultura Econ\u00f3mica hace m\u00e1s de veinte a\u00f1os y cuya \u00faltima actualizaci\u00f3n ocurri\u00f3 en 2012 y cubri\u00f3 aspectos tendientes a lograr su prevenci\u00f3n; no solo cient\u00edficos sino de inter\u00e9s social. De manera que tengo una oportunidad de oro para abordar el tema, con la debida consideraci\u00f3n a la forma en que la econom\u00eda circular comunitaria, regenerativa, social y solidaria puede contribuir a que deje de ser una de las principales causas de muerte en nuestro pa\u00eds. As\u00ed que quiero compartir con ustedes las videograbaciones de una pl\u00e1tica que impart\u00ed para socializar el tema y que espero sea de su inter\u00e9s. Bienvenidas sus opiniones al respecto y su apoyo para difundirlas.<\/p>\n<blockquote class=\"wp-embedded-content\" data-secret=\"AARm1vhXEN\"><p><a href=\"https:\/\/cristinacortinas.org\/sustentabilidad\/book\/cancer-herencia-y-ambiente\/\">C\u00e1ncer: Herencia y Ambiente<\/a><\/p><\/blockquote>\n<p><iframe loading=\"lazy\" class=\"wp-embedded-content\" sandbox=\"allow-scripts\" security=\"restricted\" style=\"position: absolute; visibility: hidden;\" title=\"\u00abC\u00e1ncer: Herencia y Ambiente\u00bb \u2014 Dra. Ma. Cristina Cortinas Dur\u00e1n\" src=\"https:\/\/cristinacortinas.org\/sustentabilidad\/book\/cancer-herencia-y-ambiente\/embed\/#?secret=eb2NuKTePD#?secret=AARm1vhXEN\" data-secret=\"AARm1vhXEN\" width=\"600\" height=\"338\" frameborder=\"0\" marginwidth=\"0\" marginheight=\"0\" scrolling=\"no\"><\/iframe><\/p>\n<p>&nbsp;<\/p>\n<p>Conferencia:<\/p>\n<blockquote class=\"wp-embedded-content\" data-secret=\"NmyKiZrEus\"><p><a href=\"https:\/\/cristinacortinas.org\/sustentabilidad\/video-completo-cancer-herencia-y-ambiente\/\">Video Completo: C\u00e1ncer, herencia y ambiente<\/a><\/p><\/blockquote>\n<p><iframe loading=\"lazy\" class=\"wp-embedded-content\" sandbox=\"allow-scripts\" security=\"restricted\" style=\"position: absolute; visibility: hidden;\" title=\"\u00abVideo Completo: C\u00e1ncer, herencia y ambiente\u00bb \u2014 Dra. Ma. Cristina Cortinas Dur\u00e1n\" src=\"https:\/\/cristinacortinas.org\/sustentabilidad\/video-completo-cancer-herencia-y-ambiente\/embed\/#?secret=TK3n46yVLw#?secret=NmyKiZrEus\" data-secret=\"NmyKiZrEus\" width=\"600\" height=\"338\" frameborder=\"0\" marginwidth=\"0\" marginheight=\"0\" scrolling=\"no\"><\/iframe><\/p>\n<p>Cristina Cortinas<\/p>\n","protected":false},"excerpt":{"rendered":"<p>Estoy en v\u00edas de actualizar el libro \u201cC\u00e1ncer, Herencia y Ambiente\u201d, que public\u00f3 el Fondo de Cultura Econ\u00f3mica hace m\u00e1s de veinte a\u00f1os y cuya \u00faltima actualizaci\u00f3n ocurri\u00f3 en 2012 y cubri\u00f3 aspectos tendientes a lograr su prevenci\u00f3n; no solo cient\u00edficos sino de inter\u00e9s social. De manera que tengo una oportunidad de oro para abordar el tema, con la debida&nbsp;<a href=\"https:\/\/cristinacortinas.org\/sustentabilidad\/puede-la-economia-circular-contribuir-a-mitigar-el-cancer\/\" class=\"read-more\">Seguir leyendo<\/a><\/p>\n","protected":false},"author":1,"featured_media":9030,"comment_status":"open","ping_status":"closed","sticky":false,"template":"","format":"standard","meta":{"footnotes":""},"categories":[40],"tags":[703,1141],"class_list":["post-9027","post","type-post","status-publish","format-standard","has-post-thumbnail","hentry","category-noticias","tag-economia-circular","tag-mitigar-el-cancer","cat-40-id"],"yoast_head":"<!-- This site is optimized with the Yoast SEO plugin v27.4 - https:\/\/yoast.com\/product\/yoast-seo-wordpress\/ -->\n<title>\u00bfPuede la econom\u00eda circular contribuir a mitigar el c\u00e1ncer? - Dra. Ma. Cristina Cortinas Dur\u00e1n<\/title>\n<meta name=\"description\" content=\"Estoy en v\u00edas de actualizar el libro \u201cC\u00e1ncer, Herencia y Ambiente\u201d, que public\u00f3 el Fondo de Cultura Econ\u00f3mica hace m\u00e1s de veinte a\u00f1os y cuya \u00faltima actualizaci\u00f3n ocurri\u00f3 en 2012 y cubri\u00f3 aspectos tendientes a lograr su prevenci\u00f3n; no solo cient\u00edficos sino de inter\u00e9s social\" \/>\n<meta name=\"robots\" content=\"index, follow, max-snippet:-1, max-image-preview:large, max-video-preview:-1\" \/>\n<link rel=\"canonical\" href=\"https:\/\/cristinacortinas.org\/sustentabilidad\/puede-la-economia-circular-contribuir-a-mitigar-el-cancer\/\" \/>\n<meta property=\"og:locale\" content=\"es_ES\" \/>\n<meta property=\"og:type\" content=\"article\" \/>\n<meta property=\"og:title\" content=\"\u00bfPuede la econom\u00eda circular contribuir a mitigar el c\u00e1ncer? - Dra. Ma. Cristina Cortinas Dur\u00e1n\" \/>\n<meta property=\"og:description\" content=\"Estoy en v\u00edas de actualizar el libro \u201cC\u00e1ncer, Herencia y Ambiente\u201d, que public\u00f3 el Fondo de Cultura Econ\u00f3mica hace m\u00e1s de veinte a\u00f1os y cuya \u00faltima actualizaci\u00f3n ocurri\u00f3 en 2012 y cubri\u00f3 aspectos tendientes a lograr su prevenci\u00f3n; no solo cient\u00edficos sino de inter\u00e9s social\" \/>\n<meta property=\"og:url\" content=\"https:\/\/cristinacortinas.org\/sustentabilidad\/puede-la-economia-circular-contribuir-a-mitigar-el-cancer\/\" \/>\n<meta property=\"og:site_name\" content=\"Dra. Ma. Cristina Cortinas Dur\u00e1n\" \/>\n<meta property=\"article:publisher\" content=\"https:\/\/www.facebook.com\/cristinacortinasduran\/\" \/>\n<meta property=\"article:published_time\" content=\"2024-04-19T17:05:22+00:00\" \/>\n<meta property=\"article:modified_time\" content=\"2024-04-19T17:05:58+00:00\" \/>\n<meta property=\"og:image\" content=\"https:\/\/cristinacortinas.org\/sustentabilidad\/wp-content\/uploads\/2024\/04\/FM4240.jpg\" \/>\n\t<meta property=\"og:image:width\" content=\"250\" \/>\n\t<meta property=\"og:image:height\" content=\"388\" \/>\n\t<meta property=\"og:image:type\" content=\"image\/jpeg\" \/>\n<meta name=\"author\" content=\"CCristina\" \/>\n<meta name=\"twitter:card\" content=\"summary_large_image\" \/>\n<meta name=\"twitter:creator\" content=\"@DraCrisCortinas\" \/>\n<meta name=\"twitter:site\" content=\"@DraCrisCortinas\" \/>\n<meta name=\"twitter:label1\" content=\"Escrito por\" \/>\n\t<meta name=\"twitter:data1\" content=\"CCristina\" \/>\n\t<meta name=\"twitter:label2\" content=\"Tiempo de lectura\" \/>\n\t<meta name=\"twitter:data2\" content=\"1 minuto\" \/>\n<script type=\"application\/ld+json\" class=\"yoast-schema-graph\">{\"@context\":\"https:\\\/\\\/schema.org\",\"@graph\":[{\"@type\":\"Article\",\"@id\":\"https:\\\/\\\/cristinacortinas.org\\\/sustentabilidad\\\/puede-la-economia-circular-contribuir-a-mitigar-el-cancer\\\/#article\",\"isPartOf\":{\"@id\":\"https:\\\/\\\/cristinacortinas.org\\\/sustentabilidad\\\/puede-la-economia-circular-contribuir-a-mitigar-el-cancer\\\/\"},\"author\":{\"name\":\"CCristina\",\"@id\":\"https:\\\/\\\/cristinacortinas.org\\\/sustentabilidad\\\/#\\\/schema\\\/person\\\/230b4a4171b31e97671db5b680f06b08\"},\"headline\":\"\u00bfPuede la econom\u00eda circular contribuir a mitigar el c\u00e1ncer?\",\"datePublished\":\"2024-04-19T17:05:22+00:00\",\"dateModified\":\"2024-04-19T17:05:58+00:00\",\"mainEntityOfPage\":{\"@id\":\"https:\\\/\\\/cristinacortinas.org\\\/sustentabilidad\\\/puede-la-economia-circular-contribuir-a-mitigar-el-cancer\\\/\"},\"wordCount\":164,\"commentCount\":0,\"image\":{\"@id\":\"https:\\\/\\\/cristinacortinas.org\\\/sustentabilidad\\\/puede-la-economia-circular-contribuir-a-mitigar-el-cancer\\\/#primaryimage\"},\"thumbnailUrl\":\"https:\\\/\\\/cristinacortinas.org\\\/sustentabilidad\\\/wp-content\\\/uploads\\\/2024\\\/04\\\/FM4240.jpg\",\"keywords\":[\"Econom\u00eda Circular\",\"mitigar el c\u00e1ncer\"],\"articleSection\":[\"Noticias\"],\"inLanguage\":\"es\",\"potentialAction\":[{\"@type\":\"CommentAction\",\"name\":\"Comment\",\"target\":[\"https:\\\/\\\/cristinacortinas.org\\\/sustentabilidad\\\/puede-la-economia-circular-contribuir-a-mitigar-el-cancer\\\/#respond\"]}]},{\"@type\":\"WebPage\",\"@id\":\"https:\\\/\\\/cristinacortinas.org\\\/sustentabilidad\\\/puede-la-economia-circular-contribuir-a-mitigar-el-cancer\\\/\",\"url\":\"https:\\\/\\\/cristinacortinas.org\\\/sustentabilidad\\\/puede-la-economia-circular-contribuir-a-mitigar-el-cancer\\\/\",\"name\":\"\u00bfPuede la econom\u00eda circular contribuir a mitigar el c\u00e1ncer? - Dra. Ma. Cristina Cortinas Dur\u00e1n\",\"isPartOf\":{\"@id\":\"https:\\\/\\\/cristinacortinas.org\\\/sustentabilidad\\\/#website\"},\"primaryImageOfPage\":{\"@id\":\"https:\\\/\\\/cristinacortinas.org\\\/sustentabilidad\\\/puede-la-economia-circular-contribuir-a-mitigar-el-cancer\\\/#primaryimage\"},\"image\":{\"@id\":\"https:\\\/\\\/cristinacortinas.org\\\/sustentabilidad\\\/puede-la-economia-circular-contribuir-a-mitigar-el-cancer\\\/#primaryimage\"},\"thumbnailUrl\":\"https:\\\/\\\/cristinacortinas.org\\\/sustentabilidad\\\/wp-content\\\/uploads\\\/2024\\\/04\\\/FM4240.jpg\",\"datePublished\":\"2024-04-19T17:05:22+00:00\",\"dateModified\":\"2024-04-19T17:05:58+00:00\",\"author\":{\"@id\":\"https:\\\/\\\/cristinacortinas.org\\\/sustentabilidad\\\/#\\\/schema\\\/person\\\/230b4a4171b31e97671db5b680f06b08\"},\"description\":\"Estoy en v\u00edas de actualizar el libro \u201cC\u00e1ncer, Herencia y Ambiente\u201d, que public\u00f3 el Fondo de Cultura Econ\u00f3mica hace m\u00e1s de veinte a\u00f1os y cuya \u00faltima actualizaci\u00f3n ocurri\u00f3 en 2012 y cubri\u00f3 aspectos tendientes a lograr su prevenci\u00f3n; no solo cient\u00edficos sino de inter\u00e9s social\",\"breadcrumb\":{\"@id\":\"https:\\\/\\\/cristinacortinas.org\\\/sustentabilidad\\\/puede-la-economia-circular-contribuir-a-mitigar-el-cancer\\\/#breadcrumb\"},\"inLanguage\":\"es\",\"potentialAction\":[{\"@type\":\"ReadAction\",\"target\":[\"https:\\\/\\\/cristinacortinas.org\\\/sustentabilidad\\\/puede-la-economia-circular-contribuir-a-mitigar-el-cancer\\\/\"]}]},{\"@type\":\"ImageObject\",\"inLanguage\":\"es\",\"@id\":\"https:\\\/\\\/cristinacortinas.org\\\/sustentabilidad\\\/puede-la-economia-circular-contribuir-a-mitigar-el-cancer\\\/#primaryimage\",\"url\":\"https:\\\/\\\/cristinacortinas.org\\\/sustentabilidad\\\/wp-content\\\/uploads\\\/2024\\\/04\\\/FM4240.jpg\",\"contentUrl\":\"https:\\\/\\\/cristinacortinas.org\\\/sustentabilidad\\\/wp-content\\\/uploads\\\/2024\\\/04\\\/FM4240.jpg\",\"width\":250,\"height\":388},{\"@type\":\"BreadcrumbList\",\"@id\":\"https:\\\/\\\/cristinacortinas.org\\\/sustentabilidad\\\/puede-la-economia-circular-contribuir-a-mitigar-el-cancer\\\/#breadcrumb\",\"itemListElement\":[{\"@type\":\"ListItem\",\"position\":1,\"name\":\"Portada\",\"item\":\"https:\\\/\\\/cristinacortinas.org\\\/sustentabilidad\\\/\"},{\"@type\":\"ListItem\",\"position\":2,\"name\":\"\u00bfPuede la econom\u00eda circular contribuir a mitigar el c\u00e1ncer?\"}]},{\"@type\":\"WebSite\",\"@id\":\"https:\\\/\\\/cristinacortinas.org\\\/sustentabilidad\\\/#website\",\"url\":\"https:\\\/\\\/cristinacortinas.org\\\/sustentabilidad\\\/\",\"name\":\"Dra. Ma. Cristina Cortinas Dur\u00e1n\",\"description\":\"\",\"potentialAction\":[{\"@type\":\"SearchAction\",\"target\":{\"@type\":\"EntryPoint\",\"urlTemplate\":\"https:\\\/\\\/cristinacortinas.org\\\/sustentabilidad\\\/?s={search_term_string}\"},\"query-input\":{\"@type\":\"PropertyValueSpecification\",\"valueRequired\":true,\"valueName\":\"search_term_string\"}}],\"inLanguage\":\"es\"},{\"@type\":\"Person\",\"@id\":\"https:\\\/\\\/cristinacortinas.org\\\/sustentabilidad\\\/#\\\/schema\\\/person\\\/230b4a4171b31e97671db5b680f06b08\",\"name\":\"CCristina\"}]}<\/script>\n<!-- \/ Yoast SEO plugin. -->","yoast_head_json":{"title":"\u00bfPuede la econom\u00eda circular contribuir a mitigar el c\u00e1ncer? - Dra. Ma. Cristina Cortinas Dur\u00e1n","description":"Estoy en v\u00edas de actualizar el libro \u201cC\u00e1ncer, Herencia y Ambiente\u201d, que public\u00f3 el Fondo de Cultura Econ\u00f3mica hace m\u00e1s de veinte a\u00f1os y cuya \u00faltima actualizaci\u00f3n ocurri\u00f3 en 2012 y cubri\u00f3 aspectos tendientes a lograr su prevenci\u00f3n; no solo cient\u00edficos sino de inter\u00e9s social","robots":{"index":"index","follow":"follow","max-snippet":"max-snippet:-1","max-image-preview":"max-image-preview:large","max-video-preview":"max-video-preview:-1"},"canonical":"https:\/\/cristinacortinas.org\/sustentabilidad\/puede-la-economia-circular-contribuir-a-mitigar-el-cancer\/","og_locale":"es_ES","og_type":"article","og_title":"\u00bfPuede la econom\u00eda circular contribuir a mitigar el c\u00e1ncer? - Dra. Ma. Cristina Cortinas Dur\u00e1n","og_description":"Estoy en v\u00edas de actualizar el libro \u201cC\u00e1ncer, Herencia y Ambiente\u201d, que public\u00f3 el Fondo de Cultura Econ\u00f3mica hace m\u00e1s de veinte a\u00f1os y cuya \u00faltima actualizaci\u00f3n ocurri\u00f3 en 2012 y cubri\u00f3 aspectos tendientes a lograr su prevenci\u00f3n; no solo cient\u00edficos sino de inter\u00e9s social","og_url":"https:\/\/cristinacortinas.org\/sustentabilidad\/puede-la-economia-circular-contribuir-a-mitigar-el-cancer\/","og_site_name":"Dra. Ma. Cristina Cortinas Dur\u00e1n","article_publisher":"https:\/\/www.facebook.com\/cristinacortinasduran\/","article_published_time":"2024-04-19T17:05:22+00:00","article_modified_time":"2024-04-19T17:05:58+00:00","og_image":[{"width":250,"height":388,"url":"https:\/\/cristinacortinas.org\/sustentabilidad\/wp-content\/uploads\/2024\/04\/FM4240.jpg","type":"image\/jpeg"}],"author":"CCristina","twitter_card":"summary_large_image","twitter_creator":"@DraCrisCortinas","twitter_site":"@DraCrisCortinas","twitter_misc":{"Escrito por":"CCristina","Tiempo de lectura":"1 minuto"},"schema":{"@context":"https:\/\/schema.org","@graph":[{"@type":"Article","@id":"https:\/\/cristinacortinas.org\/sustentabilidad\/puede-la-economia-circular-contribuir-a-mitigar-el-cancer\/#article","isPartOf":{"@id":"https:\/\/cristinacortinas.org\/sustentabilidad\/puede-la-economia-circular-contribuir-a-mitigar-el-cancer\/"},"author":{"name":"CCristina","@id":"https:\/\/cristinacortinas.org\/sustentabilidad\/#\/schema\/person\/230b4a4171b31e97671db5b680f06b08"},"headline":"\u00bfPuede la econom\u00eda circular contribuir a mitigar el c\u00e1ncer?","datePublished":"2024-04-19T17:05:22+00:00","dateModified":"2024-04-19T17:05:58+00:00","mainEntityOfPage":{"@id":"https:\/\/cristinacortinas.org\/sustentabilidad\/puede-la-economia-circular-contribuir-a-mitigar-el-cancer\/"},"wordCount":164,"commentCount":0,"image":{"@id":"https:\/\/cristinacortinas.org\/sustentabilidad\/puede-la-economia-circular-contribuir-a-mitigar-el-cancer\/#primaryimage"},"thumbnailUrl":"https:\/\/cristinacortinas.org\/sustentabilidad\/wp-content\/uploads\/2024\/04\/FM4240.jpg","keywords":["Econom\u00eda Circular","mitigar el c\u00e1ncer"],"articleSection":["Noticias"],"inLanguage":"es","potentialAction":[{"@type":"CommentAction","name":"Comment","target":["https:\/\/cristinacortinas.org\/sustentabilidad\/puede-la-economia-circular-contribuir-a-mitigar-el-cancer\/#respond"]}]},{"@type":"WebPage","@id":"https:\/\/cristinacortinas.org\/sustentabilidad\/puede-la-economia-circular-contribuir-a-mitigar-el-cancer\/","url":"https:\/\/cristinacortinas.org\/sustentabilidad\/puede-la-economia-circular-contribuir-a-mitigar-el-cancer\/","name":"\u00bfPuede la econom\u00eda circular contribuir a mitigar el c\u00e1ncer? - Dra. Ma. Cristina Cortinas Dur\u00e1n","isPartOf":{"@id":"https:\/\/cristinacortinas.org\/sustentabilidad\/#website"},"primaryImageOfPage":{"@id":"https:\/\/cristinacortinas.org\/sustentabilidad\/puede-la-economia-circular-contribuir-a-mitigar-el-cancer\/#primaryimage"},"image":{"@id":"https:\/\/cristinacortinas.org\/sustentabilidad\/puede-la-economia-circular-contribuir-a-mitigar-el-cancer\/#primaryimage"},"thumbnailUrl":"https:\/\/cristinacortinas.org\/sustentabilidad\/wp-content\/uploads\/2024\/04\/FM4240.jpg","datePublished":"2024-04-19T17:05:22+00:00","dateModified":"2024-04-19T17:05:58+00:00","author":{"@id":"https:\/\/cristinacortinas.org\/sustentabilidad\/#\/schema\/person\/230b4a4171b31e97671db5b680f06b08"},"description":"Estoy en v\u00edas de actualizar el libro \u201cC\u00e1ncer, Herencia y Ambiente\u201d, que public\u00f3 el Fondo de Cultura Econ\u00f3mica hace m\u00e1s de veinte a\u00f1os y cuya \u00faltima actualizaci\u00f3n ocurri\u00f3 en 2012 y cubri\u00f3 aspectos tendientes a lograr su prevenci\u00f3n; no solo cient\u00edficos sino de inter\u00e9s social","breadcrumb":{"@id":"https:\/\/cristinacortinas.org\/sustentabilidad\/puede-la-economia-circular-contribuir-a-mitigar-el-cancer\/#breadcrumb"},"inLanguage":"es","potentialAction":[{"@type":"ReadAction","target":["https:\/\/cristinacortinas.org\/sustentabilidad\/puede-la-economia-circular-contribuir-a-mitigar-el-cancer\/"]}]},{"@type":"ImageObject","inLanguage":"es","@id":"https:\/\/cristinacortinas.org\/sustentabilidad\/puede-la-economia-circular-contribuir-a-mitigar-el-cancer\/#primaryimage","url":"https:\/\/cristinacortinas.org\/sustentabilidad\/wp-content\/uploads\/2024\/04\/FM4240.jpg","contentUrl":"https:\/\/cristinacortinas.org\/sustentabilidad\/wp-content\/uploads\/2024\/04\/FM4240.jpg","width":250,"height":388},{"@type":"BreadcrumbList","@id":"https:\/\/cristinacortinas.org\/sustentabilidad\/puede-la-economia-circular-contribuir-a-mitigar-el-cancer\/#breadcrumb","itemListElement":[{"@type":"ListItem","position":1,"name":"Portada","item":"https:\/\/cristinacortinas.org\/sustentabilidad\/"},{"@type":"ListItem","position":2,"name":"\u00bfPuede la econom\u00eda circular contribuir a mitigar el c\u00e1ncer?"}]},{"@type":"WebSite","@id":"https:\/\/cristinacortinas.org\/sustentabilidad\/#website","url":"https:\/\/cristinacortinas.org\/sustentabilidad\/","name":"Dra. Ma. Cristina Cortinas Dur\u00e1n","description":"","potentialAction":[{"@type":"SearchAction","target":{"@type":"EntryPoint","urlTemplate":"https:\/\/cristinacortinas.org\/sustentabilidad\/?s={search_term_string}"},"query-input":{"@type":"PropertyValueSpecification","valueRequired":true,"valueName":"search_term_string"}}],"inLanguage":"es"},{"@type":"Person","@id":"https:\/\/cristinacortinas.org\/sustentabilidad\/#\/schema\/person\/230b4a4171b31e97671db5b680f06b08","name":"CCristina"}]}},"_links":{"self":[{"href":"https:\/\/cristinacortinas.org\/sustentabilidad\/wp-json\/wp\/v2\/posts\/9027","targetHints":{"allow":["GET"]}}],"collection":[{"href":"https:\/\/cristinacortinas.org\/sustentabilidad\/wp-json\/wp\/v2\/posts"}],"about":[{"href":"https:\/\/cristinacortinas.org\/sustentabilidad\/wp-json\/wp\/v2\/types\/post"}],"author":[{"embeddable":true,"href":"https:\/\/cristinacortinas.org\/sustentabilidad\/wp-json\/wp\/v2\/users\/1"}],"replies":[{"embeddable":true,"href":"https:\/\/cristinacortinas.org\/sustentabilidad\/wp-json\/wp\/v2\/comments?post=9027"}],"version-history":[{"count":1,"href":"https:\/\/cristinacortinas.org\/sustentabilidad\/wp-json\/wp\/v2\/posts\/9027\/revisions"}],"predecessor-version":[{"id":9029,"href":"https:\/\/cristinacortinas.org\/sustentabilidad\/wp-json\/wp\/v2\/posts\/9027\/revisions\/9029"}],"wp:featuredmedia":[{"embeddable":true,"href":"https:\/\/cristinacortinas.org\/sustentabilidad\/wp-json\/wp\/v2\/media\/9030"}],"wp:attachment":[{"href":"https:\/\/cristinacortinas.org\/sustentabilidad\/wp-json\/wp\/v2\/media?parent=9027"}],"wp:term":[{"taxonomy":"category","embeddable":true,"href":"https:\/\/cristinacortinas.org\/sustentabilidad\/wp-json\/wp\/v2\/categories?post=9027"},{"taxonomy":"post_tag","embeddable":true,"href":"https:\/\/cristinacortinas.org\/sustentabilidad\/wp-json\/wp\/v2\/tags?post=9027"}],"curies":[{"name":"wp","href":"https:\/\/api.w.org\/{rel}","templated":true}]}}