{"id":9000,"date":"2024-04-15T12:45:18","date_gmt":"2024-04-15T18:45:18","guid":{"rendered":"https:\/\/cristinacortinas.org\/sustentabilidad\/?p=9000"},"modified":"2024-04-15T12:45:18","modified_gmt":"2024-04-15T18:45:18","slug":"el-foro-europeo-de-economia-circular-wcef2024-turning-circular-visions-into-actions","status":"publish","type":"post","link":"https:\/\/cristinacortinas.org\/sustentabilidad\/el-foro-europeo-de-economia-circular-wcef2024-turning-circular-visions-into-actions\/","title":{"rendered":"El Foro Europeo de Econom\u00eda Circular (WCEF2024 \u2013 Turning circular visions into actions!)"},"content":{"rendered":"<p>Inici\u00f3 hoy a las 3 de la ma\u00f1ana hora de M\u00e9xico y seguir\u00e1 ma\u00f1ana a la misma hora.<\/p>\n<p>Ser\u00e1 grabado y el registro y las conferencias estar\u00e1n disponibles en <a href=\"https:\/\/wcef2024.com\">https:\/\/wcef2024.com<\/a><br \/>\nAnexo el Informe \u201cAccelerating the circular economy in Europe State and outlook 2024\u201d, en donde dan a conocer las perspectivas de su pol\u00edtica para los pr\u00f3ximos a\u00f1os que se centrar\u00e1 en las personas, combatir\u00e1 la desigualdad, la pobreza, el hambre y la falta de empleos dignos, con un enfoque como el que nuestra Fundaci\u00f3n promueve en M\u00e9xico. Bienvenidos sus comentarios al respecto y su apoyo para difundir estas noticias y materiales.<\/p>\n<div class='w3eden'><!-- WPDM Link Template: Default Template -->\n\n<div class=\"link-template-default card mb-2\">\n    <div class=\"card-body\">\n        <div class=\"media\">\n            <div class=\"mr-3 img-48\"><img decoding=\"async\" class=\"wpdm_icon\" alt=\"Icono\"   src=\"https:\/\/cristinacortinas.org\/sustentabilidad\/wp-content\/plugins\/download-manager\/assets\/file-type-icons\/pdf.png\" \/><\/div>\n            <div class=\"media-body\">\n                <h3 class=\"package-title\"><a href='https:\/\/cristinacortinas.org\/sustentabilidad\/download\/accelerating-the-circular-economy-in-europe-2024\/'>Accelerating the circular economy in Europe 2024<\/a><\/h3>\n                <div class=\"text-muted text-small\"><i class=\"fas fa-copy\"><\/i> 1 archivo(s) <i class=\"fas fa-hdd ml-3\"><\/i> 3.78 MB<\/div>\n            <\/div>\n            <div class=\"ml-3\">\n                <a class='wpdm-download-link download-on-click btn btn-info ' rel='nofollow' href='#' data-downloadurl=\"https:\/\/cristinacortinas.org\/sustentabilidad\/download\/accelerating-the-circular-economy-in-europe-2024\/?wpdmdl=9001&refresh=69eeebdc9df2a1777265628\">Descargar<\/a>\n            <\/div>\n        <\/div>\n    <\/div>\n<\/div>\n\n<\/div>\n<p>Cristina Cortinas<\/p>\n","protected":false},"excerpt":{"rendered":"<p>Inici\u00f3 hoy a las 3 de la ma\u00f1ana hora de M\u00e9xico y seguir\u00e1 ma\u00f1ana a la misma hora. Ser\u00e1 grabado y el registro y las conferencias estar\u00e1n disponibles en https:\/\/wcef2024.com Anexo el Informe \u201cAccelerating the circular economy in Europe State and outlook 2024\u201d, en donde dan a conocer las perspectivas de su pol\u00edtica para los pr\u00f3ximos a\u00f1os que se centrar\u00e1&nbsp;<a href=\"https:\/\/cristinacortinas.org\/sustentabilidad\/el-foro-europeo-de-economia-circular-wcef2024-turning-circular-visions-into-actions\/\" class=\"read-more\">Seguir leyendo<\/a><\/p>\n","protected":false},"author":1,"featured_media":9003,"comment_status":"closed","ping_status":"closed","sticky":false,"template":"","format":"standard","meta":{"footnotes":""},"categories":[40],"tags":[],"class_list":["post-9000","post","type-post","status-publish","format-standard","has-post-thumbnail","hentry","category-noticias","cat-40-id"],"yoast_head":"<!-- This site is optimized with the Yoast SEO plugin v27.4 - https:\/\/yoast.com\/product\/yoast-seo-wordpress\/ -->\n<title>El Foro Europeo de Econom\u00eda Circular (WCEF2024 \u2013 Turning circular visions into actions!)<\/title>\n<meta name=\"description\" content=\"Inici\u00f3 hoy a las 3 de la ma\u00f1ana hora de M\u00e9xico y seguir\u00e1 ma\u00f1ana a la misma hora.\" \/>\n<meta name=\"robots\" content=\"index, follow, max-snippet:-1, max-image-preview:large, max-video-preview:-1\" \/>\n<link rel=\"canonical\" href=\"https:\/\/cristinacortinas.org\/sustentabilidad\/el-foro-europeo-de-economia-circular-wcef2024-turning-circular-visions-into-actions\/\" \/>\n<meta property=\"og:locale\" content=\"es_ES\" \/>\n<meta property=\"og:type\" content=\"article\" \/>\n<meta property=\"og:title\" content=\"El Foro Europeo de Econom\u00eda Circular (WCEF2024 \u2013 Turning circular visions into actions!)\" \/>\n<meta property=\"og:description\" content=\"Inici\u00f3 hoy a las 3 de la ma\u00f1ana hora de M\u00e9xico y seguir\u00e1 ma\u00f1ana a la misma hora.\" \/>\n<meta property=\"og:url\" content=\"https:\/\/cristinacortinas.org\/sustentabilidad\/el-foro-europeo-de-economia-circular-wcef2024-turning-circular-visions-into-actions\/\" \/>\n<meta property=\"og:site_name\" content=\"Dra. Ma. Cristina Cortinas Dur\u00e1n\" \/>\n<meta property=\"article:publisher\" content=\"https:\/\/www.facebook.com\/cristinacortinasduran\/\" \/>\n<meta property=\"article:published_time\" content=\"2024-04-15T18:45:18+00:00\" \/>\n<meta property=\"og:image\" content=\"https:\/\/cristinacortinas.org\/sustentabilidad\/wp-content\/uploads\/2024\/04\/WCEFheader2024.jpg\" \/>\n\t<meta property=\"og:image:width\" content=\"1350\" \/>\n\t<meta property=\"og:image:height\" content=\"1350\" \/>\n\t<meta property=\"og:image:type\" content=\"image\/jpeg\" \/>\n<meta name=\"author\" content=\"CCristina\" \/>\n<meta name=\"twitter:card\" content=\"summary_large_image\" \/>\n<meta name=\"twitter:creator\" content=\"@DraCrisCortinas\" \/>\n<meta name=\"twitter:site\" content=\"@DraCrisCortinas\" \/>\n<meta name=\"twitter:label1\" content=\"Escrito por\" \/>\n\t<meta name=\"twitter:data1\" content=\"CCristina\" \/>\n\t<meta name=\"twitter:label2\" content=\"Tiempo de lectura\" \/>\n\t<meta name=\"twitter:data2\" content=\"1 minuto\" \/>\n<script type=\"application\/ld+json\" class=\"yoast-schema-graph\">{\"@context\":\"https:\\\/\\\/schema.org\",\"@graph\":[{\"@type\":\"Article\",\"@id\":\"https:\\\/\\\/cristinacortinas.org\\\/sustentabilidad\\\/el-foro-europeo-de-economia-circular-wcef2024-turning-circular-visions-into-actions\\\/#article\",\"isPartOf\":{\"@id\":\"https:\\\/\\\/cristinacortinas.org\\\/sustentabilidad\\\/el-foro-europeo-de-economia-circular-wcef2024-turning-circular-visions-into-actions\\\/\"},\"author\":{\"name\":\"CCristina\",\"@id\":\"https:\\\/\\\/cristinacortinas.org\\\/sustentabilidad\\\/#\\\/schema\\\/person\\\/230b4a4171b31e97671db5b680f06b08\"},\"headline\":\"El Foro Europeo de Econom\u00eda Circular (WCEF2024 \u2013 Turning circular visions into actions!)\",\"datePublished\":\"2024-04-15T18:45:18+00:00\",\"mainEntityOfPage\":{\"@id\":\"https:\\\/\\\/cristinacortinas.org\\\/sustentabilidad\\\/el-foro-europeo-de-economia-circular-wcef2024-turning-circular-visions-into-actions\\\/\"},\"wordCount\":130,\"image\":{\"@id\":\"https:\\\/\\\/cristinacortinas.org\\\/sustentabilidad\\\/el-foro-europeo-de-economia-circular-wcef2024-turning-circular-visions-into-actions\\\/#primaryimage\"},\"thumbnailUrl\":\"https:\\\/\\\/cristinacortinas.org\\\/sustentabilidad\\\/wp-content\\\/uploads\\\/2024\\\/04\\\/WCEFheader2024.jpg\",\"articleSection\":[\"Noticias\"],\"inLanguage\":\"es\"},{\"@type\":\"WebPage\",\"@id\":\"https:\\\/\\\/cristinacortinas.org\\\/sustentabilidad\\\/el-foro-europeo-de-economia-circular-wcef2024-turning-circular-visions-into-actions\\\/\",\"url\":\"https:\\\/\\\/cristinacortinas.org\\\/sustentabilidad\\\/el-foro-europeo-de-economia-circular-wcef2024-turning-circular-visions-into-actions\\\/\",\"name\":\"El Foro Europeo de Econom\u00eda Circular (WCEF2024 \u2013 Turning circular visions into actions!)\",\"isPartOf\":{\"@id\":\"https:\\\/\\\/cristinacortinas.org\\\/sustentabilidad\\\/#website\"},\"primaryImageOfPage\":{\"@id\":\"https:\\\/\\\/cristinacortinas.org\\\/sustentabilidad\\\/el-foro-europeo-de-economia-circular-wcef2024-turning-circular-visions-into-actions\\\/#primaryimage\"},\"image\":{\"@id\":\"https:\\\/\\\/cristinacortinas.org\\\/sustentabilidad\\\/el-foro-europeo-de-economia-circular-wcef2024-turning-circular-visions-into-actions\\\/#primaryimage\"},\"thumbnailUrl\":\"https:\\\/\\\/cristinacortinas.org\\\/sustentabilidad\\\/wp-content\\\/uploads\\\/2024\\\/04\\\/WCEFheader2024.jpg\",\"datePublished\":\"2024-04-15T18:45:18+00:00\",\"author\":{\"@id\":\"https:\\\/\\\/cristinacortinas.org\\\/sustentabilidad\\\/#\\\/schema\\\/person\\\/230b4a4171b31e97671db5b680f06b08\"},\"description\":\"Inici\u00f3 hoy a las 3 de la ma\u00f1ana hora de M\u00e9xico y seguir\u00e1 ma\u00f1ana a la misma hora.\",\"breadcrumb\":{\"@id\":\"https:\\\/\\\/cristinacortinas.org\\\/sustentabilidad\\\/el-foro-europeo-de-economia-circular-wcef2024-turning-circular-visions-into-actions\\\/#breadcrumb\"},\"inLanguage\":\"es\",\"potentialAction\":[{\"@type\":\"ReadAction\",\"target\":[\"https:\\\/\\\/cristinacortinas.org\\\/sustentabilidad\\\/el-foro-europeo-de-economia-circular-wcef2024-turning-circular-visions-into-actions\\\/\"]}]},{\"@type\":\"ImageObject\",\"inLanguage\":\"es\",\"@id\":\"https:\\\/\\\/cristinacortinas.org\\\/sustentabilidad\\\/el-foro-europeo-de-economia-circular-wcef2024-turning-circular-visions-into-actions\\\/#primaryimage\",\"url\":\"https:\\\/\\\/cristinacortinas.org\\\/sustentabilidad\\\/wp-content\\\/uploads\\\/2024\\\/04\\\/WCEFheader2024.jpg\",\"contentUrl\":\"https:\\\/\\\/cristinacortinas.org\\\/sustentabilidad\\\/wp-content\\\/uploads\\\/2024\\\/04\\\/WCEFheader2024.jpg\",\"width\":1350,\"height\":1350},{\"@type\":\"BreadcrumbList\",\"@id\":\"https:\\\/\\\/cristinacortinas.org\\\/sustentabilidad\\\/el-foro-europeo-de-economia-circular-wcef2024-turning-circular-visions-into-actions\\\/#breadcrumb\",\"itemListElement\":[{\"@type\":\"ListItem\",\"position\":1,\"name\":\"Portada\",\"item\":\"https:\\\/\\\/cristinacortinas.org\\\/sustentabilidad\\\/\"},{\"@type\":\"ListItem\",\"position\":2,\"name\":\"El Foro Europeo de Econom\u00eda Circular (WCEF2024 \u2013 Turning circular visions into actions!)\"}]},{\"@type\":\"WebSite\",\"@id\":\"https:\\\/\\\/cristinacortinas.org\\\/sustentabilidad\\\/#website\",\"url\":\"https:\\\/\\\/cristinacortinas.org\\\/sustentabilidad\\\/\",\"name\":\"Dra. Ma. Cristina Cortinas Dur\u00e1n\",\"description\":\"\",\"potentialAction\":[{\"@type\":\"SearchAction\",\"target\":{\"@type\":\"EntryPoint\",\"urlTemplate\":\"https:\\\/\\\/cristinacortinas.org\\\/sustentabilidad\\\/?s={search_term_string}\"},\"query-input\":{\"@type\":\"PropertyValueSpecification\",\"valueRequired\":true,\"valueName\":\"search_term_string\"}}],\"inLanguage\":\"es\"},{\"@type\":\"Person\",\"@id\":\"https:\\\/\\\/cristinacortinas.org\\\/sustentabilidad\\\/#\\\/schema\\\/person\\\/230b4a4171b31e97671db5b680f06b08\",\"name\":\"CCristina\"}]}<\/script>\n<!-- \/ Yoast SEO plugin. -->","yoast_head_json":{"title":"El Foro Europeo de Econom\u00eda Circular (WCEF2024 \u2013 Turning circular visions into actions!)","description":"Inici\u00f3 hoy a las 3 de la ma\u00f1ana hora de M\u00e9xico y seguir\u00e1 ma\u00f1ana a la misma hora.","robots":{"index":"index","follow":"follow","max-snippet":"max-snippet:-1","max-image-preview":"max-image-preview:large","max-video-preview":"max-video-preview:-1"},"canonical":"https:\/\/cristinacortinas.org\/sustentabilidad\/el-foro-europeo-de-economia-circular-wcef2024-turning-circular-visions-into-actions\/","og_locale":"es_ES","og_type":"article","og_title":"El Foro Europeo de Econom\u00eda Circular (WCEF2024 \u2013 Turning circular visions into actions!)","og_description":"Inici\u00f3 hoy a las 3 de la ma\u00f1ana hora de M\u00e9xico y seguir\u00e1 ma\u00f1ana a la misma hora.","og_url":"https:\/\/cristinacortinas.org\/sustentabilidad\/el-foro-europeo-de-economia-circular-wcef2024-turning-circular-visions-into-actions\/","og_site_name":"Dra. Ma. Cristina Cortinas Dur\u00e1n","article_publisher":"https:\/\/www.facebook.com\/cristinacortinasduran\/","article_published_time":"2024-04-15T18:45:18+00:00","og_image":[{"width":1350,"height":1350,"url":"https:\/\/cristinacortinas.org\/sustentabilidad\/wp-content\/uploads\/2024\/04\/WCEFheader2024.jpg","type":"image\/jpeg"}],"author":"CCristina","twitter_card":"summary_large_image","twitter_creator":"@DraCrisCortinas","twitter_site":"@DraCrisCortinas","twitter_misc":{"Escrito por":"CCristina","Tiempo de lectura":"1 minuto"},"schema":{"@context":"https:\/\/schema.org","@graph":[{"@type":"Article","@id":"https:\/\/cristinacortinas.org\/sustentabilidad\/el-foro-europeo-de-economia-circular-wcef2024-turning-circular-visions-into-actions\/#article","isPartOf":{"@id":"https:\/\/cristinacortinas.org\/sustentabilidad\/el-foro-europeo-de-economia-circular-wcef2024-turning-circular-visions-into-actions\/"},"author":{"name":"CCristina","@id":"https:\/\/cristinacortinas.org\/sustentabilidad\/#\/schema\/person\/230b4a4171b31e97671db5b680f06b08"},"headline":"El Foro Europeo de Econom\u00eda Circular (WCEF2024 \u2013 Turning circular visions into actions!)","datePublished":"2024-04-15T18:45:18+00:00","mainEntityOfPage":{"@id":"https:\/\/cristinacortinas.org\/sustentabilidad\/el-foro-europeo-de-economia-circular-wcef2024-turning-circular-visions-into-actions\/"},"wordCount":130,"image":{"@id":"https:\/\/cristinacortinas.org\/sustentabilidad\/el-foro-europeo-de-economia-circular-wcef2024-turning-circular-visions-into-actions\/#primaryimage"},"thumbnailUrl":"https:\/\/cristinacortinas.org\/sustentabilidad\/wp-content\/uploads\/2024\/04\/WCEFheader2024.jpg","articleSection":["Noticias"],"inLanguage":"es"},{"@type":"WebPage","@id":"https:\/\/cristinacortinas.org\/sustentabilidad\/el-foro-europeo-de-economia-circular-wcef2024-turning-circular-visions-into-actions\/","url":"https:\/\/cristinacortinas.org\/sustentabilidad\/el-foro-europeo-de-economia-circular-wcef2024-turning-circular-visions-into-actions\/","name":"El Foro Europeo de Econom\u00eda Circular (WCEF2024 \u2013 Turning circular visions into actions!)","isPartOf":{"@id":"https:\/\/cristinacortinas.org\/sustentabilidad\/#website"},"primaryImageOfPage":{"@id":"https:\/\/cristinacortinas.org\/sustentabilidad\/el-foro-europeo-de-economia-circular-wcef2024-turning-circular-visions-into-actions\/#primaryimage"},"image":{"@id":"https:\/\/cristinacortinas.org\/sustentabilidad\/el-foro-europeo-de-economia-circular-wcef2024-turning-circular-visions-into-actions\/#primaryimage"},"thumbnailUrl":"https:\/\/cristinacortinas.org\/sustentabilidad\/wp-content\/uploads\/2024\/04\/WCEFheader2024.jpg","datePublished":"2024-04-15T18:45:18+00:00","author":{"@id":"https:\/\/cristinacortinas.org\/sustentabilidad\/#\/schema\/person\/230b4a4171b31e97671db5b680f06b08"},"description":"Inici\u00f3 hoy a las 3 de la ma\u00f1ana hora de M\u00e9xico y seguir\u00e1 ma\u00f1ana a la misma hora.","breadcrumb":{"@id":"https:\/\/cristinacortinas.org\/sustentabilidad\/el-foro-europeo-de-economia-circular-wcef2024-turning-circular-visions-into-actions\/#breadcrumb"},"inLanguage":"es","potentialAction":[{"@type":"ReadAction","target":["https:\/\/cristinacortinas.org\/sustentabilidad\/el-foro-europeo-de-economia-circular-wcef2024-turning-circular-visions-into-actions\/"]}]},{"@type":"ImageObject","inLanguage":"es","@id":"https:\/\/cristinacortinas.org\/sustentabilidad\/el-foro-europeo-de-economia-circular-wcef2024-turning-circular-visions-into-actions\/#primaryimage","url":"https:\/\/cristinacortinas.org\/sustentabilidad\/wp-content\/uploads\/2024\/04\/WCEFheader2024.jpg","contentUrl":"https:\/\/cristinacortinas.org\/sustentabilidad\/wp-content\/uploads\/2024\/04\/WCEFheader2024.jpg","width":1350,"height":1350},{"@type":"BreadcrumbList","@id":"https:\/\/cristinacortinas.org\/sustentabilidad\/el-foro-europeo-de-economia-circular-wcef2024-turning-circular-visions-into-actions\/#breadcrumb","itemListElement":[{"@type":"ListItem","position":1,"name":"Portada","item":"https:\/\/cristinacortinas.org\/sustentabilidad\/"},{"@type":"ListItem","position":2,"name":"El Foro Europeo de Econom\u00eda Circular (WCEF2024 \u2013 Turning circular visions into actions!)"}]},{"@type":"WebSite","@id":"https:\/\/cristinacortinas.org\/sustentabilidad\/#website","url":"https:\/\/cristinacortinas.org\/sustentabilidad\/","name":"Dra. Ma. Cristina Cortinas Dur\u00e1n","description":"","potentialAction":[{"@type":"SearchAction","target":{"@type":"EntryPoint","urlTemplate":"https:\/\/cristinacortinas.org\/sustentabilidad\/?s={search_term_string}"},"query-input":{"@type":"PropertyValueSpecification","valueRequired":true,"valueName":"search_term_string"}}],"inLanguage":"es"},{"@type":"Person","@id":"https:\/\/cristinacortinas.org\/sustentabilidad\/#\/schema\/person\/230b4a4171b31e97671db5b680f06b08","name":"CCristina"}]}},"_links":{"self":[{"href":"https:\/\/cristinacortinas.org\/sustentabilidad\/wp-json\/wp\/v2\/posts\/9000","targetHints":{"allow":["GET"]}}],"collection":[{"href":"https:\/\/cristinacortinas.org\/sustentabilidad\/wp-json\/wp\/v2\/posts"}],"about":[{"href":"https:\/\/cristinacortinas.org\/sustentabilidad\/wp-json\/wp\/v2\/types\/post"}],"author":[{"embeddable":true,"href":"https:\/\/cristinacortinas.org\/sustentabilidad\/wp-json\/wp\/v2\/users\/1"}],"replies":[{"embeddable":true,"href":"https:\/\/cristinacortinas.org\/sustentabilidad\/wp-json\/wp\/v2\/comments?post=9000"}],"version-history":[{"count":1,"href":"https:\/\/cristinacortinas.org\/sustentabilidad\/wp-json\/wp\/v2\/posts\/9000\/revisions"}],"predecessor-version":[{"id":9004,"href":"https:\/\/cristinacortinas.org\/sustentabilidad\/wp-json\/wp\/v2\/posts\/9000\/revisions\/9004"}],"wp:featuredmedia":[{"embeddable":true,"href":"https:\/\/cristinacortinas.org\/sustentabilidad\/wp-json\/wp\/v2\/media\/9003"}],"wp:attachment":[{"href":"https:\/\/cristinacortinas.org\/sustentabilidad\/wp-json\/wp\/v2\/media?parent=9000"}],"wp:term":[{"taxonomy":"category","embeddable":true,"href":"https:\/\/cristinacortinas.org\/sustentabilidad\/wp-json\/wp\/v2\/categories?post=9000"},{"taxonomy":"post_tag","embeddable":true,"href":"https:\/\/cristinacortinas.org\/sustentabilidad\/wp-json\/wp\/v2\/tags?post=9000"}],"curies":[{"name":"wp","href":"https:\/\/api.w.org\/{rel}","templated":true}]}}