{"id":8963,"date":"2024-03-02T10:19:55","date_gmt":"2024-03-02T16:19:55","guid":{"rendered":"https:\/\/cristinacortinas.org\/sustentabilidad\/?p=8963"},"modified":"2024-03-02T10:21:50","modified_gmt":"2024-03-02T16:21:50","slug":"invitacion-de-la-comision-para-la-cooperacion-ambiental-de-america-del-norte","status":"publish","type":"post","link":"https:\/\/cristinacortinas.org\/sustentabilidad\/invitacion-de-la-comision-para-la-cooperacion-ambiental-de-america-del-norte\/","title":{"rendered":"Invitaci\u00f3n de la Comisi\u00f3n para la Cooperaci\u00f3n Ambiental de Am\u00e9rica del Norte"},"content":{"rendered":"<p>El 5 de marzo, \u00fanase a nuestro seminario web \u201cInvolucramiento de las comunidades locales de Am\u00e9rica del Norte en la reducci\u00f3n de la basura marina\"<\/p>\n<p>Por favor reg\u00edstrense en el Foro, en la invitaci\u00f3n que les envi\u00e9 en el texto que explica en qu\u00e9 consiste el foro vienen lugares que pueden activar para conocer m\u00e1s acerca de \u00e9l y una liga para ingresar al formato de registro, aseg\u00farense que est\u00e9n registrados para que puedan ingresar el d\u00eda 5. Complemento la informaci\u00f3n con el Plan de Acci\u00f3n que se formul\u00f3 en Chiapa de Corzo para evitar la basura marina con acciones locales.<\/p>\n<p><img loading=\"lazy\" decoding=\"async\" class=\"alignnone size-full wp-image-8964\" src=\"http:\/\/cristinacortinas.org\/sustentabilidad\/wp-content\/uploads\/2024\/03\/Invitacion-de-la-Comision-para-la-Cooperacion-Ambiental-de-America-del-Norte-.jpg\" alt=\"\" width=\"921\" height=\"524\" srcset=\"https:\/\/cristinacortinas.org\/sustentabilidad\/wp-content\/uploads\/2024\/03\/Invitacion-de-la-Comision-para-la-Cooperacion-Ambiental-de-America-del-Norte-.jpg 921w, https:\/\/cristinacortinas.org\/sustentabilidad\/wp-content\/uploads\/2024\/03\/Invitacion-de-la-Comision-para-la-Cooperacion-Ambiental-de-America-del-Norte--300x171.jpg 300w, https:\/\/cristinacortinas.org\/sustentabilidad\/wp-content\/uploads\/2024\/03\/Invitacion-de-la-Comision-para-la-Cooperacion-Ambiental-de-America-del-Norte--768x437.jpg 768w\" sizes=\"auto, (max-width: 921px) 100vw, 921px\" \/><\/p>\n","protected":false},"excerpt":{"rendered":"<p>El 5 de marzo, \u00fanase a nuestro seminario web \u201cInvolucramiento de las comunidades locales de Am\u00e9rica del Norte en la reducci\u00f3n de la basura marina\" Por favor reg\u00edstrense en el Foro, en la invitaci\u00f3n que les envi\u00e9 en el texto que explica en qu\u00e9 consiste el foro vienen lugares que pueden activar para conocer m\u00e1s acerca de \u00e9l y una&nbsp;<a href=\"https:\/\/cristinacortinas.org\/sustentabilidad\/invitacion-de-la-comision-para-la-cooperacion-ambiental-de-america-del-norte\/\" class=\"read-more\">Seguir leyendo<\/a><\/p>\n","protected":false},"author":1,"featured_media":8964,"comment_status":"closed","ping_status":"closed","sticky":false,"template":"","format":"aside","meta":{"footnotes":""},"categories":[40],"tags":[],"class_list":["post-8963","post","type-post","status-publish","format-aside","has-post-thumbnail","hentry","category-noticias","post_format-post-format-aside","cat-40-id"],"yoast_head":"<!-- This site is optimized with the Yoast SEO plugin v27.4 - https:\/\/yoast.com\/product\/yoast-seo-wordpress\/ -->\n<title>Invitaci\u00f3n de la Comisi\u00f3n para la Cooperaci\u00f3n Ambiental de Am\u00e9rica del Norte - Dra. Ma. Cristina Cortinas Dur\u00e1n<\/title>\n<meta name=\"description\" content=\"El 5 de marzo, \u00fanase a nuestro seminario web \u201cInvolucramiento de las comunidades locales de Am\u00e9rica del Norte en la reducci\u00f3n de la basura marina&quot;\" \/>\n<meta name=\"robots\" content=\"index, follow, max-snippet:-1, max-image-preview:large, max-video-preview:-1\" \/>\n<link rel=\"canonical\" href=\"https:\/\/cristinacortinas.org\/sustentabilidad\/invitacion-de-la-comision-para-la-cooperacion-ambiental-de-america-del-norte\/\" \/>\n<meta property=\"og:locale\" content=\"es_ES\" \/>\n<meta property=\"og:type\" content=\"article\" \/>\n<meta property=\"og:title\" content=\"Invitaci\u00f3n de la Comisi\u00f3n para la Cooperaci\u00f3n Ambiental de Am\u00e9rica del Norte - Dra. Ma. Cristina Cortinas Dur\u00e1n\" \/>\n<meta property=\"og:description\" content=\"El 5 de marzo, \u00fanase a nuestro seminario web \u201cInvolucramiento de las comunidades locales de Am\u00e9rica del Norte en la reducci\u00f3n de la basura marina&quot;\" \/>\n<meta property=\"og:url\" content=\"https:\/\/cristinacortinas.org\/sustentabilidad\/invitacion-de-la-comision-para-la-cooperacion-ambiental-de-america-del-norte\/\" \/>\n<meta property=\"og:site_name\" content=\"Dra. Ma. Cristina Cortinas Dur\u00e1n\" \/>\n<meta property=\"article:publisher\" content=\"https:\/\/www.facebook.com\/cristinacortinasduran\/\" \/>\n<meta property=\"article:published_time\" content=\"2024-03-02T16:19:55+00:00\" \/>\n<meta property=\"article:modified_time\" content=\"2024-03-02T16:21:50+00:00\" \/>\n<meta property=\"og:image\" content=\"https:\/\/cristinacortinas.org\/sustentabilidad\/wp-content\/uploads\/2024\/03\/Invitacion-de-la-Comision-para-la-Cooperacion-Ambiental-de-America-del-Norte-.jpg\" \/>\n\t<meta property=\"og:image:width\" content=\"921\" \/>\n\t<meta property=\"og:image:height\" content=\"524\" \/>\n\t<meta property=\"og:image:type\" content=\"image\/jpeg\" \/>\n<meta name=\"author\" content=\"CCristina\" \/>\n<meta name=\"twitter:card\" content=\"summary_large_image\" \/>\n<meta name=\"twitter:creator\" content=\"@DraCrisCortinas\" \/>\n<meta name=\"twitter:site\" content=\"@DraCrisCortinas\" \/>\n<meta name=\"twitter:label1\" content=\"Escrito por\" \/>\n\t<meta name=\"twitter:data1\" content=\"CCristina\" \/>\n\t<meta name=\"twitter:label2\" content=\"Tiempo de lectura\" \/>\n\t<meta name=\"twitter:data2\" content=\"1 minuto\" \/>\n<script type=\"application\/ld+json\" class=\"yoast-schema-graph\">{\"@context\":\"https:\\\/\\\/schema.org\",\"@graph\":[{\"@type\":\"Article\",\"@id\":\"https:\\\/\\\/cristinacortinas.org\\\/sustentabilidad\\\/invitacion-de-la-comision-para-la-cooperacion-ambiental-de-america-del-norte\\\/#article\",\"isPartOf\":{\"@id\":\"https:\\\/\\\/cristinacortinas.org\\\/sustentabilidad\\\/invitacion-de-la-comision-para-la-cooperacion-ambiental-de-america-del-norte\\\/\"},\"author\":{\"name\":\"CCristina\",\"@id\":\"https:\\\/\\\/cristinacortinas.org\\\/sustentabilidad\\\/#\\\/schema\\\/person\\\/230b4a4171b31e97671db5b680f06b08\"},\"headline\":\"Invitaci\u00f3n de la Comisi\u00f3n para la Cooperaci\u00f3n Ambiental de Am\u00e9rica del Norte\",\"datePublished\":\"2024-03-02T16:19:55+00:00\",\"dateModified\":\"2024-03-02T16:21:50+00:00\",\"mainEntityOfPage\":{\"@id\":\"https:\\\/\\\/cristinacortinas.org\\\/sustentabilidad\\\/invitacion-de-la-comision-para-la-cooperacion-ambiental-de-america-del-norte\\\/\"},\"wordCount\":125,\"image\":{\"@id\":\"https:\\\/\\\/cristinacortinas.org\\\/sustentabilidad\\\/invitacion-de-la-comision-para-la-cooperacion-ambiental-de-america-del-norte\\\/#primaryimage\"},\"thumbnailUrl\":\"https:\\\/\\\/cristinacortinas.org\\\/sustentabilidad\\\/wp-content\\\/uploads\\\/2024\\\/03\\\/Invitacion-de-la-Comision-para-la-Cooperacion-Ambiental-de-America-del-Norte-.jpg\",\"articleSection\":[\"Noticias\"],\"inLanguage\":\"es\"},{\"@type\":\"WebPage\",\"@id\":\"https:\\\/\\\/cristinacortinas.org\\\/sustentabilidad\\\/invitacion-de-la-comision-para-la-cooperacion-ambiental-de-america-del-norte\\\/\",\"url\":\"https:\\\/\\\/cristinacortinas.org\\\/sustentabilidad\\\/invitacion-de-la-comision-para-la-cooperacion-ambiental-de-america-del-norte\\\/\",\"name\":\"Invitaci\u00f3n de la Comisi\u00f3n para la Cooperaci\u00f3n Ambiental de Am\u00e9rica del Norte - Dra. Ma. Cristina Cortinas Dur\u00e1n\",\"isPartOf\":{\"@id\":\"https:\\\/\\\/cristinacortinas.org\\\/sustentabilidad\\\/#website\"},\"primaryImageOfPage\":{\"@id\":\"https:\\\/\\\/cristinacortinas.org\\\/sustentabilidad\\\/invitacion-de-la-comision-para-la-cooperacion-ambiental-de-america-del-norte\\\/#primaryimage\"},\"image\":{\"@id\":\"https:\\\/\\\/cristinacortinas.org\\\/sustentabilidad\\\/invitacion-de-la-comision-para-la-cooperacion-ambiental-de-america-del-norte\\\/#primaryimage\"},\"thumbnailUrl\":\"https:\\\/\\\/cristinacortinas.org\\\/sustentabilidad\\\/wp-content\\\/uploads\\\/2024\\\/03\\\/Invitacion-de-la-Comision-para-la-Cooperacion-Ambiental-de-America-del-Norte-.jpg\",\"datePublished\":\"2024-03-02T16:19:55+00:00\",\"dateModified\":\"2024-03-02T16:21:50+00:00\",\"author\":{\"@id\":\"https:\\\/\\\/cristinacortinas.org\\\/sustentabilidad\\\/#\\\/schema\\\/person\\\/230b4a4171b31e97671db5b680f06b08\"},\"description\":\"El 5 de marzo, \u00fanase a nuestro seminario web \u201cInvolucramiento de las comunidades locales de Am\u00e9rica del Norte en la reducci\u00f3n de la basura marina\\\"\",\"breadcrumb\":{\"@id\":\"https:\\\/\\\/cristinacortinas.org\\\/sustentabilidad\\\/invitacion-de-la-comision-para-la-cooperacion-ambiental-de-america-del-norte\\\/#breadcrumb\"},\"inLanguage\":\"es\",\"potentialAction\":[{\"@type\":\"ReadAction\",\"target\":[\"https:\\\/\\\/cristinacortinas.org\\\/sustentabilidad\\\/invitacion-de-la-comision-para-la-cooperacion-ambiental-de-america-del-norte\\\/\"]}]},{\"@type\":\"ImageObject\",\"inLanguage\":\"es\",\"@id\":\"https:\\\/\\\/cristinacortinas.org\\\/sustentabilidad\\\/invitacion-de-la-comision-para-la-cooperacion-ambiental-de-america-del-norte\\\/#primaryimage\",\"url\":\"https:\\\/\\\/cristinacortinas.org\\\/sustentabilidad\\\/wp-content\\\/uploads\\\/2024\\\/03\\\/Invitacion-de-la-Comision-para-la-Cooperacion-Ambiental-de-America-del-Norte-.jpg\",\"contentUrl\":\"https:\\\/\\\/cristinacortinas.org\\\/sustentabilidad\\\/wp-content\\\/uploads\\\/2024\\\/03\\\/Invitacion-de-la-Comision-para-la-Cooperacion-Ambiental-de-America-del-Norte-.jpg\",\"width\":921,\"height\":524},{\"@type\":\"BreadcrumbList\",\"@id\":\"https:\\\/\\\/cristinacortinas.org\\\/sustentabilidad\\\/invitacion-de-la-comision-para-la-cooperacion-ambiental-de-america-del-norte\\\/#breadcrumb\",\"itemListElement\":[{\"@type\":\"ListItem\",\"position\":1,\"name\":\"Portada\",\"item\":\"https:\\\/\\\/cristinacortinas.org\\\/sustentabilidad\\\/\"},{\"@type\":\"ListItem\",\"position\":2,\"name\":\"Invitaci\u00f3n de la Comisi\u00f3n para la Cooperaci\u00f3n Ambiental de Am\u00e9rica del Norte\"}]},{\"@type\":\"WebSite\",\"@id\":\"https:\\\/\\\/cristinacortinas.org\\\/sustentabilidad\\\/#website\",\"url\":\"https:\\\/\\\/cristinacortinas.org\\\/sustentabilidad\\\/\",\"name\":\"Dra. Ma. Cristina Cortinas Dur\u00e1n\",\"description\":\"\",\"potentialAction\":[{\"@type\":\"SearchAction\",\"target\":{\"@type\":\"EntryPoint\",\"urlTemplate\":\"https:\\\/\\\/cristinacortinas.org\\\/sustentabilidad\\\/?s={search_term_string}\"},\"query-input\":{\"@type\":\"PropertyValueSpecification\",\"valueRequired\":true,\"valueName\":\"search_term_string\"}}],\"inLanguage\":\"es\"},{\"@type\":\"Person\",\"@id\":\"https:\\\/\\\/cristinacortinas.org\\\/sustentabilidad\\\/#\\\/schema\\\/person\\\/230b4a4171b31e97671db5b680f06b08\",\"name\":\"CCristina\"}]}<\/script>\n<!-- \/ Yoast SEO plugin. -->","yoast_head_json":{"title":"Invitaci\u00f3n de la Comisi\u00f3n para la Cooperaci\u00f3n Ambiental de Am\u00e9rica del Norte - Dra. Ma. Cristina Cortinas Dur\u00e1n","description":"El 5 de marzo, \u00fanase a nuestro seminario web \u201cInvolucramiento de las comunidades locales de Am\u00e9rica del Norte en la reducci\u00f3n de la basura marina\"","robots":{"index":"index","follow":"follow","max-snippet":"max-snippet:-1","max-image-preview":"max-image-preview:large","max-video-preview":"max-video-preview:-1"},"canonical":"https:\/\/cristinacortinas.org\/sustentabilidad\/invitacion-de-la-comision-para-la-cooperacion-ambiental-de-america-del-norte\/","og_locale":"es_ES","og_type":"article","og_title":"Invitaci\u00f3n de la Comisi\u00f3n para la Cooperaci\u00f3n Ambiental de Am\u00e9rica del Norte - Dra. Ma. Cristina Cortinas Dur\u00e1n","og_description":"El 5 de marzo, \u00fanase a nuestro seminario web \u201cInvolucramiento de las comunidades locales de Am\u00e9rica del Norte en la reducci\u00f3n de la basura marina\"","og_url":"https:\/\/cristinacortinas.org\/sustentabilidad\/invitacion-de-la-comision-para-la-cooperacion-ambiental-de-america-del-norte\/","og_site_name":"Dra. Ma. Cristina Cortinas Dur\u00e1n","article_publisher":"https:\/\/www.facebook.com\/cristinacortinasduran\/","article_published_time":"2024-03-02T16:19:55+00:00","article_modified_time":"2024-03-02T16:21:50+00:00","og_image":[{"width":921,"height":524,"url":"https:\/\/cristinacortinas.org\/sustentabilidad\/wp-content\/uploads\/2024\/03\/Invitacion-de-la-Comision-para-la-Cooperacion-Ambiental-de-America-del-Norte-.jpg","type":"image\/jpeg"}],"author":"CCristina","twitter_card":"summary_large_image","twitter_creator":"@DraCrisCortinas","twitter_site":"@DraCrisCortinas","twitter_misc":{"Escrito por":"CCristina","Tiempo de lectura":"1 minuto"},"schema":{"@context":"https:\/\/schema.org","@graph":[{"@type":"Article","@id":"https:\/\/cristinacortinas.org\/sustentabilidad\/invitacion-de-la-comision-para-la-cooperacion-ambiental-de-america-del-norte\/#article","isPartOf":{"@id":"https:\/\/cristinacortinas.org\/sustentabilidad\/invitacion-de-la-comision-para-la-cooperacion-ambiental-de-america-del-norte\/"},"author":{"name":"CCristina","@id":"https:\/\/cristinacortinas.org\/sustentabilidad\/#\/schema\/person\/230b4a4171b31e97671db5b680f06b08"},"headline":"Invitaci\u00f3n de la Comisi\u00f3n para la Cooperaci\u00f3n Ambiental de Am\u00e9rica del Norte","datePublished":"2024-03-02T16:19:55+00:00","dateModified":"2024-03-02T16:21:50+00:00","mainEntityOfPage":{"@id":"https:\/\/cristinacortinas.org\/sustentabilidad\/invitacion-de-la-comision-para-la-cooperacion-ambiental-de-america-del-norte\/"},"wordCount":125,"image":{"@id":"https:\/\/cristinacortinas.org\/sustentabilidad\/invitacion-de-la-comision-para-la-cooperacion-ambiental-de-america-del-norte\/#primaryimage"},"thumbnailUrl":"https:\/\/cristinacortinas.org\/sustentabilidad\/wp-content\/uploads\/2024\/03\/Invitacion-de-la-Comision-para-la-Cooperacion-Ambiental-de-America-del-Norte-.jpg","articleSection":["Noticias"],"inLanguage":"es"},{"@type":"WebPage","@id":"https:\/\/cristinacortinas.org\/sustentabilidad\/invitacion-de-la-comision-para-la-cooperacion-ambiental-de-america-del-norte\/","url":"https:\/\/cristinacortinas.org\/sustentabilidad\/invitacion-de-la-comision-para-la-cooperacion-ambiental-de-america-del-norte\/","name":"Invitaci\u00f3n de la Comisi\u00f3n para la Cooperaci\u00f3n Ambiental de Am\u00e9rica del Norte - Dra. Ma. Cristina Cortinas Dur\u00e1n","isPartOf":{"@id":"https:\/\/cristinacortinas.org\/sustentabilidad\/#website"},"primaryImageOfPage":{"@id":"https:\/\/cristinacortinas.org\/sustentabilidad\/invitacion-de-la-comision-para-la-cooperacion-ambiental-de-america-del-norte\/#primaryimage"},"image":{"@id":"https:\/\/cristinacortinas.org\/sustentabilidad\/invitacion-de-la-comision-para-la-cooperacion-ambiental-de-america-del-norte\/#primaryimage"},"thumbnailUrl":"https:\/\/cristinacortinas.org\/sustentabilidad\/wp-content\/uploads\/2024\/03\/Invitacion-de-la-Comision-para-la-Cooperacion-Ambiental-de-America-del-Norte-.jpg","datePublished":"2024-03-02T16:19:55+00:00","dateModified":"2024-03-02T16:21:50+00:00","author":{"@id":"https:\/\/cristinacortinas.org\/sustentabilidad\/#\/schema\/person\/230b4a4171b31e97671db5b680f06b08"},"description":"El 5 de marzo, \u00fanase a nuestro seminario web \u201cInvolucramiento de las comunidades locales de Am\u00e9rica del Norte en la reducci\u00f3n de la basura marina\"","breadcrumb":{"@id":"https:\/\/cristinacortinas.org\/sustentabilidad\/invitacion-de-la-comision-para-la-cooperacion-ambiental-de-america-del-norte\/#breadcrumb"},"inLanguage":"es","potentialAction":[{"@type":"ReadAction","target":["https:\/\/cristinacortinas.org\/sustentabilidad\/invitacion-de-la-comision-para-la-cooperacion-ambiental-de-america-del-norte\/"]}]},{"@type":"ImageObject","inLanguage":"es","@id":"https:\/\/cristinacortinas.org\/sustentabilidad\/invitacion-de-la-comision-para-la-cooperacion-ambiental-de-america-del-norte\/#primaryimage","url":"https:\/\/cristinacortinas.org\/sustentabilidad\/wp-content\/uploads\/2024\/03\/Invitacion-de-la-Comision-para-la-Cooperacion-Ambiental-de-America-del-Norte-.jpg","contentUrl":"https:\/\/cristinacortinas.org\/sustentabilidad\/wp-content\/uploads\/2024\/03\/Invitacion-de-la-Comision-para-la-Cooperacion-Ambiental-de-America-del-Norte-.jpg","width":921,"height":524},{"@type":"BreadcrumbList","@id":"https:\/\/cristinacortinas.org\/sustentabilidad\/invitacion-de-la-comision-para-la-cooperacion-ambiental-de-america-del-norte\/#breadcrumb","itemListElement":[{"@type":"ListItem","position":1,"name":"Portada","item":"https:\/\/cristinacortinas.org\/sustentabilidad\/"},{"@type":"ListItem","position":2,"name":"Invitaci\u00f3n de la Comisi\u00f3n para la Cooperaci\u00f3n Ambiental de Am\u00e9rica del Norte"}]},{"@type":"WebSite","@id":"https:\/\/cristinacortinas.org\/sustentabilidad\/#website","url":"https:\/\/cristinacortinas.org\/sustentabilidad\/","name":"Dra. Ma. Cristina Cortinas Dur\u00e1n","description":"","potentialAction":[{"@type":"SearchAction","target":{"@type":"EntryPoint","urlTemplate":"https:\/\/cristinacortinas.org\/sustentabilidad\/?s={search_term_string}"},"query-input":{"@type":"PropertyValueSpecification","valueRequired":true,"valueName":"search_term_string"}}],"inLanguage":"es"},{"@type":"Person","@id":"https:\/\/cristinacortinas.org\/sustentabilidad\/#\/schema\/person\/230b4a4171b31e97671db5b680f06b08","name":"CCristina"}]}},"_links":{"self":[{"href":"https:\/\/cristinacortinas.org\/sustentabilidad\/wp-json\/wp\/v2\/posts\/8963","targetHints":{"allow":["GET"]}}],"collection":[{"href":"https:\/\/cristinacortinas.org\/sustentabilidad\/wp-json\/wp\/v2\/posts"}],"about":[{"href":"https:\/\/cristinacortinas.org\/sustentabilidad\/wp-json\/wp\/v2\/types\/post"}],"author":[{"embeddable":true,"href":"https:\/\/cristinacortinas.org\/sustentabilidad\/wp-json\/wp\/v2\/users\/1"}],"replies":[{"embeddable":true,"href":"https:\/\/cristinacortinas.org\/sustentabilidad\/wp-json\/wp\/v2\/comments?post=8963"}],"version-history":[{"count":2,"href":"https:\/\/cristinacortinas.org\/sustentabilidad\/wp-json\/wp\/v2\/posts\/8963\/revisions"}],"predecessor-version":[{"id":8967,"href":"https:\/\/cristinacortinas.org\/sustentabilidad\/wp-json\/wp\/v2\/posts\/8963\/revisions\/8967"}],"wp:featuredmedia":[{"embeddable":true,"href":"https:\/\/cristinacortinas.org\/sustentabilidad\/wp-json\/wp\/v2\/media\/8964"}],"wp:attachment":[{"href":"https:\/\/cristinacortinas.org\/sustentabilidad\/wp-json\/wp\/v2\/media?parent=8963"}],"wp:term":[{"taxonomy":"category","embeddable":true,"href":"https:\/\/cristinacortinas.org\/sustentabilidad\/wp-json\/wp\/v2\/categories?post=8963"},{"taxonomy":"post_tag","embeddable":true,"href":"https:\/\/cristinacortinas.org\/sustentabilidad\/wp-json\/wp\/v2\/tags?post=8963"}],"curies":[{"name":"wp","href":"https:\/\/api.w.org\/{rel}","templated":true}]}}