{"id":8888,"date":"2023-06-07T11:19:36","date_gmt":"2023-06-07T17:19:36","guid":{"rendered":"https:\/\/cristinacortinas.org\/sustentabilidad\/?p=8888"},"modified":"2023-06-07T11:24:18","modified_gmt":"2023-06-07T17:24:18","slug":"mi-conferencia-por-un-mexico-sin-contaminacion-por-plasticos-para-salvar-al-planeta","status":"publish","type":"post","link":"https:\/\/cristinacortinas.org\/sustentabilidad\/mi-conferencia-por-un-mexico-sin-contaminacion-por-plasticos-para-salvar-al-planeta\/","title":{"rendered":"Mi conferencia &#8220;Por un M\u00e9xico sin contaminaci\u00f3n por pl\u00e1sticos para salvar al planeta&#8221;"},"content":{"rendered":"<p>Les invito a escuchar la videograbaci\u00f3n de mi conferencia \"Por un M\u00e9xico sin contaminaci\u00f3n por pl\u00e1sticos para salvar al planeta\", en la liga anexa. En ella hago planteamientos sobre c\u00f3mo con nuestra legislaci\u00f3n de residuos actual y la aplicaci\u00f3n de los planes de manejo de los residuos pl\u00e1sticos y otros materiales y productos post consumo sujetos a la NOM-161, podemos transitar hacia una econom\u00eda circular cero residuos y contaminaci\u00f3n derivada de su manejo.<\/p>\n<p>Link para ver la conferencia:<\/p>\n<p><a href=\"https:\/\/fb.watch\/l0tk4VOdTU\/\">https:\/\/fb.watch\/l0tk4VOdTU\/<\/a><\/p>\n<p>Presentaci\u00f3n de conferencia completa:<\/p>\n<div class='w3eden'><!-- WPDM Link Template: Default Template -->\n\n<div class=\"link-template-default card mb-2\">\n    <div class=\"card-body\">\n        <div class=\"media\">\n            <div class=\"mr-3 img-48\"><img decoding=\"async\" class=\"wpdm_icon\" alt=\"Icono\"   src=\"https:\/\/cristinacortinas.org\/sustentabilidad\/wp-content\/plugins\/download-manager\/assets\/file-type-icons\/pdf.png\" \/><\/div>\n            <div class=\"media-body\">\n                <h3 class=\"package-title\"><a href='https:\/\/cristinacortinas.org\/sustentabilidad\/download\/por-un-mexico-sin-contaminacion-por-plasticos-para-salvar-al-planeta\/'>Por un Me\u0301xico sin contaminacio\u0301n por pla\u0301sticos para salvar al planeta<\/a><\/h3>\n                <div class=\"text-muted text-small\"><i class=\"fas fa-copy\"><\/i> 1 archivo(s) <i class=\"fas fa-hdd ml-3\"><\/i> 3.04 MB<\/div>\n            <\/div>\n            <div class=\"ml-3\">\n                <a class='wpdm-download-link download-on-click btn btn-info ' rel='nofollow' href='#' data-downloadurl=\"https:\/\/cristinacortinas.org\/sustentabilidad\/download\/por-un-mexico-sin-contaminacion-por-plasticos-para-salvar-al-planeta\/?wpdmdl=8886&refresh=69ef2ee764b5e1777282791\">Descargar<\/a>\n            <\/div>\n        <\/div>\n    <\/div>\n<\/div>\n\n<\/div>\n<p>Cristina Cortinas<\/p>\n<p>&nbsp;<\/p>\n","protected":false},"excerpt":{"rendered":"<p>Les invito a escuchar la videograbaci\u00f3n de mi conferencia \"Por un M\u00e9xico sin contaminaci\u00f3n por pl\u00e1sticos para salvar al planeta\", en la liga anexa. En ella hago planteamientos sobre c\u00f3mo con nuestra legislaci\u00f3n de residuos actual y la aplicaci\u00f3n de los planes de manejo de los residuos pl\u00e1sticos y otros materiales y productos post consumo sujetos a la NOM-161, podemos&nbsp;<a href=\"https:\/\/cristinacortinas.org\/sustentabilidad\/mi-conferencia-por-un-mexico-sin-contaminacion-por-plasticos-para-salvar-al-planeta\/\" class=\"read-more\">Seguir leyendo<\/a><\/p>\n","protected":false},"author":1,"featured_media":8895,"comment_status":"closed","ping_status":"closed","sticky":false,"template":"","format":"standard","meta":{"footnotes":""},"categories":[40],"tags":[],"class_list":["post-8888","post","type-post","status-publish","format-standard","has-post-thumbnail","hentry","category-noticias","cat-40-id"],"yoast_head":"<!-- This site is optimized with the Yoast SEO plugin v27.4 - https:\/\/yoast.com\/product\/yoast-seo-wordpress\/ -->\n<title>Mi conferencia &quot;Por un M\u00e9xico sin contaminaci\u00f3n por pl\u00e1sticos para salvar al planeta&quot;<\/title>\n<meta name=\"description\" content=\"Les invito a escuchar la videograbaci\u00f3n de mi conferencia &quot;Por un M\u00e9xico sin contaminaci\u00f3n por pl\u00e1sticos para salvar al planeta&quot;\" \/>\n<meta name=\"robots\" content=\"index, follow, max-snippet:-1, max-image-preview:large, max-video-preview:-1\" \/>\n<link rel=\"canonical\" href=\"https:\/\/cristinacortinas.org\/sustentabilidad\/mi-conferencia-por-un-mexico-sin-contaminacion-por-plasticos-para-salvar-al-planeta\/\" \/>\n<meta property=\"og:locale\" content=\"es_ES\" \/>\n<meta property=\"og:type\" content=\"article\" \/>\n<meta property=\"og:title\" content=\"Mi conferencia &quot;Por un M\u00e9xico sin contaminaci\u00f3n por pl\u00e1sticos para salvar al planeta&quot;\" \/>\n<meta property=\"og:description\" content=\"Les invito a escuchar la videograbaci\u00f3n de mi conferencia &quot;Por un M\u00e9xico sin contaminaci\u00f3n por pl\u00e1sticos para salvar al planeta&quot;\" \/>\n<meta property=\"og:url\" content=\"https:\/\/cristinacortinas.org\/sustentabilidad\/mi-conferencia-por-un-mexico-sin-contaminacion-por-plasticos-para-salvar-al-planeta\/\" \/>\n<meta property=\"og:site_name\" content=\"Dra. Ma. Cristina Cortinas Dur\u00e1n\" \/>\n<meta property=\"article:publisher\" content=\"https:\/\/www.facebook.com\/cristinacortinasduran\/\" \/>\n<meta property=\"article:published_time\" content=\"2023-06-07T17:19:36+00:00\" \/>\n<meta property=\"article:modified_time\" content=\"2023-06-07T17:24:18+00:00\" \/>\n<meta property=\"og:image\" content=\"https:\/\/cristinacortinas.org\/sustentabilidad\/wp-content\/uploads\/2023\/06\/Por-un-M\u00e9xico-sin-contaminaci\u00f3n-por-pl\u00e1sticos-para-salvar-al-planeta.jpg\" \/>\n\t<meta property=\"og:image:width\" content=\"958\" \/>\n\t<meta property=\"og:image:height\" content=\"531\" \/>\n\t<meta property=\"og:image:type\" content=\"image\/jpeg\" \/>\n<meta name=\"author\" content=\"CCristina\" \/>\n<meta name=\"twitter:card\" content=\"summary_large_image\" \/>\n<meta name=\"twitter:creator\" content=\"@DraCrisCortinas\" \/>\n<meta name=\"twitter:site\" content=\"@DraCrisCortinas\" \/>\n<meta name=\"twitter:label1\" content=\"Escrito por\" \/>\n\t<meta name=\"twitter:data1\" content=\"CCristina\" \/>\n\t<meta name=\"twitter:label2\" content=\"Tiempo de lectura\" \/>\n\t<meta name=\"twitter:data2\" content=\"1 minuto\" \/>\n<script type=\"application\/ld+json\" class=\"yoast-schema-graph\">{\"@context\":\"https:\\\/\\\/schema.org\",\"@graph\":[{\"@type\":\"Article\",\"@id\":\"https:\\\/\\\/cristinacortinas.org\\\/sustentabilidad\\\/mi-conferencia-por-un-mexico-sin-contaminacion-por-plasticos-para-salvar-al-planeta\\\/#article\",\"isPartOf\":{\"@id\":\"https:\\\/\\\/cristinacortinas.org\\\/sustentabilidad\\\/mi-conferencia-por-un-mexico-sin-contaminacion-por-plasticos-para-salvar-al-planeta\\\/\"},\"author\":{\"name\":\"CCristina\",\"@id\":\"https:\\\/\\\/cristinacortinas.org\\\/sustentabilidad\\\/#\\\/schema\\\/person\\\/230b4a4171b31e97671db5b680f06b08\"},\"headline\":\"Mi conferencia &#8220;Por un M\u00e9xico sin contaminaci\u00f3n por pl\u00e1sticos para salvar al planeta&#8221;\",\"datePublished\":\"2023-06-07T17:19:36+00:00\",\"dateModified\":\"2023-06-07T17:24:18+00:00\",\"mainEntityOfPage\":{\"@id\":\"https:\\\/\\\/cristinacortinas.org\\\/sustentabilidad\\\/mi-conferencia-por-un-mexico-sin-contaminacion-por-plasticos-para-salvar-al-planeta\\\/\"},\"wordCount\":123,\"image\":{\"@id\":\"https:\\\/\\\/cristinacortinas.org\\\/sustentabilidad\\\/mi-conferencia-por-un-mexico-sin-contaminacion-por-plasticos-para-salvar-al-planeta\\\/#primaryimage\"},\"thumbnailUrl\":\"https:\\\/\\\/cristinacortinas.org\\\/sustentabilidad\\\/wp-content\\\/uploads\\\/2023\\\/06\\\/Por-un-M\u00e9xico-sin-contaminaci\u00f3n-por-pl\u00e1sticos-para-salvar-al-planeta.jpg\",\"articleSection\":[\"Noticias\"],\"inLanguage\":\"es\"},{\"@type\":\"WebPage\",\"@id\":\"https:\\\/\\\/cristinacortinas.org\\\/sustentabilidad\\\/mi-conferencia-por-un-mexico-sin-contaminacion-por-plasticos-para-salvar-al-planeta\\\/\",\"url\":\"https:\\\/\\\/cristinacortinas.org\\\/sustentabilidad\\\/mi-conferencia-por-un-mexico-sin-contaminacion-por-plasticos-para-salvar-al-planeta\\\/\",\"name\":\"Mi conferencia \\\"Por un M\u00e9xico sin contaminaci\u00f3n por pl\u00e1sticos para salvar al planeta\\\"\",\"isPartOf\":{\"@id\":\"https:\\\/\\\/cristinacortinas.org\\\/sustentabilidad\\\/#website\"},\"primaryImageOfPage\":{\"@id\":\"https:\\\/\\\/cristinacortinas.org\\\/sustentabilidad\\\/mi-conferencia-por-un-mexico-sin-contaminacion-por-plasticos-para-salvar-al-planeta\\\/#primaryimage\"},\"image\":{\"@id\":\"https:\\\/\\\/cristinacortinas.org\\\/sustentabilidad\\\/mi-conferencia-por-un-mexico-sin-contaminacion-por-plasticos-para-salvar-al-planeta\\\/#primaryimage\"},\"thumbnailUrl\":\"https:\\\/\\\/cristinacortinas.org\\\/sustentabilidad\\\/wp-content\\\/uploads\\\/2023\\\/06\\\/Por-un-M\u00e9xico-sin-contaminaci\u00f3n-por-pl\u00e1sticos-para-salvar-al-planeta.jpg\",\"datePublished\":\"2023-06-07T17:19:36+00:00\",\"dateModified\":\"2023-06-07T17:24:18+00:00\",\"author\":{\"@id\":\"https:\\\/\\\/cristinacortinas.org\\\/sustentabilidad\\\/#\\\/schema\\\/person\\\/230b4a4171b31e97671db5b680f06b08\"},\"description\":\"Les invito a escuchar la videograbaci\u00f3n de mi conferencia \\\"Por un M\u00e9xico sin contaminaci\u00f3n por pl\u00e1sticos para salvar al planeta\\\"\",\"breadcrumb\":{\"@id\":\"https:\\\/\\\/cristinacortinas.org\\\/sustentabilidad\\\/mi-conferencia-por-un-mexico-sin-contaminacion-por-plasticos-para-salvar-al-planeta\\\/#breadcrumb\"},\"inLanguage\":\"es\",\"potentialAction\":[{\"@type\":\"ReadAction\",\"target\":[\"https:\\\/\\\/cristinacortinas.org\\\/sustentabilidad\\\/mi-conferencia-por-un-mexico-sin-contaminacion-por-plasticos-para-salvar-al-planeta\\\/\"]}]},{\"@type\":\"ImageObject\",\"inLanguage\":\"es\",\"@id\":\"https:\\\/\\\/cristinacortinas.org\\\/sustentabilidad\\\/mi-conferencia-por-un-mexico-sin-contaminacion-por-plasticos-para-salvar-al-planeta\\\/#primaryimage\",\"url\":\"https:\\\/\\\/cristinacortinas.org\\\/sustentabilidad\\\/wp-content\\\/uploads\\\/2023\\\/06\\\/Por-un-M\u00e9xico-sin-contaminaci\u00f3n-por-pl\u00e1sticos-para-salvar-al-planeta.jpg\",\"contentUrl\":\"https:\\\/\\\/cristinacortinas.org\\\/sustentabilidad\\\/wp-content\\\/uploads\\\/2023\\\/06\\\/Por-un-M\u00e9xico-sin-contaminaci\u00f3n-por-pl\u00e1sticos-para-salvar-al-planeta.jpg\",\"width\":958,\"height\":531},{\"@type\":\"BreadcrumbList\",\"@id\":\"https:\\\/\\\/cristinacortinas.org\\\/sustentabilidad\\\/mi-conferencia-por-un-mexico-sin-contaminacion-por-plasticos-para-salvar-al-planeta\\\/#breadcrumb\",\"itemListElement\":[{\"@type\":\"ListItem\",\"position\":1,\"name\":\"Portada\",\"item\":\"https:\\\/\\\/cristinacortinas.org\\\/sustentabilidad\\\/\"},{\"@type\":\"ListItem\",\"position\":2,\"name\":\"Mi conferencia &#8220;Por un M\u00e9xico sin contaminaci\u00f3n por pl\u00e1sticos para salvar al planeta&#8221;\"}]},{\"@type\":\"WebSite\",\"@id\":\"https:\\\/\\\/cristinacortinas.org\\\/sustentabilidad\\\/#website\",\"url\":\"https:\\\/\\\/cristinacortinas.org\\\/sustentabilidad\\\/\",\"name\":\"Dra. Ma. Cristina Cortinas Dur\u00e1n\",\"description\":\"\",\"potentialAction\":[{\"@type\":\"SearchAction\",\"target\":{\"@type\":\"EntryPoint\",\"urlTemplate\":\"https:\\\/\\\/cristinacortinas.org\\\/sustentabilidad\\\/?s={search_term_string}\"},\"query-input\":{\"@type\":\"PropertyValueSpecification\",\"valueRequired\":true,\"valueName\":\"search_term_string\"}}],\"inLanguage\":\"es\"},{\"@type\":\"Person\",\"@id\":\"https:\\\/\\\/cristinacortinas.org\\\/sustentabilidad\\\/#\\\/schema\\\/person\\\/230b4a4171b31e97671db5b680f06b08\",\"name\":\"CCristina\"}]}<\/script>\n<!-- \/ Yoast SEO plugin. -->","yoast_head_json":{"title":"Mi conferencia \"Por un M\u00e9xico sin contaminaci\u00f3n por pl\u00e1sticos para salvar al planeta\"","description":"Les invito a escuchar la videograbaci\u00f3n de mi conferencia \"Por un M\u00e9xico sin contaminaci\u00f3n por pl\u00e1sticos para salvar al planeta\"","robots":{"index":"index","follow":"follow","max-snippet":"max-snippet:-1","max-image-preview":"max-image-preview:large","max-video-preview":"max-video-preview:-1"},"canonical":"https:\/\/cristinacortinas.org\/sustentabilidad\/mi-conferencia-por-un-mexico-sin-contaminacion-por-plasticos-para-salvar-al-planeta\/","og_locale":"es_ES","og_type":"article","og_title":"Mi conferencia \"Por un M\u00e9xico sin contaminaci\u00f3n por pl\u00e1sticos para salvar al planeta\"","og_description":"Les invito a escuchar la videograbaci\u00f3n de mi conferencia \"Por un M\u00e9xico sin contaminaci\u00f3n por pl\u00e1sticos para salvar al planeta\"","og_url":"https:\/\/cristinacortinas.org\/sustentabilidad\/mi-conferencia-por-un-mexico-sin-contaminacion-por-plasticos-para-salvar-al-planeta\/","og_site_name":"Dra. Ma. Cristina Cortinas Dur\u00e1n","article_publisher":"https:\/\/www.facebook.com\/cristinacortinasduran\/","article_published_time":"2023-06-07T17:19:36+00:00","article_modified_time":"2023-06-07T17:24:18+00:00","og_image":[{"width":958,"height":531,"url":"https:\/\/cristinacortinas.org\/sustentabilidad\/wp-content\/uploads\/2023\/06\/Por-un-M\u00e9xico-sin-contaminaci\u00f3n-por-pl\u00e1sticos-para-salvar-al-planeta.jpg","type":"image\/jpeg"}],"author":"CCristina","twitter_card":"summary_large_image","twitter_creator":"@DraCrisCortinas","twitter_site":"@DraCrisCortinas","twitter_misc":{"Escrito por":"CCristina","Tiempo de lectura":"1 minuto"},"schema":{"@context":"https:\/\/schema.org","@graph":[{"@type":"Article","@id":"https:\/\/cristinacortinas.org\/sustentabilidad\/mi-conferencia-por-un-mexico-sin-contaminacion-por-plasticos-para-salvar-al-planeta\/#article","isPartOf":{"@id":"https:\/\/cristinacortinas.org\/sustentabilidad\/mi-conferencia-por-un-mexico-sin-contaminacion-por-plasticos-para-salvar-al-planeta\/"},"author":{"name":"CCristina","@id":"https:\/\/cristinacortinas.org\/sustentabilidad\/#\/schema\/person\/230b4a4171b31e97671db5b680f06b08"},"headline":"Mi conferencia &#8220;Por un M\u00e9xico sin contaminaci\u00f3n por pl\u00e1sticos para salvar al planeta&#8221;","datePublished":"2023-06-07T17:19:36+00:00","dateModified":"2023-06-07T17:24:18+00:00","mainEntityOfPage":{"@id":"https:\/\/cristinacortinas.org\/sustentabilidad\/mi-conferencia-por-un-mexico-sin-contaminacion-por-plasticos-para-salvar-al-planeta\/"},"wordCount":123,"image":{"@id":"https:\/\/cristinacortinas.org\/sustentabilidad\/mi-conferencia-por-un-mexico-sin-contaminacion-por-plasticos-para-salvar-al-planeta\/#primaryimage"},"thumbnailUrl":"https:\/\/cristinacortinas.org\/sustentabilidad\/wp-content\/uploads\/2023\/06\/Por-un-M\u00e9xico-sin-contaminaci\u00f3n-por-pl\u00e1sticos-para-salvar-al-planeta.jpg","articleSection":["Noticias"],"inLanguage":"es"},{"@type":"WebPage","@id":"https:\/\/cristinacortinas.org\/sustentabilidad\/mi-conferencia-por-un-mexico-sin-contaminacion-por-plasticos-para-salvar-al-planeta\/","url":"https:\/\/cristinacortinas.org\/sustentabilidad\/mi-conferencia-por-un-mexico-sin-contaminacion-por-plasticos-para-salvar-al-planeta\/","name":"Mi conferencia \"Por un M\u00e9xico sin contaminaci\u00f3n por pl\u00e1sticos para salvar al planeta\"","isPartOf":{"@id":"https:\/\/cristinacortinas.org\/sustentabilidad\/#website"},"primaryImageOfPage":{"@id":"https:\/\/cristinacortinas.org\/sustentabilidad\/mi-conferencia-por-un-mexico-sin-contaminacion-por-plasticos-para-salvar-al-planeta\/#primaryimage"},"image":{"@id":"https:\/\/cristinacortinas.org\/sustentabilidad\/mi-conferencia-por-un-mexico-sin-contaminacion-por-plasticos-para-salvar-al-planeta\/#primaryimage"},"thumbnailUrl":"https:\/\/cristinacortinas.org\/sustentabilidad\/wp-content\/uploads\/2023\/06\/Por-un-M\u00e9xico-sin-contaminaci\u00f3n-por-pl\u00e1sticos-para-salvar-al-planeta.jpg","datePublished":"2023-06-07T17:19:36+00:00","dateModified":"2023-06-07T17:24:18+00:00","author":{"@id":"https:\/\/cristinacortinas.org\/sustentabilidad\/#\/schema\/person\/230b4a4171b31e97671db5b680f06b08"},"description":"Les invito a escuchar la videograbaci\u00f3n de mi conferencia \"Por un M\u00e9xico sin contaminaci\u00f3n por pl\u00e1sticos para salvar al planeta\"","breadcrumb":{"@id":"https:\/\/cristinacortinas.org\/sustentabilidad\/mi-conferencia-por-un-mexico-sin-contaminacion-por-plasticos-para-salvar-al-planeta\/#breadcrumb"},"inLanguage":"es","potentialAction":[{"@type":"ReadAction","target":["https:\/\/cristinacortinas.org\/sustentabilidad\/mi-conferencia-por-un-mexico-sin-contaminacion-por-plasticos-para-salvar-al-planeta\/"]}]},{"@type":"ImageObject","inLanguage":"es","@id":"https:\/\/cristinacortinas.org\/sustentabilidad\/mi-conferencia-por-un-mexico-sin-contaminacion-por-plasticos-para-salvar-al-planeta\/#primaryimage","url":"https:\/\/cristinacortinas.org\/sustentabilidad\/wp-content\/uploads\/2023\/06\/Por-un-M\u00e9xico-sin-contaminaci\u00f3n-por-pl\u00e1sticos-para-salvar-al-planeta.jpg","contentUrl":"https:\/\/cristinacortinas.org\/sustentabilidad\/wp-content\/uploads\/2023\/06\/Por-un-M\u00e9xico-sin-contaminaci\u00f3n-por-pl\u00e1sticos-para-salvar-al-planeta.jpg","width":958,"height":531},{"@type":"BreadcrumbList","@id":"https:\/\/cristinacortinas.org\/sustentabilidad\/mi-conferencia-por-un-mexico-sin-contaminacion-por-plasticos-para-salvar-al-planeta\/#breadcrumb","itemListElement":[{"@type":"ListItem","position":1,"name":"Portada","item":"https:\/\/cristinacortinas.org\/sustentabilidad\/"},{"@type":"ListItem","position":2,"name":"Mi conferencia &#8220;Por un M\u00e9xico sin contaminaci\u00f3n por pl\u00e1sticos para salvar al planeta&#8221;"}]},{"@type":"WebSite","@id":"https:\/\/cristinacortinas.org\/sustentabilidad\/#website","url":"https:\/\/cristinacortinas.org\/sustentabilidad\/","name":"Dra. Ma. Cristina Cortinas Dur\u00e1n","description":"","potentialAction":[{"@type":"SearchAction","target":{"@type":"EntryPoint","urlTemplate":"https:\/\/cristinacortinas.org\/sustentabilidad\/?s={search_term_string}"},"query-input":{"@type":"PropertyValueSpecification","valueRequired":true,"valueName":"search_term_string"}}],"inLanguage":"es"},{"@type":"Person","@id":"https:\/\/cristinacortinas.org\/sustentabilidad\/#\/schema\/person\/230b4a4171b31e97671db5b680f06b08","name":"CCristina"}]}},"_links":{"self":[{"href":"https:\/\/cristinacortinas.org\/sustentabilidad\/wp-json\/wp\/v2\/posts\/8888","targetHints":{"allow":["GET"]}}],"collection":[{"href":"https:\/\/cristinacortinas.org\/sustentabilidad\/wp-json\/wp\/v2\/posts"}],"about":[{"href":"https:\/\/cristinacortinas.org\/sustentabilidad\/wp-json\/wp\/v2\/types\/post"}],"author":[{"embeddable":true,"href":"https:\/\/cristinacortinas.org\/sustentabilidad\/wp-json\/wp\/v2\/users\/1"}],"replies":[{"embeddable":true,"href":"https:\/\/cristinacortinas.org\/sustentabilidad\/wp-json\/wp\/v2\/comments?post=8888"}],"version-history":[{"count":5,"href":"https:\/\/cristinacortinas.org\/sustentabilidad\/wp-json\/wp\/v2\/posts\/8888\/revisions"}],"predecessor-version":[{"id":8897,"href":"https:\/\/cristinacortinas.org\/sustentabilidad\/wp-json\/wp\/v2\/posts\/8888\/revisions\/8897"}],"wp:featuredmedia":[{"embeddable":true,"href":"https:\/\/cristinacortinas.org\/sustentabilidad\/wp-json\/wp\/v2\/media\/8895"}],"wp:attachment":[{"href":"https:\/\/cristinacortinas.org\/sustentabilidad\/wp-json\/wp\/v2\/media?parent=8888"}],"wp:term":[{"taxonomy":"category","embeddable":true,"href":"https:\/\/cristinacortinas.org\/sustentabilidad\/wp-json\/wp\/v2\/categories?post=8888"},{"taxonomy":"post_tag","embeddable":true,"href":"https:\/\/cristinacortinas.org\/sustentabilidad\/wp-json\/wp\/v2\/tags?post=8888"}],"curies":[{"name":"wp","href":"https:\/\/api.w.org\/{rel}","templated":true}]}}