{"id":8789,"date":"2023-02-16T21:06:10","date_gmt":"2023-02-17T03:06:10","guid":{"rendered":"https:\/\/cristinacortinas.org\/sustentabilidad\/?p=8789"},"modified":"2023-05-09T09:16:59","modified_gmt":"2023-05-09T15:16:59","slug":"poema-a-la-desaparicion-de-un-rico-ecosistema-en-mexico","status":"publish","type":"post","link":"https:\/\/cristinacortinas.org\/sustentabilidad\/poema-a-la-desaparicion-de-un-rico-ecosistema-en-mexico\/","title":{"rendered":"Poema a la desaparici\u00f3n de un rico ecosistema en M\u00e9xico"},"content":{"rendered":"<p><iframe loading=\"lazy\" title=\"YouTube video player\" src=\"https:\/\/www.youtube.com\/embed\/qGAt_BsRFms\" width=\"600\" height=\"350\" frameborder=\"0\" allowfullscreen=\"allowfullscreen\"><span style=\"display: inline-block; width: 0px; overflow: hidden; line-height: 0;\" data-mce-type=\"bookmark\" class=\"mce_SELRES_start\">\ufeff<\/span><\/iframe><\/p>\n","protected":false},"excerpt":{"rendered":"<p>\ufeff<\/p>\n","protected":false},"author":1,"featured_media":8869,"comment_status":"closed","ping_status":"closed","sticky":false,"template":"","format":"standard","meta":{"footnotes":""},"categories":[40],"tags":[],"class_list":["post-8789","post","type-post","status-publish","format-standard","has-post-thumbnail","hentry","category-noticias","cat-40-id"],"yoast_head":"<!-- This site is optimized with the Yoast SEO plugin v27.4 - https:\/\/yoast.com\/product\/yoast-seo-wordpress\/ -->\n<title>Poema a la desaparici\u00f3n de un rico ecosistema en M\u00e9xico<\/title>\n<meta name=\"description\" content=\"Poema a la desaparici\u00f3n de un rico ecosistema en M\u00e9xico\" \/>\n<meta name=\"robots\" content=\"index, follow, max-snippet:-1, max-image-preview:large, max-video-preview:-1\" \/>\n<link rel=\"canonical\" href=\"https:\/\/cristinacortinas.org\/sustentabilidad\/poema-a-la-desaparicion-de-un-rico-ecosistema-en-mexico\/\" \/>\n<meta property=\"og:locale\" content=\"es_ES\" \/>\n<meta property=\"og:type\" content=\"article\" \/>\n<meta property=\"og:title\" content=\"Poema a la desaparici\u00f3n de un rico ecosistema en M\u00e9xico\" \/>\n<meta property=\"og:description\" content=\"Poema a la desaparici\u00f3n de un rico ecosistema en M\u00e9xico\" \/>\n<meta property=\"og:url\" content=\"https:\/\/cristinacortinas.org\/sustentabilidad\/poema-a-la-desaparicion-de-un-rico-ecosistema-en-mexico\/\" \/>\n<meta property=\"og:site_name\" content=\"Dra. Ma. Cristina Cortinas Dur\u00e1n\" \/>\n<meta property=\"article:publisher\" content=\"https:\/\/www.facebook.com\/cristinacortinasduran\/\" \/>\n<meta property=\"article:published_time\" content=\"2023-02-17T03:06:10+00:00\" \/>\n<meta property=\"article:modified_time\" content=\"2023-05-09T15:16:59+00:00\" \/>\n<meta property=\"og:image\" content=\"https:\/\/cristinacortinas.org\/sustentabilidad\/wp-content\/uploads\/2023\/02\/Poema.jpg\" \/>\n\t<meta property=\"og:image:width\" content=\"949\" \/>\n\t<meta property=\"og:image:height\" content=\"526\" \/>\n\t<meta property=\"og:image:type\" content=\"image\/jpeg\" \/>\n<meta name=\"author\" content=\"CCristina\" \/>\n<meta name=\"twitter:card\" content=\"summary_large_image\" \/>\n<meta name=\"twitter:creator\" content=\"@DraCrisCortinas\" \/>\n<meta name=\"twitter:site\" content=\"@DraCrisCortinas\" \/>\n<meta name=\"twitter:label1\" content=\"Escrito por\" \/>\n\t<meta name=\"twitter:data1\" content=\"CCristina\" \/>\n<script type=\"application\/ld+json\" class=\"yoast-schema-graph\">{\"@context\":\"https:\\\/\\\/schema.org\",\"@graph\":[{\"@type\":\"Article\",\"@id\":\"https:\\\/\\\/cristinacortinas.org\\\/sustentabilidad\\\/poema-a-la-desaparicion-de-un-rico-ecosistema-en-mexico\\\/#article\",\"isPartOf\":{\"@id\":\"https:\\\/\\\/cristinacortinas.org\\\/sustentabilidad\\\/poema-a-la-desaparicion-de-un-rico-ecosistema-en-mexico\\\/\"},\"author\":{\"name\":\"CCristina\",\"@id\":\"https:\\\/\\\/cristinacortinas.org\\\/sustentabilidad\\\/#\\\/schema\\\/person\\\/230b4a4171b31e97671db5b680f06b08\"},\"headline\":\"Poema a la desaparici\u00f3n de un rico ecosistema en M\u00e9xico\",\"datePublished\":\"2023-02-17T03:06:10+00:00\",\"dateModified\":\"2023-05-09T15:16:59+00:00\",\"mainEntityOfPage\":{\"@id\":\"https:\\\/\\\/cristinacortinas.org\\\/sustentabilidad\\\/poema-a-la-desaparicion-de-un-rico-ecosistema-en-mexico\\\/\"},\"wordCount\":12,\"image\":{\"@id\":\"https:\\\/\\\/cristinacortinas.org\\\/sustentabilidad\\\/poema-a-la-desaparicion-de-un-rico-ecosistema-en-mexico\\\/#primaryimage\"},\"thumbnailUrl\":\"https:\\\/\\\/cristinacortinas.org\\\/sustentabilidad\\\/wp-content\\\/uploads\\\/2023\\\/02\\\/Poema.jpg\",\"articleSection\":[\"Noticias\"],\"inLanguage\":\"es\"},{\"@type\":\"WebPage\",\"@id\":\"https:\\\/\\\/cristinacortinas.org\\\/sustentabilidad\\\/poema-a-la-desaparicion-de-un-rico-ecosistema-en-mexico\\\/\",\"url\":\"https:\\\/\\\/cristinacortinas.org\\\/sustentabilidad\\\/poema-a-la-desaparicion-de-un-rico-ecosistema-en-mexico\\\/\",\"name\":\"Poema a la desaparici\u00f3n de un rico ecosistema en M\u00e9xico\",\"isPartOf\":{\"@id\":\"https:\\\/\\\/cristinacortinas.org\\\/sustentabilidad\\\/#website\"},\"primaryImageOfPage\":{\"@id\":\"https:\\\/\\\/cristinacortinas.org\\\/sustentabilidad\\\/poema-a-la-desaparicion-de-un-rico-ecosistema-en-mexico\\\/#primaryimage\"},\"image\":{\"@id\":\"https:\\\/\\\/cristinacortinas.org\\\/sustentabilidad\\\/poema-a-la-desaparicion-de-un-rico-ecosistema-en-mexico\\\/#primaryimage\"},\"thumbnailUrl\":\"https:\\\/\\\/cristinacortinas.org\\\/sustentabilidad\\\/wp-content\\\/uploads\\\/2023\\\/02\\\/Poema.jpg\",\"datePublished\":\"2023-02-17T03:06:10+00:00\",\"dateModified\":\"2023-05-09T15:16:59+00:00\",\"author\":{\"@id\":\"https:\\\/\\\/cristinacortinas.org\\\/sustentabilidad\\\/#\\\/schema\\\/person\\\/230b4a4171b31e97671db5b680f06b08\"},\"description\":\"Poema a la desaparici\u00f3n de un rico ecosistema en M\u00e9xico\",\"breadcrumb\":{\"@id\":\"https:\\\/\\\/cristinacortinas.org\\\/sustentabilidad\\\/poema-a-la-desaparicion-de-un-rico-ecosistema-en-mexico\\\/#breadcrumb\"},\"inLanguage\":\"es\",\"potentialAction\":[{\"@type\":\"ReadAction\",\"target\":[\"https:\\\/\\\/cristinacortinas.org\\\/sustentabilidad\\\/poema-a-la-desaparicion-de-un-rico-ecosistema-en-mexico\\\/\"]}]},{\"@type\":\"ImageObject\",\"inLanguage\":\"es\",\"@id\":\"https:\\\/\\\/cristinacortinas.org\\\/sustentabilidad\\\/poema-a-la-desaparicion-de-un-rico-ecosistema-en-mexico\\\/#primaryimage\",\"url\":\"https:\\\/\\\/cristinacortinas.org\\\/sustentabilidad\\\/wp-content\\\/uploads\\\/2023\\\/02\\\/Poema.jpg\",\"contentUrl\":\"https:\\\/\\\/cristinacortinas.org\\\/sustentabilidad\\\/wp-content\\\/uploads\\\/2023\\\/02\\\/Poema.jpg\",\"width\":949,\"height\":526},{\"@type\":\"BreadcrumbList\",\"@id\":\"https:\\\/\\\/cristinacortinas.org\\\/sustentabilidad\\\/poema-a-la-desaparicion-de-un-rico-ecosistema-en-mexico\\\/#breadcrumb\",\"itemListElement\":[{\"@type\":\"ListItem\",\"position\":1,\"name\":\"Portada\",\"item\":\"https:\\\/\\\/cristinacortinas.org\\\/sustentabilidad\\\/\"},{\"@type\":\"ListItem\",\"position\":2,\"name\":\"Poema a la desaparici\u00f3n de un rico ecosistema en M\u00e9xico\"}]},{\"@type\":\"WebSite\",\"@id\":\"https:\\\/\\\/cristinacortinas.org\\\/sustentabilidad\\\/#website\",\"url\":\"https:\\\/\\\/cristinacortinas.org\\\/sustentabilidad\\\/\",\"name\":\"Dra. Ma. Cristina Cortinas Dur\u00e1n\",\"description\":\"\",\"potentialAction\":[{\"@type\":\"SearchAction\",\"target\":{\"@type\":\"EntryPoint\",\"urlTemplate\":\"https:\\\/\\\/cristinacortinas.org\\\/sustentabilidad\\\/?s={search_term_string}\"},\"query-input\":{\"@type\":\"PropertyValueSpecification\",\"valueRequired\":true,\"valueName\":\"search_term_string\"}}],\"inLanguage\":\"es\"},{\"@type\":\"Person\",\"@id\":\"https:\\\/\\\/cristinacortinas.org\\\/sustentabilidad\\\/#\\\/schema\\\/person\\\/230b4a4171b31e97671db5b680f06b08\",\"name\":\"CCristina\"}]}<\/script>\n<!-- \/ Yoast SEO plugin. -->","yoast_head_json":{"title":"Poema a la desaparici\u00f3n de un rico ecosistema en M\u00e9xico","description":"Poema a la desaparici\u00f3n de un rico ecosistema en M\u00e9xico","robots":{"index":"index","follow":"follow","max-snippet":"max-snippet:-1","max-image-preview":"max-image-preview:large","max-video-preview":"max-video-preview:-1"},"canonical":"https:\/\/cristinacortinas.org\/sustentabilidad\/poema-a-la-desaparicion-de-un-rico-ecosistema-en-mexico\/","og_locale":"es_ES","og_type":"article","og_title":"Poema a la desaparici\u00f3n de un rico ecosistema en M\u00e9xico","og_description":"Poema a la desaparici\u00f3n de un rico ecosistema en M\u00e9xico","og_url":"https:\/\/cristinacortinas.org\/sustentabilidad\/poema-a-la-desaparicion-de-un-rico-ecosistema-en-mexico\/","og_site_name":"Dra. Ma. Cristina Cortinas Dur\u00e1n","article_publisher":"https:\/\/www.facebook.com\/cristinacortinasduran\/","article_published_time":"2023-02-17T03:06:10+00:00","article_modified_time":"2023-05-09T15:16:59+00:00","og_image":[{"width":949,"height":526,"url":"https:\/\/cristinacortinas.org\/sustentabilidad\/wp-content\/uploads\/2023\/02\/Poema.jpg","type":"image\/jpeg"}],"author":"CCristina","twitter_card":"summary_large_image","twitter_creator":"@DraCrisCortinas","twitter_site":"@DraCrisCortinas","twitter_misc":{"Escrito por":"CCristina"},"schema":{"@context":"https:\/\/schema.org","@graph":[{"@type":"Article","@id":"https:\/\/cristinacortinas.org\/sustentabilidad\/poema-a-la-desaparicion-de-un-rico-ecosistema-en-mexico\/#article","isPartOf":{"@id":"https:\/\/cristinacortinas.org\/sustentabilidad\/poema-a-la-desaparicion-de-un-rico-ecosistema-en-mexico\/"},"author":{"name":"CCristina","@id":"https:\/\/cristinacortinas.org\/sustentabilidad\/#\/schema\/person\/230b4a4171b31e97671db5b680f06b08"},"headline":"Poema a la desaparici\u00f3n de un rico ecosistema en M\u00e9xico","datePublished":"2023-02-17T03:06:10+00:00","dateModified":"2023-05-09T15:16:59+00:00","mainEntityOfPage":{"@id":"https:\/\/cristinacortinas.org\/sustentabilidad\/poema-a-la-desaparicion-de-un-rico-ecosistema-en-mexico\/"},"wordCount":12,"image":{"@id":"https:\/\/cristinacortinas.org\/sustentabilidad\/poema-a-la-desaparicion-de-un-rico-ecosistema-en-mexico\/#primaryimage"},"thumbnailUrl":"https:\/\/cristinacortinas.org\/sustentabilidad\/wp-content\/uploads\/2023\/02\/Poema.jpg","articleSection":["Noticias"],"inLanguage":"es"},{"@type":"WebPage","@id":"https:\/\/cristinacortinas.org\/sustentabilidad\/poema-a-la-desaparicion-de-un-rico-ecosistema-en-mexico\/","url":"https:\/\/cristinacortinas.org\/sustentabilidad\/poema-a-la-desaparicion-de-un-rico-ecosistema-en-mexico\/","name":"Poema a la desaparici\u00f3n de un rico ecosistema en M\u00e9xico","isPartOf":{"@id":"https:\/\/cristinacortinas.org\/sustentabilidad\/#website"},"primaryImageOfPage":{"@id":"https:\/\/cristinacortinas.org\/sustentabilidad\/poema-a-la-desaparicion-de-un-rico-ecosistema-en-mexico\/#primaryimage"},"image":{"@id":"https:\/\/cristinacortinas.org\/sustentabilidad\/poema-a-la-desaparicion-de-un-rico-ecosistema-en-mexico\/#primaryimage"},"thumbnailUrl":"https:\/\/cristinacortinas.org\/sustentabilidad\/wp-content\/uploads\/2023\/02\/Poema.jpg","datePublished":"2023-02-17T03:06:10+00:00","dateModified":"2023-05-09T15:16:59+00:00","author":{"@id":"https:\/\/cristinacortinas.org\/sustentabilidad\/#\/schema\/person\/230b4a4171b31e97671db5b680f06b08"},"description":"Poema a la desaparici\u00f3n de un rico ecosistema en M\u00e9xico","breadcrumb":{"@id":"https:\/\/cristinacortinas.org\/sustentabilidad\/poema-a-la-desaparicion-de-un-rico-ecosistema-en-mexico\/#breadcrumb"},"inLanguage":"es","potentialAction":[{"@type":"ReadAction","target":["https:\/\/cristinacortinas.org\/sustentabilidad\/poema-a-la-desaparicion-de-un-rico-ecosistema-en-mexico\/"]}]},{"@type":"ImageObject","inLanguage":"es","@id":"https:\/\/cristinacortinas.org\/sustentabilidad\/poema-a-la-desaparicion-de-un-rico-ecosistema-en-mexico\/#primaryimage","url":"https:\/\/cristinacortinas.org\/sustentabilidad\/wp-content\/uploads\/2023\/02\/Poema.jpg","contentUrl":"https:\/\/cristinacortinas.org\/sustentabilidad\/wp-content\/uploads\/2023\/02\/Poema.jpg","width":949,"height":526},{"@type":"BreadcrumbList","@id":"https:\/\/cristinacortinas.org\/sustentabilidad\/poema-a-la-desaparicion-de-un-rico-ecosistema-en-mexico\/#breadcrumb","itemListElement":[{"@type":"ListItem","position":1,"name":"Portada","item":"https:\/\/cristinacortinas.org\/sustentabilidad\/"},{"@type":"ListItem","position":2,"name":"Poema a la desaparici\u00f3n de un rico ecosistema en M\u00e9xico"}]},{"@type":"WebSite","@id":"https:\/\/cristinacortinas.org\/sustentabilidad\/#website","url":"https:\/\/cristinacortinas.org\/sustentabilidad\/","name":"Dra. Ma. Cristina Cortinas Dur\u00e1n","description":"","potentialAction":[{"@type":"SearchAction","target":{"@type":"EntryPoint","urlTemplate":"https:\/\/cristinacortinas.org\/sustentabilidad\/?s={search_term_string}"},"query-input":{"@type":"PropertyValueSpecification","valueRequired":true,"valueName":"search_term_string"}}],"inLanguage":"es"},{"@type":"Person","@id":"https:\/\/cristinacortinas.org\/sustentabilidad\/#\/schema\/person\/230b4a4171b31e97671db5b680f06b08","name":"CCristina"}]}},"_links":{"self":[{"href":"https:\/\/cristinacortinas.org\/sustentabilidad\/wp-json\/wp\/v2\/posts\/8789","targetHints":{"allow":["GET"]}}],"collection":[{"href":"https:\/\/cristinacortinas.org\/sustentabilidad\/wp-json\/wp\/v2\/posts"}],"about":[{"href":"https:\/\/cristinacortinas.org\/sustentabilidad\/wp-json\/wp\/v2\/types\/post"}],"author":[{"embeddable":true,"href":"https:\/\/cristinacortinas.org\/sustentabilidad\/wp-json\/wp\/v2\/users\/1"}],"replies":[{"embeddable":true,"href":"https:\/\/cristinacortinas.org\/sustentabilidad\/wp-json\/wp\/v2\/comments?post=8789"}],"version-history":[{"count":1,"href":"https:\/\/cristinacortinas.org\/sustentabilidad\/wp-json\/wp\/v2\/posts\/8789\/revisions"}],"predecessor-version":[{"id":8790,"href":"https:\/\/cristinacortinas.org\/sustentabilidad\/wp-json\/wp\/v2\/posts\/8789\/revisions\/8790"}],"wp:featuredmedia":[{"embeddable":true,"href":"https:\/\/cristinacortinas.org\/sustentabilidad\/wp-json\/wp\/v2\/media\/8869"}],"wp:attachment":[{"href":"https:\/\/cristinacortinas.org\/sustentabilidad\/wp-json\/wp\/v2\/media?parent=8789"}],"wp:term":[{"taxonomy":"category","embeddable":true,"href":"https:\/\/cristinacortinas.org\/sustentabilidad\/wp-json\/wp\/v2\/categories?post=8789"},{"taxonomy":"post_tag","embeddable":true,"href":"https:\/\/cristinacortinas.org\/sustentabilidad\/wp-json\/wp\/v2\/tags?post=8789"}],"curies":[{"name":"wp","href":"https:\/\/api.w.org\/{rel}","templated":true}]}}