{"id":8738,"date":"2022-11-15T14:29:15","date_gmt":"2022-11-15T20:29:15","guid":{"rendered":"https:\/\/cristinacortinas.org\/sustentabilidad\/?p=8738"},"modified":"2022-11-15T14:29:52","modified_gmt":"2022-11-15T20:29:52","slug":"invitacion-a-organizar-un-megatequio-comunitario-oaxaqueno-cero-residuos-a-disposicion-final","status":"publish","type":"post","link":"https:\/\/cristinacortinas.org\/sustentabilidad\/invitacion-a-organizar-un-megatequio-comunitario-oaxaqueno-cero-residuos-a-disposicion-final\/","title":{"rendered":"INVITACI\u00d3N A ORGANIZAR UN MEGATEQUIO COMUNITARIO OAXAQUE\u00d1O: CERO RESIDUOS A DISPOSICI\u00d3N FINAL"},"content":{"rendered":"<p>VISI\u00d3N DE LA PROPUESTA<br \/>\nOaxaca pone el ejemplo al convertir una crisis en el manejo de los residuos s\u00f3lidos\u00a0 urbanos resultado del consumo, en una oportunidad para transitar hacia una econom\u00eda circular cero residuos a disposici\u00f3n final ejemplar:<\/p>\n<p>\u2022 Basada en la participaci\u00f3n ciudadana de acuerdo con la pr\u00e1ctica tradicional del \u201cMegatequio Comunitario\u201d y<\/p>\n<p>\u2022 Que aproveche su experiencia en los mercados del trueque que involucran el empleo de la moneda \u201cT\u00famin\u201d<\/p>\n<div class='w3eden'><!-- WPDM Link Template: Default Template -->\n\n<div class=\"link-template-default card mb-2\">\n    <div class=\"card-body\">\n        <div class=\"media\">\n            <div class=\"mr-3 img-48\"><img decoding=\"async\" class=\"wpdm_icon\" alt=\"Icono\"   src=\"https:\/\/cristinacortinas.org\/sustentabilidad\/wp-content\/plugins\/download-manager\/assets\/file-type-icons\/pdf.png\" \/><\/div>\n            <div class=\"media-body\">\n                <h3 class=\"package-title\"><a href='https:\/\/cristinacortinas.org\/sustentabilidad\/download\/invitacion-a-organizar-un-megatequio-comunitario-oaxaqueno-cero-residuos-a-disposicion-final\/'>INVITACI\u00d3N A ORGANIZAR UN MEGATEQUIO COMUNITARIO OAXAQUE\u00d1O: CERO RESIDUOS A DISPOSICI\u00d3N FINAL<\/a><\/h3>\n                <div class=\"text-muted text-small\"><i class=\"fas fa-copy\"><\/i> 1 archivo(s) <i class=\"fas fa-hdd ml-3\"><\/i> 6.03 MB<\/div>\n            <\/div>\n            <div class=\"ml-3\">\n                <a class='wpdm-download-link download-on-click btn btn-info ' rel='nofollow' href='#' data-downloadurl=\"https:\/\/cristinacortinas.org\/sustentabilidad\/download\/invitacion-a-organizar-un-megatequio-comunitario-oaxaqueno-cero-residuos-a-disposicion-final\/?wpdmdl=8735&refresh=69ef43ba820b91777288122\">Descargar<\/a>\n            <\/div>\n        <\/div>\n    <\/div>\n<\/div>\n\n<\/div>\n","protected":false},"excerpt":{"rendered":"<p>VISI\u00d3N DE LA PROPUESTA Oaxaca pone el ejemplo al convertir una crisis en el manejo de los residuos s\u00f3lidos\u00a0 urbanos resultado del consumo, en una oportunidad para transitar hacia una econom\u00eda circular cero residuos a disposici\u00f3n final ejemplar: \u2022 Basada en la participaci\u00f3n ciudadana de acuerdo con la pr\u00e1ctica tradicional del \u201cMegatequio Comunitario\u201d y \u2022 Que aproveche su experiencia en&nbsp;<a href=\"https:\/\/cristinacortinas.org\/sustentabilidad\/invitacion-a-organizar-un-megatequio-comunitario-oaxaqueno-cero-residuos-a-disposicion-final\/\" class=\"read-more\">Seguir leyendo<\/a><\/p>\n","protected":false},"author":1,"featured_media":8739,"comment_status":"closed","ping_status":"closed","sticky":false,"template":"","format":"standard","meta":{"footnotes":""},"categories":[40],"tags":[],"class_list":["post-8738","post","type-post","status-publish","format-standard","has-post-thumbnail","hentry","category-noticias","cat-40-id"],"yoast_head":"<!-- This site is optimized with the Yoast SEO plugin v27.4 - https:\/\/yoast.com\/product\/yoast-seo-wordpress\/ -->\n<title>INVITACI\u00d3N A ORGANIZAR UN MEGATEQUIO COMUNITARIO OAXAQUE\u00d1O: CERO RESIDUOS A DISPOSICI\u00d3N FINAL - Dra. Ma. Cristina Cortinas Dur\u00e1n<\/title>\n<meta name=\"description\" content=\"Oaxaca pone el ejemplo al convertir una crisis en el manejo de los residuos s\u00f3lidos\u00a0 urbanos resultado del consumo, en una oportunidad para transitar hacia una econom\u00eda circular cero residuos a disposici\u00f3n final ejemplar:\" \/>\n<meta name=\"robots\" content=\"index, follow, max-snippet:-1, max-image-preview:large, max-video-preview:-1\" \/>\n<link rel=\"canonical\" href=\"https:\/\/cristinacortinas.org\/sustentabilidad\/invitacion-a-organizar-un-megatequio-comunitario-oaxaqueno-cero-residuos-a-disposicion-final\/\" \/>\n<meta property=\"og:locale\" content=\"es_ES\" \/>\n<meta property=\"og:type\" content=\"article\" \/>\n<meta property=\"og:title\" content=\"INVITACI\u00d3N A ORGANIZAR UN MEGATEQUIO COMUNITARIO OAXAQUE\u00d1O: CERO RESIDUOS A DISPOSICI\u00d3N FINAL - Dra. Ma. Cristina Cortinas Dur\u00e1n\" \/>\n<meta property=\"og:description\" content=\"Oaxaca pone el ejemplo al convertir una crisis en el manejo de los residuos s\u00f3lidos\u00a0 urbanos resultado del consumo, en una oportunidad para transitar hacia una econom\u00eda circular cero residuos a disposici\u00f3n final ejemplar:\" \/>\n<meta property=\"og:url\" content=\"https:\/\/cristinacortinas.org\/sustentabilidad\/invitacion-a-organizar-un-megatequio-comunitario-oaxaqueno-cero-residuos-a-disposicion-final\/\" \/>\n<meta property=\"og:site_name\" content=\"Dra. Ma. Cristina Cortinas Dur\u00e1n\" \/>\n<meta property=\"article:publisher\" content=\"https:\/\/www.facebook.com\/cristinacortinasduran\/\" \/>\n<meta property=\"article:published_time\" content=\"2022-11-15T20:29:15+00:00\" \/>\n<meta property=\"article:modified_time\" content=\"2022-11-15T20:29:52+00:00\" \/>\n<meta property=\"og:image\" content=\"https:\/\/cristinacortinas.org\/sustentabilidad\/wp-content\/uploads\/2022\/11\/INVITACI\u00d3N-A-ORGANIZAR-UN-MEGATEQUIO-COMUNITARIO-OAXAQUE\u00d1O-CERO-RESIDUOS-A-DISPOSICI\u00d3N-FINAL.jpg\" \/>\n\t<meta property=\"og:image:width\" content=\"1436\" \/>\n\t<meta property=\"og:image:height\" content=\"796\" \/>\n\t<meta property=\"og:image:type\" content=\"image\/jpeg\" \/>\n<meta name=\"author\" content=\"CCristina\" \/>\n<meta name=\"twitter:card\" content=\"summary_large_image\" \/>\n<meta name=\"twitter:creator\" content=\"@DraCrisCortinas\" \/>\n<meta name=\"twitter:site\" content=\"@DraCrisCortinas\" \/>\n<meta name=\"twitter:label1\" content=\"Escrito por\" \/>\n\t<meta name=\"twitter:data1\" content=\"CCristina\" \/>\n<script type=\"application\/ld+json\" class=\"yoast-schema-graph\">{\"@context\":\"https:\\\/\\\/schema.org\",\"@graph\":[{\"@type\":\"Article\",\"@id\":\"https:\\\/\\\/cristinacortinas.org\\\/sustentabilidad\\\/invitacion-a-organizar-un-megatequio-comunitario-oaxaqueno-cero-residuos-a-disposicion-final\\\/#article\",\"isPartOf\":{\"@id\":\"https:\\\/\\\/cristinacortinas.org\\\/sustentabilidad\\\/invitacion-a-organizar-un-megatequio-comunitario-oaxaqueno-cero-residuos-a-disposicion-final\\\/\"},\"author\":{\"name\":\"CCristina\",\"@id\":\"https:\\\/\\\/cristinacortinas.org\\\/sustentabilidad\\\/#\\\/schema\\\/person\\\/230b4a4171b31e97671db5b680f06b08\"},\"headline\":\"INVITACI\u00d3N A ORGANIZAR UN MEGATEQUIO COMUNITARIO OAXAQUE\u00d1O: CERO RESIDUOS A DISPOSICI\u00d3N FINAL\",\"datePublished\":\"2022-11-15T20:29:15+00:00\",\"dateModified\":\"2022-11-15T20:29:52+00:00\",\"mainEntityOfPage\":{\"@id\":\"https:\\\/\\\/cristinacortinas.org\\\/sustentabilidad\\\/invitacion-a-organizar-un-megatequio-comunitario-oaxaqueno-cero-residuos-a-disposicion-final\\\/\"},\"wordCount\":97,\"image\":{\"@id\":\"https:\\\/\\\/cristinacortinas.org\\\/sustentabilidad\\\/invitacion-a-organizar-un-megatequio-comunitario-oaxaqueno-cero-residuos-a-disposicion-final\\\/#primaryimage\"},\"thumbnailUrl\":\"https:\\\/\\\/cristinacortinas.org\\\/sustentabilidad\\\/wp-content\\\/uploads\\\/2022\\\/11\\\/INVITACI\u00d3N-A-ORGANIZAR-UN-MEGATEQUIO-COMUNITARIO-OAXAQUE\u00d1O-CERO-RESIDUOS-A-DISPOSICI\u00d3N-FINAL.jpg\",\"articleSection\":[\"Noticias\"],\"inLanguage\":\"es\"},{\"@type\":\"WebPage\",\"@id\":\"https:\\\/\\\/cristinacortinas.org\\\/sustentabilidad\\\/invitacion-a-organizar-un-megatequio-comunitario-oaxaqueno-cero-residuos-a-disposicion-final\\\/\",\"url\":\"https:\\\/\\\/cristinacortinas.org\\\/sustentabilidad\\\/invitacion-a-organizar-un-megatequio-comunitario-oaxaqueno-cero-residuos-a-disposicion-final\\\/\",\"name\":\"INVITACI\u00d3N A ORGANIZAR UN MEGATEQUIO COMUNITARIO OAXAQUE\u00d1O: CERO RESIDUOS A DISPOSICI\u00d3N FINAL - Dra. Ma. Cristina Cortinas Dur\u00e1n\",\"isPartOf\":{\"@id\":\"https:\\\/\\\/cristinacortinas.org\\\/sustentabilidad\\\/#website\"},\"primaryImageOfPage\":{\"@id\":\"https:\\\/\\\/cristinacortinas.org\\\/sustentabilidad\\\/invitacion-a-organizar-un-megatequio-comunitario-oaxaqueno-cero-residuos-a-disposicion-final\\\/#primaryimage\"},\"image\":{\"@id\":\"https:\\\/\\\/cristinacortinas.org\\\/sustentabilidad\\\/invitacion-a-organizar-un-megatequio-comunitario-oaxaqueno-cero-residuos-a-disposicion-final\\\/#primaryimage\"},\"thumbnailUrl\":\"https:\\\/\\\/cristinacortinas.org\\\/sustentabilidad\\\/wp-content\\\/uploads\\\/2022\\\/11\\\/INVITACI\u00d3N-A-ORGANIZAR-UN-MEGATEQUIO-COMUNITARIO-OAXAQUE\u00d1O-CERO-RESIDUOS-A-DISPOSICI\u00d3N-FINAL.jpg\",\"datePublished\":\"2022-11-15T20:29:15+00:00\",\"dateModified\":\"2022-11-15T20:29:52+00:00\",\"author\":{\"@id\":\"https:\\\/\\\/cristinacortinas.org\\\/sustentabilidad\\\/#\\\/schema\\\/person\\\/230b4a4171b31e97671db5b680f06b08\"},\"description\":\"Oaxaca pone el ejemplo al convertir una crisis en el manejo de los residuos s\u00f3lidos\u00a0 urbanos resultado del consumo, en una oportunidad para transitar hacia una econom\u00eda circular cero residuos a disposici\u00f3n final ejemplar:\",\"breadcrumb\":{\"@id\":\"https:\\\/\\\/cristinacortinas.org\\\/sustentabilidad\\\/invitacion-a-organizar-un-megatequio-comunitario-oaxaqueno-cero-residuos-a-disposicion-final\\\/#breadcrumb\"},\"inLanguage\":\"es\",\"potentialAction\":[{\"@type\":\"ReadAction\",\"target\":[\"https:\\\/\\\/cristinacortinas.org\\\/sustentabilidad\\\/invitacion-a-organizar-un-megatequio-comunitario-oaxaqueno-cero-residuos-a-disposicion-final\\\/\"]}]},{\"@type\":\"ImageObject\",\"inLanguage\":\"es\",\"@id\":\"https:\\\/\\\/cristinacortinas.org\\\/sustentabilidad\\\/invitacion-a-organizar-un-megatequio-comunitario-oaxaqueno-cero-residuos-a-disposicion-final\\\/#primaryimage\",\"url\":\"https:\\\/\\\/cristinacortinas.org\\\/sustentabilidad\\\/wp-content\\\/uploads\\\/2022\\\/11\\\/INVITACI\u00d3N-A-ORGANIZAR-UN-MEGATEQUIO-COMUNITARIO-OAXAQUE\u00d1O-CERO-RESIDUOS-A-DISPOSICI\u00d3N-FINAL.jpg\",\"contentUrl\":\"https:\\\/\\\/cristinacortinas.org\\\/sustentabilidad\\\/wp-content\\\/uploads\\\/2022\\\/11\\\/INVITACI\u00d3N-A-ORGANIZAR-UN-MEGATEQUIO-COMUNITARIO-OAXAQUE\u00d1O-CERO-RESIDUOS-A-DISPOSICI\u00d3N-FINAL.jpg\",\"width\":1436,\"height\":796},{\"@type\":\"BreadcrumbList\",\"@id\":\"https:\\\/\\\/cristinacortinas.org\\\/sustentabilidad\\\/invitacion-a-organizar-un-megatequio-comunitario-oaxaqueno-cero-residuos-a-disposicion-final\\\/#breadcrumb\",\"itemListElement\":[{\"@type\":\"ListItem\",\"position\":1,\"name\":\"Portada\",\"item\":\"https:\\\/\\\/cristinacortinas.org\\\/sustentabilidad\\\/\"},{\"@type\":\"ListItem\",\"position\":2,\"name\":\"INVITACI\u00d3N A ORGANIZAR UN MEGATEQUIO COMUNITARIO OAXAQUE\u00d1O: CERO RESIDUOS A DISPOSICI\u00d3N FINAL\"}]},{\"@type\":\"WebSite\",\"@id\":\"https:\\\/\\\/cristinacortinas.org\\\/sustentabilidad\\\/#website\",\"url\":\"https:\\\/\\\/cristinacortinas.org\\\/sustentabilidad\\\/\",\"name\":\"Dra. Ma. Cristina Cortinas Dur\u00e1n\",\"description\":\"\",\"potentialAction\":[{\"@type\":\"SearchAction\",\"target\":{\"@type\":\"EntryPoint\",\"urlTemplate\":\"https:\\\/\\\/cristinacortinas.org\\\/sustentabilidad\\\/?s={search_term_string}\"},\"query-input\":{\"@type\":\"PropertyValueSpecification\",\"valueRequired\":true,\"valueName\":\"search_term_string\"}}],\"inLanguage\":\"es\"},{\"@type\":\"Person\",\"@id\":\"https:\\\/\\\/cristinacortinas.org\\\/sustentabilidad\\\/#\\\/schema\\\/person\\\/230b4a4171b31e97671db5b680f06b08\",\"name\":\"CCristina\"}]}<\/script>\n<!-- \/ Yoast SEO plugin. -->","yoast_head_json":{"title":"INVITACI\u00d3N A ORGANIZAR UN MEGATEQUIO COMUNITARIO OAXAQUE\u00d1O: CERO RESIDUOS A DISPOSICI\u00d3N FINAL - Dra. Ma. Cristina Cortinas Dur\u00e1n","description":"Oaxaca pone el ejemplo al convertir una crisis en el manejo de los residuos s\u00f3lidos\u00a0 urbanos resultado del consumo, en una oportunidad para transitar hacia una econom\u00eda circular cero residuos a disposici\u00f3n final ejemplar:","robots":{"index":"index","follow":"follow","max-snippet":"max-snippet:-1","max-image-preview":"max-image-preview:large","max-video-preview":"max-video-preview:-1"},"canonical":"https:\/\/cristinacortinas.org\/sustentabilidad\/invitacion-a-organizar-un-megatequio-comunitario-oaxaqueno-cero-residuos-a-disposicion-final\/","og_locale":"es_ES","og_type":"article","og_title":"INVITACI\u00d3N A ORGANIZAR UN MEGATEQUIO COMUNITARIO OAXAQUE\u00d1O: CERO RESIDUOS A DISPOSICI\u00d3N FINAL - Dra. Ma. Cristina Cortinas Dur\u00e1n","og_description":"Oaxaca pone el ejemplo al convertir una crisis en el manejo de los residuos s\u00f3lidos\u00a0 urbanos resultado del consumo, en una oportunidad para transitar hacia una econom\u00eda circular cero residuos a disposici\u00f3n final ejemplar:","og_url":"https:\/\/cristinacortinas.org\/sustentabilidad\/invitacion-a-organizar-un-megatequio-comunitario-oaxaqueno-cero-residuos-a-disposicion-final\/","og_site_name":"Dra. Ma. Cristina Cortinas Dur\u00e1n","article_publisher":"https:\/\/www.facebook.com\/cristinacortinasduran\/","article_published_time":"2022-11-15T20:29:15+00:00","article_modified_time":"2022-11-15T20:29:52+00:00","og_image":[{"width":1436,"height":796,"url":"https:\/\/cristinacortinas.org\/sustentabilidad\/wp-content\/uploads\/2022\/11\/INVITACI\u00d3N-A-ORGANIZAR-UN-MEGATEQUIO-COMUNITARIO-OAXAQUE\u00d1O-CERO-RESIDUOS-A-DISPOSICI\u00d3N-FINAL.jpg","type":"image\/jpeg"}],"author":"CCristina","twitter_card":"summary_large_image","twitter_creator":"@DraCrisCortinas","twitter_site":"@DraCrisCortinas","twitter_misc":{"Escrito por":"CCristina"},"schema":{"@context":"https:\/\/schema.org","@graph":[{"@type":"Article","@id":"https:\/\/cristinacortinas.org\/sustentabilidad\/invitacion-a-organizar-un-megatequio-comunitario-oaxaqueno-cero-residuos-a-disposicion-final\/#article","isPartOf":{"@id":"https:\/\/cristinacortinas.org\/sustentabilidad\/invitacion-a-organizar-un-megatequio-comunitario-oaxaqueno-cero-residuos-a-disposicion-final\/"},"author":{"name":"CCristina","@id":"https:\/\/cristinacortinas.org\/sustentabilidad\/#\/schema\/person\/230b4a4171b31e97671db5b680f06b08"},"headline":"INVITACI\u00d3N A ORGANIZAR UN MEGATEQUIO COMUNITARIO OAXAQUE\u00d1O: CERO RESIDUOS A DISPOSICI\u00d3N FINAL","datePublished":"2022-11-15T20:29:15+00:00","dateModified":"2022-11-15T20:29:52+00:00","mainEntityOfPage":{"@id":"https:\/\/cristinacortinas.org\/sustentabilidad\/invitacion-a-organizar-un-megatequio-comunitario-oaxaqueno-cero-residuos-a-disposicion-final\/"},"wordCount":97,"image":{"@id":"https:\/\/cristinacortinas.org\/sustentabilidad\/invitacion-a-organizar-un-megatequio-comunitario-oaxaqueno-cero-residuos-a-disposicion-final\/#primaryimage"},"thumbnailUrl":"https:\/\/cristinacortinas.org\/sustentabilidad\/wp-content\/uploads\/2022\/11\/INVITACI\u00d3N-A-ORGANIZAR-UN-MEGATEQUIO-COMUNITARIO-OAXAQUE\u00d1O-CERO-RESIDUOS-A-DISPOSICI\u00d3N-FINAL.jpg","articleSection":["Noticias"],"inLanguage":"es"},{"@type":"WebPage","@id":"https:\/\/cristinacortinas.org\/sustentabilidad\/invitacion-a-organizar-un-megatequio-comunitario-oaxaqueno-cero-residuos-a-disposicion-final\/","url":"https:\/\/cristinacortinas.org\/sustentabilidad\/invitacion-a-organizar-un-megatequio-comunitario-oaxaqueno-cero-residuos-a-disposicion-final\/","name":"INVITACI\u00d3N A ORGANIZAR UN MEGATEQUIO COMUNITARIO OAXAQUE\u00d1O: CERO RESIDUOS A DISPOSICI\u00d3N FINAL - Dra. Ma. Cristina Cortinas Dur\u00e1n","isPartOf":{"@id":"https:\/\/cristinacortinas.org\/sustentabilidad\/#website"},"primaryImageOfPage":{"@id":"https:\/\/cristinacortinas.org\/sustentabilidad\/invitacion-a-organizar-un-megatequio-comunitario-oaxaqueno-cero-residuos-a-disposicion-final\/#primaryimage"},"image":{"@id":"https:\/\/cristinacortinas.org\/sustentabilidad\/invitacion-a-organizar-un-megatequio-comunitario-oaxaqueno-cero-residuos-a-disposicion-final\/#primaryimage"},"thumbnailUrl":"https:\/\/cristinacortinas.org\/sustentabilidad\/wp-content\/uploads\/2022\/11\/INVITACI\u00d3N-A-ORGANIZAR-UN-MEGATEQUIO-COMUNITARIO-OAXAQUE\u00d1O-CERO-RESIDUOS-A-DISPOSICI\u00d3N-FINAL.jpg","datePublished":"2022-11-15T20:29:15+00:00","dateModified":"2022-11-15T20:29:52+00:00","author":{"@id":"https:\/\/cristinacortinas.org\/sustentabilidad\/#\/schema\/person\/230b4a4171b31e97671db5b680f06b08"},"description":"Oaxaca pone el ejemplo al convertir una crisis en el manejo de los residuos s\u00f3lidos\u00a0 urbanos resultado del consumo, en una oportunidad para transitar hacia una econom\u00eda circular cero residuos a disposici\u00f3n final ejemplar:","breadcrumb":{"@id":"https:\/\/cristinacortinas.org\/sustentabilidad\/invitacion-a-organizar-un-megatequio-comunitario-oaxaqueno-cero-residuos-a-disposicion-final\/#breadcrumb"},"inLanguage":"es","potentialAction":[{"@type":"ReadAction","target":["https:\/\/cristinacortinas.org\/sustentabilidad\/invitacion-a-organizar-un-megatequio-comunitario-oaxaqueno-cero-residuos-a-disposicion-final\/"]}]},{"@type":"ImageObject","inLanguage":"es","@id":"https:\/\/cristinacortinas.org\/sustentabilidad\/invitacion-a-organizar-un-megatequio-comunitario-oaxaqueno-cero-residuos-a-disposicion-final\/#primaryimage","url":"https:\/\/cristinacortinas.org\/sustentabilidad\/wp-content\/uploads\/2022\/11\/INVITACI\u00d3N-A-ORGANIZAR-UN-MEGATEQUIO-COMUNITARIO-OAXAQUE\u00d1O-CERO-RESIDUOS-A-DISPOSICI\u00d3N-FINAL.jpg","contentUrl":"https:\/\/cristinacortinas.org\/sustentabilidad\/wp-content\/uploads\/2022\/11\/INVITACI\u00d3N-A-ORGANIZAR-UN-MEGATEQUIO-COMUNITARIO-OAXAQUE\u00d1O-CERO-RESIDUOS-A-DISPOSICI\u00d3N-FINAL.jpg","width":1436,"height":796},{"@type":"BreadcrumbList","@id":"https:\/\/cristinacortinas.org\/sustentabilidad\/invitacion-a-organizar-un-megatequio-comunitario-oaxaqueno-cero-residuos-a-disposicion-final\/#breadcrumb","itemListElement":[{"@type":"ListItem","position":1,"name":"Portada","item":"https:\/\/cristinacortinas.org\/sustentabilidad\/"},{"@type":"ListItem","position":2,"name":"INVITACI\u00d3N A ORGANIZAR UN MEGATEQUIO COMUNITARIO OAXAQUE\u00d1O: CERO RESIDUOS A DISPOSICI\u00d3N FINAL"}]},{"@type":"WebSite","@id":"https:\/\/cristinacortinas.org\/sustentabilidad\/#website","url":"https:\/\/cristinacortinas.org\/sustentabilidad\/","name":"Dra. Ma. Cristina Cortinas Dur\u00e1n","description":"","potentialAction":[{"@type":"SearchAction","target":{"@type":"EntryPoint","urlTemplate":"https:\/\/cristinacortinas.org\/sustentabilidad\/?s={search_term_string}"},"query-input":{"@type":"PropertyValueSpecification","valueRequired":true,"valueName":"search_term_string"}}],"inLanguage":"es"},{"@type":"Person","@id":"https:\/\/cristinacortinas.org\/sustentabilidad\/#\/schema\/person\/230b4a4171b31e97671db5b680f06b08","name":"CCristina"}]}},"_links":{"self":[{"href":"https:\/\/cristinacortinas.org\/sustentabilidad\/wp-json\/wp\/v2\/posts\/8738","targetHints":{"allow":["GET"]}}],"collection":[{"href":"https:\/\/cristinacortinas.org\/sustentabilidad\/wp-json\/wp\/v2\/posts"}],"about":[{"href":"https:\/\/cristinacortinas.org\/sustentabilidad\/wp-json\/wp\/v2\/types\/post"}],"author":[{"embeddable":true,"href":"https:\/\/cristinacortinas.org\/sustentabilidad\/wp-json\/wp\/v2\/users\/1"}],"replies":[{"embeddable":true,"href":"https:\/\/cristinacortinas.org\/sustentabilidad\/wp-json\/wp\/v2\/comments?post=8738"}],"version-history":[{"count":2,"href":"https:\/\/cristinacortinas.org\/sustentabilidad\/wp-json\/wp\/v2\/posts\/8738\/revisions"}],"predecessor-version":[{"id":8741,"href":"https:\/\/cristinacortinas.org\/sustentabilidad\/wp-json\/wp\/v2\/posts\/8738\/revisions\/8741"}],"wp:featuredmedia":[{"embeddable":true,"href":"https:\/\/cristinacortinas.org\/sustentabilidad\/wp-json\/wp\/v2\/media\/8739"}],"wp:attachment":[{"href":"https:\/\/cristinacortinas.org\/sustentabilidad\/wp-json\/wp\/v2\/media?parent=8738"}],"wp:term":[{"taxonomy":"category","embeddable":true,"href":"https:\/\/cristinacortinas.org\/sustentabilidad\/wp-json\/wp\/v2\/categories?post=8738"},{"taxonomy":"post_tag","embeddable":true,"href":"https:\/\/cristinacortinas.org\/sustentabilidad\/wp-json\/wp\/v2\/tags?post=8738"}],"curies":[{"name":"wp","href":"https:\/\/api.w.org\/{rel}","templated":true}]}}