{"id":8728,"date":"2022-11-07T12:29:27","date_gmt":"2022-11-07T18:29:27","guid":{"rendered":"https:\/\/cristinacortinas.org\/sustentabilidad\/?p=8728"},"modified":"2023-01-18T20:06:45","modified_gmt":"2023-01-19T02:06:45","slug":"entrevista-biosfera-revista-ambiental","status":"publish","type":"post","link":"https:\/\/cristinacortinas.org\/sustentabilidad\/entrevista-biosfera-revista-ambiental\/","title":{"rendered":"Entrevista: Biosfera Revista Ambiental"},"content":{"rendered":"<p>Comparto entrevista realizada en M\u00e9rida sobre la importancia de la econom\u00eda circular cero residuos a disposici\u00f3n final, \u00fatil para municipios y comunidades vulnerables que no cuentan con infraestructura y que se beneficiar\u00edan de manejarlos como recursos en caso de no poderlos evitar.<\/p>\n<p><iframe loading=\"lazy\" title=\"YouTube video player\" src=\"https:\/\/www.youtube.com\/embed\/UDgBiUOgDc4\" width=\"100%\" height=\"400\" frameborder=\"0\" allowfullscreen=\"allowfullscreen\"><span style=\"display: inline-block; width: 0px; overflow: hidden; line-height: 0;\" data-mce-type=\"bookmark\" class=\"mce_SELRES_start\">\ufeff<\/span><span style=\"display: inline-block; width: 0px; overflow: hidden; line-height: 0;\" data-mce-type=\"bookmark\" class=\"mce_SELRES_start\">\ufeff<\/span><\/iframe><\/p>\n<p>Temas abordados:<\/p>\n<ul>\n<li>Econom\u00eda Circular<\/li>\n<li>Manejo Integral de Residuos<\/li>\n<li>Legislaci\u00f3n Ambiental<\/li>\n<li>Obsolescencia programada<\/li>\n<\/ul>\n","protected":false},"excerpt":{"rendered":"<p>Comparto entrevista realizada en M\u00e9rida sobre la importancia de la econom\u00eda circular cero residuos a disposici\u00f3n final, \u00fatil para municipios y comunidades vulnerables que no cuentan con infraestructura y que se beneficiar\u00edan de manejarlos como recursos en caso de no poderlos evitar. \ufeff\ufeff Temas abordados: Econom\u00eda Circular Manejo Integral de Residuos Legislaci\u00f3n Ambiental Obsolescencia programada<\/p>\n","protected":false},"author":1,"featured_media":8729,"comment_status":"closed","ping_status":"closed","sticky":false,"template":"","format":"link","meta":{"footnotes":""},"categories":[40],"tags":[703,1121,385,1060],"class_list":["post-8728","post","type-post","status-publish","format-link","has-post-thumbnail","hentry","category-noticias","tag-economia-circular","tag-legislacion-ambiental","tag-manejo-integral-de-residuos","tag-obsolescencia-programada","post_format-post-format-link","cat-40-id"],"yoast_head":"<!-- This site is optimized with the Yoast SEO plugin v27.4 - https:\/\/yoast.com\/product\/yoast-seo-wordpress\/ -->\n<title>Entrevista: Biosfera Revista Ambiental - Dra. Ma. Cristina Cortinas Dur\u00e1n<\/title>\n<meta name=\"description\" content=\"En este episodio hablamos sobre...Econom\u00eda CircularManejo Integral de ResiduosLegislaci\u00f3n AmbientalObsolescencia programada\" \/>\n<meta name=\"robots\" content=\"index, follow, max-snippet:-1, max-image-preview:large, max-video-preview:-1\" \/>\n<link rel=\"canonical\" href=\"https:\/\/cristinacortinas.org\/sustentabilidad\/entrevista-biosfera-revista-ambiental\/\" \/>\n<meta property=\"og:locale\" content=\"es_ES\" \/>\n<meta property=\"og:type\" content=\"article\" \/>\n<meta property=\"og:title\" content=\"Entrevista: Biosfera Revista Ambiental - Dra. Ma. Cristina Cortinas Dur\u00e1n\" \/>\n<meta property=\"og:description\" content=\"En este episodio hablamos sobre...Econom\u00eda CircularManejo Integral de ResiduosLegislaci\u00f3n AmbientalObsolescencia programada\" \/>\n<meta property=\"og:url\" content=\"https:\/\/cristinacortinas.org\/sustentabilidad\/entrevista-biosfera-revista-ambiental\/\" \/>\n<meta property=\"og:site_name\" content=\"Dra. Ma. Cristina Cortinas Dur\u00e1n\" \/>\n<meta property=\"article:publisher\" content=\"https:\/\/www.facebook.com\/cristinacortinasduran\/\" \/>\n<meta property=\"article:published_time\" content=\"2022-11-07T18:29:27+00:00\" \/>\n<meta property=\"article:modified_time\" content=\"2023-01-19T02:06:45+00:00\" \/>\n<meta property=\"og:image\" content=\"https:\/\/cristinacortinas.org\/sustentabilidad\/wp-content\/uploads\/2022\/11\/Entrevista-Dra.-Cristina-Biosfera.jpg\" \/>\n\t<meta property=\"og:image:width\" content=\"1920\" \/>\n\t<meta property=\"og:image:height\" content=\"1080\" \/>\n\t<meta property=\"og:image:type\" content=\"image\/jpeg\" \/>\n<meta name=\"author\" content=\"CCristina\" \/>\n<meta name=\"twitter:card\" content=\"summary_large_image\" \/>\n<meta name=\"twitter:creator\" content=\"@DraCrisCortinas\" \/>\n<meta name=\"twitter:site\" content=\"@DraCrisCortinas\" \/>\n<meta name=\"twitter:label1\" content=\"Escrito por\" \/>\n\t<meta name=\"twitter:data1\" content=\"CCristina\" \/>\n<script type=\"application\/ld+json\" class=\"yoast-schema-graph\">{\"@context\":\"https:\\\/\\\/schema.org\",\"@graph\":[{\"@type\":\"Article\",\"@id\":\"https:\\\/\\\/cristinacortinas.org\\\/sustentabilidad\\\/entrevista-biosfera-revista-ambiental\\\/#article\",\"isPartOf\":{\"@id\":\"https:\\\/\\\/cristinacortinas.org\\\/sustentabilidad\\\/entrevista-biosfera-revista-ambiental\\\/\"},\"author\":{\"name\":\"CCristina\",\"@id\":\"https:\\\/\\\/cristinacortinas.org\\\/sustentabilidad\\\/#\\\/schema\\\/person\\\/230b4a4171b31e97671db5b680f06b08\"},\"headline\":\"Entrevista: Biosfera Revista Ambiental\",\"datePublished\":\"2022-11-07T18:29:27+00:00\",\"dateModified\":\"2023-01-19T02:06:45+00:00\",\"mainEntityOfPage\":{\"@id\":\"https:\\\/\\\/cristinacortinas.org\\\/sustentabilidad\\\/entrevista-biosfera-revista-ambiental\\\/\"},\"wordCount\":64,\"image\":{\"@id\":\"https:\\\/\\\/cristinacortinas.org\\\/sustentabilidad\\\/entrevista-biosfera-revista-ambiental\\\/#primaryimage\"},\"thumbnailUrl\":\"https:\\\/\\\/cristinacortinas.org\\\/sustentabilidad\\\/wp-content\\\/uploads\\\/2022\\\/11\\\/Entrevista-Dra.-Cristina-Biosfera.jpg\",\"keywords\":[\"Econom\u00eda Circular\",\"Legislaci\u00f3n Ambiental\",\"Manejo Integral de Residuos\",\"obsolescencia programada\"],\"articleSection\":[\"Noticias\"],\"inLanguage\":\"es\"},{\"@type\":\"WebPage\",\"@id\":\"https:\\\/\\\/cristinacortinas.org\\\/sustentabilidad\\\/entrevista-biosfera-revista-ambiental\\\/\",\"url\":\"https:\\\/\\\/cristinacortinas.org\\\/sustentabilidad\\\/entrevista-biosfera-revista-ambiental\\\/\",\"name\":\"Entrevista: Biosfera Revista Ambiental - Dra. Ma. Cristina Cortinas Dur\u00e1n\",\"isPartOf\":{\"@id\":\"https:\\\/\\\/cristinacortinas.org\\\/sustentabilidad\\\/#website\"},\"primaryImageOfPage\":{\"@id\":\"https:\\\/\\\/cristinacortinas.org\\\/sustentabilidad\\\/entrevista-biosfera-revista-ambiental\\\/#primaryimage\"},\"image\":{\"@id\":\"https:\\\/\\\/cristinacortinas.org\\\/sustentabilidad\\\/entrevista-biosfera-revista-ambiental\\\/#primaryimage\"},\"thumbnailUrl\":\"https:\\\/\\\/cristinacortinas.org\\\/sustentabilidad\\\/wp-content\\\/uploads\\\/2022\\\/11\\\/Entrevista-Dra.-Cristina-Biosfera.jpg\",\"datePublished\":\"2022-11-07T18:29:27+00:00\",\"dateModified\":\"2023-01-19T02:06:45+00:00\",\"author\":{\"@id\":\"https:\\\/\\\/cristinacortinas.org\\\/sustentabilidad\\\/#\\\/schema\\\/person\\\/230b4a4171b31e97671db5b680f06b08\"},\"description\":\"En este episodio hablamos sobre...Econom\u00eda CircularManejo Integral de ResiduosLegislaci\u00f3n AmbientalObsolescencia programada\",\"breadcrumb\":{\"@id\":\"https:\\\/\\\/cristinacortinas.org\\\/sustentabilidad\\\/entrevista-biosfera-revista-ambiental\\\/#breadcrumb\"},\"inLanguage\":\"es\",\"potentialAction\":[{\"@type\":\"ReadAction\",\"target\":[\"https:\\\/\\\/cristinacortinas.org\\\/sustentabilidad\\\/entrevista-biosfera-revista-ambiental\\\/\"]}]},{\"@type\":\"ImageObject\",\"inLanguage\":\"es\",\"@id\":\"https:\\\/\\\/cristinacortinas.org\\\/sustentabilidad\\\/entrevista-biosfera-revista-ambiental\\\/#primaryimage\",\"url\":\"https:\\\/\\\/cristinacortinas.org\\\/sustentabilidad\\\/wp-content\\\/uploads\\\/2022\\\/11\\\/Entrevista-Dra.-Cristina-Biosfera.jpg\",\"contentUrl\":\"https:\\\/\\\/cristinacortinas.org\\\/sustentabilidad\\\/wp-content\\\/uploads\\\/2022\\\/11\\\/Entrevista-Dra.-Cristina-Biosfera.jpg\",\"width\":1920,\"height\":1080},{\"@type\":\"BreadcrumbList\",\"@id\":\"https:\\\/\\\/cristinacortinas.org\\\/sustentabilidad\\\/entrevista-biosfera-revista-ambiental\\\/#breadcrumb\",\"itemListElement\":[{\"@type\":\"ListItem\",\"position\":1,\"name\":\"Portada\",\"item\":\"https:\\\/\\\/cristinacortinas.org\\\/sustentabilidad\\\/\"},{\"@type\":\"ListItem\",\"position\":2,\"name\":\"Entrevista: Biosfera Revista Ambiental\"}]},{\"@type\":\"WebSite\",\"@id\":\"https:\\\/\\\/cristinacortinas.org\\\/sustentabilidad\\\/#website\",\"url\":\"https:\\\/\\\/cristinacortinas.org\\\/sustentabilidad\\\/\",\"name\":\"Dra. Ma. Cristina Cortinas Dur\u00e1n\",\"description\":\"\",\"potentialAction\":[{\"@type\":\"SearchAction\",\"target\":{\"@type\":\"EntryPoint\",\"urlTemplate\":\"https:\\\/\\\/cristinacortinas.org\\\/sustentabilidad\\\/?s={search_term_string}\"},\"query-input\":{\"@type\":\"PropertyValueSpecification\",\"valueRequired\":true,\"valueName\":\"search_term_string\"}}],\"inLanguage\":\"es\"},{\"@type\":\"Person\",\"@id\":\"https:\\\/\\\/cristinacortinas.org\\\/sustentabilidad\\\/#\\\/schema\\\/person\\\/230b4a4171b31e97671db5b680f06b08\",\"name\":\"CCristina\"}]}<\/script>\n<!-- \/ Yoast SEO plugin. -->","yoast_head_json":{"title":"Entrevista: Biosfera Revista Ambiental - Dra. Ma. Cristina Cortinas Dur\u00e1n","description":"En este episodio hablamos sobre...Econom\u00eda CircularManejo Integral de ResiduosLegislaci\u00f3n AmbientalObsolescencia programada","robots":{"index":"index","follow":"follow","max-snippet":"max-snippet:-1","max-image-preview":"max-image-preview:large","max-video-preview":"max-video-preview:-1"},"canonical":"https:\/\/cristinacortinas.org\/sustentabilidad\/entrevista-biosfera-revista-ambiental\/","og_locale":"es_ES","og_type":"article","og_title":"Entrevista: Biosfera Revista Ambiental - Dra. Ma. Cristina Cortinas Dur\u00e1n","og_description":"En este episodio hablamos sobre...Econom\u00eda CircularManejo Integral de ResiduosLegislaci\u00f3n AmbientalObsolescencia programada","og_url":"https:\/\/cristinacortinas.org\/sustentabilidad\/entrevista-biosfera-revista-ambiental\/","og_site_name":"Dra. Ma. Cristina Cortinas Dur\u00e1n","article_publisher":"https:\/\/www.facebook.com\/cristinacortinasduran\/","article_published_time":"2022-11-07T18:29:27+00:00","article_modified_time":"2023-01-19T02:06:45+00:00","og_image":[{"width":1920,"height":1080,"url":"https:\/\/cristinacortinas.org\/sustentabilidad\/wp-content\/uploads\/2022\/11\/Entrevista-Dra.-Cristina-Biosfera.jpg","type":"image\/jpeg"}],"author":"CCristina","twitter_card":"summary_large_image","twitter_creator":"@DraCrisCortinas","twitter_site":"@DraCrisCortinas","twitter_misc":{"Escrito por":"CCristina"},"schema":{"@context":"https:\/\/schema.org","@graph":[{"@type":"Article","@id":"https:\/\/cristinacortinas.org\/sustentabilidad\/entrevista-biosfera-revista-ambiental\/#article","isPartOf":{"@id":"https:\/\/cristinacortinas.org\/sustentabilidad\/entrevista-biosfera-revista-ambiental\/"},"author":{"name":"CCristina","@id":"https:\/\/cristinacortinas.org\/sustentabilidad\/#\/schema\/person\/230b4a4171b31e97671db5b680f06b08"},"headline":"Entrevista: Biosfera Revista Ambiental","datePublished":"2022-11-07T18:29:27+00:00","dateModified":"2023-01-19T02:06:45+00:00","mainEntityOfPage":{"@id":"https:\/\/cristinacortinas.org\/sustentabilidad\/entrevista-biosfera-revista-ambiental\/"},"wordCount":64,"image":{"@id":"https:\/\/cristinacortinas.org\/sustentabilidad\/entrevista-biosfera-revista-ambiental\/#primaryimage"},"thumbnailUrl":"https:\/\/cristinacortinas.org\/sustentabilidad\/wp-content\/uploads\/2022\/11\/Entrevista-Dra.-Cristina-Biosfera.jpg","keywords":["Econom\u00eda Circular","Legislaci\u00f3n Ambiental","Manejo Integral de Residuos","obsolescencia programada"],"articleSection":["Noticias"],"inLanguage":"es"},{"@type":"WebPage","@id":"https:\/\/cristinacortinas.org\/sustentabilidad\/entrevista-biosfera-revista-ambiental\/","url":"https:\/\/cristinacortinas.org\/sustentabilidad\/entrevista-biosfera-revista-ambiental\/","name":"Entrevista: Biosfera Revista Ambiental - Dra. Ma. Cristina Cortinas Dur\u00e1n","isPartOf":{"@id":"https:\/\/cristinacortinas.org\/sustentabilidad\/#website"},"primaryImageOfPage":{"@id":"https:\/\/cristinacortinas.org\/sustentabilidad\/entrevista-biosfera-revista-ambiental\/#primaryimage"},"image":{"@id":"https:\/\/cristinacortinas.org\/sustentabilidad\/entrevista-biosfera-revista-ambiental\/#primaryimage"},"thumbnailUrl":"https:\/\/cristinacortinas.org\/sustentabilidad\/wp-content\/uploads\/2022\/11\/Entrevista-Dra.-Cristina-Biosfera.jpg","datePublished":"2022-11-07T18:29:27+00:00","dateModified":"2023-01-19T02:06:45+00:00","author":{"@id":"https:\/\/cristinacortinas.org\/sustentabilidad\/#\/schema\/person\/230b4a4171b31e97671db5b680f06b08"},"description":"En este episodio hablamos sobre...Econom\u00eda CircularManejo Integral de ResiduosLegislaci\u00f3n AmbientalObsolescencia programada","breadcrumb":{"@id":"https:\/\/cristinacortinas.org\/sustentabilidad\/entrevista-biosfera-revista-ambiental\/#breadcrumb"},"inLanguage":"es","potentialAction":[{"@type":"ReadAction","target":["https:\/\/cristinacortinas.org\/sustentabilidad\/entrevista-biosfera-revista-ambiental\/"]}]},{"@type":"ImageObject","inLanguage":"es","@id":"https:\/\/cristinacortinas.org\/sustentabilidad\/entrevista-biosfera-revista-ambiental\/#primaryimage","url":"https:\/\/cristinacortinas.org\/sustentabilidad\/wp-content\/uploads\/2022\/11\/Entrevista-Dra.-Cristina-Biosfera.jpg","contentUrl":"https:\/\/cristinacortinas.org\/sustentabilidad\/wp-content\/uploads\/2022\/11\/Entrevista-Dra.-Cristina-Biosfera.jpg","width":1920,"height":1080},{"@type":"BreadcrumbList","@id":"https:\/\/cristinacortinas.org\/sustentabilidad\/entrevista-biosfera-revista-ambiental\/#breadcrumb","itemListElement":[{"@type":"ListItem","position":1,"name":"Portada","item":"https:\/\/cristinacortinas.org\/sustentabilidad\/"},{"@type":"ListItem","position":2,"name":"Entrevista: Biosfera Revista Ambiental"}]},{"@type":"WebSite","@id":"https:\/\/cristinacortinas.org\/sustentabilidad\/#website","url":"https:\/\/cristinacortinas.org\/sustentabilidad\/","name":"Dra. Ma. Cristina Cortinas Dur\u00e1n","description":"","potentialAction":[{"@type":"SearchAction","target":{"@type":"EntryPoint","urlTemplate":"https:\/\/cristinacortinas.org\/sustentabilidad\/?s={search_term_string}"},"query-input":{"@type":"PropertyValueSpecification","valueRequired":true,"valueName":"search_term_string"}}],"inLanguage":"es"},{"@type":"Person","@id":"https:\/\/cristinacortinas.org\/sustentabilidad\/#\/schema\/person\/230b4a4171b31e97671db5b680f06b08","name":"CCristina"}]}},"_links":{"self":[{"href":"https:\/\/cristinacortinas.org\/sustentabilidad\/wp-json\/wp\/v2\/posts\/8728","targetHints":{"allow":["GET"]}}],"collection":[{"href":"https:\/\/cristinacortinas.org\/sustentabilidad\/wp-json\/wp\/v2\/posts"}],"about":[{"href":"https:\/\/cristinacortinas.org\/sustentabilidad\/wp-json\/wp\/v2\/types\/post"}],"author":[{"embeddable":true,"href":"https:\/\/cristinacortinas.org\/sustentabilidad\/wp-json\/wp\/v2\/users\/1"}],"replies":[{"embeddable":true,"href":"https:\/\/cristinacortinas.org\/sustentabilidad\/wp-json\/wp\/v2\/comments?post=8728"}],"version-history":[{"count":3,"href":"https:\/\/cristinacortinas.org\/sustentabilidad\/wp-json\/wp\/v2\/posts\/8728\/revisions"}],"predecessor-version":[{"id":8767,"href":"https:\/\/cristinacortinas.org\/sustentabilidad\/wp-json\/wp\/v2\/posts\/8728\/revisions\/8767"}],"wp:featuredmedia":[{"embeddable":true,"href":"https:\/\/cristinacortinas.org\/sustentabilidad\/wp-json\/wp\/v2\/media\/8729"}],"wp:attachment":[{"href":"https:\/\/cristinacortinas.org\/sustentabilidad\/wp-json\/wp\/v2\/media?parent=8728"}],"wp:term":[{"taxonomy":"category","embeddable":true,"href":"https:\/\/cristinacortinas.org\/sustentabilidad\/wp-json\/wp\/v2\/categories?post=8728"},{"taxonomy":"post_tag","embeddable":true,"href":"https:\/\/cristinacortinas.org\/sustentabilidad\/wp-json\/wp\/v2\/tags?post=8728"}],"curies":[{"name":"wp","href":"https:\/\/api.w.org\/{rel}","templated":true}]}}