{"id":8579,"date":"2022-05-23T12:44:43","date_gmt":"2022-05-23T17:44:43","guid":{"rendered":"https:\/\/cristinacortinas.org\/sustentabilidad\/?p=8579"},"modified":"2022-05-23T12:44:43","modified_gmt":"2022-05-23T17:44:43","slug":"foro-social-mundial-intertequios-de-siembra","status":"publish","type":"post","link":"https:\/\/cristinacortinas.org\/sustentabilidad\/foro-social-mundial-intertequios-de-siembra\/","title":{"rendered":"Foro Social Mundial: Intertequios de Siembra"},"content":{"rendered":"<div class=\"kvgmc6g5 cxmmr5t8 oygrvhab hcukyx3x c1et5uql ii04i59q\">\n<div dir=\"auto\"><a class=\"oajrlxb2 g5ia77u1 qu0x051f esr5mh6w e9989ue4 r7d6kgcz rq0escxv nhd2j8a9 nc684nl6 p7hjln8o kvgmc6g5 cxmmr5t8 oygrvhab hcukyx3x jb3vyjys rz4wbd8a qt6c0cv9 a8nywdso i1ao9s8h esuyzwwr f1sip0of lzcic4wl gpro0wi8 q66pz984 b1v8xokw\" tabindex=\"0\" role=\"link\" href=\"https:\/\/www.facebook.com\/hashtag\/sembremos?__eep__=6&amp;__cft__[0]=AZUxVTVl6nl6fHv2WBwVj7f_3iIju5cAfK3e8UJmy0D8iUVEuOiTNmhb3MyeUP_As5jcRfjRfILF9eyuA5-p2xm_DnhYpPnhq72k7TZq7t3bNHVeVGsa-aHepbn9hBRLdo8FRlkfboY_wZE1HX2UIG1P&amp;__tn__=*NK-R\">#Sembremos<\/a> de verde<span class=\"pq6dq46d tbxw36s4 knj5qynh kvgmc6g5 ditlmg2l oygrvhab nvdbi5me sf5mxxl7 gl3lb2sf hhz5lgdu\"><img loading=\"lazy\" decoding=\"async\" src=\"https:\/\/static.xx.fbcdn.net\/images\/emoji.php\/v9\/te0\/1.5\/16\/1f340.png\" alt=\"\ud83c\udf40\" width=\"16\" height=\"16\" \/><\/span>otra vez, la <a class=\"oajrlxb2 g5ia77u1 qu0x051f esr5mh6w e9989ue4 r7d6kgcz rq0escxv nhd2j8a9 nc684nl6 p7hjln8o kvgmc6g5 cxmmr5t8 oygrvhab hcukyx3x jb3vyjys rz4wbd8a qt6c0cv9 a8nywdso i1ao9s8h esuyzwwr f1sip0of lzcic4wl gpro0wi8 q66pz984 b1v8xokw\" tabindex=\"0\" role=\"link\" href=\"https:\/\/www.facebook.com\/hashtag\/cdmx?__eep__=6&amp;__cft__[0]=AZUxVTVl6nl6fHv2WBwVj7f_3iIju5cAfK3e8UJmy0D8iUVEuOiTNmhb3MyeUP_As5jcRfjRfILF9eyuA5-p2xm_DnhYpPnhq72k7TZq7t3bNHVeVGsa-aHepbn9hBRLdo8FRlkfboY_wZE1HX2UIG1P&amp;__tn__=*NK-R\">#CDMX<\/a> y el Valle de M\u00e9xico.<\/div>\n<div dir=\"auto\">Luego de nuestra participaci\u00f3n en el <a class=\"oajrlxb2 g5ia77u1 qu0x051f esr5mh6w e9989ue4 r7d6kgcz rq0escxv nhd2j8a9 nc684nl6 p7hjln8o kvgmc6g5 cxmmr5t8 oygrvhab hcukyx3x jb3vyjys rz4wbd8a qt6c0cv9 a8nywdso i1ao9s8h esuyzwwr f1sip0of lzcic4wl gpro0wi8 q66pz984 b1v8xokw\" tabindex=\"0\" role=\"link\" href=\"https:\/\/www.facebook.com\/hashtag\/forosocialmundial2022?__eep__=6&amp;__cft__[0]=AZUxVTVl6nl6fHv2WBwVj7f_3iIju5cAfK3e8UJmy0D8iUVEuOiTNmhb3MyeUP_As5jcRfjRfILF9eyuA5-p2xm_DnhYpPnhq72k7TZq7t3bNHVeVGsa-aHepbn9hBRLdo8FRlkfboY_wZE1HX2UIG1P&amp;__tn__=*NK-R\">#ForoSocialMundial2022<\/a>,<span class=\"pq6dq46d tbxw36s4 knj5qynh kvgmc6g5 ditlmg2l oygrvhab nvdbi5me sf5mxxl7 gl3lb2sf hhz5lgdu\"><img loading=\"lazy\" decoding=\"async\" src=\"https:\/\/static.xx.fbcdn.net\/images\/emoji.php\/v9\/t19\/1.5\/16\/1f30e.png\" alt=\"\ud83c\udf0e\" width=\"16\" height=\"16\" \/><\/span> conformamos la Red <a class=\"oajrlxb2 g5ia77u1 qu0x051f esr5mh6w e9989ue4 r7d6kgcz rq0escxv nhd2j8a9 nc684nl6 p7hjln8o kvgmc6g5 cxmmr5t8 oygrvhab hcukyx3x jb3vyjys rz4wbd8a qt6c0cv9 a8nywdso i1ao9s8h esuyzwwr f1sip0of lzcic4wl gpro0wi8 q66pz984 b1v8xokw\" tabindex=\"0\" role=\"link\" href=\"https:\/\/www.facebook.com\/hashtag\/solidaria?__eep__=6&amp;__cft__[0]=AZUxVTVl6nl6fHv2WBwVj7f_3iIju5cAfK3e8UJmy0D8iUVEuOiTNmhb3MyeUP_As5jcRfjRfILF9eyuA5-p2xm_DnhYpPnhq72k7TZq7t3bNHVeVGsa-aHepbn9hBRLdo8FRlkfboY_wZE1HX2UIG1P&amp;__tn__=*NK-R\">#Solidaria<\/a> de Comunidades de Siembra.<span class=\"pq6dq46d tbxw36s4 knj5qynh kvgmc6g5 ditlmg2l oygrvhab nvdbi5me sf5mxxl7 gl3lb2sf hhz5lgdu\"><img loading=\"lazy\" decoding=\"async\" src=\"https:\/\/static.xx.fbcdn.net\/images\/emoji.php\/v9\/t77\/1.5\/16\/1f33f.png\" alt=\"\ud83c\udf3f\" width=\"16\" height=\"16\" \/><\/span><\/div>\n<\/div>\n<div class=\"cxmmr5t8 oygrvhab hcukyx3x c1et5uql o9v6fnle ii04i59q\">\n<div dir=\"auto\"><span class=\"pq6dq46d tbxw36s4 knj5qynh kvgmc6g5 ditlmg2l oygrvhab nvdbi5me sf5mxxl7 gl3lb2sf hhz5lgdu\"><img loading=\"lazy\" decoding=\"async\" src=\"https:\/\/static.xx.fbcdn.net\/images\/emoji.php\/v9\/t73\/1.5\/16\/1f33b.png\" alt=\"\ud83c\udf3b\" width=\"16\" height=\"16\" \/><\/span> \u00bfEres de un colectivo que<\/div>\n<div dir=\"auto\">trabaja <a class=\"oajrlxb2 g5ia77u1 qu0x051f esr5mh6w e9989ue4 r7d6kgcz rq0escxv nhd2j8a9 nc684nl6 p7hjln8o kvgmc6g5 cxmmr5t8 oygrvhab hcukyx3x jb3vyjys rz4wbd8a qt6c0cv9 a8nywdso i1ao9s8h esuyzwwr f1sip0of lzcic4wl gpro0wi8 q66pz984 b1v8xokw\" tabindex=\"0\" role=\"link\" href=\"https:\/\/www.facebook.com\/hashtag\/huertosmedicinales?__eep__=6&amp;__cft__[0]=AZUxVTVl6nl6fHv2WBwVj7f_3iIju5cAfK3e8UJmy0D8iUVEuOiTNmhb3MyeUP_As5jcRfjRfILF9eyuA5-p2xm_DnhYpPnhq72k7TZq7t3bNHVeVGsa-aHepbn9hBRLdo8FRlkfboY_wZE1HX2UIG1P&amp;__tn__=*NK-R\">#huertosmedicinales<\/a>,<\/div>\n<div dir=\"auto\"><a class=\"oajrlxb2 g5ia77u1 qu0x051f esr5mh6w e9989ue4 r7d6kgcz rq0escxv nhd2j8a9 nc684nl6 p7hjln8o kvgmc6g5 cxmmr5t8 oygrvhab hcukyx3x jb3vyjys rz4wbd8a qt6c0cv9 a8nywdso i1ao9s8h esuyzwwr f1sip0of lzcic4wl gpro0wi8 q66pz984 b1v8xokw\" tabindex=\"0\" role=\"link\" href=\"https:\/\/www.facebook.com\/hashtag\/huertosurbanos?__eep__=6&amp;__cft__[0]=AZUxVTVl6nl6fHv2WBwVj7f_3iIju5cAfK3e8UJmy0D8iUVEuOiTNmhb3MyeUP_As5jcRfjRfILF9eyuA5-p2xm_DnhYpPnhq72k7TZq7t3bNHVeVGsa-aHepbn9hBRLdo8FRlkfboY_wZE1HX2UIG1P&amp;__tn__=*NK-R\">#huertosurbanos<\/a> y<\/div>\n<div dir=\"auto\"><a class=\"oajrlxb2 g5ia77u1 qu0x051f esr5mh6w e9989ue4 r7d6kgcz rq0escxv nhd2j8a9 nc684nl6 p7hjln8o kvgmc6g5 cxmmr5t8 oygrvhab hcukyx3x jb3vyjys rz4wbd8a qt6c0cv9 a8nywdso i1ao9s8h esuyzwwr f1sip0of lzcic4wl gpro0wi8 q66pz984 b1v8xokw\" tabindex=\"0\" role=\"link\" href=\"https:\/\/www.facebook.com\/hashtag\/huertosencomunidades?__eep__=6&amp;__cft__[0]=AZUxVTVl6nl6fHv2WBwVj7f_3iIju5cAfK3e8UJmy0D8iUVEuOiTNmhb3MyeUP_As5jcRfjRfILF9eyuA5-p2xm_DnhYpPnhq72k7TZq7t3bNHVeVGsa-aHepbn9hBRLdo8FRlkfboY_wZE1HX2UIG1P&amp;__tn__=*NK-R\">#huertosencomunidades<\/a>?<\/div>\n<\/div>\n<div class=\"cxmmr5t8 oygrvhab hcukyx3x c1et5uql o9v6fnle ii04i59q\">\n<div dir=\"auto\"><span class=\"pq6dq46d tbxw36s4 knj5qynh kvgmc6g5 ditlmg2l oygrvhab nvdbi5me sf5mxxl7 gl3lb2sf hhz5lgdu\"><img loading=\"lazy\" decoding=\"async\" src=\"https:\/\/static.xx.fbcdn.net\/images\/emoji.php\/v9\/t73\/1.5\/16\/1f33b.png\" alt=\"\ud83c\udf3b\" width=\"16\" height=\"16\" \/><\/span> \u00a1Participa! Reg\u00edstrate en<\/div>\n<div dir=\"auto\">huertequio@gmail.com<\/div>\n<\/div>\n<div class=\"cxmmr5t8 oygrvhab hcukyx3x c1et5uql o9v6fnle ii04i59q\">\n<div dir=\"auto\"><a class=\"oajrlxb2 g5ia77u1 qu0x051f esr5mh6w e9989ue4 r7d6kgcz rq0escxv nhd2j8a9 nc684nl6 p7hjln8o kvgmc6g5 cxmmr5t8 oygrvhab hcukyx3x jb3vyjys rz4wbd8a qt6c0cv9 a8nywdso i1ao9s8h esuyzwwr f1sip0of lzcic4wl gpro0wi8 q66pz984 b1v8xokw\" tabindex=\"0\" role=\"link\" href=\"https:\/\/www.facebook.com\/hashtag\/agroecologia?__eep__=6&amp;__cft__[0]=AZUxVTVl6nl6fHv2WBwVj7f_3iIju5cAfK3e8UJmy0D8iUVEuOiTNmhb3MyeUP_As5jcRfjRfILF9eyuA5-p2xm_DnhYpPnhq72k7TZq7t3bNHVeVGsa-aHepbn9hBRLdo8FRlkfboY_wZE1HX2UIG1P&amp;__tn__=*NK-R\">#agroecologia<\/a> <a class=\"oajrlxb2 g5ia77u1 qu0x051f esr5mh6w e9989ue4 r7d6kgcz rq0escxv nhd2j8a9 nc684nl6 p7hjln8o kvgmc6g5 cxmmr5t8 oygrvhab hcukyx3x jb3vyjys rz4wbd8a qt6c0cv9 a8nywdso i1ao9s8h esuyzwwr f1sip0of lzcic4wl gpro0wi8 q66pz984 b1v8xokw\" tabindex=\"0\" role=\"link\" href=\"https:\/\/www.facebook.com\/hashtag\/huertosmedicinales?__eep__=6&amp;__cft__[0]=AZUxVTVl6nl6fHv2WBwVj7f_3iIju5cAfK3e8UJmy0D8iUVEuOiTNmhb3MyeUP_As5jcRfjRfILF9eyuA5-p2xm_DnhYpPnhq72k7TZq7t3bNHVeVGsa-aHepbn9hBRLdo8FRlkfboY_wZE1HX2UIG1P&amp;__tn__=*NK-R\">#huertosmedicinales<\/a> <a class=\"oajrlxb2 g5ia77u1 qu0x051f esr5mh6w e9989ue4 r7d6kgcz rq0escxv nhd2j8a9 nc684nl6 p7hjln8o kvgmc6g5 cxmmr5t8 oygrvhab hcukyx3x jb3vyjys rz4wbd8a qt6c0cv9 a8nywdso i1ao9s8h esuyzwwr f1sip0of lzcic4wl gpro0wi8 q66pz984 b1v8xokw\" tabindex=\"0\" role=\"link\" href=\"https:\/\/www.facebook.com\/hashtag\/huertosorganicos?__eep__=6&amp;__cft__[0]=AZUxVTVl6nl6fHv2WBwVj7f_3iIju5cAfK3e8UJmy0D8iUVEuOiTNmhb3MyeUP_As5jcRfjRfILF9eyuA5-p2xm_DnhYpPnhq72k7TZq7t3bNHVeVGsa-aHepbn9hBRLdo8FRlkfboY_wZE1HX2UIG1P&amp;__tn__=*NK-R\">#huertosorganicos<\/a> <a class=\"oajrlxb2 g5ia77u1 qu0x051f esr5mh6w e9989ue4 r7d6kgcz rq0escxv nhd2j8a9 nc684nl6 p7hjln8o kvgmc6g5 cxmmr5t8 oygrvhab hcukyx3x jb3vyjys rz4wbd8a qt6c0cv9 a8nywdso i1ao9s8h esuyzwwr f1sip0of lzcic4wl gpro0wi8 q66pz984 b1v8xokw\" tabindex=\"0\" role=\"link\" href=\"https:\/\/www.facebook.com\/hashtag\/colectivos?__eep__=6&amp;__cft__[0]=AZUxVTVl6nl6fHv2WBwVj7f_3iIju5cAfK3e8UJmy0D8iUVEuOiTNmhb3MyeUP_As5jcRfjRfILF9eyuA5-p2xm_DnhYpPnhq72k7TZq7t3bNHVeVGsa-aHepbn9hBRLdo8FRlkfboY_wZE1HX2UIG1P&amp;__tn__=*NK-R\">#colectivos<\/a> <a class=\"oajrlxb2 g5ia77u1 qu0x051f esr5mh6w e9989ue4 r7d6kgcz rq0escxv nhd2j8a9 nc684nl6 p7hjln8o kvgmc6g5 cxmmr5t8 oygrvhab hcukyx3x jb3vyjys rz4wbd8a qt6c0cv9 a8nywdso i1ao9s8h esuyzwwr f1sip0of lzcic4wl gpro0wi8 q66pz984 b1v8xokw\" tabindex=\"0\" role=\"link\" href=\"https:\/\/www.facebook.com\/hashtag\/siembraelcambio?__eep__=6&amp;__cft__[0]=AZUxVTVl6nl6fHv2WBwVj7f_3iIju5cAfK3e8UJmy0D8iUVEuOiTNmhb3MyeUP_As5jcRfjRfILF9eyuA5-p2xm_DnhYpPnhq72k7TZq7t3bNHVeVGsa-aHepbn9hBRLdo8FRlkfboY_wZE1HX2UIG1P&amp;__tn__=*NK-R\">#SiembraElCambio<\/a> <a class=\"oajrlxb2 g5ia77u1 qu0x051f esr5mh6w e9989ue4 r7d6kgcz rq0escxv nhd2j8a9 nc684nl6 p7hjln8o kvgmc6g5 cxmmr5t8 oygrvhab hcukyx3x jb3vyjys rz4wbd8a qt6c0cv9 a8nywdso i1ao9s8h esuyzwwr f1sip0of lzcic4wl gpro0wi8 q66pz984 b1v8xokw\" tabindex=\"0\" role=\"link\" href=\"https:\/\/www.facebook.com\/hashtag\/verdequetequieroverde?__eep__=6&amp;__cft__[0]=AZUxVTVl6nl6fHv2WBwVj7f_3iIju5cAfK3e8UJmy0D8iUVEuOiTNmhb3MyeUP_As5jcRfjRfILF9eyuA5-p2xm_DnhYpPnhq72k7TZq7t3bNHVeVGsa-aHepbn9hBRLdo8FRlkfboY_wZE1HX2UIG1P&amp;__tn__=*NK-R\">#verdequetequieroverde<\/a> <a class=\"oajrlxb2 g5ia77u1 qu0x051f esr5mh6w e9989ue4 r7d6kgcz rq0escxv nhd2j8a9 nc684nl6 p7hjln8o kvgmc6g5 cxmmr5t8 oygrvhab hcukyx3x jb3vyjys rz4wbd8a qt6c0cv9 a8nywdso i1ao9s8h esuyzwwr f1sip0of lzcic4wl gpro0wi8 q66pz984 b1v8xokw\" tabindex=\"0\" role=\"link\" href=\"https:\/\/www.facebook.com\/hashtag\/economiasocial?__eep__=6&amp;__cft__[0]=AZUxVTVl6nl6fHv2WBwVj7f_3iIju5cAfK3e8UJmy0D8iUVEuOiTNmhb3MyeUP_As5jcRfjRfILF9eyuA5-p2xm_DnhYpPnhq72k7TZq7t3bNHVeVGsa-aHepbn9hBRLdo8FRlkfboY_wZE1HX2UIG1P&amp;__tn__=*NK-R\">#economiasocial<\/a> <a class=\"oajrlxb2 g5ia77u1 qu0x051f esr5mh6w e9989ue4 r7d6kgcz rq0escxv nhd2j8a9 nc684nl6 p7hjln8o kvgmc6g5 cxmmr5t8 oygrvhab hcukyx3x jb3vyjys rz4wbd8a qt6c0cv9 a8nywdso i1ao9s8h esuyzwwr f1sip0of lzcic4wl gpro0wi8 q66pz984 b1v8xokw\" tabindex=\"0\" role=\"link\" href=\"https:\/\/www.facebook.com\/hashtag\/ecologia?__eep__=6&amp;__cft__[0]=AZUxVTVl6nl6fHv2WBwVj7f_3iIju5cAfK3e8UJmy0D8iUVEuOiTNmhb3MyeUP_As5jcRfjRfILF9eyuA5-p2xm_DnhYpPnhq72k7TZq7t3bNHVeVGsa-aHepbn9hBRLdo8FRlkfboY_wZE1HX2UIG1P&amp;__tn__=*NK-R\">#ecologia<\/a> <a class=\"oajrlxb2 g5ia77u1 qu0x051f esr5mh6w e9989ue4 r7d6kgcz rq0escxv nhd2j8a9 nc684nl6 p7hjln8o kvgmc6g5 cxmmr5t8 oygrvhab hcukyx3x jb3vyjys rz4wbd8a qt6c0cv9 a8nywdso i1ao9s8h esuyzwwr f1sip0of lzcic4wl gpro0wi8 q66pz984 b1v8xokw\" tabindex=\"0\" role=\"link\" href=\"https:\/\/www.facebook.com\/hashtag\/econom%C3%ADacircular?__eep__=6&amp;__cft__[0]=AZUxVTVl6nl6fHv2WBwVj7f_3iIju5cAfK3e8UJmy0D8iUVEuOiTNmhb3MyeUP_As5jcRfjRfILF9eyuA5-p2xm_DnhYpPnhq72k7TZq7t3bNHVeVGsa-aHepbn9hBRLdo8FRlkfboY_wZE1HX2UIG1P&amp;__tn__=*NK-R\">#Econom\u00edaCircular<\/a> <a class=\"oajrlxb2 g5ia77u1 qu0x051f esr5mh6w e9989ue4 r7d6kgcz rq0escxv nhd2j8a9 nc684nl6 p7hjln8o kvgmc6g5 cxmmr5t8 oygrvhab hcukyx3x jb3vyjys rz4wbd8a qt6c0cv9 a8nywdso i1ao9s8h esuyzwwr f1sip0of lzcic4wl gpro0wi8 q66pz984 b1v8xokw\" tabindex=\"0\" role=\"link\" href=\"https:\/\/www.facebook.com\/hashtag\/huertoencasa?__eep__=6&amp;__cft__[0]=AZUxVTVl6nl6fHv2WBwVj7f_3iIju5cAfK3e8UJmy0D8iUVEuOiTNmhb3MyeUP_As5jcRfjRfILF9eyuA5-p2xm_DnhYpPnhq72k7TZq7t3bNHVeVGsa-aHepbn9hBRLdo8FRlkfboY_wZE1HX2UIG1P&amp;__tn__=*NK-R\">#huertoencasa<\/a> <a class=\"oajrlxb2 g5ia77u1 qu0x051f esr5mh6w e9989ue4 r7d6kgcz rq0escxv nhd2j8a9 nc684nl6 p7hjln8o kvgmc6g5 cxmmr5t8 oygrvhab hcukyx3x jb3vyjys rz4wbd8a qt6c0cv9 a8nywdso i1ao9s8h esuyzwwr f1sip0of lzcic4wl gpro0wi8 q66pz984 b1v8xokw\" tabindex=\"0\" role=\"link\" href=\"https:\/\/www.facebook.com\/hashtag\/huertoscomunitarios?__eep__=6&amp;__cft__[0]=AZUxVTVl6nl6fHv2WBwVj7f_3iIju5cAfK3e8UJmy0D8iUVEuOiTNmhb3MyeUP_As5jcRfjRfILF9eyuA5-p2xm_DnhYpPnhq72k7TZq7t3bNHVeVGsa-aHepbn9hBRLdo8FRlkfboY_wZE1HX2UIG1P&amp;__tn__=*NK-R\">#huertoscomunitarios<\/a> <a class=\"oajrlxb2 g5ia77u1 qu0x051f esr5mh6w e9989ue4 r7d6kgcz rq0escxv nhd2j8a9 nc684nl6 p7hjln8o kvgmc6g5 cxmmr5t8 oygrvhab hcukyx3x jb3vyjys rz4wbd8a qt6c0cv9 a8nywdso i1ao9s8h esuyzwwr f1sip0of lzcic4wl gpro0wi8 q66pz984 b1v8xokw\" tabindex=\"0\" role=\"link\" href=\"https:\/\/www.facebook.com\/hashtag\/huertomatlalotzin?__eep__=6&amp;__cft__[0]=AZUxVTVl6nl6fHv2WBwVj7f_3iIju5cAfK3e8UJmy0D8iUVEuOiTNmhb3MyeUP_As5jcRfjRfILF9eyuA5-p2xm_DnhYpPnhq72k7TZq7t3bNHVeVGsa-aHepbn9hBRLdo8FRlkfboY_wZE1HX2UIG1P&amp;__tn__=*NK-R\">#huertomatlalotzin<\/a> <a class=\"oajrlxb2 g5ia77u1 qu0x051f esr5mh6w e9989ue4 r7d6kgcz rq0escxv nhd2j8a9 nc684nl6 p7hjln8o kvgmc6g5 cxmmr5t8 oygrvhab hcukyx3x jb3vyjys rz4wbd8a qt6c0cv9 a8nywdso i1ao9s8h esuyzwwr f1sip0of lzcic4wl gpro0wi8 q66pz984 b1v8xokw\" tabindex=\"0\" role=\"link\" href=\"https:\/\/www.facebook.com\/hashtag\/cerrodelaestrella?__eep__=6&amp;__cft__[0]=AZUxVTVl6nl6fHv2WBwVj7f_3iIju5cAfK3e8UJmy0D8iUVEuOiTNmhb3MyeUP_As5jcRfjRfILF9eyuA5-p2xm_DnhYpPnhq72k7TZq7t3bNHVeVGsa-aHepbn9hBRLdo8FRlkfboY_wZE1HX2UIG1P&amp;__tn__=*NK-R\">#cerrodelaestrella<\/a> <a class=\"oajrlxb2 g5ia77u1 qu0x051f esr5mh6w e9989ue4 r7d6kgcz rq0escxv nhd2j8a9 nc684nl6 p7hjln8o kvgmc6g5 cxmmr5t8 oygrvhab hcukyx3x jb3vyjys rz4wbd8a qt6c0cv9 a8nywdso i1ao9s8h esuyzwwr f1sip0of lzcic4wl gpro0wi8 q66pz984 b1v8xokw\" tabindex=\"0\" role=\"link\" href=\"https:\/\/www.facebook.com\/hashtag\/iztapalapa?__eep__=6&amp;__cft__[0]=AZUxVTVl6nl6fHv2WBwVj7f_3iIju5cAfK3e8UJmy0D8iUVEuOiTNmhb3MyeUP_As5jcRfjRfILF9eyuA5-p2xm_DnhYpPnhq72k7TZq7t3bNHVeVGsa-aHepbn9hBRLdo8FRlkfboY_wZE1HX2UIG1P&amp;__tn__=*NK-R\">#Iztapalapa<\/a><\/div>\n<\/div>\n<div dir=\"auto\"><\/div>\n<div dir=\"auto\">M\u00e1s info: https:\/\/www.facebook.com\/worldsocialforum\/<\/div>\n<div dir=\"auto\"><\/div>\n","protected":false},"excerpt":{"rendered":"<p>#Sembremos de verdeotra vez, la #CDMX y el Valle de M\u00e9xico. Luego de nuestra participaci\u00f3n en el #ForoSocialMundial2022, conformamos la Red #Solidaria de Comunidades de Siembra. \u00bfEres de un colectivo que trabaja #huertosmedicinales, #huertosurbanos y #huertosencomunidades? \u00a1Participa! Reg\u00edstrate en huertequio@gmail.com #agroecologia #huertosmedicinales #huertosorganicos #colectivos #SiembraElCambio #verdequetequieroverde #economiasocial #ecologia #Econom\u00edaCircular #huertoencasa #huertoscomunitarios #huertomatlalotzin #cerrodelaestrella #Iztapalapa M\u00e1s info: https:\/\/www.facebook.com\/worldsocialforum\/<\/p>\n","protected":false},"author":1,"featured_media":8580,"comment_status":"closed","ping_status":"closed","sticky":false,"template":"","format":"standard","meta":{"footnotes":""},"categories":[40],"tags":[],"class_list":["post-8579","post","type-post","status-publish","format-standard","has-post-thumbnail","hentry","category-noticias","cat-40-id"],"yoast_head":"<!-- This site is optimized with the Yoast SEO plugin v27.4 - https:\/\/yoast.com\/product\/yoast-seo-wordpress\/ -->\n<title>Foro Social Mundial: Intertequios de Siembra - Dra. Ma. Cristina Cortinas Dur\u00e1n<\/title>\n<meta name=\"robots\" content=\"index, follow, max-snippet:-1, max-image-preview:large, max-video-preview:-1\" \/>\n<link rel=\"canonical\" href=\"https:\/\/cristinacortinas.org\/sustentabilidad\/foro-social-mundial-intertequios-de-siembra\/\" \/>\n<meta property=\"og:locale\" content=\"es_ES\" \/>\n<meta property=\"og:type\" content=\"article\" \/>\n<meta property=\"og:title\" content=\"Foro Social Mundial: Intertequios de Siembra - Dra. Ma. Cristina Cortinas Dur\u00e1n\" \/>\n<meta property=\"og:description\" content=\"#Sembremos de verdeotra vez, la #CDMX y el Valle de M\u00e9xico. Luego de nuestra participaci\u00f3n en el #ForoSocialMundial2022, conformamos la Red #Solidaria de Comunidades de Siembra. \u00bfEres de un colectivo que trabaja #huertosmedicinales, #huertosurbanos y #huertosencomunidades? \u00a1Participa! Reg\u00edstrate en huertequio@gmail.com #agroecologia #huertosmedicinales #huertosorganicos #colectivos #SiembraElCambio #verdequetequieroverde #economiasocial #ecologia #Econom\u00edaCircular #huertoencasa #huertoscomunitarios #huertomatlalotzin #cerrodelaestrella #Iztapalapa M\u00e1s info: https:\/\/www.facebook.com\/worldsocialforum\/\" \/>\n<meta property=\"og:url\" content=\"https:\/\/cristinacortinas.org\/sustentabilidad\/foro-social-mundial-intertequios-de-siembra\/\" \/>\n<meta property=\"og:site_name\" content=\"Dra. Ma. Cristina Cortinas Dur\u00e1n\" \/>\n<meta property=\"article:publisher\" content=\"https:\/\/www.facebook.com\/cristinacortinasduran\/\" \/>\n<meta property=\"article:published_time\" content=\"2022-05-23T17:44:43+00:00\" \/>\n<meta property=\"og:image\" content=\"https:\/\/cristinacortinas.org\/sustentabilidad\/wp-content\/uploads\/2022\/05\/Intertequios-de-siembra.jpg\" \/>\n\t<meta property=\"og:image:width\" content=\"743\" \/>\n\t<meta property=\"og:image:height\" content=\"960\" \/>\n\t<meta property=\"og:image:type\" content=\"image\/jpeg\" \/>\n<meta name=\"author\" content=\"CCristina\" \/>\n<meta name=\"twitter:card\" content=\"summary_large_image\" \/>\n<meta name=\"twitter:creator\" content=\"@DraCrisCortinas\" \/>\n<meta name=\"twitter:site\" content=\"@DraCrisCortinas\" \/>\n<meta name=\"twitter:label1\" content=\"Escrito por\" \/>\n\t<meta name=\"twitter:data1\" content=\"CCristina\" \/>\n<script type=\"application\/ld+json\" class=\"yoast-schema-graph\">{\"@context\":\"https:\\\/\\\/schema.org\",\"@graph\":[{\"@type\":\"Article\",\"@id\":\"https:\\\/\\\/cristinacortinas.org\\\/sustentabilidad\\\/foro-social-mundial-intertequios-de-siembra\\\/#article\",\"isPartOf\":{\"@id\":\"https:\\\/\\\/cristinacortinas.org\\\/sustentabilidad\\\/foro-social-mundial-intertequios-de-siembra\\\/\"},\"author\":{\"name\":\"CCristina\",\"@id\":\"https:\\\/\\\/cristinacortinas.org\\\/sustentabilidad\\\/#\\\/schema\\\/person\\\/230b4a4171b31e97671db5b680f06b08\"},\"headline\":\"Foro Social Mundial: Intertequios de Siembra\",\"datePublished\":\"2022-05-23T17:44:43+00:00\",\"mainEntityOfPage\":{\"@id\":\"https:\\\/\\\/cristinacortinas.org\\\/sustentabilidad\\\/foro-social-mundial-intertequios-de-siembra\\\/\"},\"wordCount\":75,\"image\":{\"@id\":\"https:\\\/\\\/cristinacortinas.org\\\/sustentabilidad\\\/foro-social-mundial-intertequios-de-siembra\\\/#primaryimage\"},\"thumbnailUrl\":\"https:\\\/\\\/cristinacortinas.org\\\/sustentabilidad\\\/wp-content\\\/uploads\\\/2022\\\/05\\\/Intertequios-de-siembra.jpg\",\"articleSection\":[\"Noticias\"],\"inLanguage\":\"es\"},{\"@type\":\"WebPage\",\"@id\":\"https:\\\/\\\/cristinacortinas.org\\\/sustentabilidad\\\/foro-social-mundial-intertequios-de-siembra\\\/\",\"url\":\"https:\\\/\\\/cristinacortinas.org\\\/sustentabilidad\\\/foro-social-mundial-intertequios-de-siembra\\\/\",\"name\":\"Foro Social Mundial: Intertequios de Siembra - Dra. Ma. Cristina Cortinas Dur\u00e1n\",\"isPartOf\":{\"@id\":\"https:\\\/\\\/cristinacortinas.org\\\/sustentabilidad\\\/#website\"},\"primaryImageOfPage\":{\"@id\":\"https:\\\/\\\/cristinacortinas.org\\\/sustentabilidad\\\/foro-social-mundial-intertequios-de-siembra\\\/#primaryimage\"},\"image\":{\"@id\":\"https:\\\/\\\/cristinacortinas.org\\\/sustentabilidad\\\/foro-social-mundial-intertequios-de-siembra\\\/#primaryimage\"},\"thumbnailUrl\":\"https:\\\/\\\/cristinacortinas.org\\\/sustentabilidad\\\/wp-content\\\/uploads\\\/2022\\\/05\\\/Intertequios-de-siembra.jpg\",\"datePublished\":\"2022-05-23T17:44:43+00:00\",\"author\":{\"@id\":\"https:\\\/\\\/cristinacortinas.org\\\/sustentabilidad\\\/#\\\/schema\\\/person\\\/230b4a4171b31e97671db5b680f06b08\"},\"breadcrumb\":{\"@id\":\"https:\\\/\\\/cristinacortinas.org\\\/sustentabilidad\\\/foro-social-mundial-intertequios-de-siembra\\\/#breadcrumb\"},\"inLanguage\":\"es\",\"potentialAction\":[{\"@type\":\"ReadAction\",\"target\":[\"https:\\\/\\\/cristinacortinas.org\\\/sustentabilidad\\\/foro-social-mundial-intertequios-de-siembra\\\/\"]}]},{\"@type\":\"ImageObject\",\"inLanguage\":\"es\",\"@id\":\"https:\\\/\\\/cristinacortinas.org\\\/sustentabilidad\\\/foro-social-mundial-intertequios-de-siembra\\\/#primaryimage\",\"url\":\"https:\\\/\\\/cristinacortinas.org\\\/sustentabilidad\\\/wp-content\\\/uploads\\\/2022\\\/05\\\/Intertequios-de-siembra.jpg\",\"contentUrl\":\"https:\\\/\\\/cristinacortinas.org\\\/sustentabilidad\\\/wp-content\\\/uploads\\\/2022\\\/05\\\/Intertequios-de-siembra.jpg\",\"width\":743,\"height\":960},{\"@type\":\"BreadcrumbList\",\"@id\":\"https:\\\/\\\/cristinacortinas.org\\\/sustentabilidad\\\/foro-social-mundial-intertequios-de-siembra\\\/#breadcrumb\",\"itemListElement\":[{\"@type\":\"ListItem\",\"position\":1,\"name\":\"Portada\",\"item\":\"https:\\\/\\\/cristinacortinas.org\\\/sustentabilidad\\\/\"},{\"@type\":\"ListItem\",\"position\":2,\"name\":\"Foro Social Mundial: Intertequios de Siembra\"}]},{\"@type\":\"WebSite\",\"@id\":\"https:\\\/\\\/cristinacortinas.org\\\/sustentabilidad\\\/#website\",\"url\":\"https:\\\/\\\/cristinacortinas.org\\\/sustentabilidad\\\/\",\"name\":\"Dra. Ma. Cristina Cortinas Dur\u00e1n\",\"description\":\"\",\"potentialAction\":[{\"@type\":\"SearchAction\",\"target\":{\"@type\":\"EntryPoint\",\"urlTemplate\":\"https:\\\/\\\/cristinacortinas.org\\\/sustentabilidad\\\/?s={search_term_string}\"},\"query-input\":{\"@type\":\"PropertyValueSpecification\",\"valueRequired\":true,\"valueName\":\"search_term_string\"}}],\"inLanguage\":\"es\"},{\"@type\":\"Person\",\"@id\":\"https:\\\/\\\/cristinacortinas.org\\\/sustentabilidad\\\/#\\\/schema\\\/person\\\/230b4a4171b31e97671db5b680f06b08\",\"name\":\"CCristina\"}]}<\/script>\n<!-- \/ Yoast SEO plugin. -->","yoast_head_json":{"title":"Foro Social Mundial: Intertequios de Siembra - Dra. Ma. Cristina Cortinas Dur\u00e1n","robots":{"index":"index","follow":"follow","max-snippet":"max-snippet:-1","max-image-preview":"max-image-preview:large","max-video-preview":"max-video-preview:-1"},"canonical":"https:\/\/cristinacortinas.org\/sustentabilidad\/foro-social-mundial-intertequios-de-siembra\/","og_locale":"es_ES","og_type":"article","og_title":"Foro Social Mundial: Intertequios de Siembra - Dra. Ma. Cristina Cortinas Dur\u00e1n","og_description":"#Sembremos de verdeotra vez, la #CDMX y el Valle de M\u00e9xico. Luego de nuestra participaci\u00f3n en el #ForoSocialMundial2022, conformamos la Red #Solidaria de Comunidades de Siembra. \u00bfEres de un colectivo que trabaja #huertosmedicinales, #huertosurbanos y #huertosencomunidades? \u00a1Participa! Reg\u00edstrate en huertequio@gmail.com #agroecologia #huertosmedicinales #huertosorganicos #colectivos #SiembraElCambio #verdequetequieroverde #economiasocial #ecologia #Econom\u00edaCircular #huertoencasa #huertoscomunitarios #huertomatlalotzin #cerrodelaestrella #Iztapalapa M\u00e1s info: https:\/\/www.facebook.com\/worldsocialforum\/","og_url":"https:\/\/cristinacortinas.org\/sustentabilidad\/foro-social-mundial-intertequios-de-siembra\/","og_site_name":"Dra. Ma. Cristina Cortinas Dur\u00e1n","article_publisher":"https:\/\/www.facebook.com\/cristinacortinasduran\/","article_published_time":"2022-05-23T17:44:43+00:00","og_image":[{"width":743,"height":960,"url":"https:\/\/cristinacortinas.org\/sustentabilidad\/wp-content\/uploads\/2022\/05\/Intertequios-de-siembra.jpg","type":"image\/jpeg"}],"author":"CCristina","twitter_card":"summary_large_image","twitter_creator":"@DraCrisCortinas","twitter_site":"@DraCrisCortinas","twitter_misc":{"Escrito por":"CCristina"},"schema":{"@context":"https:\/\/schema.org","@graph":[{"@type":"Article","@id":"https:\/\/cristinacortinas.org\/sustentabilidad\/foro-social-mundial-intertequios-de-siembra\/#article","isPartOf":{"@id":"https:\/\/cristinacortinas.org\/sustentabilidad\/foro-social-mundial-intertequios-de-siembra\/"},"author":{"name":"CCristina","@id":"https:\/\/cristinacortinas.org\/sustentabilidad\/#\/schema\/person\/230b4a4171b31e97671db5b680f06b08"},"headline":"Foro Social Mundial: Intertequios de Siembra","datePublished":"2022-05-23T17:44:43+00:00","mainEntityOfPage":{"@id":"https:\/\/cristinacortinas.org\/sustentabilidad\/foro-social-mundial-intertequios-de-siembra\/"},"wordCount":75,"image":{"@id":"https:\/\/cristinacortinas.org\/sustentabilidad\/foro-social-mundial-intertequios-de-siembra\/#primaryimage"},"thumbnailUrl":"https:\/\/cristinacortinas.org\/sustentabilidad\/wp-content\/uploads\/2022\/05\/Intertequios-de-siembra.jpg","articleSection":["Noticias"],"inLanguage":"es"},{"@type":"WebPage","@id":"https:\/\/cristinacortinas.org\/sustentabilidad\/foro-social-mundial-intertequios-de-siembra\/","url":"https:\/\/cristinacortinas.org\/sustentabilidad\/foro-social-mundial-intertequios-de-siembra\/","name":"Foro Social Mundial: Intertequios de Siembra - Dra. Ma. Cristina Cortinas Dur\u00e1n","isPartOf":{"@id":"https:\/\/cristinacortinas.org\/sustentabilidad\/#website"},"primaryImageOfPage":{"@id":"https:\/\/cristinacortinas.org\/sustentabilidad\/foro-social-mundial-intertequios-de-siembra\/#primaryimage"},"image":{"@id":"https:\/\/cristinacortinas.org\/sustentabilidad\/foro-social-mundial-intertequios-de-siembra\/#primaryimage"},"thumbnailUrl":"https:\/\/cristinacortinas.org\/sustentabilidad\/wp-content\/uploads\/2022\/05\/Intertequios-de-siembra.jpg","datePublished":"2022-05-23T17:44:43+00:00","author":{"@id":"https:\/\/cristinacortinas.org\/sustentabilidad\/#\/schema\/person\/230b4a4171b31e97671db5b680f06b08"},"breadcrumb":{"@id":"https:\/\/cristinacortinas.org\/sustentabilidad\/foro-social-mundial-intertequios-de-siembra\/#breadcrumb"},"inLanguage":"es","potentialAction":[{"@type":"ReadAction","target":["https:\/\/cristinacortinas.org\/sustentabilidad\/foro-social-mundial-intertequios-de-siembra\/"]}]},{"@type":"ImageObject","inLanguage":"es","@id":"https:\/\/cristinacortinas.org\/sustentabilidad\/foro-social-mundial-intertequios-de-siembra\/#primaryimage","url":"https:\/\/cristinacortinas.org\/sustentabilidad\/wp-content\/uploads\/2022\/05\/Intertequios-de-siembra.jpg","contentUrl":"https:\/\/cristinacortinas.org\/sustentabilidad\/wp-content\/uploads\/2022\/05\/Intertequios-de-siembra.jpg","width":743,"height":960},{"@type":"BreadcrumbList","@id":"https:\/\/cristinacortinas.org\/sustentabilidad\/foro-social-mundial-intertequios-de-siembra\/#breadcrumb","itemListElement":[{"@type":"ListItem","position":1,"name":"Portada","item":"https:\/\/cristinacortinas.org\/sustentabilidad\/"},{"@type":"ListItem","position":2,"name":"Foro Social Mundial: Intertequios de Siembra"}]},{"@type":"WebSite","@id":"https:\/\/cristinacortinas.org\/sustentabilidad\/#website","url":"https:\/\/cristinacortinas.org\/sustentabilidad\/","name":"Dra. Ma. Cristina Cortinas Dur\u00e1n","description":"","potentialAction":[{"@type":"SearchAction","target":{"@type":"EntryPoint","urlTemplate":"https:\/\/cristinacortinas.org\/sustentabilidad\/?s={search_term_string}"},"query-input":{"@type":"PropertyValueSpecification","valueRequired":true,"valueName":"search_term_string"}}],"inLanguage":"es"},{"@type":"Person","@id":"https:\/\/cristinacortinas.org\/sustentabilidad\/#\/schema\/person\/230b4a4171b31e97671db5b680f06b08","name":"CCristina"}]}},"_links":{"self":[{"href":"https:\/\/cristinacortinas.org\/sustentabilidad\/wp-json\/wp\/v2\/posts\/8579","targetHints":{"allow":["GET"]}}],"collection":[{"href":"https:\/\/cristinacortinas.org\/sustentabilidad\/wp-json\/wp\/v2\/posts"}],"about":[{"href":"https:\/\/cristinacortinas.org\/sustentabilidad\/wp-json\/wp\/v2\/types\/post"}],"author":[{"embeddable":true,"href":"https:\/\/cristinacortinas.org\/sustentabilidad\/wp-json\/wp\/v2\/users\/1"}],"replies":[{"embeddable":true,"href":"https:\/\/cristinacortinas.org\/sustentabilidad\/wp-json\/wp\/v2\/comments?post=8579"}],"version-history":[{"count":1,"href":"https:\/\/cristinacortinas.org\/sustentabilidad\/wp-json\/wp\/v2\/posts\/8579\/revisions"}],"predecessor-version":[{"id":8581,"href":"https:\/\/cristinacortinas.org\/sustentabilidad\/wp-json\/wp\/v2\/posts\/8579\/revisions\/8581"}],"wp:featuredmedia":[{"embeddable":true,"href":"https:\/\/cristinacortinas.org\/sustentabilidad\/wp-json\/wp\/v2\/media\/8580"}],"wp:attachment":[{"href":"https:\/\/cristinacortinas.org\/sustentabilidad\/wp-json\/wp\/v2\/media?parent=8579"}],"wp:term":[{"taxonomy":"category","embeddable":true,"href":"https:\/\/cristinacortinas.org\/sustentabilidad\/wp-json\/wp\/v2\/categories?post=8579"},{"taxonomy":"post_tag","embeddable":true,"href":"https:\/\/cristinacortinas.org\/sustentabilidad\/wp-json\/wp\/v2\/tags?post=8579"}],"curies":[{"name":"wp","href":"https:\/\/api.w.org\/{rel}","templated":true}]}}