{"id":8531,"date":"2022-04-13T12:50:43","date_gmt":"2022-04-13T17:50:43","guid":{"rendered":"https:\/\/cristinacortinas.org\/sustentabilidad\/?p=8531"},"modified":"2022-04-13T12:50:43","modified_gmt":"2022-04-13T17:50:43","slug":"brigada-rural-de-manejo-del-fuego-los-chuines","status":"publish","type":"post","link":"https:\/\/cristinacortinas.org\/sustentabilidad\/brigada-rural-de-manejo-del-fuego-los-chuines\/","title":{"rendered":"Brigada Rural de Manejo del Fuego &#8220;Los Chuines&#8221;"},"content":{"rendered":"<p>La gente de comunidad que vivimos lejos de la ciudad entendemos que por la falta de rutas de recolecci\u00f3n de basura, la tentaci\u00f3n es grande de quemar la basura de la casa.<br \/>\nSin embargo, hemos visto demasiados incendios de pastizal y forestales causados por descuidar la quema de estos residuos. \u00bfQue debemos hacer? Todo lo posible para organizarnos y llevarla a los contenedores m\u00e1s cercanos. Y si hicieran falta contenedores, as\u00ed como camiones particulares de recolecci\u00f3n, imploramos las delegadas y delegados de obrar para conseguirlos. Tambi\u00e9n le pedimos a la gente caritativa y preparada de la ciudad que nos ayude a inventar o mejorar el sistema de recolecci\u00f3n en las comunidades. Y no solo es por el riesgo de los incendios, es porque no podemos seguir contaminando suelo, agua y aire por ese mal manejo. Gracias por prestar atenci\u00f3n a nuestro mensaje, trabajemos por un planeta m\u00e1s sustentable y bello.<\/p>\n","protected":false},"excerpt":{"rendered":"<p>La gente de comunidad que vivimos lejos de la ciudad entendemos que por la falta de rutas de recolecci\u00f3n de basura, la tentaci\u00f3n es grande de quemar la basura de la casa. Sin embargo, hemos visto demasiados incendios de pastizal y forestales causados por descuidar la quema de estos residuos. \u00bfQue debemos hacer? Todo lo posible para organizarnos y llevarla&nbsp;<a href=\"https:\/\/cristinacortinas.org\/sustentabilidad\/brigada-rural-de-manejo-del-fuego-los-chuines\/\" class=\"read-more\">Seguir leyendo<\/a><\/p>\n","protected":false},"author":1,"featured_media":8532,"comment_status":"closed","ping_status":"closed","sticky":false,"template":"","format":"standard","meta":{"footnotes":""},"categories":[40],"tags":[],"class_list":["post-8531","post","type-post","status-publish","format-standard","has-post-thumbnail","hentry","category-noticias","cat-40-id"],"yoast_head":"<!-- This site is optimized with the Yoast SEO plugin v27.4 - https:\/\/yoast.com\/product\/yoast-seo-wordpress\/ -->\n<title>Brigada Rural de Manejo del Fuego &quot;Los Chuines&quot; - Dra. Ma. Cristina Cortinas Dur\u00e1n<\/title>\n<meta name=\"description\" content=\"La gente de comunidad que vivimos lejos de la ciudad entendemos que por la falta de rutas de recolecci\u00f3n de basura, la tentaci\u00f3n es grande de quemar la basura de la casa.\" \/>\n<meta name=\"robots\" content=\"index, follow, max-snippet:-1, max-image-preview:large, max-video-preview:-1\" \/>\n<link rel=\"canonical\" href=\"https:\/\/cristinacortinas.org\/sustentabilidad\/brigada-rural-de-manejo-del-fuego-los-chuines\/\" \/>\n<meta property=\"og:locale\" content=\"es_ES\" \/>\n<meta property=\"og:type\" content=\"article\" \/>\n<meta property=\"og:title\" content=\"Brigada Rural de Manejo del Fuego &quot;Los Chuines&quot; - Dra. Ma. Cristina Cortinas Dur\u00e1n\" \/>\n<meta property=\"og:description\" content=\"La gente de comunidad que vivimos lejos de la ciudad entendemos que por la falta de rutas de recolecci\u00f3n de basura, la tentaci\u00f3n es grande de quemar la basura de la casa.\" \/>\n<meta property=\"og:url\" content=\"https:\/\/cristinacortinas.org\/sustentabilidad\/brigada-rural-de-manejo-del-fuego-los-chuines\/\" \/>\n<meta property=\"og:site_name\" content=\"Dra. Ma. Cristina Cortinas Dur\u00e1n\" \/>\n<meta property=\"article:publisher\" content=\"https:\/\/www.facebook.com\/cristinacortinasduran\/\" \/>\n<meta property=\"article:published_time\" content=\"2022-04-13T17:50:43+00:00\" \/>\n<meta property=\"og:image\" content=\"https:\/\/cristinacortinas.org\/sustentabilidad\/wp-content\/uploads\/2022\/04\/CUIDA-TU-FUEGO.jpg\" \/>\n\t<meta property=\"og:image:width\" content=\"1080\" \/>\n\t<meta property=\"og:image:height\" content=\"1080\" \/>\n\t<meta property=\"og:image:type\" content=\"image\/jpeg\" \/>\n<meta name=\"author\" content=\"CCristina\" \/>\n<meta name=\"twitter:card\" content=\"summary_large_image\" \/>\n<meta name=\"twitter:creator\" content=\"@DraCrisCortinas\" \/>\n<meta name=\"twitter:site\" content=\"@DraCrisCortinas\" \/>\n<meta name=\"twitter:label1\" content=\"Escrito por\" \/>\n\t<meta name=\"twitter:data1\" content=\"CCristina\" \/>\n\t<meta name=\"twitter:label2\" content=\"Tiempo de lectura\" \/>\n\t<meta name=\"twitter:data2\" content=\"1 minuto\" \/>\n<script type=\"application\/ld+json\" class=\"yoast-schema-graph\">{\"@context\":\"https:\\\/\\\/schema.org\",\"@graph\":[{\"@type\":\"Article\",\"@id\":\"https:\\\/\\\/cristinacortinas.org\\\/sustentabilidad\\\/brigada-rural-de-manejo-del-fuego-los-chuines\\\/#article\",\"isPartOf\":{\"@id\":\"https:\\\/\\\/cristinacortinas.org\\\/sustentabilidad\\\/brigada-rural-de-manejo-del-fuego-los-chuines\\\/\"},\"author\":{\"name\":\"CCristina\",\"@id\":\"https:\\\/\\\/cristinacortinas.org\\\/sustentabilidad\\\/#\\\/schema\\\/person\\\/230b4a4171b31e97671db5b680f06b08\"},\"headline\":\"Brigada Rural de Manejo del Fuego &#8220;Los Chuines&#8221;\",\"datePublished\":\"2022-04-13T17:50:43+00:00\",\"mainEntityOfPage\":{\"@id\":\"https:\\\/\\\/cristinacortinas.org\\\/sustentabilidad\\\/brigada-rural-de-manejo-del-fuego-los-chuines\\\/\"},\"wordCount\":166,\"image\":{\"@id\":\"https:\\\/\\\/cristinacortinas.org\\\/sustentabilidad\\\/brigada-rural-de-manejo-del-fuego-los-chuines\\\/#primaryimage\"},\"thumbnailUrl\":\"https:\\\/\\\/cristinacortinas.org\\\/sustentabilidad\\\/wp-content\\\/uploads\\\/2022\\\/04\\\/CUIDA-TU-FUEGO.jpg\",\"articleSection\":[\"Noticias\"],\"inLanguage\":\"es\"},{\"@type\":\"WebPage\",\"@id\":\"https:\\\/\\\/cristinacortinas.org\\\/sustentabilidad\\\/brigada-rural-de-manejo-del-fuego-los-chuines\\\/\",\"url\":\"https:\\\/\\\/cristinacortinas.org\\\/sustentabilidad\\\/brigada-rural-de-manejo-del-fuego-los-chuines\\\/\",\"name\":\"Brigada Rural de Manejo del Fuego \\\"Los Chuines\\\" - Dra. Ma. Cristina Cortinas Dur\u00e1n\",\"isPartOf\":{\"@id\":\"https:\\\/\\\/cristinacortinas.org\\\/sustentabilidad\\\/#website\"},\"primaryImageOfPage\":{\"@id\":\"https:\\\/\\\/cristinacortinas.org\\\/sustentabilidad\\\/brigada-rural-de-manejo-del-fuego-los-chuines\\\/#primaryimage\"},\"image\":{\"@id\":\"https:\\\/\\\/cristinacortinas.org\\\/sustentabilidad\\\/brigada-rural-de-manejo-del-fuego-los-chuines\\\/#primaryimage\"},\"thumbnailUrl\":\"https:\\\/\\\/cristinacortinas.org\\\/sustentabilidad\\\/wp-content\\\/uploads\\\/2022\\\/04\\\/CUIDA-TU-FUEGO.jpg\",\"datePublished\":\"2022-04-13T17:50:43+00:00\",\"author\":{\"@id\":\"https:\\\/\\\/cristinacortinas.org\\\/sustentabilidad\\\/#\\\/schema\\\/person\\\/230b4a4171b31e97671db5b680f06b08\"},\"description\":\"La gente de comunidad que vivimos lejos de la ciudad entendemos que por la falta de rutas de recolecci\u00f3n de basura, la tentaci\u00f3n es grande de quemar la basura de la casa.\",\"breadcrumb\":{\"@id\":\"https:\\\/\\\/cristinacortinas.org\\\/sustentabilidad\\\/brigada-rural-de-manejo-del-fuego-los-chuines\\\/#breadcrumb\"},\"inLanguage\":\"es\",\"potentialAction\":[{\"@type\":\"ReadAction\",\"target\":[\"https:\\\/\\\/cristinacortinas.org\\\/sustentabilidad\\\/brigada-rural-de-manejo-del-fuego-los-chuines\\\/\"]}]},{\"@type\":\"ImageObject\",\"inLanguage\":\"es\",\"@id\":\"https:\\\/\\\/cristinacortinas.org\\\/sustentabilidad\\\/brigada-rural-de-manejo-del-fuego-los-chuines\\\/#primaryimage\",\"url\":\"https:\\\/\\\/cristinacortinas.org\\\/sustentabilidad\\\/wp-content\\\/uploads\\\/2022\\\/04\\\/CUIDA-TU-FUEGO.jpg\",\"contentUrl\":\"https:\\\/\\\/cristinacortinas.org\\\/sustentabilidad\\\/wp-content\\\/uploads\\\/2022\\\/04\\\/CUIDA-TU-FUEGO.jpg\",\"width\":1080,\"height\":1080},{\"@type\":\"BreadcrumbList\",\"@id\":\"https:\\\/\\\/cristinacortinas.org\\\/sustentabilidad\\\/brigada-rural-de-manejo-del-fuego-los-chuines\\\/#breadcrumb\",\"itemListElement\":[{\"@type\":\"ListItem\",\"position\":1,\"name\":\"Portada\",\"item\":\"https:\\\/\\\/cristinacortinas.org\\\/sustentabilidad\\\/\"},{\"@type\":\"ListItem\",\"position\":2,\"name\":\"Brigada Rural de Manejo del Fuego &#8220;Los Chuines&#8221;\"}]},{\"@type\":\"WebSite\",\"@id\":\"https:\\\/\\\/cristinacortinas.org\\\/sustentabilidad\\\/#website\",\"url\":\"https:\\\/\\\/cristinacortinas.org\\\/sustentabilidad\\\/\",\"name\":\"Dra. Ma. Cristina Cortinas Dur\u00e1n\",\"description\":\"\",\"potentialAction\":[{\"@type\":\"SearchAction\",\"target\":{\"@type\":\"EntryPoint\",\"urlTemplate\":\"https:\\\/\\\/cristinacortinas.org\\\/sustentabilidad\\\/?s={search_term_string}\"},\"query-input\":{\"@type\":\"PropertyValueSpecification\",\"valueRequired\":true,\"valueName\":\"search_term_string\"}}],\"inLanguage\":\"es\"},{\"@type\":\"Person\",\"@id\":\"https:\\\/\\\/cristinacortinas.org\\\/sustentabilidad\\\/#\\\/schema\\\/person\\\/230b4a4171b31e97671db5b680f06b08\",\"name\":\"CCristina\"}]}<\/script>\n<!-- \/ Yoast SEO plugin. -->","yoast_head_json":{"title":"Brigada Rural de Manejo del Fuego \"Los Chuines\" - Dra. Ma. Cristina Cortinas Dur\u00e1n","description":"La gente de comunidad que vivimos lejos de la ciudad entendemos que por la falta de rutas de recolecci\u00f3n de basura, la tentaci\u00f3n es grande de quemar la basura de la casa.","robots":{"index":"index","follow":"follow","max-snippet":"max-snippet:-1","max-image-preview":"max-image-preview:large","max-video-preview":"max-video-preview:-1"},"canonical":"https:\/\/cristinacortinas.org\/sustentabilidad\/brigada-rural-de-manejo-del-fuego-los-chuines\/","og_locale":"es_ES","og_type":"article","og_title":"Brigada Rural de Manejo del Fuego \"Los Chuines\" - Dra. Ma. Cristina Cortinas Dur\u00e1n","og_description":"La gente de comunidad que vivimos lejos de la ciudad entendemos que por la falta de rutas de recolecci\u00f3n de basura, la tentaci\u00f3n es grande de quemar la basura de la casa.","og_url":"https:\/\/cristinacortinas.org\/sustentabilidad\/brigada-rural-de-manejo-del-fuego-los-chuines\/","og_site_name":"Dra. Ma. Cristina Cortinas Dur\u00e1n","article_publisher":"https:\/\/www.facebook.com\/cristinacortinasduran\/","article_published_time":"2022-04-13T17:50:43+00:00","og_image":[{"width":1080,"height":1080,"url":"https:\/\/cristinacortinas.org\/sustentabilidad\/wp-content\/uploads\/2022\/04\/CUIDA-TU-FUEGO.jpg","type":"image\/jpeg"}],"author":"CCristina","twitter_card":"summary_large_image","twitter_creator":"@DraCrisCortinas","twitter_site":"@DraCrisCortinas","twitter_misc":{"Escrito por":"CCristina","Tiempo de lectura":"1 minuto"},"schema":{"@context":"https:\/\/schema.org","@graph":[{"@type":"Article","@id":"https:\/\/cristinacortinas.org\/sustentabilidad\/brigada-rural-de-manejo-del-fuego-los-chuines\/#article","isPartOf":{"@id":"https:\/\/cristinacortinas.org\/sustentabilidad\/brigada-rural-de-manejo-del-fuego-los-chuines\/"},"author":{"name":"CCristina","@id":"https:\/\/cristinacortinas.org\/sustentabilidad\/#\/schema\/person\/230b4a4171b31e97671db5b680f06b08"},"headline":"Brigada Rural de Manejo del Fuego &#8220;Los Chuines&#8221;","datePublished":"2022-04-13T17:50:43+00:00","mainEntityOfPage":{"@id":"https:\/\/cristinacortinas.org\/sustentabilidad\/brigada-rural-de-manejo-del-fuego-los-chuines\/"},"wordCount":166,"image":{"@id":"https:\/\/cristinacortinas.org\/sustentabilidad\/brigada-rural-de-manejo-del-fuego-los-chuines\/#primaryimage"},"thumbnailUrl":"https:\/\/cristinacortinas.org\/sustentabilidad\/wp-content\/uploads\/2022\/04\/CUIDA-TU-FUEGO.jpg","articleSection":["Noticias"],"inLanguage":"es"},{"@type":"WebPage","@id":"https:\/\/cristinacortinas.org\/sustentabilidad\/brigada-rural-de-manejo-del-fuego-los-chuines\/","url":"https:\/\/cristinacortinas.org\/sustentabilidad\/brigada-rural-de-manejo-del-fuego-los-chuines\/","name":"Brigada Rural de Manejo del Fuego \"Los Chuines\" - Dra. Ma. Cristina Cortinas Dur\u00e1n","isPartOf":{"@id":"https:\/\/cristinacortinas.org\/sustentabilidad\/#website"},"primaryImageOfPage":{"@id":"https:\/\/cristinacortinas.org\/sustentabilidad\/brigada-rural-de-manejo-del-fuego-los-chuines\/#primaryimage"},"image":{"@id":"https:\/\/cristinacortinas.org\/sustentabilidad\/brigada-rural-de-manejo-del-fuego-los-chuines\/#primaryimage"},"thumbnailUrl":"https:\/\/cristinacortinas.org\/sustentabilidad\/wp-content\/uploads\/2022\/04\/CUIDA-TU-FUEGO.jpg","datePublished":"2022-04-13T17:50:43+00:00","author":{"@id":"https:\/\/cristinacortinas.org\/sustentabilidad\/#\/schema\/person\/230b4a4171b31e97671db5b680f06b08"},"description":"La gente de comunidad que vivimos lejos de la ciudad entendemos que por la falta de rutas de recolecci\u00f3n de basura, la tentaci\u00f3n es grande de quemar la basura de la casa.","breadcrumb":{"@id":"https:\/\/cristinacortinas.org\/sustentabilidad\/brigada-rural-de-manejo-del-fuego-los-chuines\/#breadcrumb"},"inLanguage":"es","potentialAction":[{"@type":"ReadAction","target":["https:\/\/cristinacortinas.org\/sustentabilidad\/brigada-rural-de-manejo-del-fuego-los-chuines\/"]}]},{"@type":"ImageObject","inLanguage":"es","@id":"https:\/\/cristinacortinas.org\/sustentabilidad\/brigada-rural-de-manejo-del-fuego-los-chuines\/#primaryimage","url":"https:\/\/cristinacortinas.org\/sustentabilidad\/wp-content\/uploads\/2022\/04\/CUIDA-TU-FUEGO.jpg","contentUrl":"https:\/\/cristinacortinas.org\/sustentabilidad\/wp-content\/uploads\/2022\/04\/CUIDA-TU-FUEGO.jpg","width":1080,"height":1080},{"@type":"BreadcrumbList","@id":"https:\/\/cristinacortinas.org\/sustentabilidad\/brigada-rural-de-manejo-del-fuego-los-chuines\/#breadcrumb","itemListElement":[{"@type":"ListItem","position":1,"name":"Portada","item":"https:\/\/cristinacortinas.org\/sustentabilidad\/"},{"@type":"ListItem","position":2,"name":"Brigada Rural de Manejo del Fuego &#8220;Los Chuines&#8221;"}]},{"@type":"WebSite","@id":"https:\/\/cristinacortinas.org\/sustentabilidad\/#website","url":"https:\/\/cristinacortinas.org\/sustentabilidad\/","name":"Dra. Ma. Cristina Cortinas Dur\u00e1n","description":"","potentialAction":[{"@type":"SearchAction","target":{"@type":"EntryPoint","urlTemplate":"https:\/\/cristinacortinas.org\/sustentabilidad\/?s={search_term_string}"},"query-input":{"@type":"PropertyValueSpecification","valueRequired":true,"valueName":"search_term_string"}}],"inLanguage":"es"},{"@type":"Person","@id":"https:\/\/cristinacortinas.org\/sustentabilidad\/#\/schema\/person\/230b4a4171b31e97671db5b680f06b08","name":"CCristina"}]}},"_links":{"self":[{"href":"https:\/\/cristinacortinas.org\/sustentabilidad\/wp-json\/wp\/v2\/posts\/8531","targetHints":{"allow":["GET"]}}],"collection":[{"href":"https:\/\/cristinacortinas.org\/sustentabilidad\/wp-json\/wp\/v2\/posts"}],"about":[{"href":"https:\/\/cristinacortinas.org\/sustentabilidad\/wp-json\/wp\/v2\/types\/post"}],"author":[{"embeddable":true,"href":"https:\/\/cristinacortinas.org\/sustentabilidad\/wp-json\/wp\/v2\/users\/1"}],"replies":[{"embeddable":true,"href":"https:\/\/cristinacortinas.org\/sustentabilidad\/wp-json\/wp\/v2\/comments?post=8531"}],"version-history":[{"count":1,"href":"https:\/\/cristinacortinas.org\/sustentabilidad\/wp-json\/wp\/v2\/posts\/8531\/revisions"}],"predecessor-version":[{"id":8533,"href":"https:\/\/cristinacortinas.org\/sustentabilidad\/wp-json\/wp\/v2\/posts\/8531\/revisions\/8533"}],"wp:featuredmedia":[{"embeddable":true,"href":"https:\/\/cristinacortinas.org\/sustentabilidad\/wp-json\/wp\/v2\/media\/8532"}],"wp:attachment":[{"href":"https:\/\/cristinacortinas.org\/sustentabilidad\/wp-json\/wp\/v2\/media?parent=8531"}],"wp:term":[{"taxonomy":"category","embeddable":true,"href":"https:\/\/cristinacortinas.org\/sustentabilidad\/wp-json\/wp\/v2\/categories?post=8531"},{"taxonomy":"post_tag","embeddable":true,"href":"https:\/\/cristinacortinas.org\/sustentabilidad\/wp-json\/wp\/v2\/tags?post=8531"}],"curies":[{"name":"wp","href":"https:\/\/api.w.org\/{rel}","templated":true}]}}