{"id":8417,"date":"2022-01-04T17:48:12","date_gmt":"2022-01-04T23:48:12","guid":{"rendered":"https:\/\/cristinacortinas.org\/sustentabilidad\/?p=8417"},"modified":"2022-01-04T17:50:10","modified_gmt":"2022-01-04T23:50:10","slug":"economia-circular-para-el-mexico-moderno-y-premoderno","status":"publish","type":"post","link":"https:\/\/cristinacortinas.org\/sustentabilidad\/economia-circular-para-el-mexico-moderno-y-premoderno\/","title":{"rendered":"Econom\u00eda circular para el M\u00e9xico moderno y premoderno"},"content":{"rendered":"<p>Amig@s,<\/p>\n<p style=\"text-align: justify;\">Ante la inminente aprobaci\u00f3n para su publicaci\u00f3n, de la Ley General de Econom\u00eda Circular, no he podido dejar de estudiar, analizar y proponer c\u00f3mo incorporar en ella la consideraci\u00f3n al Sector Social de la Econom\u00eda, de manera acorde a lo previsto en la Ley de la Econom\u00eda Social y Solidaria y con un enfoque comunitario. A ello obedece que comparta con ustedes el art\u00edculo anexo, invit\u00e1ndoles a opinar al respecto y a apoyar su difusi\u00f3n entre los interesados en apoyar esta causa.<\/p>\n<div class='w3eden'><!-- WPDM Link Template: Default Template -->\n\n<div class=\"link-template-default card mb-2\">\n    <div class=\"card-body\">\n        <div class=\"media\">\n            <div class=\"mr-3 img-48\"><img decoding=\"async\" class=\"wpdm_icon\" alt=\"Icono\"   src=\"https:\/\/cristinacortinas.org\/sustentabilidad\/wp-content\/plugins\/download-manager\/assets\/file-type-icons\/doc.png\" \/><\/div>\n            <div class=\"media-body\">\n                <h3 class=\"package-title\"><a href='https:\/\/cristinacortinas.org\/sustentabilidad\/download\/economia-circular-para-el-mexico-moderno-y-premoderno\/'>Econom\u00eda circular para el M\u00e9xico moderno y premoderno<\/a><\/h3>\n                <div class=\"text-muted text-small\"><i class=\"fas fa-copy\"><\/i> 1 archivo(s) <i class=\"fas fa-hdd ml-3\"><\/i> 38.96 KB<\/div>\n            <\/div>\n            <div class=\"ml-3\">\n                <a class='wpdm-download-link download-on-click btn btn-info ' rel='nofollow' href='#' data-downloadurl=\"https:\/\/cristinacortinas.org\/sustentabilidad\/download\/economia-circular-para-el-mexico-moderno-y-premoderno\/?wpdmdl=8415&refresh=69ef181fa059d1777276959\">Descargar<\/a>\n            <\/div>\n        <\/div>\n    <\/div>\n<\/div>\n\n<\/div>\n<p>Ojala el a\u00f1o 2022 sea propicio para lograr los fines antes descritos.<br \/>\nLes saluda Cristina Cortinas<\/p>\n","protected":false},"excerpt":{"rendered":"<p>Amig@s, Ante la inminente aprobaci\u00f3n para su publicaci\u00f3n, de la Ley General de Econom\u00eda Circular, no he podido dejar de estudiar, analizar y proponer c\u00f3mo incorporar en ella la consideraci\u00f3n al Sector Social de la Econom\u00eda, de manera acorde a lo previsto en la Ley de la Econom\u00eda Social y Solidaria y con un enfoque comunitario. A ello obedece que&nbsp;<a href=\"https:\/\/cristinacortinas.org\/sustentabilidad\/economia-circular-para-el-mexico-moderno-y-premoderno\/\" class=\"read-more\">Seguir leyendo<\/a><\/p>\n","protected":false},"author":1,"featured_media":8418,"comment_status":"closed","ping_status":"closed","sticky":false,"template":"","format":"standard","meta":{"footnotes":""},"categories":[40],"tags":[703],"class_list":["post-8417","post","type-post","status-publish","format-standard","has-post-thumbnail","hentry","category-noticias","tag-economia-circular","cat-40-id"],"yoast_head":"<!-- This site is optimized with the Yoast SEO plugin v27.4 - https:\/\/yoast.com\/product\/yoast-seo-wordpress\/ -->\n<title>Econom\u00eda circular para el M\u00e9xico moderno y premoderno - Dra. Ma. Cristina Cortinas Dur\u00e1n<\/title>\n<meta name=\"description\" content=\"Ante la inminente aprobaci\u00f3n para su publicaci\u00f3n, de la Ley General de Econom\u00eda Circular, no he podido dejar de estudiar, analizar y proponer c\u00f3mo incorporar en ella la consideraci\u00f3n al Sector Social de la Econom\u00eda\" \/>\n<meta name=\"robots\" content=\"index, follow, max-snippet:-1, max-image-preview:large, max-video-preview:-1\" \/>\n<link rel=\"canonical\" href=\"https:\/\/cristinacortinas.org\/sustentabilidad\/economia-circular-para-el-mexico-moderno-y-premoderno\/\" \/>\n<meta property=\"og:locale\" content=\"es_ES\" \/>\n<meta property=\"og:type\" content=\"article\" \/>\n<meta property=\"og:title\" content=\"Econom\u00eda circular para el M\u00e9xico moderno y premoderno - Dra. Ma. Cristina Cortinas Dur\u00e1n\" \/>\n<meta property=\"og:description\" content=\"Ante la inminente aprobaci\u00f3n para su publicaci\u00f3n, de la Ley General de Econom\u00eda Circular, no he podido dejar de estudiar, analizar y proponer c\u00f3mo incorporar en ella la consideraci\u00f3n al Sector Social de la Econom\u00eda\" \/>\n<meta property=\"og:url\" content=\"https:\/\/cristinacortinas.org\/sustentabilidad\/economia-circular-para-el-mexico-moderno-y-premoderno\/\" \/>\n<meta property=\"og:site_name\" content=\"Dra. Ma. Cristina Cortinas Dur\u00e1n\" \/>\n<meta property=\"article:publisher\" content=\"https:\/\/www.facebook.com\/cristinacortinasduran\/\" \/>\n<meta property=\"article:published_time\" content=\"2022-01-04T23:48:12+00:00\" \/>\n<meta property=\"article:modified_time\" content=\"2022-01-04T23:50:10+00:00\" \/>\n<meta property=\"og:image\" content=\"https:\/\/cristinacortinas.org\/sustentabilidad\/wp-content\/uploads\/2022\/01\/Econom\u00eda-circular-para-el-M\u00e9xico-moderno-y-premoderno.jpg\" \/>\n\t<meta property=\"og:image:width\" content=\"1060\" \/>\n\t<meta property=\"og:image:height\" content=\"622\" \/>\n\t<meta property=\"og:image:type\" content=\"image\/jpeg\" \/>\n<meta name=\"author\" content=\"CCristina\" \/>\n<meta name=\"twitter:card\" content=\"summary_large_image\" \/>\n<meta name=\"twitter:creator\" content=\"@DraCrisCortinas\" \/>\n<meta name=\"twitter:site\" content=\"@DraCrisCortinas\" \/>\n<meta name=\"twitter:label1\" content=\"Escrito por\" \/>\n\t<meta name=\"twitter:data1\" content=\"CCristina\" \/>\n\t<meta name=\"twitter:label2\" content=\"Tiempo de lectura\" \/>\n\t<meta name=\"twitter:data2\" content=\"1 minuto\" \/>\n<script type=\"application\/ld+json\" class=\"yoast-schema-graph\">{\"@context\":\"https:\\\/\\\/schema.org\",\"@graph\":[{\"@type\":\"Article\",\"@id\":\"https:\\\/\\\/cristinacortinas.org\\\/sustentabilidad\\\/economia-circular-para-el-mexico-moderno-y-premoderno\\\/#article\",\"isPartOf\":{\"@id\":\"https:\\\/\\\/cristinacortinas.org\\\/sustentabilidad\\\/economia-circular-para-el-mexico-moderno-y-premoderno\\\/\"},\"author\":{\"name\":\"CCristina\",\"@id\":\"https:\\\/\\\/cristinacortinas.org\\\/sustentabilidad\\\/#\\\/schema\\\/person\\\/230b4a4171b31e97671db5b680f06b08\"},\"headline\":\"Econom\u00eda circular para el M\u00e9xico moderno y premoderno\",\"datePublished\":\"2022-01-04T23:48:12+00:00\",\"dateModified\":\"2022-01-04T23:50:10+00:00\",\"mainEntityOfPage\":{\"@id\":\"https:\\\/\\\/cristinacortinas.org\\\/sustentabilidad\\\/economia-circular-para-el-mexico-moderno-y-premoderno\\\/\"},\"wordCount\":125,\"image\":{\"@id\":\"https:\\\/\\\/cristinacortinas.org\\\/sustentabilidad\\\/economia-circular-para-el-mexico-moderno-y-premoderno\\\/#primaryimage\"},\"thumbnailUrl\":\"https:\\\/\\\/cristinacortinas.org\\\/sustentabilidad\\\/wp-content\\\/uploads\\\/2022\\\/01\\\/Econom\u00eda-circular-para-el-M\u00e9xico-moderno-y-premoderno.jpg\",\"keywords\":[\"Econom\u00eda Circular\"],\"articleSection\":[\"Noticias\"],\"inLanguage\":\"es\"},{\"@type\":\"WebPage\",\"@id\":\"https:\\\/\\\/cristinacortinas.org\\\/sustentabilidad\\\/economia-circular-para-el-mexico-moderno-y-premoderno\\\/\",\"url\":\"https:\\\/\\\/cristinacortinas.org\\\/sustentabilidad\\\/economia-circular-para-el-mexico-moderno-y-premoderno\\\/\",\"name\":\"Econom\u00eda circular para el M\u00e9xico moderno y premoderno - Dra. Ma. Cristina Cortinas Dur\u00e1n\",\"isPartOf\":{\"@id\":\"https:\\\/\\\/cristinacortinas.org\\\/sustentabilidad\\\/#website\"},\"primaryImageOfPage\":{\"@id\":\"https:\\\/\\\/cristinacortinas.org\\\/sustentabilidad\\\/economia-circular-para-el-mexico-moderno-y-premoderno\\\/#primaryimage\"},\"image\":{\"@id\":\"https:\\\/\\\/cristinacortinas.org\\\/sustentabilidad\\\/economia-circular-para-el-mexico-moderno-y-premoderno\\\/#primaryimage\"},\"thumbnailUrl\":\"https:\\\/\\\/cristinacortinas.org\\\/sustentabilidad\\\/wp-content\\\/uploads\\\/2022\\\/01\\\/Econom\u00eda-circular-para-el-M\u00e9xico-moderno-y-premoderno.jpg\",\"datePublished\":\"2022-01-04T23:48:12+00:00\",\"dateModified\":\"2022-01-04T23:50:10+00:00\",\"author\":{\"@id\":\"https:\\\/\\\/cristinacortinas.org\\\/sustentabilidad\\\/#\\\/schema\\\/person\\\/230b4a4171b31e97671db5b680f06b08\"},\"description\":\"Ante la inminente aprobaci\u00f3n para su publicaci\u00f3n, de la Ley General de Econom\u00eda Circular, no he podido dejar de estudiar, analizar y proponer c\u00f3mo incorporar en ella la consideraci\u00f3n al Sector Social de la Econom\u00eda\",\"breadcrumb\":{\"@id\":\"https:\\\/\\\/cristinacortinas.org\\\/sustentabilidad\\\/economia-circular-para-el-mexico-moderno-y-premoderno\\\/#breadcrumb\"},\"inLanguage\":\"es\",\"potentialAction\":[{\"@type\":\"ReadAction\",\"target\":[\"https:\\\/\\\/cristinacortinas.org\\\/sustentabilidad\\\/economia-circular-para-el-mexico-moderno-y-premoderno\\\/\"]}]},{\"@type\":\"ImageObject\",\"inLanguage\":\"es\",\"@id\":\"https:\\\/\\\/cristinacortinas.org\\\/sustentabilidad\\\/economia-circular-para-el-mexico-moderno-y-premoderno\\\/#primaryimage\",\"url\":\"https:\\\/\\\/cristinacortinas.org\\\/sustentabilidad\\\/wp-content\\\/uploads\\\/2022\\\/01\\\/Econom\u00eda-circular-para-el-M\u00e9xico-moderno-y-premoderno.jpg\",\"contentUrl\":\"https:\\\/\\\/cristinacortinas.org\\\/sustentabilidad\\\/wp-content\\\/uploads\\\/2022\\\/01\\\/Econom\u00eda-circular-para-el-M\u00e9xico-moderno-y-premoderno.jpg\",\"width\":1060,\"height\":622},{\"@type\":\"BreadcrumbList\",\"@id\":\"https:\\\/\\\/cristinacortinas.org\\\/sustentabilidad\\\/economia-circular-para-el-mexico-moderno-y-premoderno\\\/#breadcrumb\",\"itemListElement\":[{\"@type\":\"ListItem\",\"position\":1,\"name\":\"Portada\",\"item\":\"https:\\\/\\\/cristinacortinas.org\\\/sustentabilidad\\\/\"},{\"@type\":\"ListItem\",\"position\":2,\"name\":\"Econom\u00eda circular para el M\u00e9xico moderno y premoderno\"}]},{\"@type\":\"WebSite\",\"@id\":\"https:\\\/\\\/cristinacortinas.org\\\/sustentabilidad\\\/#website\",\"url\":\"https:\\\/\\\/cristinacortinas.org\\\/sustentabilidad\\\/\",\"name\":\"Dra. Ma. Cristina Cortinas Dur\u00e1n\",\"description\":\"\",\"potentialAction\":[{\"@type\":\"SearchAction\",\"target\":{\"@type\":\"EntryPoint\",\"urlTemplate\":\"https:\\\/\\\/cristinacortinas.org\\\/sustentabilidad\\\/?s={search_term_string}\"},\"query-input\":{\"@type\":\"PropertyValueSpecification\",\"valueRequired\":true,\"valueName\":\"search_term_string\"}}],\"inLanguage\":\"es\"},{\"@type\":\"Person\",\"@id\":\"https:\\\/\\\/cristinacortinas.org\\\/sustentabilidad\\\/#\\\/schema\\\/person\\\/230b4a4171b31e97671db5b680f06b08\",\"name\":\"CCristina\"}]}<\/script>\n<!-- \/ Yoast SEO plugin. -->","yoast_head_json":{"title":"Econom\u00eda circular para el M\u00e9xico moderno y premoderno - Dra. Ma. Cristina Cortinas Dur\u00e1n","description":"Ante la inminente aprobaci\u00f3n para su publicaci\u00f3n, de la Ley General de Econom\u00eda Circular, no he podido dejar de estudiar, analizar y proponer c\u00f3mo incorporar en ella la consideraci\u00f3n al Sector Social de la Econom\u00eda","robots":{"index":"index","follow":"follow","max-snippet":"max-snippet:-1","max-image-preview":"max-image-preview:large","max-video-preview":"max-video-preview:-1"},"canonical":"https:\/\/cristinacortinas.org\/sustentabilidad\/economia-circular-para-el-mexico-moderno-y-premoderno\/","og_locale":"es_ES","og_type":"article","og_title":"Econom\u00eda circular para el M\u00e9xico moderno y premoderno - Dra. Ma. Cristina Cortinas Dur\u00e1n","og_description":"Ante la inminente aprobaci\u00f3n para su publicaci\u00f3n, de la Ley General de Econom\u00eda Circular, no he podido dejar de estudiar, analizar y proponer c\u00f3mo incorporar en ella la consideraci\u00f3n al Sector Social de la Econom\u00eda","og_url":"https:\/\/cristinacortinas.org\/sustentabilidad\/economia-circular-para-el-mexico-moderno-y-premoderno\/","og_site_name":"Dra. Ma. Cristina Cortinas Dur\u00e1n","article_publisher":"https:\/\/www.facebook.com\/cristinacortinasduran\/","article_published_time":"2022-01-04T23:48:12+00:00","article_modified_time":"2022-01-04T23:50:10+00:00","og_image":[{"width":1060,"height":622,"url":"https:\/\/cristinacortinas.org\/sustentabilidad\/wp-content\/uploads\/2022\/01\/Econom\u00eda-circular-para-el-M\u00e9xico-moderno-y-premoderno.jpg","type":"image\/jpeg"}],"author":"CCristina","twitter_card":"summary_large_image","twitter_creator":"@DraCrisCortinas","twitter_site":"@DraCrisCortinas","twitter_misc":{"Escrito por":"CCristina","Tiempo de lectura":"1 minuto"},"schema":{"@context":"https:\/\/schema.org","@graph":[{"@type":"Article","@id":"https:\/\/cristinacortinas.org\/sustentabilidad\/economia-circular-para-el-mexico-moderno-y-premoderno\/#article","isPartOf":{"@id":"https:\/\/cristinacortinas.org\/sustentabilidad\/economia-circular-para-el-mexico-moderno-y-premoderno\/"},"author":{"name":"CCristina","@id":"https:\/\/cristinacortinas.org\/sustentabilidad\/#\/schema\/person\/230b4a4171b31e97671db5b680f06b08"},"headline":"Econom\u00eda circular para el M\u00e9xico moderno y premoderno","datePublished":"2022-01-04T23:48:12+00:00","dateModified":"2022-01-04T23:50:10+00:00","mainEntityOfPage":{"@id":"https:\/\/cristinacortinas.org\/sustentabilidad\/economia-circular-para-el-mexico-moderno-y-premoderno\/"},"wordCount":125,"image":{"@id":"https:\/\/cristinacortinas.org\/sustentabilidad\/economia-circular-para-el-mexico-moderno-y-premoderno\/#primaryimage"},"thumbnailUrl":"https:\/\/cristinacortinas.org\/sustentabilidad\/wp-content\/uploads\/2022\/01\/Econom\u00eda-circular-para-el-M\u00e9xico-moderno-y-premoderno.jpg","keywords":["Econom\u00eda Circular"],"articleSection":["Noticias"],"inLanguage":"es"},{"@type":"WebPage","@id":"https:\/\/cristinacortinas.org\/sustentabilidad\/economia-circular-para-el-mexico-moderno-y-premoderno\/","url":"https:\/\/cristinacortinas.org\/sustentabilidad\/economia-circular-para-el-mexico-moderno-y-premoderno\/","name":"Econom\u00eda circular para el M\u00e9xico moderno y premoderno - Dra. Ma. Cristina Cortinas Dur\u00e1n","isPartOf":{"@id":"https:\/\/cristinacortinas.org\/sustentabilidad\/#website"},"primaryImageOfPage":{"@id":"https:\/\/cristinacortinas.org\/sustentabilidad\/economia-circular-para-el-mexico-moderno-y-premoderno\/#primaryimage"},"image":{"@id":"https:\/\/cristinacortinas.org\/sustentabilidad\/economia-circular-para-el-mexico-moderno-y-premoderno\/#primaryimage"},"thumbnailUrl":"https:\/\/cristinacortinas.org\/sustentabilidad\/wp-content\/uploads\/2022\/01\/Econom\u00eda-circular-para-el-M\u00e9xico-moderno-y-premoderno.jpg","datePublished":"2022-01-04T23:48:12+00:00","dateModified":"2022-01-04T23:50:10+00:00","author":{"@id":"https:\/\/cristinacortinas.org\/sustentabilidad\/#\/schema\/person\/230b4a4171b31e97671db5b680f06b08"},"description":"Ante la inminente aprobaci\u00f3n para su publicaci\u00f3n, de la Ley General de Econom\u00eda Circular, no he podido dejar de estudiar, analizar y proponer c\u00f3mo incorporar en ella la consideraci\u00f3n al Sector Social de la Econom\u00eda","breadcrumb":{"@id":"https:\/\/cristinacortinas.org\/sustentabilidad\/economia-circular-para-el-mexico-moderno-y-premoderno\/#breadcrumb"},"inLanguage":"es","potentialAction":[{"@type":"ReadAction","target":["https:\/\/cristinacortinas.org\/sustentabilidad\/economia-circular-para-el-mexico-moderno-y-premoderno\/"]}]},{"@type":"ImageObject","inLanguage":"es","@id":"https:\/\/cristinacortinas.org\/sustentabilidad\/economia-circular-para-el-mexico-moderno-y-premoderno\/#primaryimage","url":"https:\/\/cristinacortinas.org\/sustentabilidad\/wp-content\/uploads\/2022\/01\/Econom\u00eda-circular-para-el-M\u00e9xico-moderno-y-premoderno.jpg","contentUrl":"https:\/\/cristinacortinas.org\/sustentabilidad\/wp-content\/uploads\/2022\/01\/Econom\u00eda-circular-para-el-M\u00e9xico-moderno-y-premoderno.jpg","width":1060,"height":622},{"@type":"BreadcrumbList","@id":"https:\/\/cristinacortinas.org\/sustentabilidad\/economia-circular-para-el-mexico-moderno-y-premoderno\/#breadcrumb","itemListElement":[{"@type":"ListItem","position":1,"name":"Portada","item":"https:\/\/cristinacortinas.org\/sustentabilidad\/"},{"@type":"ListItem","position":2,"name":"Econom\u00eda circular para el M\u00e9xico moderno y premoderno"}]},{"@type":"WebSite","@id":"https:\/\/cristinacortinas.org\/sustentabilidad\/#website","url":"https:\/\/cristinacortinas.org\/sustentabilidad\/","name":"Dra. Ma. Cristina Cortinas Dur\u00e1n","description":"","potentialAction":[{"@type":"SearchAction","target":{"@type":"EntryPoint","urlTemplate":"https:\/\/cristinacortinas.org\/sustentabilidad\/?s={search_term_string}"},"query-input":{"@type":"PropertyValueSpecification","valueRequired":true,"valueName":"search_term_string"}}],"inLanguage":"es"},{"@type":"Person","@id":"https:\/\/cristinacortinas.org\/sustentabilidad\/#\/schema\/person\/230b4a4171b31e97671db5b680f06b08","name":"CCristina"}]}},"_links":{"self":[{"href":"https:\/\/cristinacortinas.org\/sustentabilidad\/wp-json\/wp\/v2\/posts\/8417","targetHints":{"allow":["GET"]}}],"collection":[{"href":"https:\/\/cristinacortinas.org\/sustentabilidad\/wp-json\/wp\/v2\/posts"}],"about":[{"href":"https:\/\/cristinacortinas.org\/sustentabilidad\/wp-json\/wp\/v2\/types\/post"}],"author":[{"embeddable":true,"href":"https:\/\/cristinacortinas.org\/sustentabilidad\/wp-json\/wp\/v2\/users\/1"}],"replies":[{"embeddable":true,"href":"https:\/\/cristinacortinas.org\/sustentabilidad\/wp-json\/wp\/v2\/comments?post=8417"}],"version-history":[{"count":1,"href":"https:\/\/cristinacortinas.org\/sustentabilidad\/wp-json\/wp\/v2\/posts\/8417\/revisions"}],"predecessor-version":[{"id":8419,"href":"https:\/\/cristinacortinas.org\/sustentabilidad\/wp-json\/wp\/v2\/posts\/8417\/revisions\/8419"}],"wp:featuredmedia":[{"embeddable":true,"href":"https:\/\/cristinacortinas.org\/sustentabilidad\/wp-json\/wp\/v2\/media\/8418"}],"wp:attachment":[{"href":"https:\/\/cristinacortinas.org\/sustentabilidad\/wp-json\/wp\/v2\/media?parent=8417"}],"wp:term":[{"taxonomy":"category","embeddable":true,"href":"https:\/\/cristinacortinas.org\/sustentabilidad\/wp-json\/wp\/v2\/categories?post=8417"},{"taxonomy":"post_tag","embeddable":true,"href":"https:\/\/cristinacortinas.org\/sustentabilidad\/wp-json\/wp\/v2\/tags?post=8417"}],"curies":[{"name":"wp","href":"https:\/\/api.w.org\/{rel}","templated":true}]}}