{"id":8391,"date":"2021-12-07T11:41:04","date_gmt":"2021-12-07T17:41:04","guid":{"rendered":"https:\/\/cristinacortinas.org\/sustentabilidad\/?p=8391"},"modified":"2021-12-07T11:41:04","modified_gmt":"2021-12-07T17:41:04","slug":"a-que-tipo-de-pais-debe-responder-la-ley-general-de-economia-circular","status":"publish","type":"post","link":"https:\/\/cristinacortinas.org\/sustentabilidad\/a-que-tipo-de-pais-debe-responder-la-ley-general-de-economia-circular\/","title":{"rendered":"A qu\u00e9 tipo de pa\u00eds debe responder la Ley General de Econom\u00eda Circular"},"content":{"rendered":"<p>Amig@s,<\/p>\n<p>Les invito a leer el art\u00edculo anexo antes de que sea aprobada para su publicaci\u00f3n la Ley General de Econom\u00eda Circular para M\u00e9xico, en el cual pongo de relieve la situaci\u00f3n econ\u00f3mica y social que atravesamos y los aspectos relevantes que se han pasado por alto en su versi\u00f3n actual que no pueden ignorarse.<\/p>\n<p>Bienvenidas sus opiniones al respecto y su apoyo para difundir el art\u00edculo.<\/p>\n<p>Cristina Cortinas<\/p>\n<div class='w3eden'><!-- WPDM Link Template: Default Template -->\n\n<div class=\"link-template-default card mb-2\">\n    <div class=\"card-body\">\n        <div class=\"media\">\n            <div class=\"mr-3 img-48\"><img decoding=\"async\" class=\"wpdm_icon\" alt=\"Icono\"   src=\"https:\/\/cristinacortinas.org\/sustentabilidad\/wp-content\/plugins\/download-manager\/assets\/file-type-icons\/docx.png\" \/><\/div>\n            <div class=\"media-body\">\n                <h3 class=\"package-title\"><a href='https:\/\/cristinacortinas.org\/sustentabilidad\/download\/a-que-tipo-de-pais-debe-responder-la-ley-general-de-economia-circular\/'>A qu\u00e9 tipo de pa\u00eds debe responder la Ley General de Econom\u00eda Circular<\/a><\/h3>\n                <div class=\"text-muted text-small\"><i class=\"fas fa-copy\"><\/i> 1 archivo(s) <i class=\"fas fa-hdd ml-3\"><\/i> 33.64 KB<\/div>\n            <\/div>\n            <div class=\"ml-3\">\n                <a class='wpdm-download-link download-on-click btn btn-info ' rel='nofollow' href='#' data-downloadurl=\"https:\/\/cristinacortinas.org\/sustentabilidad\/download\/a-que-tipo-de-pais-debe-responder-la-ley-general-de-economia-circular\/?wpdmdl=8392&refresh=69ef2e13099861777282579\">Descargar<\/a>\n            <\/div>\n        <\/div>\n    <\/div>\n<\/div>\n\n<\/div>\n","protected":false},"excerpt":{"rendered":"<p>Amig@s, Les invito a leer el art\u00edculo anexo antes de que sea aprobada para su publicaci\u00f3n la Ley General de Econom\u00eda Circular para M\u00e9xico, en el cual pongo de relieve la situaci\u00f3n econ\u00f3mica y social que atravesamos y los aspectos relevantes que se han pasado por alto en su versi\u00f3n actual que no pueden ignorarse. Bienvenidas sus opiniones al respecto&nbsp;<a href=\"https:\/\/cristinacortinas.org\/sustentabilidad\/a-que-tipo-de-pais-debe-responder-la-ley-general-de-economia-circular\/\" class=\"read-more\">Seguir leyendo<\/a><\/p>\n","protected":false},"author":1,"featured_media":8394,"comment_status":"closed","ping_status":"closed","sticky":false,"template":"","format":"standard","meta":{"footnotes":""},"categories":[40],"tags":[703,1069],"class_list":["post-8391","post","type-post","status-publish","format-standard","has-post-thumbnail","hentry","category-noticias","tag-economia-circular","tag-ley-general-de-economia-circular","cat-40-id"],"yoast_head":"<!-- This site is optimized with the Yoast SEO plugin v27.4 - https:\/\/yoast.com\/product\/yoast-seo-wordpress\/ -->\n<title>A qu\u00e9 tipo de pa\u00eds debe responder la Ley General de Econom\u00eda Circular - Dra. Ma. Cristina Cortinas Dur\u00e1n<\/title>\n<meta name=\"robots\" content=\"index, follow, max-snippet:-1, max-image-preview:large, max-video-preview:-1\" \/>\n<link rel=\"canonical\" href=\"https:\/\/cristinacortinas.org\/sustentabilidad\/a-que-tipo-de-pais-debe-responder-la-ley-general-de-economia-circular\/\" \/>\n<meta property=\"og:locale\" content=\"es_ES\" \/>\n<meta property=\"og:type\" content=\"article\" \/>\n<meta property=\"og:title\" content=\"A qu\u00e9 tipo de pa\u00eds debe responder la Ley General de Econom\u00eda Circular - Dra. Ma. Cristina Cortinas Dur\u00e1n\" \/>\n<meta property=\"og:description\" content=\"Amig@s, Les invito a leer el art\u00edculo anexo antes de que sea aprobada para su publicaci\u00f3n la Ley General de Econom\u00eda Circular para M\u00e9xico, en el cual pongo de relieve la situaci\u00f3n econ\u00f3mica y social que atravesamos y los aspectos relevantes que se han pasado por alto en su versi\u00f3n actual que no pueden ignorarse. Bienvenidas sus opiniones al respecto&nbsp;Seguir leyendo\" \/>\n<meta property=\"og:url\" content=\"https:\/\/cristinacortinas.org\/sustentabilidad\/a-que-tipo-de-pais-debe-responder-la-ley-general-de-economia-circular\/\" \/>\n<meta property=\"og:site_name\" content=\"Dra. Ma. Cristina Cortinas Dur\u00e1n\" \/>\n<meta property=\"article:publisher\" content=\"https:\/\/www.facebook.com\/cristinacortinasduran\/\" \/>\n<meta property=\"article:published_time\" content=\"2021-12-07T17:41:04+00:00\" \/>\n<meta property=\"og:image\" content=\"https:\/\/cristinacortinas.org\/sustentabilidad\/wp-content\/uploads\/2021\/12\/A-qu\u00e9-tipo-de-pa\u00eds-debe-responder-la-Ley-General-de-Econom\u00eda-Circular.jpg\" \/>\n\t<meta property=\"og:image:width\" content=\"1030\" \/>\n\t<meta property=\"og:image:height\" content=\"650\" \/>\n\t<meta property=\"og:image:type\" content=\"image\/jpeg\" \/>\n<meta name=\"author\" content=\"CCristina\" \/>\n<meta name=\"twitter:card\" content=\"summary_large_image\" \/>\n<meta name=\"twitter:creator\" content=\"@DraCrisCortinas\" \/>\n<meta name=\"twitter:site\" content=\"@DraCrisCortinas\" \/>\n<meta name=\"twitter:label1\" content=\"Escrito por\" \/>\n\t<meta name=\"twitter:data1\" content=\"CCristina\" \/>\n<script type=\"application\/ld+json\" class=\"yoast-schema-graph\">{\"@context\":\"https:\\\/\\\/schema.org\",\"@graph\":[{\"@type\":\"Article\",\"@id\":\"https:\\\/\\\/cristinacortinas.org\\\/sustentabilidad\\\/a-que-tipo-de-pais-debe-responder-la-ley-general-de-economia-circular\\\/#article\",\"isPartOf\":{\"@id\":\"https:\\\/\\\/cristinacortinas.org\\\/sustentabilidad\\\/a-que-tipo-de-pais-debe-responder-la-ley-general-de-economia-circular\\\/\"},\"author\":{\"name\":\"CCristina\",\"@id\":\"https:\\\/\\\/cristinacortinas.org\\\/sustentabilidad\\\/#\\\/schema\\\/person\\\/230b4a4171b31e97671db5b680f06b08\"},\"headline\":\"A qu\u00e9 tipo de pa\u00eds debe responder la Ley General de Econom\u00eda Circular\",\"datePublished\":\"2021-12-07T17:41:04+00:00\",\"mainEntityOfPage\":{\"@id\":\"https:\\\/\\\/cristinacortinas.org\\\/sustentabilidad\\\/a-que-tipo-de-pais-debe-responder-la-ley-general-de-economia-circular\\\/\"},\"wordCount\":98,\"image\":{\"@id\":\"https:\\\/\\\/cristinacortinas.org\\\/sustentabilidad\\\/a-que-tipo-de-pais-debe-responder-la-ley-general-de-economia-circular\\\/#primaryimage\"},\"thumbnailUrl\":\"https:\\\/\\\/cristinacortinas.org\\\/sustentabilidad\\\/wp-content\\\/uploads\\\/2021\\\/12\\\/A-qu\u00e9-tipo-de-pa\u00eds-debe-responder-la-Ley-General-de-Econom\u00eda-Circular.jpg\",\"keywords\":[\"Econom\u00eda Circular\",\"Ley General de Econom\u00eda Circular\"],\"articleSection\":[\"Noticias\"],\"inLanguage\":\"es\"},{\"@type\":\"WebPage\",\"@id\":\"https:\\\/\\\/cristinacortinas.org\\\/sustentabilidad\\\/a-que-tipo-de-pais-debe-responder-la-ley-general-de-economia-circular\\\/\",\"url\":\"https:\\\/\\\/cristinacortinas.org\\\/sustentabilidad\\\/a-que-tipo-de-pais-debe-responder-la-ley-general-de-economia-circular\\\/\",\"name\":\"A qu\u00e9 tipo de pa\u00eds debe responder la Ley General de Econom\u00eda Circular - Dra. Ma. Cristina Cortinas Dur\u00e1n\",\"isPartOf\":{\"@id\":\"https:\\\/\\\/cristinacortinas.org\\\/sustentabilidad\\\/#website\"},\"primaryImageOfPage\":{\"@id\":\"https:\\\/\\\/cristinacortinas.org\\\/sustentabilidad\\\/a-que-tipo-de-pais-debe-responder-la-ley-general-de-economia-circular\\\/#primaryimage\"},\"image\":{\"@id\":\"https:\\\/\\\/cristinacortinas.org\\\/sustentabilidad\\\/a-que-tipo-de-pais-debe-responder-la-ley-general-de-economia-circular\\\/#primaryimage\"},\"thumbnailUrl\":\"https:\\\/\\\/cristinacortinas.org\\\/sustentabilidad\\\/wp-content\\\/uploads\\\/2021\\\/12\\\/A-qu\u00e9-tipo-de-pa\u00eds-debe-responder-la-Ley-General-de-Econom\u00eda-Circular.jpg\",\"datePublished\":\"2021-12-07T17:41:04+00:00\",\"author\":{\"@id\":\"https:\\\/\\\/cristinacortinas.org\\\/sustentabilidad\\\/#\\\/schema\\\/person\\\/230b4a4171b31e97671db5b680f06b08\"},\"breadcrumb\":{\"@id\":\"https:\\\/\\\/cristinacortinas.org\\\/sustentabilidad\\\/a-que-tipo-de-pais-debe-responder-la-ley-general-de-economia-circular\\\/#breadcrumb\"},\"inLanguage\":\"es\",\"potentialAction\":[{\"@type\":\"ReadAction\",\"target\":[\"https:\\\/\\\/cristinacortinas.org\\\/sustentabilidad\\\/a-que-tipo-de-pais-debe-responder-la-ley-general-de-economia-circular\\\/\"]}]},{\"@type\":\"ImageObject\",\"inLanguage\":\"es\",\"@id\":\"https:\\\/\\\/cristinacortinas.org\\\/sustentabilidad\\\/a-que-tipo-de-pais-debe-responder-la-ley-general-de-economia-circular\\\/#primaryimage\",\"url\":\"https:\\\/\\\/cristinacortinas.org\\\/sustentabilidad\\\/wp-content\\\/uploads\\\/2021\\\/12\\\/A-qu\u00e9-tipo-de-pa\u00eds-debe-responder-la-Ley-General-de-Econom\u00eda-Circular.jpg\",\"contentUrl\":\"https:\\\/\\\/cristinacortinas.org\\\/sustentabilidad\\\/wp-content\\\/uploads\\\/2021\\\/12\\\/A-qu\u00e9-tipo-de-pa\u00eds-debe-responder-la-Ley-General-de-Econom\u00eda-Circular.jpg\",\"width\":1030,\"height\":650},{\"@type\":\"BreadcrumbList\",\"@id\":\"https:\\\/\\\/cristinacortinas.org\\\/sustentabilidad\\\/a-que-tipo-de-pais-debe-responder-la-ley-general-de-economia-circular\\\/#breadcrumb\",\"itemListElement\":[{\"@type\":\"ListItem\",\"position\":1,\"name\":\"Portada\",\"item\":\"https:\\\/\\\/cristinacortinas.org\\\/sustentabilidad\\\/\"},{\"@type\":\"ListItem\",\"position\":2,\"name\":\"A qu\u00e9 tipo de pa\u00eds debe responder la Ley General de Econom\u00eda Circular\"}]},{\"@type\":\"WebSite\",\"@id\":\"https:\\\/\\\/cristinacortinas.org\\\/sustentabilidad\\\/#website\",\"url\":\"https:\\\/\\\/cristinacortinas.org\\\/sustentabilidad\\\/\",\"name\":\"Dra. Ma. Cristina Cortinas Dur\u00e1n\",\"description\":\"\",\"potentialAction\":[{\"@type\":\"SearchAction\",\"target\":{\"@type\":\"EntryPoint\",\"urlTemplate\":\"https:\\\/\\\/cristinacortinas.org\\\/sustentabilidad\\\/?s={search_term_string}\"},\"query-input\":{\"@type\":\"PropertyValueSpecification\",\"valueRequired\":true,\"valueName\":\"search_term_string\"}}],\"inLanguage\":\"es\"},{\"@type\":\"Person\",\"@id\":\"https:\\\/\\\/cristinacortinas.org\\\/sustentabilidad\\\/#\\\/schema\\\/person\\\/230b4a4171b31e97671db5b680f06b08\",\"name\":\"CCristina\"}]}<\/script>\n<!-- \/ Yoast SEO plugin. -->","yoast_head_json":{"title":"A qu\u00e9 tipo de pa\u00eds debe responder la Ley General de Econom\u00eda Circular - Dra. Ma. Cristina Cortinas Dur\u00e1n","robots":{"index":"index","follow":"follow","max-snippet":"max-snippet:-1","max-image-preview":"max-image-preview:large","max-video-preview":"max-video-preview:-1"},"canonical":"https:\/\/cristinacortinas.org\/sustentabilidad\/a-que-tipo-de-pais-debe-responder-la-ley-general-de-economia-circular\/","og_locale":"es_ES","og_type":"article","og_title":"A qu\u00e9 tipo de pa\u00eds debe responder la Ley General de Econom\u00eda Circular - Dra. Ma. Cristina Cortinas Dur\u00e1n","og_description":"Amig@s, Les invito a leer el art\u00edculo anexo antes de que sea aprobada para su publicaci\u00f3n la Ley General de Econom\u00eda Circular para M\u00e9xico, en el cual pongo de relieve la situaci\u00f3n econ\u00f3mica y social que atravesamos y los aspectos relevantes que se han pasado por alto en su versi\u00f3n actual que no pueden ignorarse. Bienvenidas sus opiniones al respecto&nbsp;Seguir leyendo","og_url":"https:\/\/cristinacortinas.org\/sustentabilidad\/a-que-tipo-de-pais-debe-responder-la-ley-general-de-economia-circular\/","og_site_name":"Dra. Ma. Cristina Cortinas Dur\u00e1n","article_publisher":"https:\/\/www.facebook.com\/cristinacortinasduran\/","article_published_time":"2021-12-07T17:41:04+00:00","og_image":[{"width":1030,"height":650,"url":"https:\/\/cristinacortinas.org\/sustentabilidad\/wp-content\/uploads\/2021\/12\/A-qu\u00e9-tipo-de-pa\u00eds-debe-responder-la-Ley-General-de-Econom\u00eda-Circular.jpg","type":"image\/jpeg"}],"author":"CCristina","twitter_card":"summary_large_image","twitter_creator":"@DraCrisCortinas","twitter_site":"@DraCrisCortinas","twitter_misc":{"Escrito por":"CCristina"},"schema":{"@context":"https:\/\/schema.org","@graph":[{"@type":"Article","@id":"https:\/\/cristinacortinas.org\/sustentabilidad\/a-que-tipo-de-pais-debe-responder-la-ley-general-de-economia-circular\/#article","isPartOf":{"@id":"https:\/\/cristinacortinas.org\/sustentabilidad\/a-que-tipo-de-pais-debe-responder-la-ley-general-de-economia-circular\/"},"author":{"name":"CCristina","@id":"https:\/\/cristinacortinas.org\/sustentabilidad\/#\/schema\/person\/230b4a4171b31e97671db5b680f06b08"},"headline":"A qu\u00e9 tipo de pa\u00eds debe responder la Ley General de Econom\u00eda Circular","datePublished":"2021-12-07T17:41:04+00:00","mainEntityOfPage":{"@id":"https:\/\/cristinacortinas.org\/sustentabilidad\/a-que-tipo-de-pais-debe-responder-la-ley-general-de-economia-circular\/"},"wordCount":98,"image":{"@id":"https:\/\/cristinacortinas.org\/sustentabilidad\/a-que-tipo-de-pais-debe-responder-la-ley-general-de-economia-circular\/#primaryimage"},"thumbnailUrl":"https:\/\/cristinacortinas.org\/sustentabilidad\/wp-content\/uploads\/2021\/12\/A-qu\u00e9-tipo-de-pa\u00eds-debe-responder-la-Ley-General-de-Econom\u00eda-Circular.jpg","keywords":["Econom\u00eda Circular","Ley General de Econom\u00eda Circular"],"articleSection":["Noticias"],"inLanguage":"es"},{"@type":"WebPage","@id":"https:\/\/cristinacortinas.org\/sustentabilidad\/a-que-tipo-de-pais-debe-responder-la-ley-general-de-economia-circular\/","url":"https:\/\/cristinacortinas.org\/sustentabilidad\/a-que-tipo-de-pais-debe-responder-la-ley-general-de-economia-circular\/","name":"A qu\u00e9 tipo de pa\u00eds debe responder la Ley General de Econom\u00eda Circular - Dra. Ma. Cristina Cortinas Dur\u00e1n","isPartOf":{"@id":"https:\/\/cristinacortinas.org\/sustentabilidad\/#website"},"primaryImageOfPage":{"@id":"https:\/\/cristinacortinas.org\/sustentabilidad\/a-que-tipo-de-pais-debe-responder-la-ley-general-de-economia-circular\/#primaryimage"},"image":{"@id":"https:\/\/cristinacortinas.org\/sustentabilidad\/a-que-tipo-de-pais-debe-responder-la-ley-general-de-economia-circular\/#primaryimage"},"thumbnailUrl":"https:\/\/cristinacortinas.org\/sustentabilidad\/wp-content\/uploads\/2021\/12\/A-qu\u00e9-tipo-de-pa\u00eds-debe-responder-la-Ley-General-de-Econom\u00eda-Circular.jpg","datePublished":"2021-12-07T17:41:04+00:00","author":{"@id":"https:\/\/cristinacortinas.org\/sustentabilidad\/#\/schema\/person\/230b4a4171b31e97671db5b680f06b08"},"breadcrumb":{"@id":"https:\/\/cristinacortinas.org\/sustentabilidad\/a-que-tipo-de-pais-debe-responder-la-ley-general-de-economia-circular\/#breadcrumb"},"inLanguage":"es","potentialAction":[{"@type":"ReadAction","target":["https:\/\/cristinacortinas.org\/sustentabilidad\/a-que-tipo-de-pais-debe-responder-la-ley-general-de-economia-circular\/"]}]},{"@type":"ImageObject","inLanguage":"es","@id":"https:\/\/cristinacortinas.org\/sustentabilidad\/a-que-tipo-de-pais-debe-responder-la-ley-general-de-economia-circular\/#primaryimage","url":"https:\/\/cristinacortinas.org\/sustentabilidad\/wp-content\/uploads\/2021\/12\/A-qu\u00e9-tipo-de-pa\u00eds-debe-responder-la-Ley-General-de-Econom\u00eda-Circular.jpg","contentUrl":"https:\/\/cristinacortinas.org\/sustentabilidad\/wp-content\/uploads\/2021\/12\/A-qu\u00e9-tipo-de-pa\u00eds-debe-responder-la-Ley-General-de-Econom\u00eda-Circular.jpg","width":1030,"height":650},{"@type":"BreadcrumbList","@id":"https:\/\/cristinacortinas.org\/sustentabilidad\/a-que-tipo-de-pais-debe-responder-la-ley-general-de-economia-circular\/#breadcrumb","itemListElement":[{"@type":"ListItem","position":1,"name":"Portada","item":"https:\/\/cristinacortinas.org\/sustentabilidad\/"},{"@type":"ListItem","position":2,"name":"A qu\u00e9 tipo de pa\u00eds debe responder la Ley General de Econom\u00eda Circular"}]},{"@type":"WebSite","@id":"https:\/\/cristinacortinas.org\/sustentabilidad\/#website","url":"https:\/\/cristinacortinas.org\/sustentabilidad\/","name":"Dra. Ma. Cristina Cortinas Dur\u00e1n","description":"","potentialAction":[{"@type":"SearchAction","target":{"@type":"EntryPoint","urlTemplate":"https:\/\/cristinacortinas.org\/sustentabilidad\/?s={search_term_string}"},"query-input":{"@type":"PropertyValueSpecification","valueRequired":true,"valueName":"search_term_string"}}],"inLanguage":"es"},{"@type":"Person","@id":"https:\/\/cristinacortinas.org\/sustentabilidad\/#\/schema\/person\/230b4a4171b31e97671db5b680f06b08","name":"CCristina"}]}},"_links":{"self":[{"href":"https:\/\/cristinacortinas.org\/sustentabilidad\/wp-json\/wp\/v2\/posts\/8391","targetHints":{"allow":["GET"]}}],"collection":[{"href":"https:\/\/cristinacortinas.org\/sustentabilidad\/wp-json\/wp\/v2\/posts"}],"about":[{"href":"https:\/\/cristinacortinas.org\/sustentabilidad\/wp-json\/wp\/v2\/types\/post"}],"author":[{"embeddable":true,"href":"https:\/\/cristinacortinas.org\/sustentabilidad\/wp-json\/wp\/v2\/users\/1"}],"replies":[{"embeddable":true,"href":"https:\/\/cristinacortinas.org\/sustentabilidad\/wp-json\/wp\/v2\/comments?post=8391"}],"version-history":[{"count":1,"href":"https:\/\/cristinacortinas.org\/sustentabilidad\/wp-json\/wp\/v2\/posts\/8391\/revisions"}],"predecessor-version":[{"id":8395,"href":"https:\/\/cristinacortinas.org\/sustentabilidad\/wp-json\/wp\/v2\/posts\/8391\/revisions\/8395"}],"wp:featuredmedia":[{"embeddable":true,"href":"https:\/\/cristinacortinas.org\/sustentabilidad\/wp-json\/wp\/v2\/media\/8394"}],"wp:attachment":[{"href":"https:\/\/cristinacortinas.org\/sustentabilidad\/wp-json\/wp\/v2\/media?parent=8391"}],"wp:term":[{"taxonomy":"category","embeddable":true,"href":"https:\/\/cristinacortinas.org\/sustentabilidad\/wp-json\/wp\/v2\/categories?post=8391"},{"taxonomy":"post_tag","embeddable":true,"href":"https:\/\/cristinacortinas.org\/sustentabilidad\/wp-json\/wp\/v2\/tags?post=8391"}],"curies":[{"name":"wp","href":"https:\/\/api.w.org\/{rel}","templated":true}]}}