{"id":8378,"date":"2021-11-29T19:33:05","date_gmt":"2021-11-30T01:33:05","guid":{"rendered":"https:\/\/cristinacortinas.org\/sustentabilidad\/?p=8378"},"modified":"2021-11-29T19:33:05","modified_gmt":"2021-11-30T01:33:05","slug":"ley-general-de-economia-circular-experiencias-de-la-cdmx","status":"publish","type":"post","link":"https:\/\/cristinacortinas.org\/sustentabilidad\/ley-general-de-economia-circular-experiencias-de-la-cdmx\/","title":{"rendered":"Ley General de Econom\u00eda Circular experiencias de la CDMX  y aspiraciones de los j\u00f3venes"},"content":{"rendered":"<p style=\"text-align: justify;\">Con motivo de una entrevista televisiva en la que me pidieron opinar sobre la separaci\u00f3n y aprovechamiento de residuos en la Ciudad de M\u00e9xico, prepar\u00e9 el resumen anexo de sus avances en la materia. Aprovech\u00e9 esta oportunidad para mencionar que estos avances debieran reflejarse en la nueva Ley General de Econom\u00eda Circular de M\u00e9xico, junto con los problemas a\u00fan no resueltos y las aspiraciones de los m\u00e1s de 30 millones de j\u00f3venes en edad productiva cuyo futuro debemos proteger, as\u00ed como el de nuestros ni\u00f1os.<\/p>\n<p>Bienvenidas sus opiniones al respecto y su apoyo para difundir el documento anexo.<\/p>\n<div class='w3eden'><!-- WPDM Link Template: Default Template -->\n\n<div class=\"link-template-default card mb-2\">\n    <div class=\"card-body\">\n        <div class=\"media\">\n            <div class=\"mr-3 img-48\"><img decoding=\"async\" class=\"wpdm_icon\" alt=\"Icono\"   src=\"https:\/\/cristinacortinas.org\/sustentabilidad\/wp-content\/plugins\/download-manager\/assets\/file-type-icons\/doc.png\" \/><\/div>\n            <div class=\"media-body\">\n                <h3 class=\"package-title\"><a href='https:\/\/cristinacortinas.org\/sustentabilidad\/download\/ley-general-de-economia-circular-experiencias-de-la-cdmx-y-aspiraciones-de-los-jovenes\/'>Ley General de Econom\u00eda Circular experiencias de la CDMX y aspiraciones de los j\u00f3venes<\/a><\/h3>\n                <div class=\"text-muted text-small\"><i class=\"fas fa-copy\"><\/i> 1 archivo(s) <i class=\"fas fa-hdd ml-3\"><\/i> 74.95 KB<\/div>\n            <\/div>\n            <div class=\"ml-3\">\n                <a class='wpdm-download-link download-on-click btn btn-info ' rel='nofollow' href='#' data-downloadurl=\"https:\/\/cristinacortinas.org\/sustentabilidad\/download\/ley-general-de-economia-circular-experiencias-de-la-cdmx-y-aspiraciones-de-los-jovenes\/?wpdmdl=8376&refresh=69ef9955bed621777310037\">Descargar<\/a>\n            <\/div>\n        <\/div>\n    <\/div>\n<\/div>\n\n<\/div>\n<p>Cristina Cortinas<\/p>\n","protected":false},"excerpt":{"rendered":"<p>Con motivo de una entrevista televisiva en la que me pidieron opinar sobre la separaci\u00f3n y aprovechamiento de residuos en la Ciudad de M\u00e9xico, prepar\u00e9 el resumen anexo de sus avances en la materia. Aprovech\u00e9 esta oportunidad para mencionar que estos avances debieran reflejarse en la nueva Ley General de Econom\u00eda Circular de M\u00e9xico, junto con los problemas a\u00fan no&nbsp;<a href=\"https:\/\/cristinacortinas.org\/sustentabilidad\/ley-general-de-economia-circular-experiencias-de-la-cdmx\/\" class=\"read-more\">Seguir leyendo<\/a><\/p>\n","protected":false},"author":1,"featured_media":8379,"comment_status":"closed","ping_status":"closed","sticky":false,"template":"","format":"standard","meta":{"footnotes":""},"categories":[40],"tags":[],"class_list":["post-8378","post","type-post","status-publish","format-standard","has-post-thumbnail","hentry","category-noticias","cat-40-id"],"yoast_head":"<!-- This site is optimized with the Yoast SEO plugin v27.4 - https:\/\/yoast.com\/product\/yoast-seo-wordpress\/ -->\n<title>Ley General de Econom\u00eda Circular experiencias de la CDMX<\/title>\n<meta name=\"description\" content=\"Con motivo de una entrevista televisiva en la que me pidieron opinar sobre la separaci\u00f3n y aprovechamiento de residuos en la Ciudad de M\u00e9xico\" \/>\n<meta name=\"robots\" content=\"index, follow, max-snippet:-1, max-image-preview:large, max-video-preview:-1\" \/>\n<link rel=\"canonical\" href=\"https:\/\/cristinacortinas.org\/sustentabilidad\/ley-general-de-economia-circular-experiencias-de-la-cdmx\/\" \/>\n<meta property=\"og:locale\" content=\"es_ES\" \/>\n<meta property=\"og:type\" content=\"article\" \/>\n<meta property=\"og:title\" content=\"Ley General de Econom\u00eda Circular experiencias de la CDMX\" \/>\n<meta property=\"og:description\" content=\"Con motivo de una entrevista televisiva en la que me pidieron opinar sobre la separaci\u00f3n y aprovechamiento de residuos en la Ciudad de M\u00e9xico\" \/>\n<meta property=\"og:url\" content=\"https:\/\/cristinacortinas.org\/sustentabilidad\/ley-general-de-economia-circular-experiencias-de-la-cdmx\/\" \/>\n<meta property=\"og:site_name\" content=\"Dra. Ma. Cristina Cortinas Dur\u00e1n\" \/>\n<meta property=\"article:publisher\" content=\"https:\/\/www.facebook.com\/cristinacortinasduran\/\" \/>\n<meta property=\"article:published_time\" content=\"2021-11-30T01:33:05+00:00\" \/>\n<meta property=\"og:image\" content=\"https:\/\/cristinacortinas.org\/sustentabilidad\/wp-content\/uploads\/2021\/11\/Ley-General-de-Econom\u00eda-Circular-experiencias-de-la-CDMX.jpg\" \/>\n\t<meta property=\"og:image:width\" content=\"1116\" \/>\n\t<meta property=\"og:image:height\" content=\"638\" \/>\n\t<meta property=\"og:image:type\" content=\"image\/jpeg\" \/>\n<meta name=\"author\" content=\"CCristina\" \/>\n<meta name=\"twitter:card\" content=\"summary_large_image\" \/>\n<meta name=\"twitter:creator\" content=\"@DraCrisCortinas\" \/>\n<meta name=\"twitter:site\" content=\"@DraCrisCortinas\" \/>\n<meta name=\"twitter:label1\" content=\"Escrito por\" \/>\n\t<meta name=\"twitter:data1\" content=\"CCristina\" \/>\n\t<meta name=\"twitter:label2\" content=\"Tiempo de lectura\" \/>\n\t<meta name=\"twitter:data2\" content=\"1 minuto\" \/>\n<script type=\"application\/ld+json\" class=\"yoast-schema-graph\">{\"@context\":\"https:\\\/\\\/schema.org\",\"@graph\":[{\"@type\":\"Article\",\"@id\":\"https:\\\/\\\/cristinacortinas.org\\\/sustentabilidad\\\/ley-general-de-economia-circular-experiencias-de-la-cdmx\\\/#article\",\"isPartOf\":{\"@id\":\"https:\\\/\\\/cristinacortinas.org\\\/sustentabilidad\\\/ley-general-de-economia-circular-experiencias-de-la-cdmx\\\/\"},\"author\":{\"name\":\"CCristina\",\"@id\":\"https:\\\/\\\/cristinacortinas.org\\\/sustentabilidad\\\/#\\\/schema\\\/person\\\/230b4a4171b31e97671db5b680f06b08\"},\"headline\":\"Ley General de Econom\u00eda Circular experiencias de la CDMX y aspiraciones de los j\u00f3venes\",\"datePublished\":\"2021-11-30T01:33:05+00:00\",\"mainEntityOfPage\":{\"@id\":\"https:\\\/\\\/cristinacortinas.org\\\/sustentabilidad\\\/ley-general-de-economia-circular-experiencias-de-la-cdmx\\\/\"},\"wordCount\":128,\"image\":{\"@id\":\"https:\\\/\\\/cristinacortinas.org\\\/sustentabilidad\\\/ley-general-de-economia-circular-experiencias-de-la-cdmx\\\/#primaryimage\"},\"thumbnailUrl\":\"https:\\\/\\\/cristinacortinas.org\\\/sustentabilidad\\\/wp-content\\\/uploads\\\/2021\\\/11\\\/Ley-General-de-Econom\u00eda-Circular-experiencias-de-la-CDMX.jpg\",\"articleSection\":[\"Noticias\"],\"inLanguage\":\"es\"},{\"@type\":\"WebPage\",\"@id\":\"https:\\\/\\\/cristinacortinas.org\\\/sustentabilidad\\\/ley-general-de-economia-circular-experiencias-de-la-cdmx\\\/\",\"url\":\"https:\\\/\\\/cristinacortinas.org\\\/sustentabilidad\\\/ley-general-de-economia-circular-experiencias-de-la-cdmx\\\/\",\"name\":\"Ley General de Econom\u00eda Circular experiencias de la CDMX\",\"isPartOf\":{\"@id\":\"https:\\\/\\\/cristinacortinas.org\\\/sustentabilidad\\\/#website\"},\"primaryImageOfPage\":{\"@id\":\"https:\\\/\\\/cristinacortinas.org\\\/sustentabilidad\\\/ley-general-de-economia-circular-experiencias-de-la-cdmx\\\/#primaryimage\"},\"image\":{\"@id\":\"https:\\\/\\\/cristinacortinas.org\\\/sustentabilidad\\\/ley-general-de-economia-circular-experiencias-de-la-cdmx\\\/#primaryimage\"},\"thumbnailUrl\":\"https:\\\/\\\/cristinacortinas.org\\\/sustentabilidad\\\/wp-content\\\/uploads\\\/2021\\\/11\\\/Ley-General-de-Econom\u00eda-Circular-experiencias-de-la-CDMX.jpg\",\"datePublished\":\"2021-11-30T01:33:05+00:00\",\"author\":{\"@id\":\"https:\\\/\\\/cristinacortinas.org\\\/sustentabilidad\\\/#\\\/schema\\\/person\\\/230b4a4171b31e97671db5b680f06b08\"},\"description\":\"Con motivo de una entrevista televisiva en la que me pidieron opinar sobre la separaci\u00f3n y aprovechamiento de residuos en la Ciudad de M\u00e9xico\",\"breadcrumb\":{\"@id\":\"https:\\\/\\\/cristinacortinas.org\\\/sustentabilidad\\\/ley-general-de-economia-circular-experiencias-de-la-cdmx\\\/#breadcrumb\"},\"inLanguage\":\"es\",\"potentialAction\":[{\"@type\":\"ReadAction\",\"target\":[\"https:\\\/\\\/cristinacortinas.org\\\/sustentabilidad\\\/ley-general-de-economia-circular-experiencias-de-la-cdmx\\\/\"]}]},{\"@type\":\"ImageObject\",\"inLanguage\":\"es\",\"@id\":\"https:\\\/\\\/cristinacortinas.org\\\/sustentabilidad\\\/ley-general-de-economia-circular-experiencias-de-la-cdmx\\\/#primaryimage\",\"url\":\"https:\\\/\\\/cristinacortinas.org\\\/sustentabilidad\\\/wp-content\\\/uploads\\\/2021\\\/11\\\/Ley-General-de-Econom\u00eda-Circular-experiencias-de-la-CDMX.jpg\",\"contentUrl\":\"https:\\\/\\\/cristinacortinas.org\\\/sustentabilidad\\\/wp-content\\\/uploads\\\/2021\\\/11\\\/Ley-General-de-Econom\u00eda-Circular-experiencias-de-la-CDMX.jpg\",\"width\":1116,\"height\":638},{\"@type\":\"BreadcrumbList\",\"@id\":\"https:\\\/\\\/cristinacortinas.org\\\/sustentabilidad\\\/ley-general-de-economia-circular-experiencias-de-la-cdmx\\\/#breadcrumb\",\"itemListElement\":[{\"@type\":\"ListItem\",\"position\":1,\"name\":\"Portada\",\"item\":\"https:\\\/\\\/cristinacortinas.org\\\/sustentabilidad\\\/\"},{\"@type\":\"ListItem\",\"position\":2,\"name\":\"Ley General de Econom\u00eda Circular experiencias de la CDMX y aspiraciones de los j\u00f3venes\"}]},{\"@type\":\"WebSite\",\"@id\":\"https:\\\/\\\/cristinacortinas.org\\\/sustentabilidad\\\/#website\",\"url\":\"https:\\\/\\\/cristinacortinas.org\\\/sustentabilidad\\\/\",\"name\":\"Dra. Ma. Cristina Cortinas Dur\u00e1n\",\"description\":\"\",\"potentialAction\":[{\"@type\":\"SearchAction\",\"target\":{\"@type\":\"EntryPoint\",\"urlTemplate\":\"https:\\\/\\\/cristinacortinas.org\\\/sustentabilidad\\\/?s={search_term_string}\"},\"query-input\":{\"@type\":\"PropertyValueSpecification\",\"valueRequired\":true,\"valueName\":\"search_term_string\"}}],\"inLanguage\":\"es\"},{\"@type\":\"Person\",\"@id\":\"https:\\\/\\\/cristinacortinas.org\\\/sustentabilidad\\\/#\\\/schema\\\/person\\\/230b4a4171b31e97671db5b680f06b08\",\"name\":\"CCristina\"}]}<\/script>\n<!-- \/ Yoast SEO plugin. -->","yoast_head_json":{"title":"Ley General de Econom\u00eda Circular experiencias de la CDMX","description":"Con motivo de una entrevista televisiva en la que me pidieron opinar sobre la separaci\u00f3n y aprovechamiento de residuos en la Ciudad de M\u00e9xico","robots":{"index":"index","follow":"follow","max-snippet":"max-snippet:-1","max-image-preview":"max-image-preview:large","max-video-preview":"max-video-preview:-1"},"canonical":"https:\/\/cristinacortinas.org\/sustentabilidad\/ley-general-de-economia-circular-experiencias-de-la-cdmx\/","og_locale":"es_ES","og_type":"article","og_title":"Ley General de Econom\u00eda Circular experiencias de la CDMX","og_description":"Con motivo de una entrevista televisiva en la que me pidieron opinar sobre la separaci\u00f3n y aprovechamiento de residuos en la Ciudad de M\u00e9xico","og_url":"https:\/\/cristinacortinas.org\/sustentabilidad\/ley-general-de-economia-circular-experiencias-de-la-cdmx\/","og_site_name":"Dra. Ma. Cristina Cortinas Dur\u00e1n","article_publisher":"https:\/\/www.facebook.com\/cristinacortinasduran\/","article_published_time":"2021-11-30T01:33:05+00:00","og_image":[{"width":1116,"height":638,"url":"https:\/\/cristinacortinas.org\/sustentabilidad\/wp-content\/uploads\/2021\/11\/Ley-General-de-Econom\u00eda-Circular-experiencias-de-la-CDMX.jpg","type":"image\/jpeg"}],"author":"CCristina","twitter_card":"summary_large_image","twitter_creator":"@DraCrisCortinas","twitter_site":"@DraCrisCortinas","twitter_misc":{"Escrito por":"CCristina","Tiempo de lectura":"1 minuto"},"schema":{"@context":"https:\/\/schema.org","@graph":[{"@type":"Article","@id":"https:\/\/cristinacortinas.org\/sustentabilidad\/ley-general-de-economia-circular-experiencias-de-la-cdmx\/#article","isPartOf":{"@id":"https:\/\/cristinacortinas.org\/sustentabilidad\/ley-general-de-economia-circular-experiencias-de-la-cdmx\/"},"author":{"name":"CCristina","@id":"https:\/\/cristinacortinas.org\/sustentabilidad\/#\/schema\/person\/230b4a4171b31e97671db5b680f06b08"},"headline":"Ley General de Econom\u00eda Circular experiencias de la CDMX y aspiraciones de los j\u00f3venes","datePublished":"2021-11-30T01:33:05+00:00","mainEntityOfPage":{"@id":"https:\/\/cristinacortinas.org\/sustentabilidad\/ley-general-de-economia-circular-experiencias-de-la-cdmx\/"},"wordCount":128,"image":{"@id":"https:\/\/cristinacortinas.org\/sustentabilidad\/ley-general-de-economia-circular-experiencias-de-la-cdmx\/#primaryimage"},"thumbnailUrl":"https:\/\/cristinacortinas.org\/sustentabilidad\/wp-content\/uploads\/2021\/11\/Ley-General-de-Econom\u00eda-Circular-experiencias-de-la-CDMX.jpg","articleSection":["Noticias"],"inLanguage":"es"},{"@type":"WebPage","@id":"https:\/\/cristinacortinas.org\/sustentabilidad\/ley-general-de-economia-circular-experiencias-de-la-cdmx\/","url":"https:\/\/cristinacortinas.org\/sustentabilidad\/ley-general-de-economia-circular-experiencias-de-la-cdmx\/","name":"Ley General de Econom\u00eda Circular experiencias de la CDMX","isPartOf":{"@id":"https:\/\/cristinacortinas.org\/sustentabilidad\/#website"},"primaryImageOfPage":{"@id":"https:\/\/cristinacortinas.org\/sustentabilidad\/ley-general-de-economia-circular-experiencias-de-la-cdmx\/#primaryimage"},"image":{"@id":"https:\/\/cristinacortinas.org\/sustentabilidad\/ley-general-de-economia-circular-experiencias-de-la-cdmx\/#primaryimage"},"thumbnailUrl":"https:\/\/cristinacortinas.org\/sustentabilidad\/wp-content\/uploads\/2021\/11\/Ley-General-de-Econom\u00eda-Circular-experiencias-de-la-CDMX.jpg","datePublished":"2021-11-30T01:33:05+00:00","author":{"@id":"https:\/\/cristinacortinas.org\/sustentabilidad\/#\/schema\/person\/230b4a4171b31e97671db5b680f06b08"},"description":"Con motivo de una entrevista televisiva en la que me pidieron opinar sobre la separaci\u00f3n y aprovechamiento de residuos en la Ciudad de M\u00e9xico","breadcrumb":{"@id":"https:\/\/cristinacortinas.org\/sustentabilidad\/ley-general-de-economia-circular-experiencias-de-la-cdmx\/#breadcrumb"},"inLanguage":"es","potentialAction":[{"@type":"ReadAction","target":["https:\/\/cristinacortinas.org\/sustentabilidad\/ley-general-de-economia-circular-experiencias-de-la-cdmx\/"]}]},{"@type":"ImageObject","inLanguage":"es","@id":"https:\/\/cristinacortinas.org\/sustentabilidad\/ley-general-de-economia-circular-experiencias-de-la-cdmx\/#primaryimage","url":"https:\/\/cristinacortinas.org\/sustentabilidad\/wp-content\/uploads\/2021\/11\/Ley-General-de-Econom\u00eda-Circular-experiencias-de-la-CDMX.jpg","contentUrl":"https:\/\/cristinacortinas.org\/sustentabilidad\/wp-content\/uploads\/2021\/11\/Ley-General-de-Econom\u00eda-Circular-experiencias-de-la-CDMX.jpg","width":1116,"height":638},{"@type":"BreadcrumbList","@id":"https:\/\/cristinacortinas.org\/sustentabilidad\/ley-general-de-economia-circular-experiencias-de-la-cdmx\/#breadcrumb","itemListElement":[{"@type":"ListItem","position":1,"name":"Portada","item":"https:\/\/cristinacortinas.org\/sustentabilidad\/"},{"@type":"ListItem","position":2,"name":"Ley General de Econom\u00eda Circular experiencias de la CDMX y aspiraciones de los j\u00f3venes"}]},{"@type":"WebSite","@id":"https:\/\/cristinacortinas.org\/sustentabilidad\/#website","url":"https:\/\/cristinacortinas.org\/sustentabilidad\/","name":"Dra. Ma. Cristina Cortinas Dur\u00e1n","description":"","potentialAction":[{"@type":"SearchAction","target":{"@type":"EntryPoint","urlTemplate":"https:\/\/cristinacortinas.org\/sustentabilidad\/?s={search_term_string}"},"query-input":{"@type":"PropertyValueSpecification","valueRequired":true,"valueName":"search_term_string"}}],"inLanguage":"es"},{"@type":"Person","@id":"https:\/\/cristinacortinas.org\/sustentabilidad\/#\/schema\/person\/230b4a4171b31e97671db5b680f06b08","name":"CCristina"}]}},"_links":{"self":[{"href":"https:\/\/cristinacortinas.org\/sustentabilidad\/wp-json\/wp\/v2\/posts\/8378","targetHints":{"allow":["GET"]}}],"collection":[{"href":"https:\/\/cristinacortinas.org\/sustentabilidad\/wp-json\/wp\/v2\/posts"}],"about":[{"href":"https:\/\/cristinacortinas.org\/sustentabilidad\/wp-json\/wp\/v2\/types\/post"}],"author":[{"embeddable":true,"href":"https:\/\/cristinacortinas.org\/sustentabilidad\/wp-json\/wp\/v2\/users\/1"}],"replies":[{"embeddable":true,"href":"https:\/\/cristinacortinas.org\/sustentabilidad\/wp-json\/wp\/v2\/comments?post=8378"}],"version-history":[{"count":1,"href":"https:\/\/cristinacortinas.org\/sustentabilidad\/wp-json\/wp\/v2\/posts\/8378\/revisions"}],"predecessor-version":[{"id":8380,"href":"https:\/\/cristinacortinas.org\/sustentabilidad\/wp-json\/wp\/v2\/posts\/8378\/revisions\/8380"}],"wp:featuredmedia":[{"embeddable":true,"href":"https:\/\/cristinacortinas.org\/sustentabilidad\/wp-json\/wp\/v2\/media\/8379"}],"wp:attachment":[{"href":"https:\/\/cristinacortinas.org\/sustentabilidad\/wp-json\/wp\/v2\/media?parent=8378"}],"wp:term":[{"taxonomy":"category","embeddable":true,"href":"https:\/\/cristinacortinas.org\/sustentabilidad\/wp-json\/wp\/v2\/categories?post=8378"},{"taxonomy":"post_tag","embeddable":true,"href":"https:\/\/cristinacortinas.org\/sustentabilidad\/wp-json\/wp\/v2\/tags?post=8378"}],"curies":[{"name":"wp","href":"https:\/\/api.w.org\/{rel}","templated":true}]}}