{"id":8353,"date":"2021-11-08T14:39:13","date_gmt":"2021-11-08T20:39:13","guid":{"rendered":"https:\/\/cristinacortinas.org\/sustentabilidad\/?p=8353"},"modified":"2021-11-16T19:28:23","modified_gmt":"2021-11-17T01:28:23","slug":"foros-retc","status":"publish","type":"post","link":"https:\/\/cristinacortinas.org\/sustentabilidad\/foros-retc\/","title":{"rendered":"Foros RETC"},"content":{"rendered":"<p>Estimad@s amig@s,<br \/>\nAnexa encontrar\u00e1n la presentaci\u00f3n que prepar\u00e9 para impartir mi pl\u00e1tica en el Foro RETC del 19 de noviembre pr\u00f3ximo.<\/p>\n<p>La conferencia busca enmarcar la iniciativa para impulsar la eliminaci\u00f3n, reducci\u00f3n o sustituci\u00f3n de sustancias RETC en una visi\u00f3n sist\u00e9mica de la gesti\u00f3n integral de las sustancias qu\u00edmicas t\u00f3xicas y peligrosas para M\u00e9xico, y no dejar que se piense que es una acci\u00f3n aislada.<\/p>\n<p>Les invito a opinar sobre ello y a compartir sus ideas sobre c\u00f3mo seguir colaborando para dar los siguientes pasos para eliminar las sustancias t\u00f3xicas de los productos de consumo.<\/p>\n<p>Cristina Cortinas<br \/>\nLos videos y conferencias de los tres Foros RETC estar\u00e1n disponibles en la p\u00e1gina: <a href=\"http:\/\/www.fundacionccortinas.org\/\">www.fundacionccortinas.org<\/a><\/p>\n<p style=\"text-align: center;\"><div class='w3eden'><!-- WPDM Link Template: Default Template -->\n\n<div class=\"link-template-default card mb-2\">\n    <div class=\"card-body\">\n        <div class=\"media\">\n            <div class=\"mr-3 img-48\"><img decoding=\"async\" class=\"wpdm_icon\" alt=\"Icono\"   src=\"https:\/\/cristinacortinas.org\/sustentabilidad\/wp-content\/plugins\/download-manager\/assets\/file-type-icons\/pdf.png\" \/><\/div>\n            <div class=\"media-body\">\n                <h3 class=\"package-title\"><a href='https:\/\/cristinacortinas.org\/sustentabilidad\/download\/eliminacion-de-sustancias-toxicas-de-productos-de-consumo-en-una-economia-circular\/'>Eliminaci\u00f3n de sustancias t\u00f3xicas de productos de consumo en una econom\u00eda circular<\/a><\/h3>\n                <div class=\"text-muted text-small\"><i class=\"fas fa-copy\"><\/i> 1 archivo(s) <i class=\"fas fa-hdd ml-3\"><\/i> 1.36 MB<\/div>\n            <\/div>\n            <div class=\"ml-3\">\n                <a class='wpdm-download-link download-on-click btn btn-info ' rel='nofollow' href='#' data-downloadurl=\"https:\/\/cristinacortinas.org\/sustentabilidad\/download\/eliminacion-de-sustancias-toxicas-de-productos-de-consumo-en-una-economia-circular\/?wpdmdl=8357&refresh=69ef99da43f041777310170\">Descargar<\/a>\n            <\/div>\n        <\/div>\n    <\/div>\n<\/div>\n\n<\/div>\n<p><a href=\"https:\/\/www.facebook.com\/FundCCortinas\/videos\/2428249063983510\">https:\/\/www.facebook.com\/FundCCortinas\/videos\/2428249063983510<\/a><\/p>\n<p>&nbsp;<\/p>\n","protected":false},"excerpt":{"rendered":"<p>Estimad@s amig@s, Anexa encontrar\u00e1n la presentaci\u00f3n que prepar\u00e9 para impartir mi pl\u00e1tica en el Foro RETC del 19 de noviembre pr\u00f3ximo. La conferencia busca enmarcar la iniciativa para impulsar la eliminaci\u00f3n, reducci\u00f3n o sustituci\u00f3n de sustancias RETC en una visi\u00f3n sist\u00e9mica de la gesti\u00f3n integral de las sustancias qu\u00edmicas t\u00f3xicas y peligrosas para M\u00e9xico, y no dejar que se piense&nbsp;<a href=\"https:\/\/cristinacortinas.org\/sustentabilidad\/foros-retc\/\" class=\"read-more\">Seguir leyendo<\/a><\/p>\n","protected":false},"author":1,"featured_media":8362,"comment_status":"closed","ping_status":"closed","sticky":false,"template":"","format":"standard","meta":{"footnotes":""},"categories":[40],"tags":[],"class_list":["post-8353","post","type-post","status-publish","format-standard","has-post-thumbnail","hentry","category-noticias","cat-40-id"],"yoast_head":"<!-- This site is optimized with the Yoast SEO plugin v27.4 - https:\/\/yoast.com\/product\/yoast-seo-wordpress\/ -->\n<title>Foros RETC - Dra. Ma. Cristina Cortinas Dur\u00e1n<\/title>\n<meta name=\"description\" content=\"Foros sobre la \u201cimportancia y beneficios de eliminar, reducir y\/o sustituir sustancias retc 2021\" \/>\n<meta name=\"robots\" content=\"index, follow, max-snippet:-1, max-image-preview:large, max-video-preview:-1\" \/>\n<link rel=\"canonical\" href=\"https:\/\/cristinacortinas.org\/sustentabilidad\/foros-retc\/\" \/>\n<meta property=\"og:locale\" content=\"es_ES\" \/>\n<meta property=\"og:type\" content=\"article\" \/>\n<meta property=\"og:title\" content=\"Foros RETC - Dra. Ma. Cristina Cortinas Dur\u00e1n\" \/>\n<meta property=\"og:description\" content=\"Foros sobre la \u201cimportancia y beneficios de eliminar, reducir y\/o sustituir sustancias retc 2021\" \/>\n<meta property=\"og:url\" content=\"https:\/\/cristinacortinas.org\/sustentabilidad\/foros-retc\/\" \/>\n<meta property=\"og:site_name\" content=\"Dra. Ma. Cristina Cortinas Dur\u00e1n\" \/>\n<meta property=\"article:publisher\" content=\"https:\/\/www.facebook.com\/cristinacortinasduran\/\" \/>\n<meta property=\"article:published_time\" content=\"2021-11-08T20:39:13+00:00\" \/>\n<meta property=\"article:modified_time\" content=\"2021-11-17T01:28:23+00:00\" \/>\n<meta property=\"og:image\" content=\"https:\/\/cristinacortinas.org\/sustentabilidad\/wp-content\/uploads\/2021\/11\/Eliminaci\u00f3n-de-sustancias-t\u00f3xicas-de-productos-de-consumo-en-una-econom\u00eda-circular.jpg\" \/>\n\t<meta property=\"og:image:width\" content=\"1314\" \/>\n\t<meta property=\"og:image:height\" content=\"738\" \/>\n\t<meta property=\"og:image:type\" content=\"image\/jpeg\" \/>\n<meta name=\"author\" content=\"CCristina\" \/>\n<meta name=\"twitter:card\" content=\"summary_large_image\" \/>\n<meta name=\"twitter:creator\" content=\"@DraCrisCortinas\" \/>\n<meta name=\"twitter:site\" content=\"@DraCrisCortinas\" \/>\n<meta name=\"twitter:label1\" content=\"Escrito por\" \/>\n\t<meta name=\"twitter:data1\" content=\"CCristina\" \/>\n\t<meta name=\"twitter:label2\" content=\"Tiempo de lectura\" \/>\n\t<meta name=\"twitter:data2\" content=\"1 minuto\" \/>\n<script type=\"application\/ld+json\" class=\"yoast-schema-graph\">{\"@context\":\"https:\\\/\\\/schema.org\",\"@graph\":[{\"@type\":\"Article\",\"@id\":\"https:\\\/\\\/cristinacortinas.org\\\/sustentabilidad\\\/foros-retc\\\/#article\",\"isPartOf\":{\"@id\":\"https:\\\/\\\/cristinacortinas.org\\\/sustentabilidad\\\/foros-retc\\\/\"},\"author\":{\"name\":\"CCristina\",\"@id\":\"https:\\\/\\\/cristinacortinas.org\\\/sustentabilidad\\\/#\\\/schema\\\/person\\\/230b4a4171b31e97671db5b680f06b08\"},\"headline\":\"Foros RETC\",\"datePublished\":\"2021-11-08T20:39:13+00:00\",\"dateModified\":\"2021-11-17T01:28:23+00:00\",\"mainEntityOfPage\":{\"@id\":\"https:\\\/\\\/cristinacortinas.org\\\/sustentabilidad\\\/foros-retc\\\/\"},\"wordCount\":147,\"image\":{\"@id\":\"https:\\\/\\\/cristinacortinas.org\\\/sustentabilidad\\\/foros-retc\\\/#primaryimage\"},\"thumbnailUrl\":\"https:\\\/\\\/cristinacortinas.org\\\/sustentabilidad\\\/wp-content\\\/uploads\\\/2021\\\/11\\\/Eliminaci\u00f3n-de-sustancias-t\u00f3xicas-de-productos-de-consumo-en-una-econom\u00eda-circular.jpg\",\"articleSection\":[\"Noticias\"],\"inLanguage\":\"es\"},{\"@type\":\"WebPage\",\"@id\":\"https:\\\/\\\/cristinacortinas.org\\\/sustentabilidad\\\/foros-retc\\\/\",\"url\":\"https:\\\/\\\/cristinacortinas.org\\\/sustentabilidad\\\/foros-retc\\\/\",\"name\":\"Foros RETC - Dra. Ma. Cristina Cortinas Dur\u00e1n\",\"isPartOf\":{\"@id\":\"https:\\\/\\\/cristinacortinas.org\\\/sustentabilidad\\\/#website\"},\"primaryImageOfPage\":{\"@id\":\"https:\\\/\\\/cristinacortinas.org\\\/sustentabilidad\\\/foros-retc\\\/#primaryimage\"},\"image\":{\"@id\":\"https:\\\/\\\/cristinacortinas.org\\\/sustentabilidad\\\/foros-retc\\\/#primaryimage\"},\"thumbnailUrl\":\"https:\\\/\\\/cristinacortinas.org\\\/sustentabilidad\\\/wp-content\\\/uploads\\\/2021\\\/11\\\/Eliminaci\u00f3n-de-sustancias-t\u00f3xicas-de-productos-de-consumo-en-una-econom\u00eda-circular.jpg\",\"datePublished\":\"2021-11-08T20:39:13+00:00\",\"dateModified\":\"2021-11-17T01:28:23+00:00\",\"author\":{\"@id\":\"https:\\\/\\\/cristinacortinas.org\\\/sustentabilidad\\\/#\\\/schema\\\/person\\\/230b4a4171b31e97671db5b680f06b08\"},\"description\":\"Foros sobre la \u201cimportancia y beneficios de eliminar, reducir y\\\/o sustituir sustancias retc 2021\",\"breadcrumb\":{\"@id\":\"https:\\\/\\\/cristinacortinas.org\\\/sustentabilidad\\\/foros-retc\\\/#breadcrumb\"},\"inLanguage\":\"es\",\"potentialAction\":[{\"@type\":\"ReadAction\",\"target\":[\"https:\\\/\\\/cristinacortinas.org\\\/sustentabilidad\\\/foros-retc\\\/\"]}]},{\"@type\":\"ImageObject\",\"inLanguage\":\"es\",\"@id\":\"https:\\\/\\\/cristinacortinas.org\\\/sustentabilidad\\\/foros-retc\\\/#primaryimage\",\"url\":\"https:\\\/\\\/cristinacortinas.org\\\/sustentabilidad\\\/wp-content\\\/uploads\\\/2021\\\/11\\\/Eliminaci\u00f3n-de-sustancias-t\u00f3xicas-de-productos-de-consumo-en-una-econom\u00eda-circular.jpg\",\"contentUrl\":\"https:\\\/\\\/cristinacortinas.org\\\/sustentabilidad\\\/wp-content\\\/uploads\\\/2021\\\/11\\\/Eliminaci\u00f3n-de-sustancias-t\u00f3xicas-de-productos-de-consumo-en-una-econom\u00eda-circular.jpg\",\"width\":1314,\"height\":738},{\"@type\":\"BreadcrumbList\",\"@id\":\"https:\\\/\\\/cristinacortinas.org\\\/sustentabilidad\\\/foros-retc\\\/#breadcrumb\",\"itemListElement\":[{\"@type\":\"ListItem\",\"position\":1,\"name\":\"Portada\",\"item\":\"https:\\\/\\\/cristinacortinas.org\\\/sustentabilidad\\\/\"},{\"@type\":\"ListItem\",\"position\":2,\"name\":\"Foros RETC\"}]},{\"@type\":\"WebSite\",\"@id\":\"https:\\\/\\\/cristinacortinas.org\\\/sustentabilidad\\\/#website\",\"url\":\"https:\\\/\\\/cristinacortinas.org\\\/sustentabilidad\\\/\",\"name\":\"Dra. Ma. Cristina Cortinas Dur\u00e1n\",\"description\":\"\",\"potentialAction\":[{\"@type\":\"SearchAction\",\"target\":{\"@type\":\"EntryPoint\",\"urlTemplate\":\"https:\\\/\\\/cristinacortinas.org\\\/sustentabilidad\\\/?s={search_term_string}\"},\"query-input\":{\"@type\":\"PropertyValueSpecification\",\"valueRequired\":true,\"valueName\":\"search_term_string\"}}],\"inLanguage\":\"es\"},{\"@type\":\"Person\",\"@id\":\"https:\\\/\\\/cristinacortinas.org\\\/sustentabilidad\\\/#\\\/schema\\\/person\\\/230b4a4171b31e97671db5b680f06b08\",\"name\":\"CCristina\"}]}<\/script>\n<!-- \/ Yoast SEO plugin. -->","yoast_head_json":{"title":"Foros RETC - Dra. Ma. Cristina Cortinas Dur\u00e1n","description":"Foros sobre la \u201cimportancia y beneficios de eliminar, reducir y\/o sustituir sustancias retc 2021","robots":{"index":"index","follow":"follow","max-snippet":"max-snippet:-1","max-image-preview":"max-image-preview:large","max-video-preview":"max-video-preview:-1"},"canonical":"https:\/\/cristinacortinas.org\/sustentabilidad\/foros-retc\/","og_locale":"es_ES","og_type":"article","og_title":"Foros RETC - Dra. Ma. Cristina Cortinas Dur\u00e1n","og_description":"Foros sobre la \u201cimportancia y beneficios de eliminar, reducir y\/o sustituir sustancias retc 2021","og_url":"https:\/\/cristinacortinas.org\/sustentabilidad\/foros-retc\/","og_site_name":"Dra. Ma. Cristina Cortinas Dur\u00e1n","article_publisher":"https:\/\/www.facebook.com\/cristinacortinasduran\/","article_published_time":"2021-11-08T20:39:13+00:00","article_modified_time":"2021-11-17T01:28:23+00:00","og_image":[{"width":1314,"height":738,"url":"https:\/\/cristinacortinas.org\/sustentabilidad\/wp-content\/uploads\/2021\/11\/Eliminaci\u00f3n-de-sustancias-t\u00f3xicas-de-productos-de-consumo-en-una-econom\u00eda-circular.jpg","type":"image\/jpeg"}],"author":"CCristina","twitter_card":"summary_large_image","twitter_creator":"@DraCrisCortinas","twitter_site":"@DraCrisCortinas","twitter_misc":{"Escrito por":"CCristina","Tiempo de lectura":"1 minuto"},"schema":{"@context":"https:\/\/schema.org","@graph":[{"@type":"Article","@id":"https:\/\/cristinacortinas.org\/sustentabilidad\/foros-retc\/#article","isPartOf":{"@id":"https:\/\/cristinacortinas.org\/sustentabilidad\/foros-retc\/"},"author":{"name":"CCristina","@id":"https:\/\/cristinacortinas.org\/sustentabilidad\/#\/schema\/person\/230b4a4171b31e97671db5b680f06b08"},"headline":"Foros RETC","datePublished":"2021-11-08T20:39:13+00:00","dateModified":"2021-11-17T01:28:23+00:00","mainEntityOfPage":{"@id":"https:\/\/cristinacortinas.org\/sustentabilidad\/foros-retc\/"},"wordCount":147,"image":{"@id":"https:\/\/cristinacortinas.org\/sustentabilidad\/foros-retc\/#primaryimage"},"thumbnailUrl":"https:\/\/cristinacortinas.org\/sustentabilidad\/wp-content\/uploads\/2021\/11\/Eliminaci\u00f3n-de-sustancias-t\u00f3xicas-de-productos-de-consumo-en-una-econom\u00eda-circular.jpg","articleSection":["Noticias"],"inLanguage":"es"},{"@type":"WebPage","@id":"https:\/\/cristinacortinas.org\/sustentabilidad\/foros-retc\/","url":"https:\/\/cristinacortinas.org\/sustentabilidad\/foros-retc\/","name":"Foros RETC - Dra. Ma. Cristina Cortinas Dur\u00e1n","isPartOf":{"@id":"https:\/\/cristinacortinas.org\/sustentabilidad\/#website"},"primaryImageOfPage":{"@id":"https:\/\/cristinacortinas.org\/sustentabilidad\/foros-retc\/#primaryimage"},"image":{"@id":"https:\/\/cristinacortinas.org\/sustentabilidad\/foros-retc\/#primaryimage"},"thumbnailUrl":"https:\/\/cristinacortinas.org\/sustentabilidad\/wp-content\/uploads\/2021\/11\/Eliminaci\u00f3n-de-sustancias-t\u00f3xicas-de-productos-de-consumo-en-una-econom\u00eda-circular.jpg","datePublished":"2021-11-08T20:39:13+00:00","dateModified":"2021-11-17T01:28:23+00:00","author":{"@id":"https:\/\/cristinacortinas.org\/sustentabilidad\/#\/schema\/person\/230b4a4171b31e97671db5b680f06b08"},"description":"Foros sobre la \u201cimportancia y beneficios de eliminar, reducir y\/o sustituir sustancias retc 2021","breadcrumb":{"@id":"https:\/\/cristinacortinas.org\/sustentabilidad\/foros-retc\/#breadcrumb"},"inLanguage":"es","potentialAction":[{"@type":"ReadAction","target":["https:\/\/cristinacortinas.org\/sustentabilidad\/foros-retc\/"]}]},{"@type":"ImageObject","inLanguage":"es","@id":"https:\/\/cristinacortinas.org\/sustentabilidad\/foros-retc\/#primaryimage","url":"https:\/\/cristinacortinas.org\/sustentabilidad\/wp-content\/uploads\/2021\/11\/Eliminaci\u00f3n-de-sustancias-t\u00f3xicas-de-productos-de-consumo-en-una-econom\u00eda-circular.jpg","contentUrl":"https:\/\/cristinacortinas.org\/sustentabilidad\/wp-content\/uploads\/2021\/11\/Eliminaci\u00f3n-de-sustancias-t\u00f3xicas-de-productos-de-consumo-en-una-econom\u00eda-circular.jpg","width":1314,"height":738},{"@type":"BreadcrumbList","@id":"https:\/\/cristinacortinas.org\/sustentabilidad\/foros-retc\/#breadcrumb","itemListElement":[{"@type":"ListItem","position":1,"name":"Portada","item":"https:\/\/cristinacortinas.org\/sustentabilidad\/"},{"@type":"ListItem","position":2,"name":"Foros RETC"}]},{"@type":"WebSite","@id":"https:\/\/cristinacortinas.org\/sustentabilidad\/#website","url":"https:\/\/cristinacortinas.org\/sustentabilidad\/","name":"Dra. Ma. Cristina Cortinas Dur\u00e1n","description":"","potentialAction":[{"@type":"SearchAction","target":{"@type":"EntryPoint","urlTemplate":"https:\/\/cristinacortinas.org\/sustentabilidad\/?s={search_term_string}"},"query-input":{"@type":"PropertyValueSpecification","valueRequired":true,"valueName":"search_term_string"}}],"inLanguage":"es"},{"@type":"Person","@id":"https:\/\/cristinacortinas.org\/sustentabilidad\/#\/schema\/person\/230b4a4171b31e97671db5b680f06b08","name":"CCristina"}]}},"_links":{"self":[{"href":"https:\/\/cristinacortinas.org\/sustentabilidad\/wp-json\/wp\/v2\/posts\/8353","targetHints":{"allow":["GET"]}}],"collection":[{"href":"https:\/\/cristinacortinas.org\/sustentabilidad\/wp-json\/wp\/v2\/posts"}],"about":[{"href":"https:\/\/cristinacortinas.org\/sustentabilidad\/wp-json\/wp\/v2\/types\/post"}],"author":[{"embeddable":true,"href":"https:\/\/cristinacortinas.org\/sustentabilidad\/wp-json\/wp\/v2\/users\/1"}],"replies":[{"embeddable":true,"href":"https:\/\/cristinacortinas.org\/sustentabilidad\/wp-json\/wp\/v2\/comments?post=8353"}],"version-history":[{"count":2,"href":"https:\/\/cristinacortinas.org\/sustentabilidad\/wp-json\/wp\/v2\/posts\/8353\/revisions"}],"predecessor-version":[{"id":8364,"href":"https:\/\/cristinacortinas.org\/sustentabilidad\/wp-json\/wp\/v2\/posts\/8353\/revisions\/8364"}],"wp:featuredmedia":[{"embeddable":true,"href":"https:\/\/cristinacortinas.org\/sustentabilidad\/wp-json\/wp\/v2\/media\/8362"}],"wp:attachment":[{"href":"https:\/\/cristinacortinas.org\/sustentabilidad\/wp-json\/wp\/v2\/media?parent=8353"}],"wp:term":[{"taxonomy":"category","embeddable":true,"href":"https:\/\/cristinacortinas.org\/sustentabilidad\/wp-json\/wp\/v2\/categories?post=8353"},{"taxonomy":"post_tag","embeddable":true,"href":"https:\/\/cristinacortinas.org\/sustentabilidad\/wp-json\/wp\/v2\/tags?post=8353"}],"curies":[{"name":"wp","href":"https:\/\/api.w.org\/{rel}","templated":true}]}}