{"id":8339,"date":"2021-11-02T18:39:23","date_gmt":"2021-11-03T00:39:23","guid":{"rendered":"https:\/\/cristinacortinas.org\/sustentabilidad\/?p=8339"},"modified":"2021-11-02T18:39:23","modified_gmt":"2021-11-03T00:39:23","slug":"transito-hacia-la-economia-circular-en-mexico","status":"publish","type":"post","link":"https:\/\/cristinacortinas.org\/sustentabilidad\/transito-hacia-la-economia-circular-en-mexico\/","title":{"rendered":"Tra\u0301nsito hacia la economi\u0301a circular en Me\u0301xico"},"content":{"rendered":"<p style=\"text-align: justify;\">En respuesta a la invitaci\u00f3n a impartir una conferencia en el \"10\u00b0 Coloquio de Estudiantes CIIEMAD IPN\" prepar\u00e9 la que anexo sobre el tema de \"Tr\u00e1nsito hacia la Econom\u00eda Circular en M\u00e9xico. Retos y Oportunidades\", que espero sea de su inter\u00e9s y sobre la cual agradecer\u00e9 sus opiniones y apoyo para difundirla.<\/p>\n<p style=\"text-align: justify;\">Cristina Cortinas<\/p>\n<p style=\"text-align: center;\"><div class='w3eden'><!-- WPDM Link Template: Default Template -->\n\n<div class=\"link-template-default card mb-2\">\n    <div class=\"card-body\">\n        <div class=\"media\">\n            <div class=\"mr-3 img-48\"><img decoding=\"async\" class=\"wpdm_icon\" alt=\"Icono\"   src=\"https:\/\/cristinacortinas.org\/sustentabilidad\/wp-content\/plugins\/download-manager\/assets\/file-type-icons\/pdf.png\" \/><\/div>\n            <div class=\"media-body\">\n                <h3 class=\"package-title\"><a href='https:\/\/cristinacortinas.org\/sustentabilidad\/download\/transito-hacia-la-economia-circular-en-mexico\/'>Tra\u0301nsito hacia la economi\u0301a circular en Me\u0301xico<\/a><\/h3>\n                <div class=\"text-muted text-small\"><i class=\"fas fa-copy\"><\/i> 1 archivo(s) <i class=\"fas fa-hdd ml-3\"><\/i> 5.10 MB<\/div>\n            <\/div>\n            <div class=\"ml-3\">\n                <a class='wpdm-download-link download-on-click btn btn-info ' rel='nofollow' href='#' data-downloadurl=\"https:\/\/cristinacortinas.org\/sustentabilidad\/download\/transito-hacia-la-economia-circular-en-mexico\/?wpdmdl=8341&refresh=69ef9abe464441777310398\">Descargar<\/a>\n            <\/div>\n        <\/div>\n    <\/div>\n<\/div>\n\n<\/div>\n","protected":false},"excerpt":{"rendered":"<p>En respuesta a la invitaci\u00f3n a impartir una conferencia en el \"10\u00b0 Coloquio de Estudiantes CIIEMAD IPN\" prepar\u00e9 la que anexo sobre el tema de \"Tr\u00e1nsito hacia la Econom\u00eda Circular en M\u00e9xico. Retos y Oportunidades\", que espero sea de su inter\u00e9s y sobre la cual agradecer\u00e9 sus opiniones y apoyo para difundirla. Cristina Cortinas<\/p>\n","protected":false},"author":1,"featured_media":8343,"comment_status":"closed","ping_status":"closed","sticky":false,"template":"","format":"standard","meta":{"footnotes":""},"categories":[40],"tags":[],"class_list":["post-8339","post","type-post","status-publish","format-standard","has-post-thumbnail","hentry","category-noticias","cat-40-id"],"yoast_head":"<!-- This site is optimized with the Yoast SEO plugin v27.4 - https:\/\/yoast.com\/product\/yoast-seo-wordpress\/ -->\n<title>Tra\u0301nsito hacia la economi\u0301a circular en Me\u0301xico -<\/title>\n<meta name=\"description\" content=\"&quot;10\u00b0 Coloquio de Estudiantes CIIEMAD IPN&quot; prepar\u00e9 la que anexo sobre el tema de &quot;Tr\u00e1nsito hacia la Econom\u00eda Circular en M\u00e9xico. Retos y Oportunidades&quot;\" \/>\n<meta name=\"robots\" content=\"index, follow, max-snippet:-1, max-image-preview:large, max-video-preview:-1\" \/>\n<link rel=\"canonical\" href=\"https:\/\/cristinacortinas.org\/sustentabilidad\/transito-hacia-la-economia-circular-en-mexico\/\" \/>\n<meta property=\"og:locale\" content=\"es_ES\" \/>\n<meta property=\"og:type\" content=\"article\" \/>\n<meta property=\"og:title\" content=\"Tra\u0301nsito hacia la economi\u0301a circular en Me\u0301xico -\" \/>\n<meta property=\"og:description\" content=\"&quot;10\u00b0 Coloquio de Estudiantes CIIEMAD IPN&quot; prepar\u00e9 la que anexo sobre el tema de &quot;Tr\u00e1nsito hacia la Econom\u00eda Circular en M\u00e9xico. Retos y Oportunidades&quot;\" \/>\n<meta property=\"og:url\" content=\"https:\/\/cristinacortinas.org\/sustentabilidad\/transito-hacia-la-economia-circular-en-mexico\/\" \/>\n<meta property=\"og:site_name\" content=\"Dra. Ma. Cristina Cortinas Dur\u00e1n\" \/>\n<meta property=\"article:publisher\" content=\"https:\/\/www.facebook.com\/cristinacortinasduran\/\" \/>\n<meta property=\"article:published_time\" content=\"2021-11-03T00:39:23+00:00\" \/>\n<meta property=\"og:image\" content=\"https:\/\/cristinacortinas.org\/sustentabilidad\/wp-content\/uploads\/2021\/11\/Tra\u0301nsito-hacia-la-economi\u0301a-circular-en-Me\u0301xico-.jpg\" \/>\n\t<meta property=\"og:image:width\" content=\"1280\" \/>\n\t<meta property=\"og:image:height\" content=\"716\" \/>\n\t<meta property=\"og:image:type\" content=\"image\/jpeg\" \/>\n<meta name=\"author\" content=\"CCristina\" \/>\n<meta name=\"twitter:card\" content=\"summary_large_image\" \/>\n<meta name=\"twitter:creator\" content=\"@DraCrisCortinas\" \/>\n<meta name=\"twitter:site\" content=\"@DraCrisCortinas\" \/>\n<meta name=\"twitter:label1\" content=\"Escrito por\" \/>\n\t<meta name=\"twitter:data1\" content=\"CCristina\" \/>\n<script type=\"application\/ld+json\" class=\"yoast-schema-graph\">{\"@context\":\"https:\\\/\\\/schema.org\",\"@graph\":[{\"@type\":\"Article\",\"@id\":\"https:\\\/\\\/cristinacortinas.org\\\/sustentabilidad\\\/transito-hacia-la-economia-circular-en-mexico\\\/#article\",\"isPartOf\":{\"@id\":\"https:\\\/\\\/cristinacortinas.org\\\/sustentabilidad\\\/transito-hacia-la-economia-circular-en-mexico\\\/\"},\"author\":{\"name\":\"CCristina\",\"@id\":\"https:\\\/\\\/cristinacortinas.org\\\/sustentabilidad\\\/#\\\/schema\\\/person\\\/230b4a4171b31e97671db5b680f06b08\"},\"headline\":\"Tra\u0301nsito hacia la economi\u0301a circular en Me\u0301xico\",\"datePublished\":\"2021-11-03T00:39:23+00:00\",\"mainEntityOfPage\":{\"@id\":\"https:\\\/\\\/cristinacortinas.org\\\/sustentabilidad\\\/transito-hacia-la-economia-circular-en-mexico\\\/\"},\"wordCount\":73,\"image\":{\"@id\":\"https:\\\/\\\/cristinacortinas.org\\\/sustentabilidad\\\/transito-hacia-la-economia-circular-en-mexico\\\/#primaryimage\"},\"thumbnailUrl\":\"https:\\\/\\\/cristinacortinas.org\\\/sustentabilidad\\\/wp-content\\\/uploads\\\/2021\\\/11\\\/Tra\u0301nsito-hacia-la-economi\u0301a-circular-en-Me\u0301xico-.jpg\",\"articleSection\":[\"Noticias\"],\"inLanguage\":\"es\"},{\"@type\":\"WebPage\",\"@id\":\"https:\\\/\\\/cristinacortinas.org\\\/sustentabilidad\\\/transito-hacia-la-economia-circular-en-mexico\\\/\",\"url\":\"https:\\\/\\\/cristinacortinas.org\\\/sustentabilidad\\\/transito-hacia-la-economia-circular-en-mexico\\\/\",\"name\":\"Tra\u0301nsito hacia la economi\u0301a circular en Me\u0301xico -\",\"isPartOf\":{\"@id\":\"https:\\\/\\\/cristinacortinas.org\\\/sustentabilidad\\\/#website\"},\"primaryImageOfPage\":{\"@id\":\"https:\\\/\\\/cristinacortinas.org\\\/sustentabilidad\\\/transito-hacia-la-economia-circular-en-mexico\\\/#primaryimage\"},\"image\":{\"@id\":\"https:\\\/\\\/cristinacortinas.org\\\/sustentabilidad\\\/transito-hacia-la-economia-circular-en-mexico\\\/#primaryimage\"},\"thumbnailUrl\":\"https:\\\/\\\/cristinacortinas.org\\\/sustentabilidad\\\/wp-content\\\/uploads\\\/2021\\\/11\\\/Tra\u0301nsito-hacia-la-economi\u0301a-circular-en-Me\u0301xico-.jpg\",\"datePublished\":\"2021-11-03T00:39:23+00:00\",\"author\":{\"@id\":\"https:\\\/\\\/cristinacortinas.org\\\/sustentabilidad\\\/#\\\/schema\\\/person\\\/230b4a4171b31e97671db5b680f06b08\"},\"description\":\"\\\"10\u00b0 Coloquio de Estudiantes CIIEMAD IPN\\\" prepar\u00e9 la que anexo sobre el tema de \\\"Tr\u00e1nsito hacia la Econom\u00eda Circular en M\u00e9xico. Retos y Oportunidades\\\"\",\"breadcrumb\":{\"@id\":\"https:\\\/\\\/cristinacortinas.org\\\/sustentabilidad\\\/transito-hacia-la-economia-circular-en-mexico\\\/#breadcrumb\"},\"inLanguage\":\"es\",\"potentialAction\":[{\"@type\":\"ReadAction\",\"target\":[\"https:\\\/\\\/cristinacortinas.org\\\/sustentabilidad\\\/transito-hacia-la-economia-circular-en-mexico\\\/\"]}]},{\"@type\":\"ImageObject\",\"inLanguage\":\"es\",\"@id\":\"https:\\\/\\\/cristinacortinas.org\\\/sustentabilidad\\\/transito-hacia-la-economia-circular-en-mexico\\\/#primaryimage\",\"url\":\"https:\\\/\\\/cristinacortinas.org\\\/sustentabilidad\\\/wp-content\\\/uploads\\\/2021\\\/11\\\/Tra\u0301nsito-hacia-la-economi\u0301a-circular-en-Me\u0301xico-.jpg\",\"contentUrl\":\"https:\\\/\\\/cristinacortinas.org\\\/sustentabilidad\\\/wp-content\\\/uploads\\\/2021\\\/11\\\/Tra\u0301nsito-hacia-la-economi\u0301a-circular-en-Me\u0301xico-.jpg\",\"width\":1280,\"height\":716},{\"@type\":\"BreadcrumbList\",\"@id\":\"https:\\\/\\\/cristinacortinas.org\\\/sustentabilidad\\\/transito-hacia-la-economia-circular-en-mexico\\\/#breadcrumb\",\"itemListElement\":[{\"@type\":\"ListItem\",\"position\":1,\"name\":\"Portada\",\"item\":\"https:\\\/\\\/cristinacortinas.org\\\/sustentabilidad\\\/\"},{\"@type\":\"ListItem\",\"position\":2,\"name\":\"Tra\u0301nsito hacia la economi\u0301a circular en Me\u0301xico\"}]},{\"@type\":\"WebSite\",\"@id\":\"https:\\\/\\\/cristinacortinas.org\\\/sustentabilidad\\\/#website\",\"url\":\"https:\\\/\\\/cristinacortinas.org\\\/sustentabilidad\\\/\",\"name\":\"Dra. Ma. Cristina Cortinas Dur\u00e1n\",\"description\":\"\",\"potentialAction\":[{\"@type\":\"SearchAction\",\"target\":{\"@type\":\"EntryPoint\",\"urlTemplate\":\"https:\\\/\\\/cristinacortinas.org\\\/sustentabilidad\\\/?s={search_term_string}\"},\"query-input\":{\"@type\":\"PropertyValueSpecification\",\"valueRequired\":true,\"valueName\":\"search_term_string\"}}],\"inLanguage\":\"es\"},{\"@type\":\"Person\",\"@id\":\"https:\\\/\\\/cristinacortinas.org\\\/sustentabilidad\\\/#\\\/schema\\\/person\\\/230b4a4171b31e97671db5b680f06b08\",\"name\":\"CCristina\"}]}<\/script>\n<!-- \/ Yoast SEO plugin. -->","yoast_head_json":{"title":"Tra\u0301nsito hacia la economi\u0301a circular en Me\u0301xico -","description":"\"10\u00b0 Coloquio de Estudiantes CIIEMAD IPN\" prepar\u00e9 la que anexo sobre el tema de \"Tr\u00e1nsito hacia la Econom\u00eda Circular en M\u00e9xico. Retos y Oportunidades\"","robots":{"index":"index","follow":"follow","max-snippet":"max-snippet:-1","max-image-preview":"max-image-preview:large","max-video-preview":"max-video-preview:-1"},"canonical":"https:\/\/cristinacortinas.org\/sustentabilidad\/transito-hacia-la-economia-circular-en-mexico\/","og_locale":"es_ES","og_type":"article","og_title":"Tra\u0301nsito hacia la economi\u0301a circular en Me\u0301xico -","og_description":"\"10\u00b0 Coloquio de Estudiantes CIIEMAD IPN\" prepar\u00e9 la que anexo sobre el tema de \"Tr\u00e1nsito hacia la Econom\u00eda Circular en M\u00e9xico. Retos y Oportunidades\"","og_url":"https:\/\/cristinacortinas.org\/sustentabilidad\/transito-hacia-la-economia-circular-en-mexico\/","og_site_name":"Dra. Ma. Cristina Cortinas Dur\u00e1n","article_publisher":"https:\/\/www.facebook.com\/cristinacortinasduran\/","article_published_time":"2021-11-03T00:39:23+00:00","og_image":[{"width":1280,"height":716,"url":"https:\/\/cristinacortinas.org\/sustentabilidad\/wp-content\/uploads\/2021\/11\/Tra\u0301nsito-hacia-la-economi\u0301a-circular-en-Me\u0301xico-.jpg","type":"image\/jpeg"}],"author":"CCristina","twitter_card":"summary_large_image","twitter_creator":"@DraCrisCortinas","twitter_site":"@DraCrisCortinas","twitter_misc":{"Escrito por":"CCristina"},"schema":{"@context":"https:\/\/schema.org","@graph":[{"@type":"Article","@id":"https:\/\/cristinacortinas.org\/sustentabilidad\/transito-hacia-la-economia-circular-en-mexico\/#article","isPartOf":{"@id":"https:\/\/cristinacortinas.org\/sustentabilidad\/transito-hacia-la-economia-circular-en-mexico\/"},"author":{"name":"CCristina","@id":"https:\/\/cristinacortinas.org\/sustentabilidad\/#\/schema\/person\/230b4a4171b31e97671db5b680f06b08"},"headline":"Tra\u0301nsito hacia la economi\u0301a circular en Me\u0301xico","datePublished":"2021-11-03T00:39:23+00:00","mainEntityOfPage":{"@id":"https:\/\/cristinacortinas.org\/sustentabilidad\/transito-hacia-la-economia-circular-en-mexico\/"},"wordCount":73,"image":{"@id":"https:\/\/cristinacortinas.org\/sustentabilidad\/transito-hacia-la-economia-circular-en-mexico\/#primaryimage"},"thumbnailUrl":"https:\/\/cristinacortinas.org\/sustentabilidad\/wp-content\/uploads\/2021\/11\/Tra\u0301nsito-hacia-la-economi\u0301a-circular-en-Me\u0301xico-.jpg","articleSection":["Noticias"],"inLanguage":"es"},{"@type":"WebPage","@id":"https:\/\/cristinacortinas.org\/sustentabilidad\/transito-hacia-la-economia-circular-en-mexico\/","url":"https:\/\/cristinacortinas.org\/sustentabilidad\/transito-hacia-la-economia-circular-en-mexico\/","name":"Tra\u0301nsito hacia la economi\u0301a circular en Me\u0301xico -","isPartOf":{"@id":"https:\/\/cristinacortinas.org\/sustentabilidad\/#website"},"primaryImageOfPage":{"@id":"https:\/\/cristinacortinas.org\/sustentabilidad\/transito-hacia-la-economia-circular-en-mexico\/#primaryimage"},"image":{"@id":"https:\/\/cristinacortinas.org\/sustentabilidad\/transito-hacia-la-economia-circular-en-mexico\/#primaryimage"},"thumbnailUrl":"https:\/\/cristinacortinas.org\/sustentabilidad\/wp-content\/uploads\/2021\/11\/Tra\u0301nsito-hacia-la-economi\u0301a-circular-en-Me\u0301xico-.jpg","datePublished":"2021-11-03T00:39:23+00:00","author":{"@id":"https:\/\/cristinacortinas.org\/sustentabilidad\/#\/schema\/person\/230b4a4171b31e97671db5b680f06b08"},"description":"\"10\u00b0 Coloquio de Estudiantes CIIEMAD IPN\" prepar\u00e9 la que anexo sobre el tema de \"Tr\u00e1nsito hacia la Econom\u00eda Circular en M\u00e9xico. Retos y Oportunidades\"","breadcrumb":{"@id":"https:\/\/cristinacortinas.org\/sustentabilidad\/transito-hacia-la-economia-circular-en-mexico\/#breadcrumb"},"inLanguage":"es","potentialAction":[{"@type":"ReadAction","target":["https:\/\/cristinacortinas.org\/sustentabilidad\/transito-hacia-la-economia-circular-en-mexico\/"]}]},{"@type":"ImageObject","inLanguage":"es","@id":"https:\/\/cristinacortinas.org\/sustentabilidad\/transito-hacia-la-economia-circular-en-mexico\/#primaryimage","url":"https:\/\/cristinacortinas.org\/sustentabilidad\/wp-content\/uploads\/2021\/11\/Tra\u0301nsito-hacia-la-economi\u0301a-circular-en-Me\u0301xico-.jpg","contentUrl":"https:\/\/cristinacortinas.org\/sustentabilidad\/wp-content\/uploads\/2021\/11\/Tra\u0301nsito-hacia-la-economi\u0301a-circular-en-Me\u0301xico-.jpg","width":1280,"height":716},{"@type":"BreadcrumbList","@id":"https:\/\/cristinacortinas.org\/sustentabilidad\/transito-hacia-la-economia-circular-en-mexico\/#breadcrumb","itemListElement":[{"@type":"ListItem","position":1,"name":"Portada","item":"https:\/\/cristinacortinas.org\/sustentabilidad\/"},{"@type":"ListItem","position":2,"name":"Tra\u0301nsito hacia la economi\u0301a circular en Me\u0301xico"}]},{"@type":"WebSite","@id":"https:\/\/cristinacortinas.org\/sustentabilidad\/#website","url":"https:\/\/cristinacortinas.org\/sustentabilidad\/","name":"Dra. Ma. Cristina Cortinas Dur\u00e1n","description":"","potentialAction":[{"@type":"SearchAction","target":{"@type":"EntryPoint","urlTemplate":"https:\/\/cristinacortinas.org\/sustentabilidad\/?s={search_term_string}"},"query-input":{"@type":"PropertyValueSpecification","valueRequired":true,"valueName":"search_term_string"}}],"inLanguage":"es"},{"@type":"Person","@id":"https:\/\/cristinacortinas.org\/sustentabilidad\/#\/schema\/person\/230b4a4171b31e97671db5b680f06b08","name":"CCristina"}]}},"_links":{"self":[{"href":"https:\/\/cristinacortinas.org\/sustentabilidad\/wp-json\/wp\/v2\/posts\/8339","targetHints":{"allow":["GET"]}}],"collection":[{"href":"https:\/\/cristinacortinas.org\/sustentabilidad\/wp-json\/wp\/v2\/posts"}],"about":[{"href":"https:\/\/cristinacortinas.org\/sustentabilidad\/wp-json\/wp\/v2\/types\/post"}],"author":[{"embeddable":true,"href":"https:\/\/cristinacortinas.org\/sustentabilidad\/wp-json\/wp\/v2\/users\/1"}],"replies":[{"embeddable":true,"href":"https:\/\/cristinacortinas.org\/sustentabilidad\/wp-json\/wp\/v2\/comments?post=8339"}],"version-history":[{"count":1,"href":"https:\/\/cristinacortinas.org\/sustentabilidad\/wp-json\/wp\/v2\/posts\/8339\/revisions"}],"predecessor-version":[{"id":8344,"href":"https:\/\/cristinacortinas.org\/sustentabilidad\/wp-json\/wp\/v2\/posts\/8339\/revisions\/8344"}],"wp:featuredmedia":[{"embeddable":true,"href":"https:\/\/cristinacortinas.org\/sustentabilidad\/wp-json\/wp\/v2\/media\/8343"}],"wp:attachment":[{"href":"https:\/\/cristinacortinas.org\/sustentabilidad\/wp-json\/wp\/v2\/media?parent=8339"}],"wp:term":[{"taxonomy":"category","embeddable":true,"href":"https:\/\/cristinacortinas.org\/sustentabilidad\/wp-json\/wp\/v2\/categories?post=8339"},{"taxonomy":"post_tag","embeddable":true,"href":"https:\/\/cristinacortinas.org\/sustentabilidad\/wp-json\/wp\/v2\/tags?post=8339"}],"curies":[{"name":"wp","href":"https:\/\/api.w.org\/{rel}","templated":true}]}}