{"id":8335,"date":"2021-11-02T18:30:14","date_gmt":"2021-11-03T00:30:14","guid":{"rendered":"https:\/\/cristinacortinas.org\/sustentabilidad\/?p=8335"},"modified":"2021-11-02T18:30:14","modified_gmt":"2021-11-03T00:30:14","slug":"para-facilitar-su-adopcion-en-la-region-carbonifera-de-coahuila","status":"publish","type":"post","link":"https:\/\/cristinacortinas.org\/sustentabilidad\/para-facilitar-su-adopcion-en-la-region-carbonifera-de-coahuila\/","title":{"rendered":"Para facilitar su adopci\u00f3n en la Regi\u00f3n Carbon\u00edfera de Coahuila"},"content":{"rendered":"<p style=\"text-align: justify;\">Les env\u00edo un ejemplo de c\u00f3mo la Fundaci\u00f3n Cristina Cortinas aborda con sus aliados, como los de la Regi\u00f3n Carbon\u00edfera de Coahuila, el tr\u00e1nsito hacia la econom\u00eda circular desde los hogares, los barrios, las comunidades, municipios, regiones y estado, para evitar la generaci\u00f3n de residuos y su disposici\u00f3n final, en un contexto global de mitigaci\u00f3n y adaptaci\u00f3n al cambio clim\u00e1tico.<\/p>\n<p style=\"text-align: center;\"><div class='w3eden'><!-- WPDM Link Template: Default Template -->\n\n<div class=\"link-template-default card mb-2\">\n    <div class=\"card-body\">\n        <div class=\"media\">\n            <div class=\"mr-3 img-48\"><img decoding=\"async\" class=\"wpdm_icon\" alt=\"Icono\"   src=\"https:\/\/cristinacortinas.org\/sustentabilidad\/wp-content\/plugins\/download-manager\/assets\/file-type-icons\/pdf.png\" \/><\/div>\n            <div class=\"media-body\">\n                <h3 class=\"package-title\"><a href='https:\/\/cristinacortinas.org\/sustentabilidad\/download\/para-facilitar-su-adopcion-en-la-region-carbonifera-de-coahuila\/'>Para facilitar su adopci\u00f3n en la Regi\u00f3n Carbon\u00edfera de Coahuila<\/a><\/h3>\n                <div class=\"text-muted text-small\"><i class=\"fas fa-copy\"><\/i> 1 archivo(s) <i class=\"fas fa-hdd ml-3\"><\/i> 7.84 MB<\/div>\n            <\/div>\n            <div class=\"ml-3\">\n                <a class='wpdm-download-link download-on-click btn btn-info ' rel='nofollow' href='#' data-downloadurl=\"https:\/\/cristinacortinas.org\/sustentabilidad\/download\/para-facilitar-su-adopcion-en-la-region-carbonifera-de-coahuila\/?wpdmdl=8334&refresh=69ef86d72f36d1777305303\">Descargar<\/a>\n            <\/div>\n        <\/div>\n    <\/div>\n<\/div>\n\n<\/div>\n","protected":false},"excerpt":{"rendered":"<p>Les env\u00edo un ejemplo de c\u00f3mo la Fundaci\u00f3n Cristina Cortinas aborda con sus aliados, como los de la Regi\u00f3n Carbon\u00edfera de Coahuila, el tr\u00e1nsito hacia la econom\u00eda circular desde los hogares, los barrios, las comunidades, municipios, regiones y estado, para evitar la generaci\u00f3n de residuos y su disposici\u00f3n final, en un contexto global de mitigaci\u00f3n y adaptaci\u00f3n al cambio clim\u00e1tico.<\/p>\n","protected":false},"author":1,"featured_media":8337,"comment_status":"closed","ping_status":"closed","sticky":false,"template":"","format":"standard","meta":{"footnotes":""},"categories":[40],"tags":[],"class_list":["post-8335","post","type-post","status-publish","format-standard","has-post-thumbnail","hentry","category-noticias","cat-40-id"],"yoast_head":"<!-- This site is optimized with the Yoast SEO plugin v27.4 - https:\/\/yoast.com\/product\/yoast-seo-wordpress\/ -->\n<title>Para facilitar su adopci\u00f3n en la Regi\u00f3n Carbon\u00edfera de Coahuila -<\/title>\n<meta name=\"description\" content=\"Regi\u00f3n Carbon\u00edfera de Coahuila, el tr\u00e1nsito hacia la econom\u00eda circular desde los hogares, los barrios, las comunidades, municipios, regiones y estado\" \/>\n<meta name=\"robots\" content=\"index, follow, max-snippet:-1, max-image-preview:large, max-video-preview:-1\" \/>\n<link rel=\"canonical\" href=\"https:\/\/cristinacortinas.org\/sustentabilidad\/para-facilitar-su-adopcion-en-la-region-carbonifera-de-coahuila\/\" \/>\n<meta property=\"og:locale\" content=\"es_ES\" \/>\n<meta property=\"og:type\" content=\"article\" \/>\n<meta property=\"og:title\" content=\"Para facilitar su adopci\u00f3n en la Regi\u00f3n Carbon\u00edfera de Coahuila -\" \/>\n<meta property=\"og:description\" content=\"Regi\u00f3n Carbon\u00edfera de Coahuila, el tr\u00e1nsito hacia la econom\u00eda circular desde los hogares, los barrios, las comunidades, municipios, regiones y estado\" \/>\n<meta property=\"og:url\" content=\"https:\/\/cristinacortinas.org\/sustentabilidad\/para-facilitar-su-adopcion-en-la-region-carbonifera-de-coahuila\/\" \/>\n<meta property=\"og:site_name\" content=\"Dra. Ma. Cristina Cortinas Dur\u00e1n\" \/>\n<meta property=\"article:publisher\" content=\"https:\/\/www.facebook.com\/cristinacortinasduran\/\" \/>\n<meta property=\"article:published_time\" content=\"2021-11-03T00:30:14+00:00\" \/>\n<meta property=\"og:image\" content=\"https:\/\/cristinacortinas.org\/sustentabilidad\/wp-content\/uploads\/2021\/11\/Para-facilitar-su-adopci\u00f3n-en-la-Regi\u00f3n-Carbon\u00edfera-de-Coahuila.jpg\" \/>\n\t<meta property=\"og:image:width\" content=\"1280\" \/>\n\t<meta property=\"og:image:height\" content=\"716\" \/>\n\t<meta property=\"og:image:type\" content=\"image\/jpeg\" \/>\n<meta name=\"author\" content=\"CCristina\" \/>\n<meta name=\"twitter:card\" content=\"summary_large_image\" \/>\n<meta name=\"twitter:creator\" content=\"@DraCrisCortinas\" \/>\n<meta name=\"twitter:site\" content=\"@DraCrisCortinas\" \/>\n<meta name=\"twitter:label1\" content=\"Escrito por\" \/>\n\t<meta name=\"twitter:data1\" content=\"CCristina\" \/>\n<script type=\"application\/ld+json\" class=\"yoast-schema-graph\">{\"@context\":\"https:\\\/\\\/schema.org\",\"@graph\":[{\"@type\":\"Article\",\"@id\":\"https:\\\/\\\/cristinacortinas.org\\\/sustentabilidad\\\/para-facilitar-su-adopcion-en-la-region-carbonifera-de-coahuila\\\/#article\",\"isPartOf\":{\"@id\":\"https:\\\/\\\/cristinacortinas.org\\\/sustentabilidad\\\/para-facilitar-su-adopcion-en-la-region-carbonifera-de-coahuila\\\/\"},\"author\":{\"name\":\"CCristina\",\"@id\":\"https:\\\/\\\/cristinacortinas.org\\\/sustentabilidad\\\/#\\\/schema\\\/person\\\/230b4a4171b31e97671db5b680f06b08\"},\"headline\":\"Para facilitar su adopci\u00f3n en la Regi\u00f3n Carbon\u00edfera de Coahuila\",\"datePublished\":\"2021-11-03T00:30:14+00:00\",\"mainEntityOfPage\":{\"@id\":\"https:\\\/\\\/cristinacortinas.org\\\/sustentabilidad\\\/para-facilitar-su-adopcion-en-la-region-carbonifera-de-coahuila\\\/\"},\"wordCount\":90,\"image\":{\"@id\":\"https:\\\/\\\/cristinacortinas.org\\\/sustentabilidad\\\/para-facilitar-su-adopcion-en-la-region-carbonifera-de-coahuila\\\/#primaryimage\"},\"thumbnailUrl\":\"https:\\\/\\\/cristinacortinas.org\\\/sustentabilidad\\\/wp-content\\\/uploads\\\/2021\\\/11\\\/Para-facilitar-su-adopci\u00f3n-en-la-Regi\u00f3n-Carbon\u00edfera-de-Coahuila.jpg\",\"articleSection\":[\"Noticias\"],\"inLanguage\":\"es\"},{\"@type\":\"WebPage\",\"@id\":\"https:\\\/\\\/cristinacortinas.org\\\/sustentabilidad\\\/para-facilitar-su-adopcion-en-la-region-carbonifera-de-coahuila\\\/\",\"url\":\"https:\\\/\\\/cristinacortinas.org\\\/sustentabilidad\\\/para-facilitar-su-adopcion-en-la-region-carbonifera-de-coahuila\\\/\",\"name\":\"Para facilitar su adopci\u00f3n en la Regi\u00f3n Carbon\u00edfera de Coahuila -\",\"isPartOf\":{\"@id\":\"https:\\\/\\\/cristinacortinas.org\\\/sustentabilidad\\\/#website\"},\"primaryImageOfPage\":{\"@id\":\"https:\\\/\\\/cristinacortinas.org\\\/sustentabilidad\\\/para-facilitar-su-adopcion-en-la-region-carbonifera-de-coahuila\\\/#primaryimage\"},\"image\":{\"@id\":\"https:\\\/\\\/cristinacortinas.org\\\/sustentabilidad\\\/para-facilitar-su-adopcion-en-la-region-carbonifera-de-coahuila\\\/#primaryimage\"},\"thumbnailUrl\":\"https:\\\/\\\/cristinacortinas.org\\\/sustentabilidad\\\/wp-content\\\/uploads\\\/2021\\\/11\\\/Para-facilitar-su-adopci\u00f3n-en-la-Regi\u00f3n-Carbon\u00edfera-de-Coahuila.jpg\",\"datePublished\":\"2021-11-03T00:30:14+00:00\",\"author\":{\"@id\":\"https:\\\/\\\/cristinacortinas.org\\\/sustentabilidad\\\/#\\\/schema\\\/person\\\/230b4a4171b31e97671db5b680f06b08\"},\"description\":\"Regi\u00f3n Carbon\u00edfera de Coahuila, el tr\u00e1nsito hacia la econom\u00eda circular desde los hogares, los barrios, las comunidades, municipios, regiones y estado\",\"breadcrumb\":{\"@id\":\"https:\\\/\\\/cristinacortinas.org\\\/sustentabilidad\\\/para-facilitar-su-adopcion-en-la-region-carbonifera-de-coahuila\\\/#breadcrumb\"},\"inLanguage\":\"es\",\"potentialAction\":[{\"@type\":\"ReadAction\",\"target\":[\"https:\\\/\\\/cristinacortinas.org\\\/sustentabilidad\\\/para-facilitar-su-adopcion-en-la-region-carbonifera-de-coahuila\\\/\"]}]},{\"@type\":\"ImageObject\",\"inLanguage\":\"es\",\"@id\":\"https:\\\/\\\/cristinacortinas.org\\\/sustentabilidad\\\/para-facilitar-su-adopcion-en-la-region-carbonifera-de-coahuila\\\/#primaryimage\",\"url\":\"https:\\\/\\\/cristinacortinas.org\\\/sustentabilidad\\\/wp-content\\\/uploads\\\/2021\\\/11\\\/Para-facilitar-su-adopci\u00f3n-en-la-Regi\u00f3n-Carbon\u00edfera-de-Coahuila.jpg\",\"contentUrl\":\"https:\\\/\\\/cristinacortinas.org\\\/sustentabilidad\\\/wp-content\\\/uploads\\\/2021\\\/11\\\/Para-facilitar-su-adopci\u00f3n-en-la-Regi\u00f3n-Carbon\u00edfera-de-Coahuila.jpg\",\"width\":1280,\"height\":716},{\"@type\":\"BreadcrumbList\",\"@id\":\"https:\\\/\\\/cristinacortinas.org\\\/sustentabilidad\\\/para-facilitar-su-adopcion-en-la-region-carbonifera-de-coahuila\\\/#breadcrumb\",\"itemListElement\":[{\"@type\":\"ListItem\",\"position\":1,\"name\":\"Portada\",\"item\":\"https:\\\/\\\/cristinacortinas.org\\\/sustentabilidad\\\/\"},{\"@type\":\"ListItem\",\"position\":2,\"name\":\"Para facilitar su adopci\u00f3n en la Regi\u00f3n Carbon\u00edfera de Coahuila\"}]},{\"@type\":\"WebSite\",\"@id\":\"https:\\\/\\\/cristinacortinas.org\\\/sustentabilidad\\\/#website\",\"url\":\"https:\\\/\\\/cristinacortinas.org\\\/sustentabilidad\\\/\",\"name\":\"Dra. Ma. Cristina Cortinas Dur\u00e1n\",\"description\":\"\",\"potentialAction\":[{\"@type\":\"SearchAction\",\"target\":{\"@type\":\"EntryPoint\",\"urlTemplate\":\"https:\\\/\\\/cristinacortinas.org\\\/sustentabilidad\\\/?s={search_term_string}\"},\"query-input\":{\"@type\":\"PropertyValueSpecification\",\"valueRequired\":true,\"valueName\":\"search_term_string\"}}],\"inLanguage\":\"es\"},{\"@type\":\"Person\",\"@id\":\"https:\\\/\\\/cristinacortinas.org\\\/sustentabilidad\\\/#\\\/schema\\\/person\\\/230b4a4171b31e97671db5b680f06b08\",\"name\":\"CCristina\"}]}<\/script>\n<!-- \/ Yoast SEO plugin. -->","yoast_head_json":{"title":"Para facilitar su adopci\u00f3n en la Regi\u00f3n Carbon\u00edfera de Coahuila -","description":"Regi\u00f3n Carbon\u00edfera de Coahuila, el tr\u00e1nsito hacia la econom\u00eda circular desde los hogares, los barrios, las comunidades, municipios, regiones y estado","robots":{"index":"index","follow":"follow","max-snippet":"max-snippet:-1","max-image-preview":"max-image-preview:large","max-video-preview":"max-video-preview:-1"},"canonical":"https:\/\/cristinacortinas.org\/sustentabilidad\/para-facilitar-su-adopcion-en-la-region-carbonifera-de-coahuila\/","og_locale":"es_ES","og_type":"article","og_title":"Para facilitar su adopci\u00f3n en la Regi\u00f3n Carbon\u00edfera de Coahuila -","og_description":"Regi\u00f3n Carbon\u00edfera de Coahuila, el tr\u00e1nsito hacia la econom\u00eda circular desde los hogares, los barrios, las comunidades, municipios, regiones y estado","og_url":"https:\/\/cristinacortinas.org\/sustentabilidad\/para-facilitar-su-adopcion-en-la-region-carbonifera-de-coahuila\/","og_site_name":"Dra. Ma. Cristina Cortinas Dur\u00e1n","article_publisher":"https:\/\/www.facebook.com\/cristinacortinasduran\/","article_published_time":"2021-11-03T00:30:14+00:00","og_image":[{"width":1280,"height":716,"url":"https:\/\/cristinacortinas.org\/sustentabilidad\/wp-content\/uploads\/2021\/11\/Para-facilitar-su-adopci\u00f3n-en-la-Regi\u00f3n-Carbon\u00edfera-de-Coahuila.jpg","type":"image\/jpeg"}],"author":"CCristina","twitter_card":"summary_large_image","twitter_creator":"@DraCrisCortinas","twitter_site":"@DraCrisCortinas","twitter_misc":{"Escrito por":"CCristina"},"schema":{"@context":"https:\/\/schema.org","@graph":[{"@type":"Article","@id":"https:\/\/cristinacortinas.org\/sustentabilidad\/para-facilitar-su-adopcion-en-la-region-carbonifera-de-coahuila\/#article","isPartOf":{"@id":"https:\/\/cristinacortinas.org\/sustentabilidad\/para-facilitar-su-adopcion-en-la-region-carbonifera-de-coahuila\/"},"author":{"name":"CCristina","@id":"https:\/\/cristinacortinas.org\/sustentabilidad\/#\/schema\/person\/230b4a4171b31e97671db5b680f06b08"},"headline":"Para facilitar su adopci\u00f3n en la Regi\u00f3n Carbon\u00edfera de Coahuila","datePublished":"2021-11-03T00:30:14+00:00","mainEntityOfPage":{"@id":"https:\/\/cristinacortinas.org\/sustentabilidad\/para-facilitar-su-adopcion-en-la-region-carbonifera-de-coahuila\/"},"wordCount":90,"image":{"@id":"https:\/\/cristinacortinas.org\/sustentabilidad\/para-facilitar-su-adopcion-en-la-region-carbonifera-de-coahuila\/#primaryimage"},"thumbnailUrl":"https:\/\/cristinacortinas.org\/sustentabilidad\/wp-content\/uploads\/2021\/11\/Para-facilitar-su-adopci\u00f3n-en-la-Regi\u00f3n-Carbon\u00edfera-de-Coahuila.jpg","articleSection":["Noticias"],"inLanguage":"es"},{"@type":"WebPage","@id":"https:\/\/cristinacortinas.org\/sustentabilidad\/para-facilitar-su-adopcion-en-la-region-carbonifera-de-coahuila\/","url":"https:\/\/cristinacortinas.org\/sustentabilidad\/para-facilitar-su-adopcion-en-la-region-carbonifera-de-coahuila\/","name":"Para facilitar su adopci\u00f3n en la Regi\u00f3n Carbon\u00edfera de Coahuila -","isPartOf":{"@id":"https:\/\/cristinacortinas.org\/sustentabilidad\/#website"},"primaryImageOfPage":{"@id":"https:\/\/cristinacortinas.org\/sustentabilidad\/para-facilitar-su-adopcion-en-la-region-carbonifera-de-coahuila\/#primaryimage"},"image":{"@id":"https:\/\/cristinacortinas.org\/sustentabilidad\/para-facilitar-su-adopcion-en-la-region-carbonifera-de-coahuila\/#primaryimage"},"thumbnailUrl":"https:\/\/cristinacortinas.org\/sustentabilidad\/wp-content\/uploads\/2021\/11\/Para-facilitar-su-adopci\u00f3n-en-la-Regi\u00f3n-Carbon\u00edfera-de-Coahuila.jpg","datePublished":"2021-11-03T00:30:14+00:00","author":{"@id":"https:\/\/cristinacortinas.org\/sustentabilidad\/#\/schema\/person\/230b4a4171b31e97671db5b680f06b08"},"description":"Regi\u00f3n Carbon\u00edfera de Coahuila, el tr\u00e1nsito hacia la econom\u00eda circular desde los hogares, los barrios, las comunidades, municipios, regiones y estado","breadcrumb":{"@id":"https:\/\/cristinacortinas.org\/sustentabilidad\/para-facilitar-su-adopcion-en-la-region-carbonifera-de-coahuila\/#breadcrumb"},"inLanguage":"es","potentialAction":[{"@type":"ReadAction","target":["https:\/\/cristinacortinas.org\/sustentabilidad\/para-facilitar-su-adopcion-en-la-region-carbonifera-de-coahuila\/"]}]},{"@type":"ImageObject","inLanguage":"es","@id":"https:\/\/cristinacortinas.org\/sustentabilidad\/para-facilitar-su-adopcion-en-la-region-carbonifera-de-coahuila\/#primaryimage","url":"https:\/\/cristinacortinas.org\/sustentabilidad\/wp-content\/uploads\/2021\/11\/Para-facilitar-su-adopci\u00f3n-en-la-Regi\u00f3n-Carbon\u00edfera-de-Coahuila.jpg","contentUrl":"https:\/\/cristinacortinas.org\/sustentabilidad\/wp-content\/uploads\/2021\/11\/Para-facilitar-su-adopci\u00f3n-en-la-Regi\u00f3n-Carbon\u00edfera-de-Coahuila.jpg","width":1280,"height":716},{"@type":"BreadcrumbList","@id":"https:\/\/cristinacortinas.org\/sustentabilidad\/para-facilitar-su-adopcion-en-la-region-carbonifera-de-coahuila\/#breadcrumb","itemListElement":[{"@type":"ListItem","position":1,"name":"Portada","item":"https:\/\/cristinacortinas.org\/sustentabilidad\/"},{"@type":"ListItem","position":2,"name":"Para facilitar su adopci\u00f3n en la Regi\u00f3n Carbon\u00edfera de Coahuila"}]},{"@type":"WebSite","@id":"https:\/\/cristinacortinas.org\/sustentabilidad\/#website","url":"https:\/\/cristinacortinas.org\/sustentabilidad\/","name":"Dra. Ma. Cristina Cortinas Dur\u00e1n","description":"","potentialAction":[{"@type":"SearchAction","target":{"@type":"EntryPoint","urlTemplate":"https:\/\/cristinacortinas.org\/sustentabilidad\/?s={search_term_string}"},"query-input":{"@type":"PropertyValueSpecification","valueRequired":true,"valueName":"search_term_string"}}],"inLanguage":"es"},{"@type":"Person","@id":"https:\/\/cristinacortinas.org\/sustentabilidad\/#\/schema\/person\/230b4a4171b31e97671db5b680f06b08","name":"CCristina"}]}},"_links":{"self":[{"href":"https:\/\/cristinacortinas.org\/sustentabilidad\/wp-json\/wp\/v2\/posts\/8335","targetHints":{"allow":["GET"]}}],"collection":[{"href":"https:\/\/cristinacortinas.org\/sustentabilidad\/wp-json\/wp\/v2\/posts"}],"about":[{"href":"https:\/\/cristinacortinas.org\/sustentabilidad\/wp-json\/wp\/v2\/types\/post"}],"author":[{"embeddable":true,"href":"https:\/\/cristinacortinas.org\/sustentabilidad\/wp-json\/wp\/v2\/users\/1"}],"replies":[{"embeddable":true,"href":"https:\/\/cristinacortinas.org\/sustentabilidad\/wp-json\/wp\/v2\/comments?post=8335"}],"version-history":[{"count":1,"href":"https:\/\/cristinacortinas.org\/sustentabilidad\/wp-json\/wp\/v2\/posts\/8335\/revisions"}],"predecessor-version":[{"id":8338,"href":"https:\/\/cristinacortinas.org\/sustentabilidad\/wp-json\/wp\/v2\/posts\/8335\/revisions\/8338"}],"wp:featuredmedia":[{"embeddable":true,"href":"https:\/\/cristinacortinas.org\/sustentabilidad\/wp-json\/wp\/v2\/media\/8337"}],"wp:attachment":[{"href":"https:\/\/cristinacortinas.org\/sustentabilidad\/wp-json\/wp\/v2\/media?parent=8335"}],"wp:term":[{"taxonomy":"category","embeddable":true,"href":"https:\/\/cristinacortinas.org\/sustentabilidad\/wp-json\/wp\/v2\/categories?post=8335"},{"taxonomy":"post_tag","embeddable":true,"href":"https:\/\/cristinacortinas.org\/sustentabilidad\/wp-json\/wp\/v2\/tags?post=8335"}],"curies":[{"name":"wp","href":"https:\/\/api.w.org\/{rel}","templated":true}]}}