{"id":8317,"date":"2021-10-20T22:06:17","date_gmt":"2021-10-21T03:06:17","guid":{"rendered":"https:\/\/cristinacortinas.org\/sustentabilidad\/?p=8317"},"modified":"2021-10-20T22:09:10","modified_gmt":"2021-10-21T03:09:10","slug":"invitacion-a-opinar-sobre-nueva-ley-general-de-economia-circular","status":"publish","type":"post","link":"https:\/\/cristinacortinas.org\/sustentabilidad\/invitacion-a-opinar-sobre-nueva-ley-general-de-economia-circular\/","title":{"rendered":"Invitaci\u00f3n a opinar sobre nueva Ley General de Econom\u00eda Circular"},"content":{"rendered":"<p style=\"text-align: justify;\">Invitaci\u00f3n a opinar sobre nueva Ley General de Econom\u00eda Circular<br \/>\nAmig@os,<\/p>\n<p>A fin de contribuir a socializar la Ley General de Econom\u00eda Circular reci\u00e9n dictaminada en\u00a0 el Senado, para que los diversos grupos de inter\u00e9s, atendiendo al principio de responsabilidad compartida opinen al respecto, prepar\u00e9 el documento anexo que agradecer\u00e9 contribuyan a difundir para que logre su prop\u00f3sito.<\/p>\n<p>Cristina Cortinas<\/p>\n<p style=\"text-align: center;\"><div class='w3eden'><!-- WPDM Link Template: Default Template -->\n\n<div class=\"link-template-default card mb-2\">\n    <div class=\"card-body\">\n        <div class=\"media\">\n            <div class=\"mr-3 img-48\"><img decoding=\"async\" class=\"wpdm_icon\" alt=\"Icono\"   src=\"https:\/\/cristinacortinas.org\/sustentabilidad\/wp-content\/plugins\/download-manager\/assets\/file-type-icons\/docx.png\" \/><\/div>\n            <div class=\"media-body\">\n                <h3 class=\"package-title\"><a href='https:\/\/cristinacortinas.org\/sustentabilidad\/download\/invitacion-a-opinar-sobre-nueva-ley-general-de-economia-circular\/'>Invitaci\u00f3n a opinar sobre nueva Ley General de Econom\u00eda Circular<\/a><\/h3>\n                <div class=\"text-muted text-small\"><i class=\"fas fa-copy\"><\/i> 1 archivo(s) <i class=\"fas fa-hdd ml-3\"><\/i> 51.67 KB<\/div>\n            <\/div>\n            <div class=\"ml-3\">\n                <a class='wpdm-download-link download-on-click btn btn-info ' rel='nofollow' href='#' data-downloadurl=\"https:\/\/cristinacortinas.org\/sustentabilidad\/download\/invitacion-a-opinar-sobre-nueva-ley-general-de-economia-circular\/?wpdmdl=8315&refresh=69ef87dc840721777305564\">Descargar<\/a>\n            <\/div>\n        <\/div>\n    <\/div>\n<\/div>\n\n<\/div>\n","protected":false},"excerpt":{"rendered":"<p>Invitaci\u00f3n a opinar sobre nueva Ley General de Econom\u00eda Circular Amig@os, A fin de contribuir a socializar la Ley General de Econom\u00eda Circular reci\u00e9n dictaminada en\u00a0 el Senado, para que los diversos grupos de inter\u00e9s, atendiendo al principio de responsabilidad compartida opinen al respecto, prepar\u00e9 el documento anexo que agradecer\u00e9 contribuyan a difundir para que logre su prop\u00f3sito. Cristina Cortinas<\/p>\n","protected":false},"author":1,"featured_media":8318,"comment_status":"closed","ping_status":"closed","sticky":false,"template":"","format":"standard","meta":{"footnotes":""},"categories":[40],"tags":[],"class_list":["post-8317","post","type-post","status-publish","format-standard","has-post-thumbnail","hentry","category-noticias","cat-40-id"],"yoast_head":"<!-- This site is optimized with the Yoast SEO plugin v27.4 - https:\/\/yoast.com\/product\/yoast-seo-wordpress\/ -->\n<title>Invitaci\u00f3n a opinar sobre nueva Ley General de Econom\u00eda Circular - Dra. Ma. Cristina Cortinas Dur\u00e1n<\/title>\n<meta name=\"description\" content=\"Uno de los puntos m\u00e1s importantes relativos a la econom\u00eda circular es que, este modelo, es un paso muy grande para avanzar hacia la justicia social y la justicia ambiental\" \/>\n<meta name=\"robots\" content=\"index, follow, max-snippet:-1, max-image-preview:large, max-video-preview:-1\" \/>\n<link rel=\"canonical\" href=\"https:\/\/cristinacortinas.org\/sustentabilidad\/invitacion-a-opinar-sobre-nueva-ley-general-de-economia-circular\/\" \/>\n<meta property=\"og:locale\" content=\"es_ES\" \/>\n<meta property=\"og:type\" content=\"article\" \/>\n<meta property=\"og:title\" content=\"Invitaci\u00f3n a opinar sobre nueva Ley General de Econom\u00eda Circular - Dra. Ma. Cristina Cortinas Dur\u00e1n\" \/>\n<meta property=\"og:description\" content=\"Uno de los puntos m\u00e1s importantes relativos a la econom\u00eda circular es que, este modelo, es un paso muy grande para avanzar hacia la justicia social y la justicia ambiental\" \/>\n<meta property=\"og:url\" content=\"https:\/\/cristinacortinas.org\/sustentabilidad\/invitacion-a-opinar-sobre-nueva-ley-general-de-economia-circular\/\" \/>\n<meta property=\"og:site_name\" content=\"Dra. Ma. Cristina Cortinas Dur\u00e1n\" \/>\n<meta property=\"article:publisher\" content=\"https:\/\/www.facebook.com\/cristinacortinasduran\/\" \/>\n<meta property=\"article:published_time\" content=\"2021-10-21T03:06:17+00:00\" \/>\n<meta property=\"article:modified_time\" content=\"2021-10-21T03:09:10+00:00\" \/>\n<meta property=\"og:image\" content=\"https:\/\/cristinacortinas.org\/sustentabilidad\/wp-content\/uploads\/2021\/10\/Invitaci\u00f3n-a-opinar-sobre-nueva-Ley-General-de-Econom\u00eda-Circular.jpg\" \/>\n\t<meta property=\"og:image:width\" content=\"986\" \/>\n\t<meta property=\"og:image:height\" content=\"801\" \/>\n\t<meta property=\"og:image:type\" content=\"image\/jpeg\" \/>\n<meta name=\"author\" content=\"CCristina\" \/>\n<meta name=\"twitter:card\" content=\"summary_large_image\" \/>\n<meta name=\"twitter:creator\" content=\"@DraCrisCortinas\" \/>\n<meta name=\"twitter:site\" content=\"@DraCrisCortinas\" \/>\n<meta name=\"twitter:label1\" content=\"Escrito por\" \/>\n\t<meta name=\"twitter:data1\" content=\"CCristina\" \/>\n<script type=\"application\/ld+json\" class=\"yoast-schema-graph\">{\"@context\":\"https:\\\/\\\/schema.org\",\"@graph\":[{\"@type\":\"Article\",\"@id\":\"https:\\\/\\\/cristinacortinas.org\\\/sustentabilidad\\\/invitacion-a-opinar-sobre-nueva-ley-general-de-economia-circular\\\/#article\",\"isPartOf\":{\"@id\":\"https:\\\/\\\/cristinacortinas.org\\\/sustentabilidad\\\/invitacion-a-opinar-sobre-nueva-ley-general-de-economia-circular\\\/\"},\"author\":{\"name\":\"CCristina\",\"@id\":\"https:\\\/\\\/cristinacortinas.org\\\/sustentabilidad\\\/#\\\/schema\\\/person\\\/230b4a4171b31e97671db5b680f06b08\"},\"headline\":\"Invitaci\u00f3n a opinar sobre nueva Ley General de Econom\u00eda Circular\",\"datePublished\":\"2021-10-21T03:06:17+00:00\",\"dateModified\":\"2021-10-21T03:09:10+00:00\",\"mainEntityOfPage\":{\"@id\":\"https:\\\/\\\/cristinacortinas.org\\\/sustentabilidad\\\/invitacion-a-opinar-sobre-nueva-ley-general-de-economia-circular\\\/\"},\"wordCount\":84,\"image\":{\"@id\":\"https:\\\/\\\/cristinacortinas.org\\\/sustentabilidad\\\/invitacion-a-opinar-sobre-nueva-ley-general-de-economia-circular\\\/#primaryimage\"},\"thumbnailUrl\":\"https:\\\/\\\/cristinacortinas.org\\\/sustentabilidad\\\/wp-content\\\/uploads\\\/2021\\\/10\\\/Invitaci\u00f3n-a-opinar-sobre-nueva-Ley-General-de-Econom\u00eda-Circular.jpg\",\"articleSection\":[\"Noticias\"],\"inLanguage\":\"es\"},{\"@type\":\"WebPage\",\"@id\":\"https:\\\/\\\/cristinacortinas.org\\\/sustentabilidad\\\/invitacion-a-opinar-sobre-nueva-ley-general-de-economia-circular\\\/\",\"url\":\"https:\\\/\\\/cristinacortinas.org\\\/sustentabilidad\\\/invitacion-a-opinar-sobre-nueva-ley-general-de-economia-circular\\\/\",\"name\":\"Invitaci\u00f3n a opinar sobre nueva Ley General de Econom\u00eda Circular - Dra. Ma. Cristina Cortinas Dur\u00e1n\",\"isPartOf\":{\"@id\":\"https:\\\/\\\/cristinacortinas.org\\\/sustentabilidad\\\/#website\"},\"primaryImageOfPage\":{\"@id\":\"https:\\\/\\\/cristinacortinas.org\\\/sustentabilidad\\\/invitacion-a-opinar-sobre-nueva-ley-general-de-economia-circular\\\/#primaryimage\"},\"image\":{\"@id\":\"https:\\\/\\\/cristinacortinas.org\\\/sustentabilidad\\\/invitacion-a-opinar-sobre-nueva-ley-general-de-economia-circular\\\/#primaryimage\"},\"thumbnailUrl\":\"https:\\\/\\\/cristinacortinas.org\\\/sustentabilidad\\\/wp-content\\\/uploads\\\/2021\\\/10\\\/Invitaci\u00f3n-a-opinar-sobre-nueva-Ley-General-de-Econom\u00eda-Circular.jpg\",\"datePublished\":\"2021-10-21T03:06:17+00:00\",\"dateModified\":\"2021-10-21T03:09:10+00:00\",\"author\":{\"@id\":\"https:\\\/\\\/cristinacortinas.org\\\/sustentabilidad\\\/#\\\/schema\\\/person\\\/230b4a4171b31e97671db5b680f06b08\"},\"description\":\"Uno de los puntos m\u00e1s importantes relativos a la econom\u00eda circular es que, este modelo, es un paso muy grande para avanzar hacia la justicia social y la justicia ambiental\",\"breadcrumb\":{\"@id\":\"https:\\\/\\\/cristinacortinas.org\\\/sustentabilidad\\\/invitacion-a-opinar-sobre-nueva-ley-general-de-economia-circular\\\/#breadcrumb\"},\"inLanguage\":\"es\",\"potentialAction\":[{\"@type\":\"ReadAction\",\"target\":[\"https:\\\/\\\/cristinacortinas.org\\\/sustentabilidad\\\/invitacion-a-opinar-sobre-nueva-ley-general-de-economia-circular\\\/\"]}]},{\"@type\":\"ImageObject\",\"inLanguage\":\"es\",\"@id\":\"https:\\\/\\\/cristinacortinas.org\\\/sustentabilidad\\\/invitacion-a-opinar-sobre-nueva-ley-general-de-economia-circular\\\/#primaryimage\",\"url\":\"https:\\\/\\\/cristinacortinas.org\\\/sustentabilidad\\\/wp-content\\\/uploads\\\/2021\\\/10\\\/Invitaci\u00f3n-a-opinar-sobre-nueva-Ley-General-de-Econom\u00eda-Circular.jpg\",\"contentUrl\":\"https:\\\/\\\/cristinacortinas.org\\\/sustentabilidad\\\/wp-content\\\/uploads\\\/2021\\\/10\\\/Invitaci\u00f3n-a-opinar-sobre-nueva-Ley-General-de-Econom\u00eda-Circular.jpg\",\"width\":986,\"height\":801},{\"@type\":\"BreadcrumbList\",\"@id\":\"https:\\\/\\\/cristinacortinas.org\\\/sustentabilidad\\\/invitacion-a-opinar-sobre-nueva-ley-general-de-economia-circular\\\/#breadcrumb\",\"itemListElement\":[{\"@type\":\"ListItem\",\"position\":1,\"name\":\"Portada\",\"item\":\"https:\\\/\\\/cristinacortinas.org\\\/sustentabilidad\\\/\"},{\"@type\":\"ListItem\",\"position\":2,\"name\":\"Invitaci\u00f3n a opinar sobre nueva Ley General de Econom\u00eda Circular\"}]},{\"@type\":\"WebSite\",\"@id\":\"https:\\\/\\\/cristinacortinas.org\\\/sustentabilidad\\\/#website\",\"url\":\"https:\\\/\\\/cristinacortinas.org\\\/sustentabilidad\\\/\",\"name\":\"Dra. Ma. Cristina Cortinas Dur\u00e1n\",\"description\":\"\",\"potentialAction\":[{\"@type\":\"SearchAction\",\"target\":{\"@type\":\"EntryPoint\",\"urlTemplate\":\"https:\\\/\\\/cristinacortinas.org\\\/sustentabilidad\\\/?s={search_term_string}\"},\"query-input\":{\"@type\":\"PropertyValueSpecification\",\"valueRequired\":true,\"valueName\":\"search_term_string\"}}],\"inLanguage\":\"es\"},{\"@type\":\"Person\",\"@id\":\"https:\\\/\\\/cristinacortinas.org\\\/sustentabilidad\\\/#\\\/schema\\\/person\\\/230b4a4171b31e97671db5b680f06b08\",\"name\":\"CCristina\"}]}<\/script>\n<!-- \/ Yoast SEO plugin. -->","yoast_head_json":{"title":"Invitaci\u00f3n a opinar sobre nueva Ley General de Econom\u00eda Circular - Dra. Ma. Cristina Cortinas Dur\u00e1n","description":"Uno de los puntos m\u00e1s importantes relativos a la econom\u00eda circular es que, este modelo, es un paso muy grande para avanzar hacia la justicia social y la justicia ambiental","robots":{"index":"index","follow":"follow","max-snippet":"max-snippet:-1","max-image-preview":"max-image-preview:large","max-video-preview":"max-video-preview:-1"},"canonical":"https:\/\/cristinacortinas.org\/sustentabilidad\/invitacion-a-opinar-sobre-nueva-ley-general-de-economia-circular\/","og_locale":"es_ES","og_type":"article","og_title":"Invitaci\u00f3n a opinar sobre nueva Ley General de Econom\u00eda Circular - Dra. Ma. Cristina Cortinas Dur\u00e1n","og_description":"Uno de los puntos m\u00e1s importantes relativos a la econom\u00eda circular es que, este modelo, es un paso muy grande para avanzar hacia la justicia social y la justicia ambiental","og_url":"https:\/\/cristinacortinas.org\/sustentabilidad\/invitacion-a-opinar-sobre-nueva-ley-general-de-economia-circular\/","og_site_name":"Dra. Ma. Cristina Cortinas Dur\u00e1n","article_publisher":"https:\/\/www.facebook.com\/cristinacortinasduran\/","article_published_time":"2021-10-21T03:06:17+00:00","article_modified_time":"2021-10-21T03:09:10+00:00","og_image":[{"width":986,"height":801,"url":"https:\/\/cristinacortinas.org\/sustentabilidad\/wp-content\/uploads\/2021\/10\/Invitaci\u00f3n-a-opinar-sobre-nueva-Ley-General-de-Econom\u00eda-Circular.jpg","type":"image\/jpeg"}],"author":"CCristina","twitter_card":"summary_large_image","twitter_creator":"@DraCrisCortinas","twitter_site":"@DraCrisCortinas","twitter_misc":{"Escrito por":"CCristina"},"schema":{"@context":"https:\/\/schema.org","@graph":[{"@type":"Article","@id":"https:\/\/cristinacortinas.org\/sustentabilidad\/invitacion-a-opinar-sobre-nueva-ley-general-de-economia-circular\/#article","isPartOf":{"@id":"https:\/\/cristinacortinas.org\/sustentabilidad\/invitacion-a-opinar-sobre-nueva-ley-general-de-economia-circular\/"},"author":{"name":"CCristina","@id":"https:\/\/cristinacortinas.org\/sustentabilidad\/#\/schema\/person\/230b4a4171b31e97671db5b680f06b08"},"headline":"Invitaci\u00f3n a opinar sobre nueva Ley General de Econom\u00eda Circular","datePublished":"2021-10-21T03:06:17+00:00","dateModified":"2021-10-21T03:09:10+00:00","mainEntityOfPage":{"@id":"https:\/\/cristinacortinas.org\/sustentabilidad\/invitacion-a-opinar-sobre-nueva-ley-general-de-economia-circular\/"},"wordCount":84,"image":{"@id":"https:\/\/cristinacortinas.org\/sustentabilidad\/invitacion-a-opinar-sobre-nueva-ley-general-de-economia-circular\/#primaryimage"},"thumbnailUrl":"https:\/\/cristinacortinas.org\/sustentabilidad\/wp-content\/uploads\/2021\/10\/Invitaci\u00f3n-a-opinar-sobre-nueva-Ley-General-de-Econom\u00eda-Circular.jpg","articleSection":["Noticias"],"inLanguage":"es"},{"@type":"WebPage","@id":"https:\/\/cristinacortinas.org\/sustentabilidad\/invitacion-a-opinar-sobre-nueva-ley-general-de-economia-circular\/","url":"https:\/\/cristinacortinas.org\/sustentabilidad\/invitacion-a-opinar-sobre-nueva-ley-general-de-economia-circular\/","name":"Invitaci\u00f3n a opinar sobre nueva Ley General de Econom\u00eda Circular - Dra. Ma. Cristina Cortinas Dur\u00e1n","isPartOf":{"@id":"https:\/\/cristinacortinas.org\/sustentabilidad\/#website"},"primaryImageOfPage":{"@id":"https:\/\/cristinacortinas.org\/sustentabilidad\/invitacion-a-opinar-sobre-nueva-ley-general-de-economia-circular\/#primaryimage"},"image":{"@id":"https:\/\/cristinacortinas.org\/sustentabilidad\/invitacion-a-opinar-sobre-nueva-ley-general-de-economia-circular\/#primaryimage"},"thumbnailUrl":"https:\/\/cristinacortinas.org\/sustentabilidad\/wp-content\/uploads\/2021\/10\/Invitaci\u00f3n-a-opinar-sobre-nueva-Ley-General-de-Econom\u00eda-Circular.jpg","datePublished":"2021-10-21T03:06:17+00:00","dateModified":"2021-10-21T03:09:10+00:00","author":{"@id":"https:\/\/cristinacortinas.org\/sustentabilidad\/#\/schema\/person\/230b4a4171b31e97671db5b680f06b08"},"description":"Uno de los puntos m\u00e1s importantes relativos a la econom\u00eda circular es que, este modelo, es un paso muy grande para avanzar hacia la justicia social y la justicia ambiental","breadcrumb":{"@id":"https:\/\/cristinacortinas.org\/sustentabilidad\/invitacion-a-opinar-sobre-nueva-ley-general-de-economia-circular\/#breadcrumb"},"inLanguage":"es","potentialAction":[{"@type":"ReadAction","target":["https:\/\/cristinacortinas.org\/sustentabilidad\/invitacion-a-opinar-sobre-nueva-ley-general-de-economia-circular\/"]}]},{"@type":"ImageObject","inLanguage":"es","@id":"https:\/\/cristinacortinas.org\/sustentabilidad\/invitacion-a-opinar-sobre-nueva-ley-general-de-economia-circular\/#primaryimage","url":"https:\/\/cristinacortinas.org\/sustentabilidad\/wp-content\/uploads\/2021\/10\/Invitaci\u00f3n-a-opinar-sobre-nueva-Ley-General-de-Econom\u00eda-Circular.jpg","contentUrl":"https:\/\/cristinacortinas.org\/sustentabilidad\/wp-content\/uploads\/2021\/10\/Invitaci\u00f3n-a-opinar-sobre-nueva-Ley-General-de-Econom\u00eda-Circular.jpg","width":986,"height":801},{"@type":"BreadcrumbList","@id":"https:\/\/cristinacortinas.org\/sustentabilidad\/invitacion-a-opinar-sobre-nueva-ley-general-de-economia-circular\/#breadcrumb","itemListElement":[{"@type":"ListItem","position":1,"name":"Portada","item":"https:\/\/cristinacortinas.org\/sustentabilidad\/"},{"@type":"ListItem","position":2,"name":"Invitaci\u00f3n a opinar sobre nueva Ley General de Econom\u00eda Circular"}]},{"@type":"WebSite","@id":"https:\/\/cristinacortinas.org\/sustentabilidad\/#website","url":"https:\/\/cristinacortinas.org\/sustentabilidad\/","name":"Dra. Ma. Cristina Cortinas Dur\u00e1n","description":"","potentialAction":[{"@type":"SearchAction","target":{"@type":"EntryPoint","urlTemplate":"https:\/\/cristinacortinas.org\/sustentabilidad\/?s={search_term_string}"},"query-input":{"@type":"PropertyValueSpecification","valueRequired":true,"valueName":"search_term_string"}}],"inLanguage":"es"},{"@type":"Person","@id":"https:\/\/cristinacortinas.org\/sustentabilidad\/#\/schema\/person\/230b4a4171b31e97671db5b680f06b08","name":"CCristina"}]}},"_links":{"self":[{"href":"https:\/\/cristinacortinas.org\/sustentabilidad\/wp-json\/wp\/v2\/posts\/8317","targetHints":{"allow":["GET"]}}],"collection":[{"href":"https:\/\/cristinacortinas.org\/sustentabilidad\/wp-json\/wp\/v2\/posts"}],"about":[{"href":"https:\/\/cristinacortinas.org\/sustentabilidad\/wp-json\/wp\/v2\/types\/post"}],"author":[{"embeddable":true,"href":"https:\/\/cristinacortinas.org\/sustentabilidad\/wp-json\/wp\/v2\/users\/1"}],"replies":[{"embeddable":true,"href":"https:\/\/cristinacortinas.org\/sustentabilidad\/wp-json\/wp\/v2\/comments?post=8317"}],"version-history":[{"count":3,"href":"https:\/\/cristinacortinas.org\/sustentabilidad\/wp-json\/wp\/v2\/posts\/8317\/revisions"}],"predecessor-version":[{"id":8323,"href":"https:\/\/cristinacortinas.org\/sustentabilidad\/wp-json\/wp\/v2\/posts\/8317\/revisions\/8323"}],"wp:featuredmedia":[{"embeddable":true,"href":"https:\/\/cristinacortinas.org\/sustentabilidad\/wp-json\/wp\/v2\/media\/8318"}],"wp:attachment":[{"href":"https:\/\/cristinacortinas.org\/sustentabilidad\/wp-json\/wp\/v2\/media?parent=8317"}],"wp:term":[{"taxonomy":"category","embeddable":true,"href":"https:\/\/cristinacortinas.org\/sustentabilidad\/wp-json\/wp\/v2\/categories?post=8317"},{"taxonomy":"post_tag","embeddable":true,"href":"https:\/\/cristinacortinas.org\/sustentabilidad\/wp-json\/wp\/v2\/tags?post=8317"}],"curies":[{"name":"wp","href":"https:\/\/api.w.org\/{rel}","templated":true}]}}