{"id":8305,"date":"2021-10-12T01:23:34","date_gmt":"2021-10-12T06:23:34","guid":{"rendered":"https:\/\/cristinacortinas.org\/sustentabilidad\/?p=8305"},"modified":"2021-10-12T01:23:34","modified_gmt":"2021-10-12T06:23:34","slug":"dialogo-en-torno-de-los-pueblos-magicos-y-la-economia-circular","status":"publish","type":"post","link":"https:\/\/cristinacortinas.org\/sustentabilidad\/dialogo-en-torno-de-los-pueblos-magicos-y-la-economia-circular\/","title":{"rendered":"Di\u00e1logo en torno de los pueblos m\u00e1gicos y la econom\u00eda circular"},"content":{"rendered":"<p><strong>Invitaci\u00f3n a escuchar la pl\u00e1tica sobre econom\u00eda circular en pueblos m\u00e1gicos<\/strong><\/p>\n<p>Estimad@s amig@s,<\/p>\n<p>Entiendo su preocupaci\u00f3n sobre el \u201clado obscuro\u201d de los Pueblos M\u00e1gicos, que debiera llevarnos a realizar acciones colectivas tendientes a desterrar las malas pr\u00e1cticas descritas en el art\u00edculo de referencia.<\/p>\n<p>Por mi parte, les invito a consultar mi p\u00e1gina: www.cristinacortinas.org, en donde est\u00e1 disponible el video sobre econom\u00eda circular en pueblos m\u00e1gicos. En \u00e9l comparto ideas sobre c\u00f3mo este sistema econ\u00f3mico busca dejar atr\u00e1s los sistemas de econom\u00eda lineal, altamente desperdiciadores de recursos, que han tra\u00eddo consigo pobreza, hambre, desigualdad, desempleo, altos niveles de empleo informal y destrucci\u00f3n de la biodiversidad.<\/p>\n<p>El video se prepar\u00f3 para ser proyectado el pr\u00f3ximo 30 de octubre, durante el Tianguis Tur\u00edstico de Pueblos M\u00e1gicos, para alentarles a transitar hacia una econom\u00eda circular regenerativa e incluyente, basada en modelos dise\u00f1ados para cada comunidad con la participaci\u00f3n informada y organizada de todos los grupos de inter\u00e9s, en defensa de sus valores culturales y sociales.<\/p>\n<p>Bienvenidas sus opiniones al respecto.<\/p>\n<p>Cristina Cortinas<\/p>\n<div class='w3eden'><!-- WPDM Link Template: Default Template -->\n\n<div class=\"link-template-default card mb-2\">\n    <div class=\"card-body\">\n        <div class=\"media\">\n            <div class=\"mr-3 img-48\"><img decoding=\"async\" class=\"wpdm_icon\" alt=\"Icono\"   src=\"https:\/\/cristinacortinas.org\/sustentabilidad\/wp-content\/plugins\/download-manager\/assets\/file-type-icons\/doc.png\" \/><\/div>\n            <div class=\"media-body\">\n                <h3 class=\"package-title\"><a href='https:\/\/cristinacortinas.org\/sustentabilidad\/download\/dialogo-en-torno-de-los-pueblos-magicos-y-la-economia-circular\/'>Dia\u0301logo en torno de los pueblos ma\u0301gicos y la economi\u0301a circular<\/a><\/h3>\n                <div class=\"text-muted text-small\"><i class=\"fas fa-copy\"><\/i> 1 archivo(s) <i class=\"fas fa-hdd ml-3\"><\/i> 131.70 KB<\/div>\n            <\/div>\n            <div class=\"ml-3\">\n                <a class='wpdm-download-link download-on-click btn btn-info ' rel='nofollow' href='#' data-downloadurl=\"https:\/\/cristinacortinas.org\/sustentabilidad\/download\/dialogo-en-torno-de-los-pueblos-magicos-y-la-economia-circular\/?wpdmdl=8302&refresh=69ef71e251f7d1777299938\">Descargar<\/a>\n            <\/div>\n        <\/div>\n    <\/div>\n<\/div>\n\n<\/div>\n","protected":false},"excerpt":{"rendered":"<p>Invitaci\u00f3n a escuchar la pl\u00e1tica sobre econom\u00eda circular en pueblos m\u00e1gicos Estimad@s amig@s, Entiendo su preocupaci\u00f3n sobre el \u201clado obscuro\u201d de los Pueblos M\u00e1gicos, que debiera llevarnos a realizar acciones colectivas tendientes a desterrar las malas pr\u00e1cticas descritas en el art\u00edculo de referencia. Por mi parte, les invito a consultar mi p\u00e1gina: www.cristinacortinas.org, en donde est\u00e1 disponible el video sobre&nbsp;<a href=\"https:\/\/cristinacortinas.org\/sustentabilidad\/dialogo-en-torno-de-los-pueblos-magicos-y-la-economia-circular\/\" class=\"read-more\">Seguir leyendo<\/a><\/p>\n","protected":false},"author":1,"featured_media":8306,"comment_status":"closed","ping_status":"closed","sticky":false,"template":"","format":"standard","meta":{"footnotes":""},"categories":[40],"tags":[],"class_list":["post-8305","post","type-post","status-publish","format-standard","has-post-thumbnail","hentry","category-noticias","cat-40-id"],"yoast_head":"<!-- This site is optimized with the Yoast SEO plugin v27.4 - https:\/\/yoast.com\/product\/yoast-seo-wordpress\/ -->\n<title>Di\u00e1logo en torno de los pueblos m\u00e1gicos y la econom\u00eda circular - Dra. Ma. Cristina Cortinas Dur\u00e1n<\/title>\n<meta name=\"description\" content=\"Por mi parte, les invito a consultar mi p\u00e1gina: www.cristinacortinas.org, en donde est\u00e1 disponible el video sobre econom\u00eda circular en pueblos m\u00e1gicos\" \/>\n<meta name=\"robots\" content=\"index, follow, max-snippet:-1, max-image-preview:large, max-video-preview:-1\" \/>\n<link rel=\"canonical\" href=\"https:\/\/cristinacortinas.org\/sustentabilidad\/dialogo-en-torno-de-los-pueblos-magicos-y-la-economia-circular\/\" \/>\n<meta property=\"og:locale\" content=\"es_ES\" \/>\n<meta property=\"og:type\" content=\"article\" \/>\n<meta property=\"og:title\" content=\"Di\u00e1logo en torno de los pueblos m\u00e1gicos y la econom\u00eda circular - Dra. Ma. Cristina Cortinas Dur\u00e1n\" \/>\n<meta property=\"og:description\" content=\"Por mi parte, les invito a consultar mi p\u00e1gina: www.cristinacortinas.org, en donde est\u00e1 disponible el video sobre econom\u00eda circular en pueblos m\u00e1gicos\" \/>\n<meta property=\"og:url\" content=\"https:\/\/cristinacortinas.org\/sustentabilidad\/dialogo-en-torno-de-los-pueblos-magicos-y-la-economia-circular\/\" \/>\n<meta property=\"og:site_name\" content=\"Dra. Ma. Cristina Cortinas Dur\u00e1n\" \/>\n<meta property=\"article:publisher\" content=\"https:\/\/www.facebook.com\/cristinacortinasduran\/\" \/>\n<meta property=\"article:published_time\" content=\"2021-10-12T06:23:34+00:00\" \/>\n<meta property=\"og:image\" content=\"https:\/\/cristinacortinas.org\/sustentabilidad\/wp-content\/uploads\/2021\/10\/puebblos-magicos.jpg\" \/>\n\t<meta property=\"og:image:width\" content=\"1200\" \/>\n\t<meta property=\"og:image:height\" content=\"800\" \/>\n\t<meta property=\"og:image:type\" content=\"image\/jpeg\" \/>\n<meta name=\"author\" content=\"CCristina\" \/>\n<meta name=\"twitter:card\" content=\"summary_large_image\" \/>\n<meta name=\"twitter:creator\" content=\"@DraCrisCortinas\" \/>\n<meta name=\"twitter:site\" content=\"@DraCrisCortinas\" \/>\n<meta name=\"twitter:label1\" content=\"Escrito por\" \/>\n\t<meta name=\"twitter:data1\" content=\"CCristina\" \/>\n\t<meta name=\"twitter:label2\" content=\"Tiempo de lectura\" \/>\n\t<meta name=\"twitter:data2\" content=\"1 minuto\" \/>\n<script type=\"application\/ld+json\" class=\"yoast-schema-graph\">{\"@context\":\"https:\\\/\\\/schema.org\",\"@graph\":[{\"@type\":\"Article\",\"@id\":\"https:\\\/\\\/cristinacortinas.org\\\/sustentabilidad\\\/dialogo-en-torno-de-los-pueblos-magicos-y-la-economia-circular\\\/#article\",\"isPartOf\":{\"@id\":\"https:\\\/\\\/cristinacortinas.org\\\/sustentabilidad\\\/dialogo-en-torno-de-los-pueblos-magicos-y-la-economia-circular\\\/\"},\"author\":{\"name\":\"CCristina\",\"@id\":\"https:\\\/\\\/cristinacortinas.org\\\/sustentabilidad\\\/#\\\/schema\\\/person\\\/230b4a4171b31e97671db5b680f06b08\"},\"headline\":\"Di\u00e1logo en torno de los pueblos m\u00e1gicos y la econom\u00eda circular\",\"datePublished\":\"2021-10-12T06:23:34+00:00\",\"mainEntityOfPage\":{\"@id\":\"https:\\\/\\\/cristinacortinas.org\\\/sustentabilidad\\\/dialogo-en-torno-de-los-pueblos-magicos-y-la-economia-circular\\\/\"},\"wordCount\":214,\"image\":{\"@id\":\"https:\\\/\\\/cristinacortinas.org\\\/sustentabilidad\\\/dialogo-en-torno-de-los-pueblos-magicos-y-la-economia-circular\\\/#primaryimage\"},\"thumbnailUrl\":\"https:\\\/\\\/cristinacortinas.org\\\/sustentabilidad\\\/wp-content\\\/uploads\\\/2021\\\/10\\\/puebblos-magicos.jpg\",\"articleSection\":[\"Noticias\"],\"inLanguage\":\"es\"},{\"@type\":\"WebPage\",\"@id\":\"https:\\\/\\\/cristinacortinas.org\\\/sustentabilidad\\\/dialogo-en-torno-de-los-pueblos-magicos-y-la-economia-circular\\\/\",\"url\":\"https:\\\/\\\/cristinacortinas.org\\\/sustentabilidad\\\/dialogo-en-torno-de-los-pueblos-magicos-y-la-economia-circular\\\/\",\"name\":\"Di\u00e1logo en torno de los pueblos m\u00e1gicos y la econom\u00eda circular - Dra. Ma. Cristina Cortinas Dur\u00e1n\",\"isPartOf\":{\"@id\":\"https:\\\/\\\/cristinacortinas.org\\\/sustentabilidad\\\/#website\"},\"primaryImageOfPage\":{\"@id\":\"https:\\\/\\\/cristinacortinas.org\\\/sustentabilidad\\\/dialogo-en-torno-de-los-pueblos-magicos-y-la-economia-circular\\\/#primaryimage\"},\"image\":{\"@id\":\"https:\\\/\\\/cristinacortinas.org\\\/sustentabilidad\\\/dialogo-en-torno-de-los-pueblos-magicos-y-la-economia-circular\\\/#primaryimage\"},\"thumbnailUrl\":\"https:\\\/\\\/cristinacortinas.org\\\/sustentabilidad\\\/wp-content\\\/uploads\\\/2021\\\/10\\\/puebblos-magicos.jpg\",\"datePublished\":\"2021-10-12T06:23:34+00:00\",\"author\":{\"@id\":\"https:\\\/\\\/cristinacortinas.org\\\/sustentabilidad\\\/#\\\/schema\\\/person\\\/230b4a4171b31e97671db5b680f06b08\"},\"description\":\"Por mi parte, les invito a consultar mi p\u00e1gina: www.cristinacortinas.org, en donde est\u00e1 disponible el video sobre econom\u00eda circular en pueblos m\u00e1gicos\",\"breadcrumb\":{\"@id\":\"https:\\\/\\\/cristinacortinas.org\\\/sustentabilidad\\\/dialogo-en-torno-de-los-pueblos-magicos-y-la-economia-circular\\\/#breadcrumb\"},\"inLanguage\":\"es\",\"potentialAction\":[{\"@type\":\"ReadAction\",\"target\":[\"https:\\\/\\\/cristinacortinas.org\\\/sustentabilidad\\\/dialogo-en-torno-de-los-pueblos-magicos-y-la-economia-circular\\\/\"]}]},{\"@type\":\"ImageObject\",\"inLanguage\":\"es\",\"@id\":\"https:\\\/\\\/cristinacortinas.org\\\/sustentabilidad\\\/dialogo-en-torno-de-los-pueblos-magicos-y-la-economia-circular\\\/#primaryimage\",\"url\":\"https:\\\/\\\/cristinacortinas.org\\\/sustentabilidad\\\/wp-content\\\/uploads\\\/2021\\\/10\\\/puebblos-magicos.jpg\",\"contentUrl\":\"https:\\\/\\\/cristinacortinas.org\\\/sustentabilidad\\\/wp-content\\\/uploads\\\/2021\\\/10\\\/puebblos-magicos.jpg\",\"width\":1200,\"height\":800},{\"@type\":\"BreadcrumbList\",\"@id\":\"https:\\\/\\\/cristinacortinas.org\\\/sustentabilidad\\\/dialogo-en-torno-de-los-pueblos-magicos-y-la-economia-circular\\\/#breadcrumb\",\"itemListElement\":[{\"@type\":\"ListItem\",\"position\":1,\"name\":\"Portada\",\"item\":\"https:\\\/\\\/cristinacortinas.org\\\/sustentabilidad\\\/\"},{\"@type\":\"ListItem\",\"position\":2,\"name\":\"Di\u00e1logo en torno de los pueblos m\u00e1gicos y la econom\u00eda circular\"}]},{\"@type\":\"WebSite\",\"@id\":\"https:\\\/\\\/cristinacortinas.org\\\/sustentabilidad\\\/#website\",\"url\":\"https:\\\/\\\/cristinacortinas.org\\\/sustentabilidad\\\/\",\"name\":\"Dra. Ma. Cristina Cortinas Dur\u00e1n\",\"description\":\"\",\"potentialAction\":[{\"@type\":\"SearchAction\",\"target\":{\"@type\":\"EntryPoint\",\"urlTemplate\":\"https:\\\/\\\/cristinacortinas.org\\\/sustentabilidad\\\/?s={search_term_string}\"},\"query-input\":{\"@type\":\"PropertyValueSpecification\",\"valueRequired\":true,\"valueName\":\"search_term_string\"}}],\"inLanguage\":\"es\"},{\"@type\":\"Person\",\"@id\":\"https:\\\/\\\/cristinacortinas.org\\\/sustentabilidad\\\/#\\\/schema\\\/person\\\/230b4a4171b31e97671db5b680f06b08\",\"name\":\"CCristina\"}]}<\/script>\n<!-- \/ Yoast SEO plugin. -->","yoast_head_json":{"title":"Di\u00e1logo en torno de los pueblos m\u00e1gicos y la econom\u00eda circular - Dra. Ma. Cristina Cortinas Dur\u00e1n","description":"Por mi parte, les invito a consultar mi p\u00e1gina: www.cristinacortinas.org, en donde est\u00e1 disponible el video sobre econom\u00eda circular en pueblos m\u00e1gicos","robots":{"index":"index","follow":"follow","max-snippet":"max-snippet:-1","max-image-preview":"max-image-preview:large","max-video-preview":"max-video-preview:-1"},"canonical":"https:\/\/cristinacortinas.org\/sustentabilidad\/dialogo-en-torno-de-los-pueblos-magicos-y-la-economia-circular\/","og_locale":"es_ES","og_type":"article","og_title":"Di\u00e1logo en torno de los pueblos m\u00e1gicos y la econom\u00eda circular - Dra. Ma. Cristina Cortinas Dur\u00e1n","og_description":"Por mi parte, les invito a consultar mi p\u00e1gina: www.cristinacortinas.org, en donde est\u00e1 disponible el video sobre econom\u00eda circular en pueblos m\u00e1gicos","og_url":"https:\/\/cristinacortinas.org\/sustentabilidad\/dialogo-en-torno-de-los-pueblos-magicos-y-la-economia-circular\/","og_site_name":"Dra. Ma. Cristina Cortinas Dur\u00e1n","article_publisher":"https:\/\/www.facebook.com\/cristinacortinasduran\/","article_published_time":"2021-10-12T06:23:34+00:00","og_image":[{"width":1200,"height":800,"url":"https:\/\/cristinacortinas.org\/sustentabilidad\/wp-content\/uploads\/2021\/10\/puebblos-magicos.jpg","type":"image\/jpeg"}],"author":"CCristina","twitter_card":"summary_large_image","twitter_creator":"@DraCrisCortinas","twitter_site":"@DraCrisCortinas","twitter_misc":{"Escrito por":"CCristina","Tiempo de lectura":"1 minuto"},"schema":{"@context":"https:\/\/schema.org","@graph":[{"@type":"Article","@id":"https:\/\/cristinacortinas.org\/sustentabilidad\/dialogo-en-torno-de-los-pueblos-magicos-y-la-economia-circular\/#article","isPartOf":{"@id":"https:\/\/cristinacortinas.org\/sustentabilidad\/dialogo-en-torno-de-los-pueblos-magicos-y-la-economia-circular\/"},"author":{"name":"CCristina","@id":"https:\/\/cristinacortinas.org\/sustentabilidad\/#\/schema\/person\/230b4a4171b31e97671db5b680f06b08"},"headline":"Di\u00e1logo en torno de los pueblos m\u00e1gicos y la econom\u00eda circular","datePublished":"2021-10-12T06:23:34+00:00","mainEntityOfPage":{"@id":"https:\/\/cristinacortinas.org\/sustentabilidad\/dialogo-en-torno-de-los-pueblos-magicos-y-la-economia-circular\/"},"wordCount":214,"image":{"@id":"https:\/\/cristinacortinas.org\/sustentabilidad\/dialogo-en-torno-de-los-pueblos-magicos-y-la-economia-circular\/#primaryimage"},"thumbnailUrl":"https:\/\/cristinacortinas.org\/sustentabilidad\/wp-content\/uploads\/2021\/10\/puebblos-magicos.jpg","articleSection":["Noticias"],"inLanguage":"es"},{"@type":"WebPage","@id":"https:\/\/cristinacortinas.org\/sustentabilidad\/dialogo-en-torno-de-los-pueblos-magicos-y-la-economia-circular\/","url":"https:\/\/cristinacortinas.org\/sustentabilidad\/dialogo-en-torno-de-los-pueblos-magicos-y-la-economia-circular\/","name":"Di\u00e1logo en torno de los pueblos m\u00e1gicos y la econom\u00eda circular - Dra. Ma. Cristina Cortinas Dur\u00e1n","isPartOf":{"@id":"https:\/\/cristinacortinas.org\/sustentabilidad\/#website"},"primaryImageOfPage":{"@id":"https:\/\/cristinacortinas.org\/sustentabilidad\/dialogo-en-torno-de-los-pueblos-magicos-y-la-economia-circular\/#primaryimage"},"image":{"@id":"https:\/\/cristinacortinas.org\/sustentabilidad\/dialogo-en-torno-de-los-pueblos-magicos-y-la-economia-circular\/#primaryimage"},"thumbnailUrl":"https:\/\/cristinacortinas.org\/sustentabilidad\/wp-content\/uploads\/2021\/10\/puebblos-magicos.jpg","datePublished":"2021-10-12T06:23:34+00:00","author":{"@id":"https:\/\/cristinacortinas.org\/sustentabilidad\/#\/schema\/person\/230b4a4171b31e97671db5b680f06b08"},"description":"Por mi parte, les invito a consultar mi p\u00e1gina: www.cristinacortinas.org, en donde est\u00e1 disponible el video sobre econom\u00eda circular en pueblos m\u00e1gicos","breadcrumb":{"@id":"https:\/\/cristinacortinas.org\/sustentabilidad\/dialogo-en-torno-de-los-pueblos-magicos-y-la-economia-circular\/#breadcrumb"},"inLanguage":"es","potentialAction":[{"@type":"ReadAction","target":["https:\/\/cristinacortinas.org\/sustentabilidad\/dialogo-en-torno-de-los-pueblos-magicos-y-la-economia-circular\/"]}]},{"@type":"ImageObject","inLanguage":"es","@id":"https:\/\/cristinacortinas.org\/sustentabilidad\/dialogo-en-torno-de-los-pueblos-magicos-y-la-economia-circular\/#primaryimage","url":"https:\/\/cristinacortinas.org\/sustentabilidad\/wp-content\/uploads\/2021\/10\/puebblos-magicos.jpg","contentUrl":"https:\/\/cristinacortinas.org\/sustentabilidad\/wp-content\/uploads\/2021\/10\/puebblos-magicos.jpg","width":1200,"height":800},{"@type":"BreadcrumbList","@id":"https:\/\/cristinacortinas.org\/sustentabilidad\/dialogo-en-torno-de-los-pueblos-magicos-y-la-economia-circular\/#breadcrumb","itemListElement":[{"@type":"ListItem","position":1,"name":"Portada","item":"https:\/\/cristinacortinas.org\/sustentabilidad\/"},{"@type":"ListItem","position":2,"name":"Di\u00e1logo en torno de los pueblos m\u00e1gicos y la econom\u00eda circular"}]},{"@type":"WebSite","@id":"https:\/\/cristinacortinas.org\/sustentabilidad\/#website","url":"https:\/\/cristinacortinas.org\/sustentabilidad\/","name":"Dra. Ma. Cristina Cortinas Dur\u00e1n","description":"","potentialAction":[{"@type":"SearchAction","target":{"@type":"EntryPoint","urlTemplate":"https:\/\/cristinacortinas.org\/sustentabilidad\/?s={search_term_string}"},"query-input":{"@type":"PropertyValueSpecification","valueRequired":true,"valueName":"search_term_string"}}],"inLanguage":"es"},{"@type":"Person","@id":"https:\/\/cristinacortinas.org\/sustentabilidad\/#\/schema\/person\/230b4a4171b31e97671db5b680f06b08","name":"CCristina"}]}},"_links":{"self":[{"href":"https:\/\/cristinacortinas.org\/sustentabilidad\/wp-json\/wp\/v2\/posts\/8305","targetHints":{"allow":["GET"]}}],"collection":[{"href":"https:\/\/cristinacortinas.org\/sustentabilidad\/wp-json\/wp\/v2\/posts"}],"about":[{"href":"https:\/\/cristinacortinas.org\/sustentabilidad\/wp-json\/wp\/v2\/types\/post"}],"author":[{"embeddable":true,"href":"https:\/\/cristinacortinas.org\/sustentabilidad\/wp-json\/wp\/v2\/users\/1"}],"replies":[{"embeddable":true,"href":"https:\/\/cristinacortinas.org\/sustentabilidad\/wp-json\/wp\/v2\/comments?post=8305"}],"version-history":[{"count":1,"href":"https:\/\/cristinacortinas.org\/sustentabilidad\/wp-json\/wp\/v2\/posts\/8305\/revisions"}],"predecessor-version":[{"id":8307,"href":"https:\/\/cristinacortinas.org\/sustentabilidad\/wp-json\/wp\/v2\/posts\/8305\/revisions\/8307"}],"wp:featuredmedia":[{"embeddable":true,"href":"https:\/\/cristinacortinas.org\/sustentabilidad\/wp-json\/wp\/v2\/media\/8306"}],"wp:attachment":[{"href":"https:\/\/cristinacortinas.org\/sustentabilidad\/wp-json\/wp\/v2\/media?parent=8305"}],"wp:term":[{"taxonomy":"category","embeddable":true,"href":"https:\/\/cristinacortinas.org\/sustentabilidad\/wp-json\/wp\/v2\/categories?post=8305"},{"taxonomy":"post_tag","embeddable":true,"href":"https:\/\/cristinacortinas.org\/sustentabilidad\/wp-json\/wp\/v2\/tags?post=8305"}],"curies":[{"name":"wp","href":"https:\/\/api.w.org\/{rel}","templated":true}]}}