{"id":8225,"date":"2021-01-13T13:58:59","date_gmt":"2021-01-13T19:58:59","guid":{"rendered":"https:\/\/cristinacortinas.org\/sustentabilidad\/?p=8225"},"modified":"2021-01-13T13:58:59","modified_gmt":"2021-01-13T19:58:59","slug":"modelos-de-gobernanza-y-reciclaje-incluyente-para-una-economia-circular-comunitaria-carbono-neutra","status":"publish","type":"post","link":"https:\/\/cristinacortinas.org\/sustentabilidad\/modelos-de-gobernanza-y-reciclaje-incluyente-para-una-economia-circular-comunitaria-carbono-neutra\/","title":{"rendered":"Modelos de gobernanza y reciclaje incluyente Para una econom\u00eda circular comunitaria carbono neutra"},"content":{"rendered":"<p><strong><em>Para una econom\u00eda circular comunitaria carbono neutra<\/em><\/strong><\/p>\n<p style=\"text-align: justify;\">Amig@os,<\/p>\n<p style=\"text-align: justify;\">En un art\u00edculo previo al que env\u00edo anexo (Elementos a considerar para detonar empleos en el reciclaje incluyente), se plante\u00f3 el marco conceptual y diversos elementos que pueden ser \u00fatiles para que en M\u00e9xico se legisle a nivel general el reciclaje incluyente.<\/p>\n<p style=\"text-align: justify;\">En el presente art\u00edculo, se proporcionan tres modelos de reciclaje incluyente en el mundo que destacan como casos ejemplares de gobernanza en los cuales los recuperadores informales de residuos reciclables, lograron su reconocimiento como trabajadores y su incorporaci\u00f3n en los sistemas municipales de gesti\u00f3n de residuos, con una remuneraci\u00f3n por sus servicios, adem\u00e1s de los ingresos que obtienen de la venta de los materiales valorizables. Ello con una participaci\u00f3n solidaria y comprometida de los propios residentes, de instituciones educativas y de organizaciones de la sociedad civil y el apoyo gubernamental.<\/p>\n<p style=\"text-align: justify;\">El art\u00edculo adjunto termina con la descripci\u00f3n de la forma en que la Ley de Prevenci\u00f3n y Gesti\u00f3n Integral de Residuos del Estado de Quer\u00e9taro, desde 2004 incorpora disposiciones relativas al reciclaje incluyente y la menci\u00f3n al primer reglamento municipal publicado en la entidad sobre la prevenci\u00f3n, gesti\u00f3n integral y econom\u00eda circular de los residuos, as\u00ed como al contexto en el cual han tenido lugar estas iniciativas.<\/p>\n<p style=\"text-align: justify;\">A manera de s\u00edntesis es necesario que gobierno y sociedad reconozcan la importancia de incorporar formalmente la participaci\u00f3n de los recuperadores informales de residuos reciclables en los sistemas municipales de gesti\u00f3n integral de los residuos, dados los siguientes beneficios que derivan de su labor de pepena:<\/p>\n<ol style=\"text-align: justify;\">\n<li>Contribuci\u00f3n a la salud p\u00fablica y al sistema de saneamiento.<\/li>\n<li>Empleo y fuente de ingresos para los pobres.<\/li>\n<li>Suministro de materiales reciclados de bajo costo a la industria.<\/li>\n<li>Reducci\u00f3n de los gastos municipales.<\/li>\n<li>Contribuci\u00f3n a la sostenibilidad del medio ambiente.<\/li>\n<\/ol>\n<p style=\"text-align: justify;\">Espero que estos art\u00edculos sean del inter\u00e9s de los propios recuperadores informales de residuos, sus aliados y los legisladores interesados en regular el reciclaje incluyente en M\u00e9xico, en estos momentos en que es tan importante reactivar la econom\u00eda sin dejar a nadie atr\u00e1s.<\/p>\n<p style=\"text-align: justify;\">Bienvenidos sus comentarios al respecto y su apoyo para difundir este mensaje y el art\u00edculo que lo acompa\u00f1a.<\/p>\n<p style=\"text-align: justify;\"><div class='w3eden'><!-- WPDM Link Template: Default Template -->\n\n<div class=\"link-template-default card mb-2\">\n    <div class=\"card-body\">\n        <div class=\"media\">\n            <div class=\"mr-3 img-48\"><img decoding=\"async\" class=\"wpdm_icon\" alt=\"Icono\"   src=\"https:\/\/cristinacortinas.org\/sustentabilidad\/wp-content\/plugins\/download-manager\/assets\/file-type-icons\/doc.png\" \/><\/div>\n            <div class=\"media-body\">\n                <h3 class=\"package-title\"><a href='https:\/\/cristinacortinas.org\/sustentabilidad\/download\/modelos-de-gobernanza-y-reciclaje-incluyente-para-una-economia-circular-comunitaria-carbono-neutra\/'>Modelos de gobernanza y reciclaje incluyente Para una econom\u00eda circular comunitaria carbono neutra<\/a><\/h3>\n                <div class=\"text-muted text-small\"><i class=\"fas fa-copy\"><\/i> 1 archivo(s) <i class=\"fas fa-hdd ml-3\"><\/i> 74.80 KB<\/div>\n            <\/div>\n            <div class=\"ml-3\">\n                <a class='wpdm-download-link download-on-click btn btn-info ' rel='nofollow' href='#' data-downloadurl=\"https:\/\/cristinacortinas.org\/sustentabilidad\/download\/modelos-de-gobernanza-y-reciclaje-incluyente-para-una-economia-circular-comunitaria-carbono-neutra\/?wpdmdl=8220&refresh=69ef5c7af0dde1777294458\">Descargar<\/a>\n            <\/div>\n        <\/div>\n    <\/div>\n<\/div>\n\n<\/div>\n<p style=\"text-align: justify;\">Cristina Cortinas<\/p>\n<p style=\"text-align: justify;\">\n","protected":false},"excerpt":{"rendered":"<p>Para una econom\u00eda circular comunitaria carbono neutra Amig@os, En un art\u00edculo previo al que env\u00edo anexo (Elementos a considerar para detonar empleos en el reciclaje incluyente), se plante\u00f3 el marco conceptual y diversos elementos que pueden ser \u00fatiles para que en M\u00e9xico se legisle a nivel general el reciclaje incluyente. En el presente art\u00edculo, se proporcionan tres modelos de reciclaje&nbsp;<a href=\"https:\/\/cristinacortinas.org\/sustentabilidad\/modelos-de-gobernanza-y-reciclaje-incluyente-para-una-economia-circular-comunitaria-carbono-neutra\/\" class=\"read-more\">Seguir leyendo<\/a><\/p>\n","protected":false},"author":1,"featured_media":8221,"comment_status":"closed","ping_status":"closed","sticky":false,"template":"","format":"standard","meta":{"footnotes":""},"categories":[40],"tags":[1054,1053,113,1055],"class_list":["post-8225","post","type-post","status-publish","format-standard","has-post-thumbnail","hentry","category-noticias","tag-carbono-neutra","tag-economia-circular-comunitaria","tag-gobernanza","tag-reciclaje-incluyente","cat-40-id"],"yoast_head":"<!-- This site is optimized with the Yoast SEO plugin v27.4 - https:\/\/yoast.com\/product\/yoast-seo-wordpress\/ -->\n<title>Modelos de gobernanza y reciclaje incluyente Para una econom\u00eda circular comunitaria carbono neutra - Dra. Ma. Cristina Cortinas Dur\u00e1n<\/title>\n<meta name=\"description\" content=\"En un art\u00edculo previo al que env\u00edo anexo (Elementos a considerar para detonar empleos en el reciclaje incluyente), se plante\u00f3 el marco conceptual y diversos elementos que pueden ser \u00fatiles para que en M\u00e9xico se legisle a nivel general el reciclaje incluyente.\" \/>\n<meta name=\"robots\" content=\"index, follow, max-snippet:-1, max-image-preview:large, max-video-preview:-1\" \/>\n<link rel=\"canonical\" href=\"https:\/\/cristinacortinas.org\/sustentabilidad\/modelos-de-gobernanza-y-reciclaje-incluyente-para-una-economia-circular-comunitaria-carbono-neutra\/\" \/>\n<meta property=\"og:locale\" content=\"es_ES\" \/>\n<meta property=\"og:type\" content=\"article\" \/>\n<meta property=\"og:title\" content=\"Modelos de gobernanza y reciclaje incluyente Para una econom\u00eda circular comunitaria carbono neutra - Dra. Ma. Cristina Cortinas Dur\u00e1n\" \/>\n<meta property=\"og:description\" content=\"En un art\u00edculo previo al que env\u00edo anexo (Elementos a considerar para detonar empleos en el reciclaje incluyente), se plante\u00f3 el marco conceptual y diversos elementos que pueden ser \u00fatiles para que en M\u00e9xico se legisle a nivel general el reciclaje incluyente.\" \/>\n<meta property=\"og:url\" content=\"https:\/\/cristinacortinas.org\/sustentabilidad\/modelos-de-gobernanza-y-reciclaje-incluyente-para-una-economia-circular-comunitaria-carbono-neutra\/\" \/>\n<meta property=\"og:site_name\" content=\"Dra. Ma. Cristina Cortinas Dur\u00e1n\" \/>\n<meta property=\"article:publisher\" content=\"https:\/\/www.facebook.com\/cristinacortinasduran\/\" \/>\n<meta property=\"article:published_time\" content=\"2021-01-13T19:58:59+00:00\" \/>\n<meta property=\"og:image\" content=\"https:\/\/cristinacortinas.org\/sustentabilidad\/wp-content\/uploads\/2021\/01\/Modelos-de-gobernanza-y-reciclaje-incluyente-Para-una-econom\u00eda-circular-comunitaria-carbono-neutra.jpg\" \/>\n\t<meta property=\"og:image:width\" content=\"1046\" \/>\n\t<meta property=\"og:image:height\" content=\"828\" \/>\n\t<meta property=\"og:image:type\" content=\"image\/jpeg\" \/>\n<meta name=\"author\" content=\"CCristina\" \/>\n<meta name=\"twitter:card\" content=\"summary_large_image\" \/>\n<meta name=\"twitter:creator\" content=\"@DraCrisCortinas\" \/>\n<meta name=\"twitter:site\" content=\"@DraCrisCortinas\" \/>\n<meta name=\"twitter:label1\" content=\"Escrito por\" \/>\n\t<meta name=\"twitter:data1\" content=\"CCristina\" \/>\n\t<meta name=\"twitter:label2\" content=\"Tiempo de lectura\" \/>\n\t<meta name=\"twitter:data2\" content=\"2 minutos\" \/>\n<script type=\"application\/ld+json\" class=\"yoast-schema-graph\">{\"@context\":\"https:\\\/\\\/schema.org\",\"@graph\":[{\"@type\":\"Article\",\"@id\":\"https:\\\/\\\/cristinacortinas.org\\\/sustentabilidad\\\/modelos-de-gobernanza-y-reciclaje-incluyente-para-una-economia-circular-comunitaria-carbono-neutra\\\/#article\",\"isPartOf\":{\"@id\":\"https:\\\/\\\/cristinacortinas.org\\\/sustentabilidad\\\/modelos-de-gobernanza-y-reciclaje-incluyente-para-una-economia-circular-comunitaria-carbono-neutra\\\/\"},\"author\":{\"name\":\"CCristina\",\"@id\":\"https:\\\/\\\/cristinacortinas.org\\\/sustentabilidad\\\/#\\\/schema\\\/person\\\/230b4a4171b31e97671db5b680f06b08\"},\"headline\":\"Modelos de gobernanza y reciclaje incluyente Para una econom\u00eda circular comunitaria carbono neutra\",\"datePublished\":\"2021-01-13T19:58:59+00:00\",\"mainEntityOfPage\":{\"@id\":\"https:\\\/\\\/cristinacortinas.org\\\/sustentabilidad\\\/modelos-de-gobernanza-y-reciclaje-incluyente-para-una-economia-circular-comunitaria-carbono-neutra\\\/\"},\"wordCount\":408,\"image\":{\"@id\":\"https:\\\/\\\/cristinacortinas.org\\\/sustentabilidad\\\/modelos-de-gobernanza-y-reciclaje-incluyente-para-una-economia-circular-comunitaria-carbono-neutra\\\/#primaryimage\"},\"thumbnailUrl\":\"https:\\\/\\\/cristinacortinas.org\\\/sustentabilidad\\\/wp-content\\\/uploads\\\/2021\\\/01\\\/Modelos-de-gobernanza-y-reciclaje-incluyente-Para-una-econom\u00eda-circular-comunitaria-carbono-neutra.jpg\",\"keywords\":[\"carbono neutra\",\"econom\u00eda circular comunitaria\",\"Gobernanza\",\"reciclaje incluyente\"],\"articleSection\":[\"Noticias\"],\"inLanguage\":\"es\"},{\"@type\":\"WebPage\",\"@id\":\"https:\\\/\\\/cristinacortinas.org\\\/sustentabilidad\\\/modelos-de-gobernanza-y-reciclaje-incluyente-para-una-economia-circular-comunitaria-carbono-neutra\\\/\",\"url\":\"https:\\\/\\\/cristinacortinas.org\\\/sustentabilidad\\\/modelos-de-gobernanza-y-reciclaje-incluyente-para-una-economia-circular-comunitaria-carbono-neutra\\\/\",\"name\":\"Modelos de gobernanza y reciclaje incluyente Para una econom\u00eda circular comunitaria carbono neutra - Dra. Ma. Cristina Cortinas Dur\u00e1n\",\"isPartOf\":{\"@id\":\"https:\\\/\\\/cristinacortinas.org\\\/sustentabilidad\\\/#website\"},\"primaryImageOfPage\":{\"@id\":\"https:\\\/\\\/cristinacortinas.org\\\/sustentabilidad\\\/modelos-de-gobernanza-y-reciclaje-incluyente-para-una-economia-circular-comunitaria-carbono-neutra\\\/#primaryimage\"},\"image\":{\"@id\":\"https:\\\/\\\/cristinacortinas.org\\\/sustentabilidad\\\/modelos-de-gobernanza-y-reciclaje-incluyente-para-una-economia-circular-comunitaria-carbono-neutra\\\/#primaryimage\"},\"thumbnailUrl\":\"https:\\\/\\\/cristinacortinas.org\\\/sustentabilidad\\\/wp-content\\\/uploads\\\/2021\\\/01\\\/Modelos-de-gobernanza-y-reciclaje-incluyente-Para-una-econom\u00eda-circular-comunitaria-carbono-neutra.jpg\",\"datePublished\":\"2021-01-13T19:58:59+00:00\",\"author\":{\"@id\":\"https:\\\/\\\/cristinacortinas.org\\\/sustentabilidad\\\/#\\\/schema\\\/person\\\/230b4a4171b31e97671db5b680f06b08\"},\"description\":\"En un art\u00edculo previo al que env\u00edo anexo (Elementos a considerar para detonar empleos en el reciclaje incluyente), se plante\u00f3 el marco conceptual y diversos elementos que pueden ser \u00fatiles para que en M\u00e9xico se legisle a nivel general el reciclaje incluyente.\",\"breadcrumb\":{\"@id\":\"https:\\\/\\\/cristinacortinas.org\\\/sustentabilidad\\\/modelos-de-gobernanza-y-reciclaje-incluyente-para-una-economia-circular-comunitaria-carbono-neutra\\\/#breadcrumb\"},\"inLanguage\":\"es\",\"potentialAction\":[{\"@type\":\"ReadAction\",\"target\":[\"https:\\\/\\\/cristinacortinas.org\\\/sustentabilidad\\\/modelos-de-gobernanza-y-reciclaje-incluyente-para-una-economia-circular-comunitaria-carbono-neutra\\\/\"]}]},{\"@type\":\"ImageObject\",\"inLanguage\":\"es\",\"@id\":\"https:\\\/\\\/cristinacortinas.org\\\/sustentabilidad\\\/modelos-de-gobernanza-y-reciclaje-incluyente-para-una-economia-circular-comunitaria-carbono-neutra\\\/#primaryimage\",\"url\":\"https:\\\/\\\/cristinacortinas.org\\\/sustentabilidad\\\/wp-content\\\/uploads\\\/2021\\\/01\\\/Modelos-de-gobernanza-y-reciclaje-incluyente-Para-una-econom\u00eda-circular-comunitaria-carbono-neutra.jpg\",\"contentUrl\":\"https:\\\/\\\/cristinacortinas.org\\\/sustentabilidad\\\/wp-content\\\/uploads\\\/2021\\\/01\\\/Modelos-de-gobernanza-y-reciclaje-incluyente-Para-una-econom\u00eda-circular-comunitaria-carbono-neutra.jpg\",\"width\":1046,\"height\":828},{\"@type\":\"BreadcrumbList\",\"@id\":\"https:\\\/\\\/cristinacortinas.org\\\/sustentabilidad\\\/modelos-de-gobernanza-y-reciclaje-incluyente-para-una-economia-circular-comunitaria-carbono-neutra\\\/#breadcrumb\",\"itemListElement\":[{\"@type\":\"ListItem\",\"position\":1,\"name\":\"Portada\",\"item\":\"https:\\\/\\\/cristinacortinas.org\\\/sustentabilidad\\\/\"},{\"@type\":\"ListItem\",\"position\":2,\"name\":\"Modelos de gobernanza y reciclaje incluyente Para una econom\u00eda circular comunitaria carbono neutra\"}]},{\"@type\":\"WebSite\",\"@id\":\"https:\\\/\\\/cristinacortinas.org\\\/sustentabilidad\\\/#website\",\"url\":\"https:\\\/\\\/cristinacortinas.org\\\/sustentabilidad\\\/\",\"name\":\"Dra. Ma. Cristina Cortinas Dur\u00e1n\",\"description\":\"\",\"potentialAction\":[{\"@type\":\"SearchAction\",\"target\":{\"@type\":\"EntryPoint\",\"urlTemplate\":\"https:\\\/\\\/cristinacortinas.org\\\/sustentabilidad\\\/?s={search_term_string}\"},\"query-input\":{\"@type\":\"PropertyValueSpecification\",\"valueRequired\":true,\"valueName\":\"search_term_string\"}}],\"inLanguage\":\"es\"},{\"@type\":\"Person\",\"@id\":\"https:\\\/\\\/cristinacortinas.org\\\/sustentabilidad\\\/#\\\/schema\\\/person\\\/230b4a4171b31e97671db5b680f06b08\",\"name\":\"CCristina\"}]}<\/script>\n<!-- \/ Yoast SEO plugin. -->","yoast_head_json":{"title":"Modelos de gobernanza y reciclaje incluyente Para una econom\u00eda circular comunitaria carbono neutra - Dra. Ma. Cristina Cortinas Dur\u00e1n","description":"En un art\u00edculo previo al que env\u00edo anexo (Elementos a considerar para detonar empleos en el reciclaje incluyente), se plante\u00f3 el marco conceptual y diversos elementos que pueden ser \u00fatiles para que en M\u00e9xico se legisle a nivel general el reciclaje incluyente.","robots":{"index":"index","follow":"follow","max-snippet":"max-snippet:-1","max-image-preview":"max-image-preview:large","max-video-preview":"max-video-preview:-1"},"canonical":"https:\/\/cristinacortinas.org\/sustentabilidad\/modelos-de-gobernanza-y-reciclaje-incluyente-para-una-economia-circular-comunitaria-carbono-neutra\/","og_locale":"es_ES","og_type":"article","og_title":"Modelos de gobernanza y reciclaje incluyente Para una econom\u00eda circular comunitaria carbono neutra - Dra. Ma. Cristina Cortinas Dur\u00e1n","og_description":"En un art\u00edculo previo al que env\u00edo anexo (Elementos a considerar para detonar empleos en el reciclaje incluyente), se plante\u00f3 el marco conceptual y diversos elementos que pueden ser \u00fatiles para que en M\u00e9xico se legisle a nivel general el reciclaje incluyente.","og_url":"https:\/\/cristinacortinas.org\/sustentabilidad\/modelos-de-gobernanza-y-reciclaje-incluyente-para-una-economia-circular-comunitaria-carbono-neutra\/","og_site_name":"Dra. Ma. Cristina Cortinas Dur\u00e1n","article_publisher":"https:\/\/www.facebook.com\/cristinacortinasduran\/","article_published_time":"2021-01-13T19:58:59+00:00","og_image":[{"width":1046,"height":828,"url":"https:\/\/cristinacortinas.org\/sustentabilidad\/wp-content\/uploads\/2021\/01\/Modelos-de-gobernanza-y-reciclaje-incluyente-Para-una-econom\u00eda-circular-comunitaria-carbono-neutra.jpg","type":"image\/jpeg"}],"author":"CCristina","twitter_card":"summary_large_image","twitter_creator":"@DraCrisCortinas","twitter_site":"@DraCrisCortinas","twitter_misc":{"Escrito por":"CCristina","Tiempo de lectura":"2 minutos"},"schema":{"@context":"https:\/\/schema.org","@graph":[{"@type":"Article","@id":"https:\/\/cristinacortinas.org\/sustentabilidad\/modelos-de-gobernanza-y-reciclaje-incluyente-para-una-economia-circular-comunitaria-carbono-neutra\/#article","isPartOf":{"@id":"https:\/\/cristinacortinas.org\/sustentabilidad\/modelos-de-gobernanza-y-reciclaje-incluyente-para-una-economia-circular-comunitaria-carbono-neutra\/"},"author":{"name":"CCristina","@id":"https:\/\/cristinacortinas.org\/sustentabilidad\/#\/schema\/person\/230b4a4171b31e97671db5b680f06b08"},"headline":"Modelos de gobernanza y reciclaje incluyente Para una econom\u00eda circular comunitaria carbono neutra","datePublished":"2021-01-13T19:58:59+00:00","mainEntityOfPage":{"@id":"https:\/\/cristinacortinas.org\/sustentabilidad\/modelos-de-gobernanza-y-reciclaje-incluyente-para-una-economia-circular-comunitaria-carbono-neutra\/"},"wordCount":408,"image":{"@id":"https:\/\/cristinacortinas.org\/sustentabilidad\/modelos-de-gobernanza-y-reciclaje-incluyente-para-una-economia-circular-comunitaria-carbono-neutra\/#primaryimage"},"thumbnailUrl":"https:\/\/cristinacortinas.org\/sustentabilidad\/wp-content\/uploads\/2021\/01\/Modelos-de-gobernanza-y-reciclaje-incluyente-Para-una-econom\u00eda-circular-comunitaria-carbono-neutra.jpg","keywords":["carbono neutra","econom\u00eda circular comunitaria","Gobernanza","reciclaje incluyente"],"articleSection":["Noticias"],"inLanguage":"es"},{"@type":"WebPage","@id":"https:\/\/cristinacortinas.org\/sustentabilidad\/modelos-de-gobernanza-y-reciclaje-incluyente-para-una-economia-circular-comunitaria-carbono-neutra\/","url":"https:\/\/cristinacortinas.org\/sustentabilidad\/modelos-de-gobernanza-y-reciclaje-incluyente-para-una-economia-circular-comunitaria-carbono-neutra\/","name":"Modelos de gobernanza y reciclaje incluyente Para una econom\u00eda circular comunitaria carbono neutra - Dra. Ma. Cristina Cortinas Dur\u00e1n","isPartOf":{"@id":"https:\/\/cristinacortinas.org\/sustentabilidad\/#website"},"primaryImageOfPage":{"@id":"https:\/\/cristinacortinas.org\/sustentabilidad\/modelos-de-gobernanza-y-reciclaje-incluyente-para-una-economia-circular-comunitaria-carbono-neutra\/#primaryimage"},"image":{"@id":"https:\/\/cristinacortinas.org\/sustentabilidad\/modelos-de-gobernanza-y-reciclaje-incluyente-para-una-economia-circular-comunitaria-carbono-neutra\/#primaryimage"},"thumbnailUrl":"https:\/\/cristinacortinas.org\/sustentabilidad\/wp-content\/uploads\/2021\/01\/Modelos-de-gobernanza-y-reciclaje-incluyente-Para-una-econom\u00eda-circular-comunitaria-carbono-neutra.jpg","datePublished":"2021-01-13T19:58:59+00:00","author":{"@id":"https:\/\/cristinacortinas.org\/sustentabilidad\/#\/schema\/person\/230b4a4171b31e97671db5b680f06b08"},"description":"En un art\u00edculo previo al que env\u00edo anexo (Elementos a considerar para detonar empleos en el reciclaje incluyente), se plante\u00f3 el marco conceptual y diversos elementos que pueden ser \u00fatiles para que en M\u00e9xico se legisle a nivel general el reciclaje incluyente.","breadcrumb":{"@id":"https:\/\/cristinacortinas.org\/sustentabilidad\/modelos-de-gobernanza-y-reciclaje-incluyente-para-una-economia-circular-comunitaria-carbono-neutra\/#breadcrumb"},"inLanguage":"es","potentialAction":[{"@type":"ReadAction","target":["https:\/\/cristinacortinas.org\/sustentabilidad\/modelos-de-gobernanza-y-reciclaje-incluyente-para-una-economia-circular-comunitaria-carbono-neutra\/"]}]},{"@type":"ImageObject","inLanguage":"es","@id":"https:\/\/cristinacortinas.org\/sustentabilidad\/modelos-de-gobernanza-y-reciclaje-incluyente-para-una-economia-circular-comunitaria-carbono-neutra\/#primaryimage","url":"https:\/\/cristinacortinas.org\/sustentabilidad\/wp-content\/uploads\/2021\/01\/Modelos-de-gobernanza-y-reciclaje-incluyente-Para-una-econom\u00eda-circular-comunitaria-carbono-neutra.jpg","contentUrl":"https:\/\/cristinacortinas.org\/sustentabilidad\/wp-content\/uploads\/2021\/01\/Modelos-de-gobernanza-y-reciclaje-incluyente-Para-una-econom\u00eda-circular-comunitaria-carbono-neutra.jpg","width":1046,"height":828},{"@type":"BreadcrumbList","@id":"https:\/\/cristinacortinas.org\/sustentabilidad\/modelos-de-gobernanza-y-reciclaje-incluyente-para-una-economia-circular-comunitaria-carbono-neutra\/#breadcrumb","itemListElement":[{"@type":"ListItem","position":1,"name":"Portada","item":"https:\/\/cristinacortinas.org\/sustentabilidad\/"},{"@type":"ListItem","position":2,"name":"Modelos de gobernanza y reciclaje incluyente Para una econom\u00eda circular comunitaria carbono neutra"}]},{"@type":"WebSite","@id":"https:\/\/cristinacortinas.org\/sustentabilidad\/#website","url":"https:\/\/cristinacortinas.org\/sustentabilidad\/","name":"Dra. Ma. Cristina Cortinas Dur\u00e1n","description":"","potentialAction":[{"@type":"SearchAction","target":{"@type":"EntryPoint","urlTemplate":"https:\/\/cristinacortinas.org\/sustentabilidad\/?s={search_term_string}"},"query-input":{"@type":"PropertyValueSpecification","valueRequired":true,"valueName":"search_term_string"}}],"inLanguage":"es"},{"@type":"Person","@id":"https:\/\/cristinacortinas.org\/sustentabilidad\/#\/schema\/person\/230b4a4171b31e97671db5b680f06b08","name":"CCristina"}]}},"_links":{"self":[{"href":"https:\/\/cristinacortinas.org\/sustentabilidad\/wp-json\/wp\/v2\/posts\/8225","targetHints":{"allow":["GET"]}}],"collection":[{"href":"https:\/\/cristinacortinas.org\/sustentabilidad\/wp-json\/wp\/v2\/posts"}],"about":[{"href":"https:\/\/cristinacortinas.org\/sustentabilidad\/wp-json\/wp\/v2\/types\/post"}],"author":[{"embeddable":true,"href":"https:\/\/cristinacortinas.org\/sustentabilidad\/wp-json\/wp\/v2\/users\/1"}],"replies":[{"embeddable":true,"href":"https:\/\/cristinacortinas.org\/sustentabilidad\/wp-json\/wp\/v2\/comments?post=8225"}],"version-history":[{"count":1,"href":"https:\/\/cristinacortinas.org\/sustentabilidad\/wp-json\/wp\/v2\/posts\/8225\/revisions"}],"predecessor-version":[{"id":8226,"href":"https:\/\/cristinacortinas.org\/sustentabilidad\/wp-json\/wp\/v2\/posts\/8225\/revisions\/8226"}],"wp:featuredmedia":[{"embeddable":true,"href":"https:\/\/cristinacortinas.org\/sustentabilidad\/wp-json\/wp\/v2\/media\/8221"}],"wp:attachment":[{"href":"https:\/\/cristinacortinas.org\/sustentabilidad\/wp-json\/wp\/v2\/media?parent=8225"}],"wp:term":[{"taxonomy":"category","embeddable":true,"href":"https:\/\/cristinacortinas.org\/sustentabilidad\/wp-json\/wp\/v2\/categories?post=8225"},{"taxonomy":"post_tag","embeddable":true,"href":"https:\/\/cristinacortinas.org\/sustentabilidad\/wp-json\/wp\/v2\/tags?post=8225"}],"curies":[{"name":"wp","href":"https:\/\/api.w.org\/{rel}","templated":true}]}}