{"id":8197,"date":"2020-12-30T13:32:21","date_gmt":"2020-12-30T19:32:21","guid":{"rendered":"https:\/\/cristinacortinas.org\/sustentabilidad\/?p=8197"},"modified":"2020-12-30T13:32:21","modified_gmt":"2020-12-30T19:32:21","slug":"ideas-para-acelerar-el-transito-hacia-la-economia-circular-en-mexico","status":"publish","type":"post","link":"https:\/\/cristinacortinas.org\/sustentabilidad\/ideas-para-acelerar-el-transito-hacia-la-economia-circular-en-mexico\/","title":{"rendered":"Ideas para acelerar el tr\u00e1nsito hacia la econom\u00eda circular en M\u00e9xico"},"content":{"rendered":"<p>Amig@os,<\/p>\n<p>Las diferentes regiones del mundo est\u00e1n actualizando sus hojas de ruta para su tr\u00e1nsito hacia la econom\u00eda circular, ante los nuevos escenarios del comercio y de las redes de suministro a nivel internacional provocados por la pandemia COVID-19.<\/p>\n<p>M\u00e9xico pertenece a las regiones Asia-Pac\u00edfico, Norte Am\u00e9rica, y Am\u00e9rica Latina y el Caribe, por lo que le conviene eliminar las barreras que se opongan a la econom\u00eda circular, a fin de que por medio de \u00e9sta pueda aprovechar esta circunstancia, \u00a0avanzar hacia el logro de los objetivos de desarrollo sostenible y mitigar los impactos econ\u00f3micos y sociales de la pandemia.<\/p>\n<p>Con el fin de contribuir a ese prop\u00f3sito escrib\u00ed los dos art\u00edculos anexos, sobre los temas: \u201cInstrumentos mexicanos y chilenos para cerrar el ciclo de los materiales\u201d y \u201cRegulaci\u00f3n de los productos que al desecharse se convierten en residuos\u201d.<\/p>\n<p>Les invito a opinar al respecto, as\u00ed como agradecer\u00e9 su apoyo para la difusi\u00f3n de este mensaje y de los art\u00edculos, que pueden ser \u00fatiles en el proceso de reforma de nuestra legislaci\u00f3n general para la prevenci\u00f3n y gesti\u00f3n integral de los residuos, que se encuentra en revisi\u00f3n.<\/p>\n<p>Reciban mis mejores deseos por su salud y porque tengan un pr\u00f3spero 2021.<\/p>\n<div class='w3eden'><!-- WPDM Link Template: Default Template -->\n\n<div class=\"link-template-default card mb-2\">\n    <div class=\"card-body\">\n        <div class=\"media\">\n            <div class=\"mr-3 img-48\"><img decoding=\"async\" class=\"wpdm_icon\" alt=\"Icono\"   src=\"https:\/\/cristinacortinas.org\/sustentabilidad\/wp-content\/plugins\/download-manager\/assets\/file-type-icons\/docx.png\" \/><\/div>\n            <div class=\"media-body\">\n                <h3 class=\"package-title\"><a href='https:\/\/cristinacortinas.org\/sustentabilidad\/download\/instrumentos-mexicanos-y-chilenos-para-cerrar-el-ciclo-de-los-materiales\/'>Instrumentos mexicanos y chilenos para cerrar el ciclo de los materiales<\/a><\/h3>\n                <div class=\"text-muted text-small\"><i class=\"fas fa-copy\"><\/i> 1 archivo(s) <i class=\"fas fa-hdd ml-3\"><\/i> 1.68 MB<\/div>\n            <\/div>\n            <div class=\"ml-3\">\n                <a class='wpdm-download-link download-on-click btn btn-info ' rel='nofollow' href='#' data-downloadurl=\"https:\/\/cristinacortinas.org\/sustentabilidad\/download\/instrumentos-mexicanos-y-chilenos-para-cerrar-el-ciclo-de-los-materiales\/?wpdmdl=8191&refresh=69eea7a4ebba11777248164\">Descargar<\/a>\n            <\/div>\n        <\/div>\n    <\/div>\n<\/div>\n\n<\/div>\n<div class='w3eden'><!-- WPDM Link Template: Default Template -->\n\n<div class=\"link-template-default card mb-2\">\n    <div class=\"card-body\">\n        <div class=\"media\">\n            <div class=\"mr-3 img-48\"><img decoding=\"async\" class=\"wpdm_icon\" alt=\"Icono\"   src=\"https:\/\/cristinacortinas.org\/sustentabilidad\/wp-content\/plugins\/download-manager\/assets\/file-type-icons\/doc.png\" \/><\/div>\n            <div class=\"media-body\">\n                <h3 class=\"package-title\"><a href='https:\/\/cristinacortinas.org\/sustentabilidad\/download\/regulacion-de-los-productos-que-al-desecharse-se-convierten-en-residuos\/'>Regulacio\u0301n de los productos que al desecharse se convierten en residuos<\/a><\/h3>\n                <div class=\"text-muted text-small\"><i class=\"fas fa-copy\"><\/i> 1 archivo(s) <i class=\"fas fa-hdd ml-3\"><\/i> 66.70 KB<\/div>\n            <\/div>\n            <div class=\"ml-3\">\n                <a class='wpdm-download-link download-on-click btn btn-info ' rel='nofollow' href='#' data-downloadurl=\"https:\/\/cristinacortinas.org\/sustentabilidad\/download\/regulacion-de-los-productos-que-al-desecharse-se-convierten-en-residuos\/?wpdmdl=8192&refresh=69eea7a4f03ff1777248164\">Descargar<\/a>\n            <\/div>\n        <\/div>\n    <\/div>\n<\/div>\n\n<\/div>\n<p>Cristina Cortinas<\/p>\n","protected":false},"excerpt":{"rendered":"<p>Amig@os, Las diferentes regiones del mundo est\u00e1n actualizando sus hojas de ruta para su tr\u00e1nsito hacia la econom\u00eda circular, ante los nuevos escenarios del comercio y de las redes de suministro a nivel internacional provocados por la pandemia COVID-19. M\u00e9xico pertenece a las regiones Asia-Pac\u00edfico, Norte Am\u00e9rica, y Am\u00e9rica Latina y el Caribe, por lo que le conviene eliminar las&nbsp;<a href=\"https:\/\/cristinacortinas.org\/sustentabilidad\/ideas-para-acelerar-el-transito-hacia-la-economia-circular-en-mexico\/\" class=\"read-more\">Seguir leyendo<\/a><\/p>\n","protected":false},"author":1,"featured_media":8199,"comment_status":"closed","ping_status":"closed","sticky":false,"template":"","format":"standard","meta":{"footnotes":""},"categories":[40],"tags":[1046,1016,1045,1028],"class_list":["post-8197","post","type-post","status-publish","format-standard","has-post-thumbnail","hentry","category-noticias","tag-chilenos","tag-covid-19","tag-mexicanos","tag-pandemia","cat-40-id"],"yoast_head":"<!-- This site is optimized with the Yoast SEO plugin v27.4 - https:\/\/yoast.com\/product\/yoast-seo-wordpress\/ -->\n<title>Ideas para acelerar el tr\u00e1nsito hacia la econom\u00eda circular en M\u00e9xico - Dra. Ma. Cristina Cortinas Dur\u00e1n<\/title>\n<meta name=\"robots\" content=\"index, follow, max-snippet:-1, max-image-preview:large, max-video-preview:-1\" \/>\n<link rel=\"canonical\" href=\"https:\/\/cristinacortinas.org\/sustentabilidad\/ideas-para-acelerar-el-transito-hacia-la-economia-circular-en-mexico\/\" \/>\n<meta property=\"og:locale\" content=\"es_ES\" \/>\n<meta property=\"og:type\" content=\"article\" \/>\n<meta property=\"og:title\" content=\"Ideas para acelerar el tr\u00e1nsito hacia la econom\u00eda circular en M\u00e9xico - Dra. Ma. Cristina Cortinas Dur\u00e1n\" \/>\n<meta property=\"og:description\" content=\"Amig@os, Las diferentes regiones del mundo est\u00e1n actualizando sus hojas de ruta para su tr\u00e1nsito hacia la econom\u00eda circular, ante los nuevos escenarios del comercio y de las redes de suministro a nivel internacional provocados por la pandemia COVID-19. M\u00e9xico pertenece a las regiones Asia-Pac\u00edfico, Norte Am\u00e9rica, y Am\u00e9rica Latina y el Caribe, por lo que le conviene eliminar las&nbsp;Seguir leyendo\" \/>\n<meta property=\"og:url\" content=\"https:\/\/cristinacortinas.org\/sustentabilidad\/ideas-para-acelerar-el-transito-hacia-la-economia-circular-en-mexico\/\" \/>\n<meta property=\"og:site_name\" content=\"Dra. Ma. Cristina Cortinas Dur\u00e1n\" \/>\n<meta property=\"article:publisher\" content=\"https:\/\/www.facebook.com\/cristinacortinasduran\/\" \/>\n<meta property=\"article:published_time\" content=\"2020-12-30T19:32:21+00:00\" \/>\n<meta property=\"og:image\" content=\"https:\/\/cristinacortinas.org\/sustentabilidad\/wp-content\/uploads\/2020\/12\/Planes-de-manejo-de-residuos.png\" \/>\n\t<meta property=\"og:image:width\" content=\"879\" \/>\n\t<meta property=\"og:image:height\" content=\"391\" \/>\n\t<meta property=\"og:image:type\" content=\"image\/png\" \/>\n<meta name=\"author\" content=\"CCristina\" \/>\n<meta name=\"twitter:card\" content=\"summary_large_image\" \/>\n<meta name=\"twitter:creator\" content=\"@DraCrisCortinas\" \/>\n<meta name=\"twitter:site\" content=\"@DraCrisCortinas\" \/>\n<meta name=\"twitter:label1\" content=\"Escrito por\" \/>\n\t<meta name=\"twitter:data1\" content=\"CCristina\" \/>\n\t<meta name=\"twitter:label2\" content=\"Tiempo de lectura\" \/>\n\t<meta name=\"twitter:data2\" content=\"1 minuto\" \/>\n<script type=\"application\/ld+json\" class=\"yoast-schema-graph\">{\"@context\":\"https:\\\/\\\/schema.org\",\"@graph\":[{\"@type\":\"Article\",\"@id\":\"https:\\\/\\\/cristinacortinas.org\\\/sustentabilidad\\\/ideas-para-acelerar-el-transito-hacia-la-economia-circular-en-mexico\\\/#article\",\"isPartOf\":{\"@id\":\"https:\\\/\\\/cristinacortinas.org\\\/sustentabilidad\\\/ideas-para-acelerar-el-transito-hacia-la-economia-circular-en-mexico\\\/\"},\"author\":{\"name\":\"CCristina\",\"@id\":\"https:\\\/\\\/cristinacortinas.org\\\/sustentabilidad\\\/#\\\/schema\\\/person\\\/230b4a4171b31e97671db5b680f06b08\"},\"headline\":\"Ideas para acelerar el tr\u00e1nsito hacia la econom\u00eda circular en M\u00e9xico\",\"datePublished\":\"2020-12-30T19:32:21+00:00\",\"mainEntityOfPage\":{\"@id\":\"https:\\\/\\\/cristinacortinas.org\\\/sustentabilidad\\\/ideas-para-acelerar-el-transito-hacia-la-economia-circular-en-mexico\\\/\"},\"wordCount\":245,\"image\":{\"@id\":\"https:\\\/\\\/cristinacortinas.org\\\/sustentabilidad\\\/ideas-para-acelerar-el-transito-hacia-la-economia-circular-en-mexico\\\/#primaryimage\"},\"thumbnailUrl\":\"https:\\\/\\\/cristinacortinas.org\\\/sustentabilidad\\\/wp-content\\\/uploads\\\/2020\\\/12\\\/Planes-de-manejo-de-residuos.png\",\"keywords\":[\"chilenos\",\"COVID-19\",\"mexicanos\",\"Pandemia\"],\"articleSection\":[\"Noticias\"],\"inLanguage\":\"es\"},{\"@type\":\"WebPage\",\"@id\":\"https:\\\/\\\/cristinacortinas.org\\\/sustentabilidad\\\/ideas-para-acelerar-el-transito-hacia-la-economia-circular-en-mexico\\\/\",\"url\":\"https:\\\/\\\/cristinacortinas.org\\\/sustentabilidad\\\/ideas-para-acelerar-el-transito-hacia-la-economia-circular-en-mexico\\\/\",\"name\":\"Ideas para acelerar el tr\u00e1nsito hacia la econom\u00eda circular en M\u00e9xico - Dra. Ma. Cristina Cortinas Dur\u00e1n\",\"isPartOf\":{\"@id\":\"https:\\\/\\\/cristinacortinas.org\\\/sustentabilidad\\\/#website\"},\"primaryImageOfPage\":{\"@id\":\"https:\\\/\\\/cristinacortinas.org\\\/sustentabilidad\\\/ideas-para-acelerar-el-transito-hacia-la-economia-circular-en-mexico\\\/#primaryimage\"},\"image\":{\"@id\":\"https:\\\/\\\/cristinacortinas.org\\\/sustentabilidad\\\/ideas-para-acelerar-el-transito-hacia-la-economia-circular-en-mexico\\\/#primaryimage\"},\"thumbnailUrl\":\"https:\\\/\\\/cristinacortinas.org\\\/sustentabilidad\\\/wp-content\\\/uploads\\\/2020\\\/12\\\/Planes-de-manejo-de-residuos.png\",\"datePublished\":\"2020-12-30T19:32:21+00:00\",\"author\":{\"@id\":\"https:\\\/\\\/cristinacortinas.org\\\/sustentabilidad\\\/#\\\/schema\\\/person\\\/230b4a4171b31e97671db5b680f06b08\"},\"breadcrumb\":{\"@id\":\"https:\\\/\\\/cristinacortinas.org\\\/sustentabilidad\\\/ideas-para-acelerar-el-transito-hacia-la-economia-circular-en-mexico\\\/#breadcrumb\"},\"inLanguage\":\"es\",\"potentialAction\":[{\"@type\":\"ReadAction\",\"target\":[\"https:\\\/\\\/cristinacortinas.org\\\/sustentabilidad\\\/ideas-para-acelerar-el-transito-hacia-la-economia-circular-en-mexico\\\/\"]}]},{\"@type\":\"ImageObject\",\"inLanguage\":\"es\",\"@id\":\"https:\\\/\\\/cristinacortinas.org\\\/sustentabilidad\\\/ideas-para-acelerar-el-transito-hacia-la-economia-circular-en-mexico\\\/#primaryimage\",\"url\":\"https:\\\/\\\/cristinacortinas.org\\\/sustentabilidad\\\/wp-content\\\/uploads\\\/2020\\\/12\\\/Planes-de-manejo-de-residuos.png\",\"contentUrl\":\"https:\\\/\\\/cristinacortinas.org\\\/sustentabilidad\\\/wp-content\\\/uploads\\\/2020\\\/12\\\/Planes-de-manejo-de-residuos.png\",\"width\":879,\"height\":391},{\"@type\":\"BreadcrumbList\",\"@id\":\"https:\\\/\\\/cristinacortinas.org\\\/sustentabilidad\\\/ideas-para-acelerar-el-transito-hacia-la-economia-circular-en-mexico\\\/#breadcrumb\",\"itemListElement\":[{\"@type\":\"ListItem\",\"position\":1,\"name\":\"Portada\",\"item\":\"https:\\\/\\\/cristinacortinas.org\\\/sustentabilidad\\\/\"},{\"@type\":\"ListItem\",\"position\":2,\"name\":\"Ideas para acelerar el tr\u00e1nsito hacia la econom\u00eda circular en M\u00e9xico\"}]},{\"@type\":\"WebSite\",\"@id\":\"https:\\\/\\\/cristinacortinas.org\\\/sustentabilidad\\\/#website\",\"url\":\"https:\\\/\\\/cristinacortinas.org\\\/sustentabilidad\\\/\",\"name\":\"Dra. Ma. Cristina Cortinas Dur\u00e1n\",\"description\":\"\",\"potentialAction\":[{\"@type\":\"SearchAction\",\"target\":{\"@type\":\"EntryPoint\",\"urlTemplate\":\"https:\\\/\\\/cristinacortinas.org\\\/sustentabilidad\\\/?s={search_term_string}\"},\"query-input\":{\"@type\":\"PropertyValueSpecification\",\"valueRequired\":true,\"valueName\":\"search_term_string\"}}],\"inLanguage\":\"es\"},{\"@type\":\"Person\",\"@id\":\"https:\\\/\\\/cristinacortinas.org\\\/sustentabilidad\\\/#\\\/schema\\\/person\\\/230b4a4171b31e97671db5b680f06b08\",\"name\":\"CCristina\"}]}<\/script>\n<!-- \/ Yoast SEO plugin. -->","yoast_head_json":{"title":"Ideas para acelerar el tr\u00e1nsito hacia la econom\u00eda circular en M\u00e9xico - Dra. Ma. Cristina Cortinas Dur\u00e1n","robots":{"index":"index","follow":"follow","max-snippet":"max-snippet:-1","max-image-preview":"max-image-preview:large","max-video-preview":"max-video-preview:-1"},"canonical":"https:\/\/cristinacortinas.org\/sustentabilidad\/ideas-para-acelerar-el-transito-hacia-la-economia-circular-en-mexico\/","og_locale":"es_ES","og_type":"article","og_title":"Ideas para acelerar el tr\u00e1nsito hacia la econom\u00eda circular en M\u00e9xico - Dra. Ma. Cristina Cortinas Dur\u00e1n","og_description":"Amig@os, Las diferentes regiones del mundo est\u00e1n actualizando sus hojas de ruta para su tr\u00e1nsito hacia la econom\u00eda circular, ante los nuevos escenarios del comercio y de las redes de suministro a nivel internacional provocados por la pandemia COVID-19. M\u00e9xico pertenece a las regiones Asia-Pac\u00edfico, Norte Am\u00e9rica, y Am\u00e9rica Latina y el Caribe, por lo que le conviene eliminar las&nbsp;Seguir leyendo","og_url":"https:\/\/cristinacortinas.org\/sustentabilidad\/ideas-para-acelerar-el-transito-hacia-la-economia-circular-en-mexico\/","og_site_name":"Dra. Ma. Cristina Cortinas Dur\u00e1n","article_publisher":"https:\/\/www.facebook.com\/cristinacortinasduran\/","article_published_time":"2020-12-30T19:32:21+00:00","og_image":[{"width":879,"height":391,"url":"https:\/\/cristinacortinas.org\/sustentabilidad\/wp-content\/uploads\/2020\/12\/Planes-de-manejo-de-residuos.png","type":"image\/png"}],"author":"CCristina","twitter_card":"summary_large_image","twitter_creator":"@DraCrisCortinas","twitter_site":"@DraCrisCortinas","twitter_misc":{"Escrito por":"CCristina","Tiempo de lectura":"1 minuto"},"schema":{"@context":"https:\/\/schema.org","@graph":[{"@type":"Article","@id":"https:\/\/cristinacortinas.org\/sustentabilidad\/ideas-para-acelerar-el-transito-hacia-la-economia-circular-en-mexico\/#article","isPartOf":{"@id":"https:\/\/cristinacortinas.org\/sustentabilidad\/ideas-para-acelerar-el-transito-hacia-la-economia-circular-en-mexico\/"},"author":{"name":"CCristina","@id":"https:\/\/cristinacortinas.org\/sustentabilidad\/#\/schema\/person\/230b4a4171b31e97671db5b680f06b08"},"headline":"Ideas para acelerar el tr\u00e1nsito hacia la econom\u00eda circular en M\u00e9xico","datePublished":"2020-12-30T19:32:21+00:00","mainEntityOfPage":{"@id":"https:\/\/cristinacortinas.org\/sustentabilidad\/ideas-para-acelerar-el-transito-hacia-la-economia-circular-en-mexico\/"},"wordCount":245,"image":{"@id":"https:\/\/cristinacortinas.org\/sustentabilidad\/ideas-para-acelerar-el-transito-hacia-la-economia-circular-en-mexico\/#primaryimage"},"thumbnailUrl":"https:\/\/cristinacortinas.org\/sustentabilidad\/wp-content\/uploads\/2020\/12\/Planes-de-manejo-de-residuos.png","keywords":["chilenos","COVID-19","mexicanos","Pandemia"],"articleSection":["Noticias"],"inLanguage":"es"},{"@type":"WebPage","@id":"https:\/\/cristinacortinas.org\/sustentabilidad\/ideas-para-acelerar-el-transito-hacia-la-economia-circular-en-mexico\/","url":"https:\/\/cristinacortinas.org\/sustentabilidad\/ideas-para-acelerar-el-transito-hacia-la-economia-circular-en-mexico\/","name":"Ideas para acelerar el tr\u00e1nsito hacia la econom\u00eda circular en M\u00e9xico - Dra. Ma. Cristina Cortinas Dur\u00e1n","isPartOf":{"@id":"https:\/\/cristinacortinas.org\/sustentabilidad\/#website"},"primaryImageOfPage":{"@id":"https:\/\/cristinacortinas.org\/sustentabilidad\/ideas-para-acelerar-el-transito-hacia-la-economia-circular-en-mexico\/#primaryimage"},"image":{"@id":"https:\/\/cristinacortinas.org\/sustentabilidad\/ideas-para-acelerar-el-transito-hacia-la-economia-circular-en-mexico\/#primaryimage"},"thumbnailUrl":"https:\/\/cristinacortinas.org\/sustentabilidad\/wp-content\/uploads\/2020\/12\/Planes-de-manejo-de-residuos.png","datePublished":"2020-12-30T19:32:21+00:00","author":{"@id":"https:\/\/cristinacortinas.org\/sustentabilidad\/#\/schema\/person\/230b4a4171b31e97671db5b680f06b08"},"breadcrumb":{"@id":"https:\/\/cristinacortinas.org\/sustentabilidad\/ideas-para-acelerar-el-transito-hacia-la-economia-circular-en-mexico\/#breadcrumb"},"inLanguage":"es","potentialAction":[{"@type":"ReadAction","target":["https:\/\/cristinacortinas.org\/sustentabilidad\/ideas-para-acelerar-el-transito-hacia-la-economia-circular-en-mexico\/"]}]},{"@type":"ImageObject","inLanguage":"es","@id":"https:\/\/cristinacortinas.org\/sustentabilidad\/ideas-para-acelerar-el-transito-hacia-la-economia-circular-en-mexico\/#primaryimage","url":"https:\/\/cristinacortinas.org\/sustentabilidad\/wp-content\/uploads\/2020\/12\/Planes-de-manejo-de-residuos.png","contentUrl":"https:\/\/cristinacortinas.org\/sustentabilidad\/wp-content\/uploads\/2020\/12\/Planes-de-manejo-de-residuos.png","width":879,"height":391},{"@type":"BreadcrumbList","@id":"https:\/\/cristinacortinas.org\/sustentabilidad\/ideas-para-acelerar-el-transito-hacia-la-economia-circular-en-mexico\/#breadcrumb","itemListElement":[{"@type":"ListItem","position":1,"name":"Portada","item":"https:\/\/cristinacortinas.org\/sustentabilidad\/"},{"@type":"ListItem","position":2,"name":"Ideas para acelerar el tr\u00e1nsito hacia la econom\u00eda circular en M\u00e9xico"}]},{"@type":"WebSite","@id":"https:\/\/cristinacortinas.org\/sustentabilidad\/#website","url":"https:\/\/cristinacortinas.org\/sustentabilidad\/","name":"Dra. Ma. Cristina Cortinas Dur\u00e1n","description":"","potentialAction":[{"@type":"SearchAction","target":{"@type":"EntryPoint","urlTemplate":"https:\/\/cristinacortinas.org\/sustentabilidad\/?s={search_term_string}"},"query-input":{"@type":"PropertyValueSpecification","valueRequired":true,"valueName":"search_term_string"}}],"inLanguage":"es"},{"@type":"Person","@id":"https:\/\/cristinacortinas.org\/sustentabilidad\/#\/schema\/person\/230b4a4171b31e97671db5b680f06b08","name":"CCristina"}]}},"_links":{"self":[{"href":"https:\/\/cristinacortinas.org\/sustentabilidad\/wp-json\/wp\/v2\/posts\/8197","targetHints":{"allow":["GET"]}}],"collection":[{"href":"https:\/\/cristinacortinas.org\/sustentabilidad\/wp-json\/wp\/v2\/posts"}],"about":[{"href":"https:\/\/cristinacortinas.org\/sustentabilidad\/wp-json\/wp\/v2\/types\/post"}],"author":[{"embeddable":true,"href":"https:\/\/cristinacortinas.org\/sustentabilidad\/wp-json\/wp\/v2\/users\/1"}],"replies":[{"embeddable":true,"href":"https:\/\/cristinacortinas.org\/sustentabilidad\/wp-json\/wp\/v2\/comments?post=8197"}],"version-history":[{"count":1,"href":"https:\/\/cristinacortinas.org\/sustentabilidad\/wp-json\/wp\/v2\/posts\/8197\/revisions"}],"predecessor-version":[{"id":8200,"href":"https:\/\/cristinacortinas.org\/sustentabilidad\/wp-json\/wp\/v2\/posts\/8197\/revisions\/8200"}],"wp:featuredmedia":[{"embeddable":true,"href":"https:\/\/cristinacortinas.org\/sustentabilidad\/wp-json\/wp\/v2\/media\/8199"}],"wp:attachment":[{"href":"https:\/\/cristinacortinas.org\/sustentabilidad\/wp-json\/wp\/v2\/media?parent=8197"}],"wp:term":[{"taxonomy":"category","embeddable":true,"href":"https:\/\/cristinacortinas.org\/sustentabilidad\/wp-json\/wp\/v2\/categories?post=8197"},{"taxonomy":"post_tag","embeddable":true,"href":"https:\/\/cristinacortinas.org\/sustentabilidad\/wp-json\/wp\/v2\/tags?post=8197"}],"curies":[{"name":"wp","href":"https:\/\/api.w.org\/{rel}","templated":true}]}}