{"id":8148,"date":"2020-11-29T21:57:29","date_gmt":"2020-11-30T03:57:29","guid":{"rendered":"https:\/\/cristinacortinas.org\/sustentabilidad\/?p=8148"},"modified":"2020-11-29T21:57:29","modified_gmt":"2020-11-30T03:57:29","slug":"alternativa-sustentable-para-evitar-la-quema-de-rastrojo-de-cultivos-de-cana","status":"publish","type":"post","link":"https:\/\/cristinacortinas.org\/sustentabilidad\/alternativa-sustentable-para-evitar-la-quema-de-rastrojo-de-cultivos-de-cana\/","title":{"rendered":"Alternativa sustentable para evitar la quema de rastrojo de cultivos de ca\u00f1a"},"content":{"rendered":"<p>Amig@os,<\/p>\n<p style=\"text-align: justify;\">En el Taller-Conferencia de Medios \u201cTemporada Invernal 2020-2021\u201d de la Comisi\u00f3n Ambiental Megalopolitana, del pasado d\u00eda 26 de noviembre, se habl\u00f3 de los problemas de contaminaci\u00f3n atmosf\u00e9rica que ocasiona la quema del rastrojo de los cultivos de ca\u00f1a y los riesgos que ello implica en tiempos de pandemia.<\/p>\n<p style=\"text-align: justify;\">\n<p style=\"text-align: justify;\">Preocupada por ello les hago llegar un resumen de la forma en que en Brasil se ha introducido una medida efectiva que ha eliminado esa pr\u00e1ctica y desarrollado toda una metodolog\u00eda de \u201cAgricultura de revitalizaci\u00f3n de ecosistemas\u201d, que coincide con los fines que persigue la econom\u00eda circular, acompa\u00f1ado de una lista de ligas y videos para saber m\u00e1s sobre esta alternativa.<\/p>\n<p style=\"text-align: justify;\">Creo que es tiempo de adoptar medidas como la que se describen en el texto, que conllevan beneficios ambientales, econ\u00f3micos y sociales.<\/p>\n<p style=\"text-align: center;\"><div class='w3eden'><!-- WPDM Link Template: Default Template -->\n\n<div class=\"link-template-default card mb-2\">\n    <div class=\"card-body\">\n        <div class=\"media\">\n            <div class=\"mr-3 img-48\"><img decoding=\"async\" class=\"wpdm_icon\" alt=\"Icono\"   src=\"https:\/\/cristinacortinas.org\/sustentabilidad\/wp-content\/plugins\/download-manager\/assets\/file-type-icons\/doc.png\" \/><\/div>\n            <div class=\"media-body\">\n                <h3 class=\"package-title\"><a href='https:\/\/cristinacortinas.org\/sustentabilidad\/download\/alternativa-sustentable-para-evitar-la-quema-de-rastrojo-de-cultivos-de-cana\/'>Alternativa sustentable para evitar la quema de rastrojo de cultivos de ca\u00f1a<\/a><\/h3>\n                <div class=\"text-muted text-small\"><i class=\"fas fa-copy\"><\/i> 1 archivo(s) <i class=\"fas fa-hdd ml-3\"><\/i> 152.23 KB<\/div>\n            <\/div>\n            <div class=\"ml-3\">\n                <a class='wpdm-download-link download-on-click btn btn-info ' rel='nofollow' href='#' data-downloadurl=\"https:\/\/cristinacortinas.org\/sustentabilidad\/download\/alternativa-sustentable-para-evitar-la-quema-de-rastrojo-de-cultivos-de-cana\/?wpdmdl=8149&refresh=69ef2e787feed1777282680\">Descargar<\/a>\n            <\/div>\n        <\/div>\n    <\/div>\n<\/div>\n\n<\/div>\n<p style=\"text-align: justify;\">Reciban mis saludos solidarios<\/p>\n<p style=\"text-align: justify;\">Cristina Cortinas<\/p>\n","protected":false},"excerpt":{"rendered":"<p>Amig@os, En el Taller-Conferencia de Medios \u201cTemporada Invernal 2020-2021\u201d de la Comisi\u00f3n Ambiental Megalopolitana, del pasado d\u00eda 26 de noviembre, se habl\u00f3 de los problemas de contaminaci\u00f3n atmosf\u00e9rica que ocasiona la quema del rastrojo de los cultivos de ca\u00f1a y los riesgos que ello implica en tiempos de pandemia. Preocupada por ello les hago llegar un resumen de la forma&nbsp;<a href=\"https:\/\/cristinacortinas.org\/sustentabilidad\/alternativa-sustentable-para-evitar-la-quema-de-rastrojo-de-cultivos-de-cana\/\" class=\"read-more\">Seguir leyendo<\/a><\/p>\n","protected":false},"author":1,"featured_media":0,"comment_status":"closed","ping_status":"closed","sticky":false,"template":"","format":"standard","meta":{"footnotes":""},"categories":[40],"tags":[],"class_list":["post-8148","post","type-post","status-publish","format-standard","hentry","category-noticias","cat-40-id"],"yoast_head":"<!-- This site is optimized with the Yoast SEO plugin v27.4 - https:\/\/yoast.com\/product\/yoast-seo-wordpress\/ -->\n<title>Alternativa sustentable para evitar la quema de rastrojo de cultivos de ca\u00f1a - Dra. Ma. Cristina Cortinas Dur\u00e1n<\/title>\n<meta name=\"robots\" content=\"index, follow, max-snippet:-1, max-image-preview:large, max-video-preview:-1\" \/>\n<link rel=\"canonical\" href=\"https:\/\/cristinacortinas.org\/sustentabilidad\/alternativa-sustentable-para-evitar-la-quema-de-rastrojo-de-cultivos-de-cana\/\" \/>\n<meta property=\"og:locale\" content=\"es_ES\" \/>\n<meta property=\"og:type\" content=\"article\" \/>\n<meta property=\"og:title\" content=\"Alternativa sustentable para evitar la quema de rastrojo de cultivos de ca\u00f1a - Dra. Ma. Cristina Cortinas Dur\u00e1n\" \/>\n<meta property=\"og:description\" content=\"Amig@os, En el Taller-Conferencia de Medios \u201cTemporada Invernal 2020-2021\u201d de la Comisi\u00f3n Ambiental Megalopolitana, del pasado d\u00eda 26 de noviembre, se habl\u00f3 de los problemas de contaminaci\u00f3n atmosf\u00e9rica que ocasiona la quema del rastrojo de los cultivos de ca\u00f1a y los riesgos que ello implica en tiempos de pandemia. Preocupada por ello les hago llegar un resumen de la forma&nbsp;Seguir leyendo\" \/>\n<meta property=\"og:url\" content=\"https:\/\/cristinacortinas.org\/sustentabilidad\/alternativa-sustentable-para-evitar-la-quema-de-rastrojo-de-cultivos-de-cana\/\" \/>\n<meta property=\"og:site_name\" content=\"Dra. Ma. Cristina Cortinas Dur\u00e1n\" \/>\n<meta property=\"article:publisher\" content=\"https:\/\/www.facebook.com\/cristinacortinasduran\/\" \/>\n<meta property=\"article:published_time\" content=\"2020-11-30T03:57:29+00:00\" \/>\n<meta name=\"author\" content=\"CCristina\" \/>\n<meta name=\"twitter:card\" content=\"summary_large_image\" \/>\n<meta name=\"twitter:creator\" content=\"@DraCrisCortinas\" \/>\n<meta name=\"twitter:site\" content=\"@DraCrisCortinas\" \/>\n<meta name=\"twitter:label1\" content=\"Escrito por\" \/>\n\t<meta name=\"twitter:data1\" content=\"CCristina\" \/>\n\t<meta name=\"twitter:label2\" content=\"Tiempo de lectura\" \/>\n\t<meta name=\"twitter:data2\" content=\"1 minuto\" \/>\n<script type=\"application\/ld+json\" class=\"yoast-schema-graph\">{\"@context\":\"https:\\\/\\\/schema.org\",\"@graph\":[{\"@type\":\"Article\",\"@id\":\"https:\\\/\\\/cristinacortinas.org\\\/sustentabilidad\\\/alternativa-sustentable-para-evitar-la-quema-de-rastrojo-de-cultivos-de-cana\\\/#article\",\"isPartOf\":{\"@id\":\"https:\\\/\\\/cristinacortinas.org\\\/sustentabilidad\\\/alternativa-sustentable-para-evitar-la-quema-de-rastrojo-de-cultivos-de-cana\\\/\"},\"author\":{\"name\":\"CCristina\",\"@id\":\"https:\\\/\\\/cristinacortinas.org\\\/sustentabilidad\\\/#\\\/schema\\\/person\\\/230b4a4171b31e97671db5b680f06b08\"},\"headline\":\"Alternativa sustentable para evitar la quema de rastrojo de cultivos de ca\u00f1a\",\"datePublished\":\"2020-11-30T03:57:29+00:00\",\"mainEntityOfPage\":{\"@id\":\"https:\\\/\\\/cristinacortinas.org\\\/sustentabilidad\\\/alternativa-sustentable-para-evitar-la-quema-de-rastrojo-de-cultivos-de-cana\\\/\"},\"wordCount\":168,\"articleSection\":[\"Noticias\"],\"inLanguage\":\"es\"},{\"@type\":\"WebPage\",\"@id\":\"https:\\\/\\\/cristinacortinas.org\\\/sustentabilidad\\\/alternativa-sustentable-para-evitar-la-quema-de-rastrojo-de-cultivos-de-cana\\\/\",\"url\":\"https:\\\/\\\/cristinacortinas.org\\\/sustentabilidad\\\/alternativa-sustentable-para-evitar-la-quema-de-rastrojo-de-cultivos-de-cana\\\/\",\"name\":\"Alternativa sustentable para evitar la quema de rastrojo de cultivos de ca\u00f1a - Dra. Ma. Cristina Cortinas Dur\u00e1n\",\"isPartOf\":{\"@id\":\"https:\\\/\\\/cristinacortinas.org\\\/sustentabilidad\\\/#website\"},\"datePublished\":\"2020-11-30T03:57:29+00:00\",\"author\":{\"@id\":\"https:\\\/\\\/cristinacortinas.org\\\/sustentabilidad\\\/#\\\/schema\\\/person\\\/230b4a4171b31e97671db5b680f06b08\"},\"breadcrumb\":{\"@id\":\"https:\\\/\\\/cristinacortinas.org\\\/sustentabilidad\\\/alternativa-sustentable-para-evitar-la-quema-de-rastrojo-de-cultivos-de-cana\\\/#breadcrumb\"},\"inLanguage\":\"es\",\"potentialAction\":[{\"@type\":\"ReadAction\",\"target\":[\"https:\\\/\\\/cristinacortinas.org\\\/sustentabilidad\\\/alternativa-sustentable-para-evitar-la-quema-de-rastrojo-de-cultivos-de-cana\\\/\"]}]},{\"@type\":\"BreadcrumbList\",\"@id\":\"https:\\\/\\\/cristinacortinas.org\\\/sustentabilidad\\\/alternativa-sustentable-para-evitar-la-quema-de-rastrojo-de-cultivos-de-cana\\\/#breadcrumb\",\"itemListElement\":[{\"@type\":\"ListItem\",\"position\":1,\"name\":\"Portada\",\"item\":\"https:\\\/\\\/cristinacortinas.org\\\/sustentabilidad\\\/\"},{\"@type\":\"ListItem\",\"position\":2,\"name\":\"Alternativa sustentable para evitar la quema de rastrojo de cultivos de ca\u00f1a\"}]},{\"@type\":\"WebSite\",\"@id\":\"https:\\\/\\\/cristinacortinas.org\\\/sustentabilidad\\\/#website\",\"url\":\"https:\\\/\\\/cristinacortinas.org\\\/sustentabilidad\\\/\",\"name\":\"Dra. Ma. Cristina Cortinas Dur\u00e1n\",\"description\":\"\",\"potentialAction\":[{\"@type\":\"SearchAction\",\"target\":{\"@type\":\"EntryPoint\",\"urlTemplate\":\"https:\\\/\\\/cristinacortinas.org\\\/sustentabilidad\\\/?s={search_term_string}\"},\"query-input\":{\"@type\":\"PropertyValueSpecification\",\"valueRequired\":true,\"valueName\":\"search_term_string\"}}],\"inLanguage\":\"es\"},{\"@type\":\"Person\",\"@id\":\"https:\\\/\\\/cristinacortinas.org\\\/sustentabilidad\\\/#\\\/schema\\\/person\\\/230b4a4171b31e97671db5b680f06b08\",\"name\":\"CCristina\"}]}<\/script>\n<!-- \/ Yoast SEO plugin. -->","yoast_head_json":{"title":"Alternativa sustentable para evitar la quema de rastrojo de cultivos de ca\u00f1a - Dra. Ma. Cristina Cortinas Dur\u00e1n","robots":{"index":"index","follow":"follow","max-snippet":"max-snippet:-1","max-image-preview":"max-image-preview:large","max-video-preview":"max-video-preview:-1"},"canonical":"https:\/\/cristinacortinas.org\/sustentabilidad\/alternativa-sustentable-para-evitar-la-quema-de-rastrojo-de-cultivos-de-cana\/","og_locale":"es_ES","og_type":"article","og_title":"Alternativa sustentable para evitar la quema de rastrojo de cultivos de ca\u00f1a - Dra. Ma. Cristina Cortinas Dur\u00e1n","og_description":"Amig@os, En el Taller-Conferencia de Medios \u201cTemporada Invernal 2020-2021\u201d de la Comisi\u00f3n Ambiental Megalopolitana, del pasado d\u00eda 26 de noviembre, se habl\u00f3 de los problemas de contaminaci\u00f3n atmosf\u00e9rica que ocasiona la quema del rastrojo de los cultivos de ca\u00f1a y los riesgos que ello implica en tiempos de pandemia. Preocupada por ello les hago llegar un resumen de la forma&nbsp;Seguir leyendo","og_url":"https:\/\/cristinacortinas.org\/sustentabilidad\/alternativa-sustentable-para-evitar-la-quema-de-rastrojo-de-cultivos-de-cana\/","og_site_name":"Dra. Ma. Cristina Cortinas Dur\u00e1n","article_publisher":"https:\/\/www.facebook.com\/cristinacortinasduran\/","article_published_time":"2020-11-30T03:57:29+00:00","author":"CCristina","twitter_card":"summary_large_image","twitter_creator":"@DraCrisCortinas","twitter_site":"@DraCrisCortinas","twitter_misc":{"Escrito por":"CCristina","Tiempo de lectura":"1 minuto"},"schema":{"@context":"https:\/\/schema.org","@graph":[{"@type":"Article","@id":"https:\/\/cristinacortinas.org\/sustentabilidad\/alternativa-sustentable-para-evitar-la-quema-de-rastrojo-de-cultivos-de-cana\/#article","isPartOf":{"@id":"https:\/\/cristinacortinas.org\/sustentabilidad\/alternativa-sustentable-para-evitar-la-quema-de-rastrojo-de-cultivos-de-cana\/"},"author":{"name":"CCristina","@id":"https:\/\/cristinacortinas.org\/sustentabilidad\/#\/schema\/person\/230b4a4171b31e97671db5b680f06b08"},"headline":"Alternativa sustentable para evitar la quema de rastrojo de cultivos de ca\u00f1a","datePublished":"2020-11-30T03:57:29+00:00","mainEntityOfPage":{"@id":"https:\/\/cristinacortinas.org\/sustentabilidad\/alternativa-sustentable-para-evitar-la-quema-de-rastrojo-de-cultivos-de-cana\/"},"wordCount":168,"articleSection":["Noticias"],"inLanguage":"es"},{"@type":"WebPage","@id":"https:\/\/cristinacortinas.org\/sustentabilidad\/alternativa-sustentable-para-evitar-la-quema-de-rastrojo-de-cultivos-de-cana\/","url":"https:\/\/cristinacortinas.org\/sustentabilidad\/alternativa-sustentable-para-evitar-la-quema-de-rastrojo-de-cultivos-de-cana\/","name":"Alternativa sustentable para evitar la quema de rastrojo de cultivos de ca\u00f1a - Dra. Ma. Cristina Cortinas Dur\u00e1n","isPartOf":{"@id":"https:\/\/cristinacortinas.org\/sustentabilidad\/#website"},"datePublished":"2020-11-30T03:57:29+00:00","author":{"@id":"https:\/\/cristinacortinas.org\/sustentabilidad\/#\/schema\/person\/230b4a4171b31e97671db5b680f06b08"},"breadcrumb":{"@id":"https:\/\/cristinacortinas.org\/sustentabilidad\/alternativa-sustentable-para-evitar-la-quema-de-rastrojo-de-cultivos-de-cana\/#breadcrumb"},"inLanguage":"es","potentialAction":[{"@type":"ReadAction","target":["https:\/\/cristinacortinas.org\/sustentabilidad\/alternativa-sustentable-para-evitar-la-quema-de-rastrojo-de-cultivos-de-cana\/"]}]},{"@type":"BreadcrumbList","@id":"https:\/\/cristinacortinas.org\/sustentabilidad\/alternativa-sustentable-para-evitar-la-quema-de-rastrojo-de-cultivos-de-cana\/#breadcrumb","itemListElement":[{"@type":"ListItem","position":1,"name":"Portada","item":"https:\/\/cristinacortinas.org\/sustentabilidad\/"},{"@type":"ListItem","position":2,"name":"Alternativa sustentable para evitar la quema de rastrojo de cultivos de ca\u00f1a"}]},{"@type":"WebSite","@id":"https:\/\/cristinacortinas.org\/sustentabilidad\/#website","url":"https:\/\/cristinacortinas.org\/sustentabilidad\/","name":"Dra. Ma. Cristina Cortinas Dur\u00e1n","description":"","potentialAction":[{"@type":"SearchAction","target":{"@type":"EntryPoint","urlTemplate":"https:\/\/cristinacortinas.org\/sustentabilidad\/?s={search_term_string}"},"query-input":{"@type":"PropertyValueSpecification","valueRequired":true,"valueName":"search_term_string"}}],"inLanguage":"es"},{"@type":"Person","@id":"https:\/\/cristinacortinas.org\/sustentabilidad\/#\/schema\/person\/230b4a4171b31e97671db5b680f06b08","name":"CCristina"}]}},"_links":{"self":[{"href":"https:\/\/cristinacortinas.org\/sustentabilidad\/wp-json\/wp\/v2\/posts\/8148","targetHints":{"allow":["GET"]}}],"collection":[{"href":"https:\/\/cristinacortinas.org\/sustentabilidad\/wp-json\/wp\/v2\/posts"}],"about":[{"href":"https:\/\/cristinacortinas.org\/sustentabilidad\/wp-json\/wp\/v2\/types\/post"}],"author":[{"embeddable":true,"href":"https:\/\/cristinacortinas.org\/sustentabilidad\/wp-json\/wp\/v2\/users\/1"}],"replies":[{"embeddable":true,"href":"https:\/\/cristinacortinas.org\/sustentabilidad\/wp-json\/wp\/v2\/comments?post=8148"}],"version-history":[{"count":1,"href":"https:\/\/cristinacortinas.org\/sustentabilidad\/wp-json\/wp\/v2\/posts\/8148\/revisions"}],"predecessor-version":[{"id":8152,"href":"https:\/\/cristinacortinas.org\/sustentabilidad\/wp-json\/wp\/v2\/posts\/8148\/revisions\/8152"}],"wp:attachment":[{"href":"https:\/\/cristinacortinas.org\/sustentabilidad\/wp-json\/wp\/v2\/media?parent=8148"}],"wp:term":[{"taxonomy":"category","embeddable":true,"href":"https:\/\/cristinacortinas.org\/sustentabilidad\/wp-json\/wp\/v2\/categories?post=8148"},{"taxonomy":"post_tag","embeddable":true,"href":"https:\/\/cristinacortinas.org\/sustentabilidad\/wp-json\/wp\/v2\/tags?post=8148"}],"curies":[{"name":"wp","href":"https:\/\/api.w.org\/{rel}","templated":true}]}}