{"id":8140,"date":"2020-11-29T21:44:25","date_gmt":"2020-11-30T03:44:25","guid":{"rendered":"https:\/\/cristinacortinas.org\/sustentabilidad\/?p=8140"},"modified":"2020-11-29T21:45:53","modified_gmt":"2020-11-30T03:45:53","slug":"20-aniversario-de-la-remexmar-morelos-26-de-noviembre-2020","status":"publish","type":"post","link":"https:\/\/cristinacortinas.org\/sustentabilidad\/20-aniversario-de-la-remexmar-morelos-26-de-noviembre-2020\/","title":{"rendered":"20 Aniversario de la REMEXMAR Morelos 26 de noviembre 2020"},"content":{"rendered":"<p style=\"text-align: justify;\">Con mis felicitaciones a los integrantes de la red, de parte de la Red Queretana de Manejo de Residuos (REQMAR) que presido, comparto con ustedes la conferencia que impartir\u00e9 en su reuni\u00f3n virtual conmemorativa, sobre el tema de econom\u00eda circular cero residuos.<\/p>\n<p style=\"text-align: center;\"><strong><a href=\"https:\/\/cristinacortinas.org\/sustentabilidad\/wp-content\/uploads\/download-manager-files\/Economia%20Circular%20Cero%20Residuos%20Remexmar%20Morelos.pdf\" target=\"_blank\" rel=\"noopener noreferrer\">VER PDF<\/a><\/strong><\/p>\n<p>Cristina Cortinas<\/p>\n<p><img loading=\"lazy\" decoding=\"async\" class=\"alignnone size-full wp-image-8141\" src=\"https:\/\/cristinacortinas.org\/sustentabilidad\/wp-content\/uploads\/2020\/11\/20-Aniversario-de-la-REMEXMAR-Morelos-26-de-noviembre-2020.png\" alt=\"\" width=\"1304\" height=\"786\" srcset=\"https:\/\/cristinacortinas.org\/sustentabilidad\/wp-content\/uploads\/2020\/11\/20-Aniversario-de-la-REMEXMAR-Morelos-26-de-noviembre-2020.png 1304w, https:\/\/cristinacortinas.org\/sustentabilidad\/wp-content\/uploads\/2020\/11\/20-Aniversario-de-la-REMEXMAR-Morelos-26-de-noviembre-2020-300x181.png 300w, https:\/\/cristinacortinas.org\/sustentabilidad\/wp-content\/uploads\/2020\/11\/20-Aniversario-de-la-REMEXMAR-Morelos-26-de-noviembre-2020-1024x617.png 1024w, https:\/\/cristinacortinas.org\/sustentabilidad\/wp-content\/uploads\/2020\/11\/20-Aniversario-de-la-REMEXMAR-Morelos-26-de-noviembre-2020-768x463.png 768w\" sizes=\"auto, (max-width: 1304px) 100vw, 1304px\" \/><\/p>\n","protected":false},"excerpt":{"rendered":"<p>Con mis felicitaciones a los integrantes de la red, de parte de la Red Queretana de Manejo de Residuos (REQMAR) que presido, comparto con ustedes la conferencia que impartir\u00e9 en su reuni\u00f3n virtual conmemorativa, sobre el tema de econom\u00eda circular cero residuos. VER PDF Cristina Cortinas<\/p>\n","protected":false},"author":1,"featured_media":8141,"comment_status":"closed","ping_status":"closed","sticky":false,"template":"","format":"standard","meta":{"footnotes":""},"categories":[40],"tags":[],"class_list":["post-8140","post","type-post","status-publish","format-standard","has-post-thumbnail","hentry","category-noticias","cat-40-id"],"yoast_head":"<!-- This site is optimized with the Yoast SEO plugin v27.4 - https:\/\/yoast.com\/product\/yoast-seo-wordpress\/ -->\n<title>20 Aniversario de la REMEXMAR Morelos 26 de noviembre 2020 - Dra. Ma. Cristina Cortinas Dur\u00e1n<\/title>\n<meta name=\"robots\" content=\"index, follow, max-snippet:-1, max-image-preview:large, max-video-preview:-1\" \/>\n<link rel=\"canonical\" href=\"https:\/\/cristinacortinas.org\/sustentabilidad\/20-aniversario-de-la-remexmar-morelos-26-de-noviembre-2020\/\" \/>\n<meta property=\"og:locale\" content=\"es_ES\" \/>\n<meta property=\"og:type\" content=\"article\" \/>\n<meta property=\"og:title\" content=\"20 Aniversario de la REMEXMAR Morelos 26 de noviembre 2020 - Dra. Ma. Cristina Cortinas Dur\u00e1n\" \/>\n<meta property=\"og:description\" content=\"Con mis felicitaciones a los integrantes de la red, de parte de la Red Queretana de Manejo de Residuos (REQMAR) que presido, comparto con ustedes la conferencia que impartir\u00e9 en su reuni\u00f3n virtual conmemorativa, sobre el tema de econom\u00eda circular cero residuos. VER PDF Cristina Cortinas\" \/>\n<meta property=\"og:url\" content=\"https:\/\/cristinacortinas.org\/sustentabilidad\/20-aniversario-de-la-remexmar-morelos-26-de-noviembre-2020\/\" \/>\n<meta property=\"og:site_name\" content=\"Dra. Ma. Cristina Cortinas Dur\u00e1n\" \/>\n<meta property=\"article:publisher\" content=\"https:\/\/www.facebook.com\/cristinacortinasduran\/\" \/>\n<meta property=\"article:published_time\" content=\"2020-11-30T03:44:25+00:00\" \/>\n<meta property=\"article:modified_time\" content=\"2020-11-30T03:45:53+00:00\" \/>\n<meta property=\"og:image\" content=\"https:\/\/cristinacortinas.org\/sustentabilidad\/wp-content\/uploads\/2020\/11\/20-Aniversario-de-la-REMEXMAR-Morelos-26-de-noviembre-2020.png\" \/>\n\t<meta property=\"og:image:width\" content=\"1304\" \/>\n\t<meta property=\"og:image:height\" content=\"786\" \/>\n\t<meta property=\"og:image:type\" content=\"image\/png\" \/>\n<meta name=\"author\" content=\"CCristina\" \/>\n<meta name=\"twitter:card\" content=\"summary_large_image\" \/>\n<meta name=\"twitter:creator\" content=\"@DraCrisCortinas\" \/>\n<meta name=\"twitter:site\" content=\"@DraCrisCortinas\" \/>\n<meta name=\"twitter:label1\" content=\"Escrito por\" \/>\n\t<meta name=\"twitter:data1\" content=\"CCristina\" \/>\n<script type=\"application\/ld+json\" class=\"yoast-schema-graph\">{\"@context\":\"https:\\\/\\\/schema.org\",\"@graph\":[{\"@type\":\"Article\",\"@id\":\"https:\\\/\\\/cristinacortinas.org\\\/sustentabilidad\\\/20-aniversario-de-la-remexmar-morelos-26-de-noviembre-2020\\\/#article\",\"isPartOf\":{\"@id\":\"https:\\\/\\\/cristinacortinas.org\\\/sustentabilidad\\\/20-aniversario-de-la-remexmar-morelos-26-de-noviembre-2020\\\/\"},\"author\":{\"name\":\"CCristina\",\"@id\":\"https:\\\/\\\/cristinacortinas.org\\\/sustentabilidad\\\/#\\\/schema\\\/person\\\/230b4a4171b31e97671db5b680f06b08\"},\"headline\":\"20 Aniversario de la REMEXMAR Morelos 26 de noviembre 2020\",\"datePublished\":\"2020-11-30T03:44:25+00:00\",\"dateModified\":\"2020-11-30T03:45:53+00:00\",\"mainEntityOfPage\":{\"@id\":\"https:\\\/\\\/cristinacortinas.org\\\/sustentabilidad\\\/20-aniversario-de-la-remexmar-morelos-26-de-noviembre-2020\\\/\"},\"wordCount\":55,\"image\":{\"@id\":\"https:\\\/\\\/cristinacortinas.org\\\/sustentabilidad\\\/20-aniversario-de-la-remexmar-morelos-26-de-noviembre-2020\\\/#primaryimage\"},\"thumbnailUrl\":\"https:\\\/\\\/cristinacortinas.org\\\/sustentabilidad\\\/wp-content\\\/uploads\\\/2020\\\/11\\\/20-Aniversario-de-la-REMEXMAR-Morelos-26-de-noviembre-2020.png\",\"articleSection\":[\"Noticias\"],\"inLanguage\":\"es\"},{\"@type\":\"WebPage\",\"@id\":\"https:\\\/\\\/cristinacortinas.org\\\/sustentabilidad\\\/20-aniversario-de-la-remexmar-morelos-26-de-noviembre-2020\\\/\",\"url\":\"https:\\\/\\\/cristinacortinas.org\\\/sustentabilidad\\\/20-aniversario-de-la-remexmar-morelos-26-de-noviembre-2020\\\/\",\"name\":\"20 Aniversario de la REMEXMAR Morelos 26 de noviembre 2020 - Dra. Ma. Cristina Cortinas Dur\u00e1n\",\"isPartOf\":{\"@id\":\"https:\\\/\\\/cristinacortinas.org\\\/sustentabilidad\\\/#website\"},\"primaryImageOfPage\":{\"@id\":\"https:\\\/\\\/cristinacortinas.org\\\/sustentabilidad\\\/20-aniversario-de-la-remexmar-morelos-26-de-noviembre-2020\\\/#primaryimage\"},\"image\":{\"@id\":\"https:\\\/\\\/cristinacortinas.org\\\/sustentabilidad\\\/20-aniversario-de-la-remexmar-morelos-26-de-noviembre-2020\\\/#primaryimage\"},\"thumbnailUrl\":\"https:\\\/\\\/cristinacortinas.org\\\/sustentabilidad\\\/wp-content\\\/uploads\\\/2020\\\/11\\\/20-Aniversario-de-la-REMEXMAR-Morelos-26-de-noviembre-2020.png\",\"datePublished\":\"2020-11-30T03:44:25+00:00\",\"dateModified\":\"2020-11-30T03:45:53+00:00\",\"author\":{\"@id\":\"https:\\\/\\\/cristinacortinas.org\\\/sustentabilidad\\\/#\\\/schema\\\/person\\\/230b4a4171b31e97671db5b680f06b08\"},\"breadcrumb\":{\"@id\":\"https:\\\/\\\/cristinacortinas.org\\\/sustentabilidad\\\/20-aniversario-de-la-remexmar-morelos-26-de-noviembre-2020\\\/#breadcrumb\"},\"inLanguage\":\"es\",\"potentialAction\":[{\"@type\":\"ReadAction\",\"target\":[\"https:\\\/\\\/cristinacortinas.org\\\/sustentabilidad\\\/20-aniversario-de-la-remexmar-morelos-26-de-noviembre-2020\\\/\"]}]},{\"@type\":\"ImageObject\",\"inLanguage\":\"es\",\"@id\":\"https:\\\/\\\/cristinacortinas.org\\\/sustentabilidad\\\/20-aniversario-de-la-remexmar-morelos-26-de-noviembre-2020\\\/#primaryimage\",\"url\":\"https:\\\/\\\/cristinacortinas.org\\\/sustentabilidad\\\/wp-content\\\/uploads\\\/2020\\\/11\\\/20-Aniversario-de-la-REMEXMAR-Morelos-26-de-noviembre-2020.png\",\"contentUrl\":\"https:\\\/\\\/cristinacortinas.org\\\/sustentabilidad\\\/wp-content\\\/uploads\\\/2020\\\/11\\\/20-Aniversario-de-la-REMEXMAR-Morelos-26-de-noviembre-2020.png\",\"width\":1304,\"height\":786},{\"@type\":\"BreadcrumbList\",\"@id\":\"https:\\\/\\\/cristinacortinas.org\\\/sustentabilidad\\\/20-aniversario-de-la-remexmar-morelos-26-de-noviembre-2020\\\/#breadcrumb\",\"itemListElement\":[{\"@type\":\"ListItem\",\"position\":1,\"name\":\"Portada\",\"item\":\"https:\\\/\\\/cristinacortinas.org\\\/sustentabilidad\\\/\"},{\"@type\":\"ListItem\",\"position\":2,\"name\":\"20 Aniversario de la REMEXMAR Morelos 26 de noviembre 2020\"}]},{\"@type\":\"WebSite\",\"@id\":\"https:\\\/\\\/cristinacortinas.org\\\/sustentabilidad\\\/#website\",\"url\":\"https:\\\/\\\/cristinacortinas.org\\\/sustentabilidad\\\/\",\"name\":\"Dra. Ma. Cristina Cortinas Dur\u00e1n\",\"description\":\"\",\"potentialAction\":[{\"@type\":\"SearchAction\",\"target\":{\"@type\":\"EntryPoint\",\"urlTemplate\":\"https:\\\/\\\/cristinacortinas.org\\\/sustentabilidad\\\/?s={search_term_string}\"},\"query-input\":{\"@type\":\"PropertyValueSpecification\",\"valueRequired\":true,\"valueName\":\"search_term_string\"}}],\"inLanguage\":\"es\"},{\"@type\":\"Person\",\"@id\":\"https:\\\/\\\/cristinacortinas.org\\\/sustentabilidad\\\/#\\\/schema\\\/person\\\/230b4a4171b31e97671db5b680f06b08\",\"name\":\"CCristina\"}]}<\/script>\n<!-- \/ Yoast SEO plugin. -->","yoast_head_json":{"title":"20 Aniversario de la REMEXMAR Morelos 26 de noviembre 2020 - Dra. Ma. Cristina Cortinas Dur\u00e1n","robots":{"index":"index","follow":"follow","max-snippet":"max-snippet:-1","max-image-preview":"max-image-preview:large","max-video-preview":"max-video-preview:-1"},"canonical":"https:\/\/cristinacortinas.org\/sustentabilidad\/20-aniversario-de-la-remexmar-morelos-26-de-noviembre-2020\/","og_locale":"es_ES","og_type":"article","og_title":"20 Aniversario de la REMEXMAR Morelos 26 de noviembre 2020 - Dra. Ma. Cristina Cortinas Dur\u00e1n","og_description":"Con mis felicitaciones a los integrantes de la red, de parte de la Red Queretana de Manejo de Residuos (REQMAR) que presido, comparto con ustedes la conferencia que impartir\u00e9 en su reuni\u00f3n virtual conmemorativa, sobre el tema de econom\u00eda circular cero residuos. VER PDF Cristina Cortinas","og_url":"https:\/\/cristinacortinas.org\/sustentabilidad\/20-aniversario-de-la-remexmar-morelos-26-de-noviembre-2020\/","og_site_name":"Dra. Ma. Cristina Cortinas Dur\u00e1n","article_publisher":"https:\/\/www.facebook.com\/cristinacortinasduran\/","article_published_time":"2020-11-30T03:44:25+00:00","article_modified_time":"2020-11-30T03:45:53+00:00","og_image":[{"width":1304,"height":786,"url":"https:\/\/cristinacortinas.org\/sustentabilidad\/wp-content\/uploads\/2020\/11\/20-Aniversario-de-la-REMEXMAR-Morelos-26-de-noviembre-2020.png","type":"image\/png"}],"author":"CCristina","twitter_card":"summary_large_image","twitter_creator":"@DraCrisCortinas","twitter_site":"@DraCrisCortinas","twitter_misc":{"Escrito por":"CCristina"},"schema":{"@context":"https:\/\/schema.org","@graph":[{"@type":"Article","@id":"https:\/\/cristinacortinas.org\/sustentabilidad\/20-aniversario-de-la-remexmar-morelos-26-de-noviembre-2020\/#article","isPartOf":{"@id":"https:\/\/cristinacortinas.org\/sustentabilidad\/20-aniversario-de-la-remexmar-morelos-26-de-noviembre-2020\/"},"author":{"name":"CCristina","@id":"https:\/\/cristinacortinas.org\/sustentabilidad\/#\/schema\/person\/230b4a4171b31e97671db5b680f06b08"},"headline":"20 Aniversario de la REMEXMAR Morelos 26 de noviembre 2020","datePublished":"2020-11-30T03:44:25+00:00","dateModified":"2020-11-30T03:45:53+00:00","mainEntityOfPage":{"@id":"https:\/\/cristinacortinas.org\/sustentabilidad\/20-aniversario-de-la-remexmar-morelos-26-de-noviembre-2020\/"},"wordCount":55,"image":{"@id":"https:\/\/cristinacortinas.org\/sustentabilidad\/20-aniversario-de-la-remexmar-morelos-26-de-noviembre-2020\/#primaryimage"},"thumbnailUrl":"https:\/\/cristinacortinas.org\/sustentabilidad\/wp-content\/uploads\/2020\/11\/20-Aniversario-de-la-REMEXMAR-Morelos-26-de-noviembre-2020.png","articleSection":["Noticias"],"inLanguage":"es"},{"@type":"WebPage","@id":"https:\/\/cristinacortinas.org\/sustentabilidad\/20-aniversario-de-la-remexmar-morelos-26-de-noviembre-2020\/","url":"https:\/\/cristinacortinas.org\/sustentabilidad\/20-aniversario-de-la-remexmar-morelos-26-de-noviembre-2020\/","name":"20 Aniversario de la REMEXMAR Morelos 26 de noviembre 2020 - Dra. Ma. Cristina Cortinas Dur\u00e1n","isPartOf":{"@id":"https:\/\/cristinacortinas.org\/sustentabilidad\/#website"},"primaryImageOfPage":{"@id":"https:\/\/cristinacortinas.org\/sustentabilidad\/20-aniversario-de-la-remexmar-morelos-26-de-noviembre-2020\/#primaryimage"},"image":{"@id":"https:\/\/cristinacortinas.org\/sustentabilidad\/20-aniversario-de-la-remexmar-morelos-26-de-noviembre-2020\/#primaryimage"},"thumbnailUrl":"https:\/\/cristinacortinas.org\/sustentabilidad\/wp-content\/uploads\/2020\/11\/20-Aniversario-de-la-REMEXMAR-Morelos-26-de-noviembre-2020.png","datePublished":"2020-11-30T03:44:25+00:00","dateModified":"2020-11-30T03:45:53+00:00","author":{"@id":"https:\/\/cristinacortinas.org\/sustentabilidad\/#\/schema\/person\/230b4a4171b31e97671db5b680f06b08"},"breadcrumb":{"@id":"https:\/\/cristinacortinas.org\/sustentabilidad\/20-aniversario-de-la-remexmar-morelos-26-de-noviembre-2020\/#breadcrumb"},"inLanguage":"es","potentialAction":[{"@type":"ReadAction","target":["https:\/\/cristinacortinas.org\/sustentabilidad\/20-aniversario-de-la-remexmar-morelos-26-de-noviembre-2020\/"]}]},{"@type":"ImageObject","inLanguage":"es","@id":"https:\/\/cristinacortinas.org\/sustentabilidad\/20-aniversario-de-la-remexmar-morelos-26-de-noviembre-2020\/#primaryimage","url":"https:\/\/cristinacortinas.org\/sustentabilidad\/wp-content\/uploads\/2020\/11\/20-Aniversario-de-la-REMEXMAR-Morelos-26-de-noviembre-2020.png","contentUrl":"https:\/\/cristinacortinas.org\/sustentabilidad\/wp-content\/uploads\/2020\/11\/20-Aniversario-de-la-REMEXMAR-Morelos-26-de-noviembre-2020.png","width":1304,"height":786},{"@type":"BreadcrumbList","@id":"https:\/\/cristinacortinas.org\/sustentabilidad\/20-aniversario-de-la-remexmar-morelos-26-de-noviembre-2020\/#breadcrumb","itemListElement":[{"@type":"ListItem","position":1,"name":"Portada","item":"https:\/\/cristinacortinas.org\/sustentabilidad\/"},{"@type":"ListItem","position":2,"name":"20 Aniversario de la REMEXMAR Morelos 26 de noviembre 2020"}]},{"@type":"WebSite","@id":"https:\/\/cristinacortinas.org\/sustentabilidad\/#website","url":"https:\/\/cristinacortinas.org\/sustentabilidad\/","name":"Dra. Ma. Cristina Cortinas Dur\u00e1n","description":"","potentialAction":[{"@type":"SearchAction","target":{"@type":"EntryPoint","urlTemplate":"https:\/\/cristinacortinas.org\/sustentabilidad\/?s={search_term_string}"},"query-input":{"@type":"PropertyValueSpecification","valueRequired":true,"valueName":"search_term_string"}}],"inLanguage":"es"},{"@type":"Person","@id":"https:\/\/cristinacortinas.org\/sustentabilidad\/#\/schema\/person\/230b4a4171b31e97671db5b680f06b08","name":"CCristina"}]}},"_links":{"self":[{"href":"https:\/\/cristinacortinas.org\/sustentabilidad\/wp-json\/wp\/v2\/posts\/8140","targetHints":{"allow":["GET"]}}],"collection":[{"href":"https:\/\/cristinacortinas.org\/sustentabilidad\/wp-json\/wp\/v2\/posts"}],"about":[{"href":"https:\/\/cristinacortinas.org\/sustentabilidad\/wp-json\/wp\/v2\/types\/post"}],"author":[{"embeddable":true,"href":"https:\/\/cristinacortinas.org\/sustentabilidad\/wp-json\/wp\/v2\/users\/1"}],"replies":[{"embeddable":true,"href":"https:\/\/cristinacortinas.org\/sustentabilidad\/wp-json\/wp\/v2\/comments?post=8140"}],"version-history":[{"count":2,"href":"https:\/\/cristinacortinas.org\/sustentabilidad\/wp-json\/wp\/v2\/posts\/8140\/revisions"}],"predecessor-version":[{"id":8143,"href":"https:\/\/cristinacortinas.org\/sustentabilidad\/wp-json\/wp\/v2\/posts\/8140\/revisions\/8143"}],"wp:featuredmedia":[{"embeddable":true,"href":"https:\/\/cristinacortinas.org\/sustentabilidad\/wp-json\/wp\/v2\/media\/8141"}],"wp:attachment":[{"href":"https:\/\/cristinacortinas.org\/sustentabilidad\/wp-json\/wp\/v2\/media?parent=8140"}],"wp:term":[{"taxonomy":"category","embeddable":true,"href":"https:\/\/cristinacortinas.org\/sustentabilidad\/wp-json\/wp\/v2\/categories?post=8140"},{"taxonomy":"post_tag","embeddable":true,"href":"https:\/\/cristinacortinas.org\/sustentabilidad\/wp-json\/wp\/v2\/tags?post=8140"}],"curies":[{"name":"wp","href":"https:\/\/api.w.org\/{rel}","templated":true}]}}