{"id":7963,"date":"2020-10-27T23:25:05","date_gmt":"2020-10-28T05:25:05","guid":{"rendered":"https:\/\/cristinacortinas.org\/sustentabilidad\/?p=7963"},"modified":"2020-10-27T23:25:05","modified_gmt":"2020-10-28T05:25:05","slug":"el-papel-de-las-juventudes-en-la-transformacion-post-pandemia","status":"publish","type":"post","link":"https:\/\/cristinacortinas.org\/sustentabilidad\/el-papel-de-las-juventudes-en-la-transformacion-post-pandemia\/","title":{"rendered":"El papel de las juventudes en la transformaci\u00f3n post pandemia"},"content":{"rendered":"<p>Amig@os,<\/p>\n<p style=\"text-align: justify;\">Hago extensiva la invitaci\u00f3n a que los j\u00f3venes se unan a la iniciativa de la Red de J\u00f3venes Ambientalistas, sobre la cual anexo dos textos informativos de sus fines. Tambi\u00e9n les invito a ver el video en el que los j\u00f3venes se expresan al respecto, en la p\u00e1gina del Colegio Nacional (<a href=\"https:\/\/colnal.mx\">https:\/\/colnal.mx<\/a>):<\/p>\n<p style=\"text-align: center;\"><div class='w3eden'><!-- WPDM Link Template: Default Template -->\n\n<div class=\"link-template-default card mb-2\">\n    <div class=\"card-body\">\n        <div class=\"media\">\n            <div class=\"mr-3 img-48\"><img decoding=\"async\" class=\"wpdm_icon\" alt=\"Icono\"   src=\"https:\/\/cristinacortinas.org\/sustentabilidad\/wp-content\/plugins\/download-manager\/assets\/file-type-icons\/doc.png\" \/><\/div>\n            <div class=\"media-body\">\n                <h3 class=\"package-title\"><a href='https:\/\/cristinacortinas.org\/sustentabilidad\/download\/el-papel-de-las-juventudes-en-la-transformacion\/'>El papel de las juventudes en la transformacio\u0301n<\/a><\/h3>\n                <div class=\"text-muted text-small\"><i class=\"fas fa-copy\"><\/i> 1 archivo(s) <i class=\"fas fa-hdd ml-3\"><\/i> 3.67 MB<\/div>\n            <\/div>\n            <div class=\"ml-3\">\n                <a class='wpdm-download-link download-on-click btn btn-info ' rel='nofollow' href='#' data-downloadurl=\"https:\/\/cristinacortinas.org\/sustentabilidad\/download\/el-papel-de-las-juventudes-en-la-transformacion\/?wpdmdl=7965&refresh=69eebf65daab31777254245\">Descargar<\/a>\n            <\/div>\n        <\/div>\n    <\/div>\n<\/div>\n\n<\/div>\n<p style=\"text-align: center;\">5\u00ba Encuentro Libertad por el Saber<\/p>\n<p style=\"text-align: center;\">\u00bfCu\u00e1l desarrollo para un planeta saludable?<\/p>\n<p style=\"text-align: center;\">Sesi\u00f3n del 24 de octubre de 2020<\/p>\n<p style=\"text-align: center;\">Agenda 2030 juvenil. Diez a\u00f1os para salvar al mundo<\/p>\n<p style=\"text-align: center;\"><div class='w3eden'><!-- WPDM Link Template: Default Template -->\n\n<div class=\"link-template-default card mb-2\">\n    <div class=\"card-body\">\n        <div class=\"media\">\n            <div class=\"mr-3 img-48\"><img decoding=\"async\" class=\"wpdm_icon\" alt=\"Icono\"   src=\"https:\/\/cristinacortinas.org\/sustentabilidad\/wp-content\/plugins\/download-manager\/assets\/file-type-icons\/pdf.png\" \/><\/div>\n            <div class=\"media-body\">\n                <h3 class=\"package-title\"><a href='https:\/\/cristinacortinas.org\/sustentabilidad\/download\/agenda-2030-juvenil-presentada-en-el-colegio-nacional\/'>Agenda 2030 Juvenil presentada en el Colegio Nacional<\/a><\/h3>\n                <div class=\"text-muted text-small\"><i class=\"fas fa-copy\"><\/i> 1 archivo(s) <i class=\"fas fa-hdd ml-3\"><\/i> 111.77 KB<\/div>\n            <\/div>\n            <div class=\"ml-3\">\n                <a class='wpdm-download-link download-on-click btn btn-info ' rel='nofollow' href='#' data-downloadurl=\"https:\/\/cristinacortinas.org\/sustentabilidad\/download\/agenda-2030-juvenil-presentada-en-el-colegio-nacional\/?wpdmdl=7967&refresh=69eebf65df3b81777254245\">Descargar<\/a>\n            <\/div>\n        <\/div>\n    <\/div>\n<\/div>\n\n<\/div>\n<p style=\"text-align: center;\">Los interesados pueden sumarse a esta organizaci\u00f3n a trav\u00e9s del correo <a href=\"mailto:redjovenesamb@gmail.com\">redjovenesamb@gmail.com<\/a>.<\/p>\n<p style=\"text-align: center;\">Agradecer\u00e9 su apoyo para difundir este mensaje entre los j\u00f3venes<\/p>\n<p style=\"text-align: center;\">Cristina Cortinas<\/p>\n","protected":false},"excerpt":{"rendered":"<p>Amig@os, Hago extensiva la invitaci\u00f3n a que los j\u00f3venes se unan a la iniciativa de la Red de J\u00f3venes Ambientalistas, sobre la cual anexo dos textos informativos de sus fines. Tambi\u00e9n les invito a ver el video en el que los j\u00f3venes se expresan al respecto, en la p\u00e1gina del Colegio Nacional (https:\/\/colnal.mx): 5\u00ba Encuentro Libertad por el Saber \u00bfCu\u00e1l&nbsp;<a href=\"https:\/\/cristinacortinas.org\/sustentabilidad\/el-papel-de-las-juventudes-en-la-transformacion-post-pandemia\/\" class=\"read-more\">Seguir leyendo<\/a><\/p>\n","protected":false},"author":1,"featured_media":7964,"comment_status":"closed","ping_status":"closed","sticky":false,"template":"","format":"standard","meta":{"footnotes":""},"categories":[40],"tags":[1036,1035,1028],"class_list":["post-7963","post","type-post","status-publish","format-standard","has-post-thumbnail","hentry","category-noticias","tag-ambientalistas","tag-jovenes","tag-pandemia","cat-40-id"],"yoast_head":"<!-- This site is optimized with the Yoast SEO plugin v27.4 - https:\/\/yoast.com\/product\/yoast-seo-wordpress\/ -->\n<title>El papel de las juventudes en la transformaci\u00f3n post pandemia - Dra. Ma. Cristina Cortinas Dur\u00e1n<\/title>\n<meta name=\"description\" content=\"Hago extensiva la invitaci\u00f3n a que los j\u00f3venes se unan a la iniciativa de la Red de J\u00f3venes Ambientalistas, sobre la cual anexo dos textos informativos de sus fines. Tambi\u00e9n les invito a ver el video en el que los j\u00f3venes se expresan al respecto, en la p\u00e1gina del Colegio Nacional\" \/>\n<meta name=\"robots\" content=\"index, follow, max-snippet:-1, max-image-preview:large, max-video-preview:-1\" \/>\n<link rel=\"canonical\" href=\"https:\/\/cristinacortinas.org\/sustentabilidad\/el-papel-de-las-juventudes-en-la-transformacion-post-pandemia\/\" \/>\n<meta property=\"og:locale\" content=\"es_ES\" \/>\n<meta property=\"og:type\" content=\"article\" \/>\n<meta property=\"og:title\" content=\"El papel de las juventudes en la transformaci\u00f3n post pandemia - Dra. Ma. Cristina Cortinas Dur\u00e1n\" \/>\n<meta property=\"og:description\" content=\"Hago extensiva la invitaci\u00f3n a que los j\u00f3venes se unan a la iniciativa de la Red de J\u00f3venes Ambientalistas, sobre la cual anexo dos textos informativos de sus fines. Tambi\u00e9n les invito a ver el video en el que los j\u00f3venes se expresan al respecto, en la p\u00e1gina del Colegio Nacional\" \/>\n<meta property=\"og:url\" content=\"https:\/\/cristinacortinas.org\/sustentabilidad\/el-papel-de-las-juventudes-en-la-transformacion-post-pandemia\/\" \/>\n<meta property=\"og:site_name\" content=\"Dra. Ma. Cristina Cortinas Dur\u00e1n\" \/>\n<meta property=\"article:publisher\" content=\"https:\/\/www.facebook.com\/cristinacortinasduran\/\" \/>\n<meta property=\"article:published_time\" content=\"2020-10-28T05:25:05+00:00\" \/>\n<meta property=\"og:image\" content=\"https:\/\/cristinacortinas.org\/sustentabilidad\/wp-content\/uploads\/2020\/10\/Crisi-ecologica.jpg\" \/>\n\t<meta property=\"og:image:width\" content=\"921\" \/>\n\t<meta property=\"og:image:height\" content=\"518\" \/>\n\t<meta property=\"og:image:type\" content=\"image\/jpeg\" \/>\n<meta name=\"author\" content=\"CCristina\" \/>\n<meta name=\"twitter:card\" content=\"summary_large_image\" \/>\n<meta name=\"twitter:creator\" content=\"@DraCrisCortinas\" \/>\n<meta name=\"twitter:site\" content=\"@DraCrisCortinas\" \/>\n<meta name=\"twitter:label1\" content=\"Escrito por\" \/>\n\t<meta name=\"twitter:data1\" content=\"CCristina\" \/>\n\t<meta name=\"twitter:label2\" content=\"Tiempo de lectura\" \/>\n\t<meta name=\"twitter:data2\" content=\"1 minuto\" \/>\n<script type=\"application\/ld+json\" class=\"yoast-schema-graph\">{\"@context\":\"https:\\\/\\\/schema.org\",\"@graph\":[{\"@type\":\"Article\",\"@id\":\"https:\\\/\\\/cristinacortinas.org\\\/sustentabilidad\\\/el-papel-de-las-juventudes-en-la-transformacion-post-pandemia\\\/#article\",\"isPartOf\":{\"@id\":\"https:\\\/\\\/cristinacortinas.org\\\/sustentabilidad\\\/el-papel-de-las-juventudes-en-la-transformacion-post-pandemia\\\/\"},\"author\":{\"name\":\"CCristina\",\"@id\":\"https:\\\/\\\/cristinacortinas.org\\\/sustentabilidad\\\/#\\\/schema\\\/person\\\/230b4a4171b31e97671db5b680f06b08\"},\"headline\":\"El papel de las juventudes en la transformaci\u00f3n post pandemia\",\"datePublished\":\"2020-10-28T05:25:05+00:00\",\"mainEntityOfPage\":{\"@id\":\"https:\\\/\\\/cristinacortinas.org\\\/sustentabilidad\\\/el-papel-de-las-juventudes-en-la-transformacion-post-pandemia\\\/\"},\"wordCount\":139,\"image\":{\"@id\":\"https:\\\/\\\/cristinacortinas.org\\\/sustentabilidad\\\/el-papel-de-las-juventudes-en-la-transformacion-post-pandemia\\\/#primaryimage\"},\"thumbnailUrl\":\"https:\\\/\\\/cristinacortinas.org\\\/sustentabilidad\\\/wp-content\\\/uploads\\\/2020\\\/10\\\/Crisi-ecologica.jpg\",\"keywords\":[\"Ambientalistas\",\"j\u00f3venes\",\"Pandemia\"],\"articleSection\":[\"Noticias\"],\"inLanguage\":\"es\"},{\"@type\":\"WebPage\",\"@id\":\"https:\\\/\\\/cristinacortinas.org\\\/sustentabilidad\\\/el-papel-de-las-juventudes-en-la-transformacion-post-pandemia\\\/\",\"url\":\"https:\\\/\\\/cristinacortinas.org\\\/sustentabilidad\\\/el-papel-de-las-juventudes-en-la-transformacion-post-pandemia\\\/\",\"name\":\"El papel de las juventudes en la transformaci\u00f3n post pandemia - Dra. Ma. Cristina Cortinas Dur\u00e1n\",\"isPartOf\":{\"@id\":\"https:\\\/\\\/cristinacortinas.org\\\/sustentabilidad\\\/#website\"},\"primaryImageOfPage\":{\"@id\":\"https:\\\/\\\/cristinacortinas.org\\\/sustentabilidad\\\/el-papel-de-las-juventudes-en-la-transformacion-post-pandemia\\\/#primaryimage\"},\"image\":{\"@id\":\"https:\\\/\\\/cristinacortinas.org\\\/sustentabilidad\\\/el-papel-de-las-juventudes-en-la-transformacion-post-pandemia\\\/#primaryimage\"},\"thumbnailUrl\":\"https:\\\/\\\/cristinacortinas.org\\\/sustentabilidad\\\/wp-content\\\/uploads\\\/2020\\\/10\\\/Crisi-ecologica.jpg\",\"datePublished\":\"2020-10-28T05:25:05+00:00\",\"author\":{\"@id\":\"https:\\\/\\\/cristinacortinas.org\\\/sustentabilidad\\\/#\\\/schema\\\/person\\\/230b4a4171b31e97671db5b680f06b08\"},\"description\":\"Hago extensiva la invitaci\u00f3n a que los j\u00f3venes se unan a la iniciativa de la Red de J\u00f3venes Ambientalistas, sobre la cual anexo dos textos informativos de sus fines. Tambi\u00e9n les invito a ver el video en el que los j\u00f3venes se expresan al respecto, en la p\u00e1gina del Colegio Nacional\",\"breadcrumb\":{\"@id\":\"https:\\\/\\\/cristinacortinas.org\\\/sustentabilidad\\\/el-papel-de-las-juventudes-en-la-transformacion-post-pandemia\\\/#breadcrumb\"},\"inLanguage\":\"es\",\"potentialAction\":[{\"@type\":\"ReadAction\",\"target\":[\"https:\\\/\\\/cristinacortinas.org\\\/sustentabilidad\\\/el-papel-de-las-juventudes-en-la-transformacion-post-pandemia\\\/\"]}]},{\"@type\":\"ImageObject\",\"inLanguage\":\"es\",\"@id\":\"https:\\\/\\\/cristinacortinas.org\\\/sustentabilidad\\\/el-papel-de-las-juventudes-en-la-transformacion-post-pandemia\\\/#primaryimage\",\"url\":\"https:\\\/\\\/cristinacortinas.org\\\/sustentabilidad\\\/wp-content\\\/uploads\\\/2020\\\/10\\\/Crisi-ecologica.jpg\",\"contentUrl\":\"https:\\\/\\\/cristinacortinas.org\\\/sustentabilidad\\\/wp-content\\\/uploads\\\/2020\\\/10\\\/Crisi-ecologica.jpg\",\"width\":921,\"height\":518},{\"@type\":\"BreadcrumbList\",\"@id\":\"https:\\\/\\\/cristinacortinas.org\\\/sustentabilidad\\\/el-papel-de-las-juventudes-en-la-transformacion-post-pandemia\\\/#breadcrumb\",\"itemListElement\":[{\"@type\":\"ListItem\",\"position\":1,\"name\":\"Portada\",\"item\":\"https:\\\/\\\/cristinacortinas.org\\\/sustentabilidad\\\/\"},{\"@type\":\"ListItem\",\"position\":2,\"name\":\"El papel de las juventudes en la transformaci\u00f3n post pandemia\"}]},{\"@type\":\"WebSite\",\"@id\":\"https:\\\/\\\/cristinacortinas.org\\\/sustentabilidad\\\/#website\",\"url\":\"https:\\\/\\\/cristinacortinas.org\\\/sustentabilidad\\\/\",\"name\":\"Dra. Ma. Cristina Cortinas Dur\u00e1n\",\"description\":\"\",\"potentialAction\":[{\"@type\":\"SearchAction\",\"target\":{\"@type\":\"EntryPoint\",\"urlTemplate\":\"https:\\\/\\\/cristinacortinas.org\\\/sustentabilidad\\\/?s={search_term_string}\"},\"query-input\":{\"@type\":\"PropertyValueSpecification\",\"valueRequired\":true,\"valueName\":\"search_term_string\"}}],\"inLanguage\":\"es\"},{\"@type\":\"Person\",\"@id\":\"https:\\\/\\\/cristinacortinas.org\\\/sustentabilidad\\\/#\\\/schema\\\/person\\\/230b4a4171b31e97671db5b680f06b08\",\"name\":\"CCristina\"}]}<\/script>\n<!-- \/ Yoast SEO plugin. -->","yoast_head_json":{"title":"El papel de las juventudes en la transformaci\u00f3n post pandemia - Dra. Ma. Cristina Cortinas Dur\u00e1n","description":"Hago extensiva la invitaci\u00f3n a que los j\u00f3venes se unan a la iniciativa de la Red de J\u00f3venes Ambientalistas, sobre la cual anexo dos textos informativos de sus fines. Tambi\u00e9n les invito a ver el video en el que los j\u00f3venes se expresan al respecto, en la p\u00e1gina del Colegio Nacional","robots":{"index":"index","follow":"follow","max-snippet":"max-snippet:-1","max-image-preview":"max-image-preview:large","max-video-preview":"max-video-preview:-1"},"canonical":"https:\/\/cristinacortinas.org\/sustentabilidad\/el-papel-de-las-juventudes-en-la-transformacion-post-pandemia\/","og_locale":"es_ES","og_type":"article","og_title":"El papel de las juventudes en la transformaci\u00f3n post pandemia - Dra. Ma. Cristina Cortinas Dur\u00e1n","og_description":"Hago extensiva la invitaci\u00f3n a que los j\u00f3venes se unan a la iniciativa de la Red de J\u00f3venes Ambientalistas, sobre la cual anexo dos textos informativos de sus fines. Tambi\u00e9n les invito a ver el video en el que los j\u00f3venes se expresan al respecto, en la p\u00e1gina del Colegio Nacional","og_url":"https:\/\/cristinacortinas.org\/sustentabilidad\/el-papel-de-las-juventudes-en-la-transformacion-post-pandemia\/","og_site_name":"Dra. Ma. Cristina Cortinas Dur\u00e1n","article_publisher":"https:\/\/www.facebook.com\/cristinacortinasduran\/","article_published_time":"2020-10-28T05:25:05+00:00","og_image":[{"width":921,"height":518,"url":"https:\/\/cristinacortinas.org\/sustentabilidad\/wp-content\/uploads\/2020\/10\/Crisi-ecologica.jpg","type":"image\/jpeg"}],"author":"CCristina","twitter_card":"summary_large_image","twitter_creator":"@DraCrisCortinas","twitter_site":"@DraCrisCortinas","twitter_misc":{"Escrito por":"CCristina","Tiempo de lectura":"1 minuto"},"schema":{"@context":"https:\/\/schema.org","@graph":[{"@type":"Article","@id":"https:\/\/cristinacortinas.org\/sustentabilidad\/el-papel-de-las-juventudes-en-la-transformacion-post-pandemia\/#article","isPartOf":{"@id":"https:\/\/cristinacortinas.org\/sustentabilidad\/el-papel-de-las-juventudes-en-la-transformacion-post-pandemia\/"},"author":{"name":"CCristina","@id":"https:\/\/cristinacortinas.org\/sustentabilidad\/#\/schema\/person\/230b4a4171b31e97671db5b680f06b08"},"headline":"El papel de las juventudes en la transformaci\u00f3n post pandemia","datePublished":"2020-10-28T05:25:05+00:00","mainEntityOfPage":{"@id":"https:\/\/cristinacortinas.org\/sustentabilidad\/el-papel-de-las-juventudes-en-la-transformacion-post-pandemia\/"},"wordCount":139,"image":{"@id":"https:\/\/cristinacortinas.org\/sustentabilidad\/el-papel-de-las-juventudes-en-la-transformacion-post-pandemia\/#primaryimage"},"thumbnailUrl":"https:\/\/cristinacortinas.org\/sustentabilidad\/wp-content\/uploads\/2020\/10\/Crisi-ecologica.jpg","keywords":["Ambientalistas","j\u00f3venes","Pandemia"],"articleSection":["Noticias"],"inLanguage":"es"},{"@type":"WebPage","@id":"https:\/\/cristinacortinas.org\/sustentabilidad\/el-papel-de-las-juventudes-en-la-transformacion-post-pandemia\/","url":"https:\/\/cristinacortinas.org\/sustentabilidad\/el-papel-de-las-juventudes-en-la-transformacion-post-pandemia\/","name":"El papel de las juventudes en la transformaci\u00f3n post pandemia - Dra. Ma. Cristina Cortinas Dur\u00e1n","isPartOf":{"@id":"https:\/\/cristinacortinas.org\/sustentabilidad\/#website"},"primaryImageOfPage":{"@id":"https:\/\/cristinacortinas.org\/sustentabilidad\/el-papel-de-las-juventudes-en-la-transformacion-post-pandemia\/#primaryimage"},"image":{"@id":"https:\/\/cristinacortinas.org\/sustentabilidad\/el-papel-de-las-juventudes-en-la-transformacion-post-pandemia\/#primaryimage"},"thumbnailUrl":"https:\/\/cristinacortinas.org\/sustentabilidad\/wp-content\/uploads\/2020\/10\/Crisi-ecologica.jpg","datePublished":"2020-10-28T05:25:05+00:00","author":{"@id":"https:\/\/cristinacortinas.org\/sustentabilidad\/#\/schema\/person\/230b4a4171b31e97671db5b680f06b08"},"description":"Hago extensiva la invitaci\u00f3n a que los j\u00f3venes se unan a la iniciativa de la Red de J\u00f3venes Ambientalistas, sobre la cual anexo dos textos informativos de sus fines. Tambi\u00e9n les invito a ver el video en el que los j\u00f3venes se expresan al respecto, en la p\u00e1gina del Colegio Nacional","breadcrumb":{"@id":"https:\/\/cristinacortinas.org\/sustentabilidad\/el-papel-de-las-juventudes-en-la-transformacion-post-pandemia\/#breadcrumb"},"inLanguage":"es","potentialAction":[{"@type":"ReadAction","target":["https:\/\/cristinacortinas.org\/sustentabilidad\/el-papel-de-las-juventudes-en-la-transformacion-post-pandemia\/"]}]},{"@type":"ImageObject","inLanguage":"es","@id":"https:\/\/cristinacortinas.org\/sustentabilidad\/el-papel-de-las-juventudes-en-la-transformacion-post-pandemia\/#primaryimage","url":"https:\/\/cristinacortinas.org\/sustentabilidad\/wp-content\/uploads\/2020\/10\/Crisi-ecologica.jpg","contentUrl":"https:\/\/cristinacortinas.org\/sustentabilidad\/wp-content\/uploads\/2020\/10\/Crisi-ecologica.jpg","width":921,"height":518},{"@type":"BreadcrumbList","@id":"https:\/\/cristinacortinas.org\/sustentabilidad\/el-papel-de-las-juventudes-en-la-transformacion-post-pandemia\/#breadcrumb","itemListElement":[{"@type":"ListItem","position":1,"name":"Portada","item":"https:\/\/cristinacortinas.org\/sustentabilidad\/"},{"@type":"ListItem","position":2,"name":"El papel de las juventudes en la transformaci\u00f3n post pandemia"}]},{"@type":"WebSite","@id":"https:\/\/cristinacortinas.org\/sustentabilidad\/#website","url":"https:\/\/cristinacortinas.org\/sustentabilidad\/","name":"Dra. Ma. Cristina Cortinas Dur\u00e1n","description":"","potentialAction":[{"@type":"SearchAction","target":{"@type":"EntryPoint","urlTemplate":"https:\/\/cristinacortinas.org\/sustentabilidad\/?s={search_term_string}"},"query-input":{"@type":"PropertyValueSpecification","valueRequired":true,"valueName":"search_term_string"}}],"inLanguage":"es"},{"@type":"Person","@id":"https:\/\/cristinacortinas.org\/sustentabilidad\/#\/schema\/person\/230b4a4171b31e97671db5b680f06b08","name":"CCristina"}]}},"_links":{"self":[{"href":"https:\/\/cristinacortinas.org\/sustentabilidad\/wp-json\/wp\/v2\/posts\/7963","targetHints":{"allow":["GET"]}}],"collection":[{"href":"https:\/\/cristinacortinas.org\/sustentabilidad\/wp-json\/wp\/v2\/posts"}],"about":[{"href":"https:\/\/cristinacortinas.org\/sustentabilidad\/wp-json\/wp\/v2\/types\/post"}],"author":[{"embeddable":true,"href":"https:\/\/cristinacortinas.org\/sustentabilidad\/wp-json\/wp\/v2\/users\/1"}],"replies":[{"embeddable":true,"href":"https:\/\/cristinacortinas.org\/sustentabilidad\/wp-json\/wp\/v2\/comments?post=7963"}],"version-history":[{"count":1,"href":"https:\/\/cristinacortinas.org\/sustentabilidad\/wp-json\/wp\/v2\/posts\/7963\/revisions"}],"predecessor-version":[{"id":7969,"href":"https:\/\/cristinacortinas.org\/sustentabilidad\/wp-json\/wp\/v2\/posts\/7963\/revisions\/7969"}],"wp:featuredmedia":[{"embeddable":true,"href":"https:\/\/cristinacortinas.org\/sustentabilidad\/wp-json\/wp\/v2\/media\/7964"}],"wp:attachment":[{"href":"https:\/\/cristinacortinas.org\/sustentabilidad\/wp-json\/wp\/v2\/media?parent=7963"}],"wp:term":[{"taxonomy":"category","embeddable":true,"href":"https:\/\/cristinacortinas.org\/sustentabilidad\/wp-json\/wp\/v2\/categories?post=7963"},{"taxonomy":"post_tag","embeddable":true,"href":"https:\/\/cristinacortinas.org\/sustentabilidad\/wp-json\/wp\/v2\/tags?post=7963"}],"curies":[{"name":"wp","href":"https:\/\/api.w.org\/{rel}","templated":true}]}}