{"id":7749,"date":"2020-06-09T16:01:09","date_gmt":"2020-06-09T21:01:09","guid":{"rendered":"https:\/\/cristinacortinas.org\/sustentabilidad\/?p=7749"},"modified":"2020-06-09T16:01:09","modified_gmt":"2020-06-09T21:01:09","slug":"invitacion-al-vii-diplomado-desastres-y-cambio-climatico","status":"publish","type":"post","link":"https:\/\/cristinacortinas.org\/sustentabilidad\/invitacion-al-vii-diplomado-desastres-y-cambio-climatico\/","title":{"rendered":"Invitaci\u00f3n al VII Diplomado Desastres y Cambio Clim\u00e1tico"},"content":{"rendered":"<p>&nbsp;<\/p>\n<p>Invitaci\u00f3n al VII Diplomado Desastres y Cambio Clim\u00e1tico<\/p>\n<p>del 29 de junio al 29 de noviembre.<\/p>\n<p><a href=\"http:\/\/www.institutomora.edu.mx\">www.institutomora.edu.mx<\/a><\/p>\n","protected":false},"excerpt":{"rendered":"<p>&nbsp; Invitaci\u00f3n al VII Diplomado Desastres y Cambio Clim\u00e1tico del 29 de junio al 29 de noviembre. www.institutomora.edu.mx<\/p>\n","protected":false},"author":1,"featured_media":7750,"comment_status":"closed","ping_status":"closed","sticky":false,"template":"","format":"standard","meta":{"footnotes":""},"categories":[40],"tags":[],"class_list":["post-7749","post","type-post","status-publish","format-standard","has-post-thumbnail","hentry","category-noticias","cat-40-id"],"yoast_head":"<!-- This site is optimized with the Yoast SEO plugin v27.4 - https:\/\/yoast.com\/product\/yoast-seo-wordpress\/ -->\n<title>Invitaci\u00f3n al VII Diplomado Desastres y Cambio Clim\u00e1tico - Dra. Ma. Cristina Cortinas Dur\u00e1n<\/title>\n<meta name=\"robots\" content=\"index, follow, max-snippet:-1, max-image-preview:large, max-video-preview:-1\" \/>\n<link rel=\"canonical\" href=\"https:\/\/cristinacortinas.org\/sustentabilidad\/invitacion-al-vii-diplomado-desastres-y-cambio-climatico\/\" \/>\n<meta property=\"og:locale\" content=\"es_ES\" \/>\n<meta property=\"og:type\" content=\"article\" \/>\n<meta property=\"og:title\" content=\"Invitaci\u00f3n al VII Diplomado Desastres y Cambio Clim\u00e1tico - Dra. Ma. Cristina Cortinas Dur\u00e1n\" \/>\n<meta property=\"og:description\" content=\"&nbsp; Invitaci\u00f3n al VII Diplomado Desastres y Cambio Clim\u00e1tico del 29 de junio al 29 de noviembre. www.institutomora.edu.mx\" \/>\n<meta property=\"og:url\" content=\"https:\/\/cristinacortinas.org\/sustentabilidad\/invitacion-al-vii-diplomado-desastres-y-cambio-climatico\/\" \/>\n<meta property=\"og:site_name\" content=\"Dra. Ma. Cristina Cortinas Dur\u00e1n\" \/>\n<meta property=\"article:publisher\" content=\"https:\/\/www.facebook.com\/cristinacortinasduran\/\" \/>\n<meta property=\"article:published_time\" content=\"2020-06-09T21:01:09+00:00\" \/>\n<meta property=\"og:image\" content=\"https:\/\/cristinacortinas.org\/sustentabilidad\/wp-content\/uploads\/2020\/06\/VII-Diplomado-Desastres-y-Cambio-Clima\u0301tico.jpg\" \/>\n\t<meta property=\"og:image:width\" content=\"828\" \/>\n\t<meta property=\"og:image:height\" content=\"1280\" \/>\n\t<meta property=\"og:image:type\" content=\"image\/jpeg\" \/>\n<meta name=\"author\" content=\"CCristina\" \/>\n<meta name=\"twitter:card\" content=\"summary_large_image\" \/>\n<meta name=\"twitter:creator\" content=\"@DraCrisCortinas\" \/>\n<meta name=\"twitter:site\" content=\"@DraCrisCortinas\" \/>\n<meta name=\"twitter:label1\" content=\"Escrito por\" \/>\n\t<meta name=\"twitter:data1\" content=\"CCristina\" \/>\n<script type=\"application\/ld+json\" class=\"yoast-schema-graph\">{\"@context\":\"https:\\\/\\\/schema.org\",\"@graph\":[{\"@type\":\"Article\",\"@id\":\"https:\\\/\\\/cristinacortinas.org\\\/sustentabilidad\\\/invitacion-al-vii-diplomado-desastres-y-cambio-climatico\\\/#article\",\"isPartOf\":{\"@id\":\"https:\\\/\\\/cristinacortinas.org\\\/sustentabilidad\\\/invitacion-al-vii-diplomado-desastres-y-cambio-climatico\\\/\"},\"author\":{\"name\":\"CCristina\",\"@id\":\"https:\\\/\\\/cristinacortinas.org\\\/sustentabilidad\\\/#\\\/schema\\\/person\\\/230b4a4171b31e97671db5b680f06b08\"},\"headline\":\"Invitaci\u00f3n al VII Diplomado Desastres y Cambio Clim\u00e1tico\",\"datePublished\":\"2020-06-09T21:01:09+00:00\",\"mainEntityOfPage\":{\"@id\":\"https:\\\/\\\/cristinacortinas.org\\\/sustentabilidad\\\/invitacion-al-vii-diplomado-desastres-y-cambio-climatico\\\/\"},\"wordCount\":31,\"image\":{\"@id\":\"https:\\\/\\\/cristinacortinas.org\\\/sustentabilidad\\\/invitacion-al-vii-diplomado-desastres-y-cambio-climatico\\\/#primaryimage\"},\"thumbnailUrl\":\"https:\\\/\\\/cristinacortinas.org\\\/sustentabilidad\\\/wp-content\\\/uploads\\\/2020\\\/06\\\/VII-Diplomado-Desastres-y-Cambio-Clima\u0301tico.jpg\",\"articleSection\":[\"Noticias\"],\"inLanguage\":\"es\"},{\"@type\":\"WebPage\",\"@id\":\"https:\\\/\\\/cristinacortinas.org\\\/sustentabilidad\\\/invitacion-al-vii-diplomado-desastres-y-cambio-climatico\\\/\",\"url\":\"https:\\\/\\\/cristinacortinas.org\\\/sustentabilidad\\\/invitacion-al-vii-diplomado-desastres-y-cambio-climatico\\\/\",\"name\":\"Invitaci\u00f3n al VII Diplomado Desastres y Cambio Clim\u00e1tico - Dra. Ma. Cristina Cortinas Dur\u00e1n\",\"isPartOf\":{\"@id\":\"https:\\\/\\\/cristinacortinas.org\\\/sustentabilidad\\\/#website\"},\"primaryImageOfPage\":{\"@id\":\"https:\\\/\\\/cristinacortinas.org\\\/sustentabilidad\\\/invitacion-al-vii-diplomado-desastres-y-cambio-climatico\\\/#primaryimage\"},\"image\":{\"@id\":\"https:\\\/\\\/cristinacortinas.org\\\/sustentabilidad\\\/invitacion-al-vii-diplomado-desastres-y-cambio-climatico\\\/#primaryimage\"},\"thumbnailUrl\":\"https:\\\/\\\/cristinacortinas.org\\\/sustentabilidad\\\/wp-content\\\/uploads\\\/2020\\\/06\\\/VII-Diplomado-Desastres-y-Cambio-Clima\u0301tico.jpg\",\"datePublished\":\"2020-06-09T21:01:09+00:00\",\"author\":{\"@id\":\"https:\\\/\\\/cristinacortinas.org\\\/sustentabilidad\\\/#\\\/schema\\\/person\\\/230b4a4171b31e97671db5b680f06b08\"},\"breadcrumb\":{\"@id\":\"https:\\\/\\\/cristinacortinas.org\\\/sustentabilidad\\\/invitacion-al-vii-diplomado-desastres-y-cambio-climatico\\\/#breadcrumb\"},\"inLanguage\":\"es\",\"potentialAction\":[{\"@type\":\"ReadAction\",\"target\":[\"https:\\\/\\\/cristinacortinas.org\\\/sustentabilidad\\\/invitacion-al-vii-diplomado-desastres-y-cambio-climatico\\\/\"]}]},{\"@type\":\"ImageObject\",\"inLanguage\":\"es\",\"@id\":\"https:\\\/\\\/cristinacortinas.org\\\/sustentabilidad\\\/invitacion-al-vii-diplomado-desastres-y-cambio-climatico\\\/#primaryimage\",\"url\":\"https:\\\/\\\/cristinacortinas.org\\\/sustentabilidad\\\/wp-content\\\/uploads\\\/2020\\\/06\\\/VII-Diplomado-Desastres-y-Cambio-Clima\u0301tico.jpg\",\"contentUrl\":\"https:\\\/\\\/cristinacortinas.org\\\/sustentabilidad\\\/wp-content\\\/uploads\\\/2020\\\/06\\\/VII-Diplomado-Desastres-y-Cambio-Clima\u0301tico.jpg\",\"width\":828,\"height\":1280},{\"@type\":\"BreadcrumbList\",\"@id\":\"https:\\\/\\\/cristinacortinas.org\\\/sustentabilidad\\\/invitacion-al-vii-diplomado-desastres-y-cambio-climatico\\\/#breadcrumb\",\"itemListElement\":[{\"@type\":\"ListItem\",\"position\":1,\"name\":\"Portada\",\"item\":\"https:\\\/\\\/cristinacortinas.org\\\/sustentabilidad\\\/\"},{\"@type\":\"ListItem\",\"position\":2,\"name\":\"Invitaci\u00f3n al VII Diplomado Desastres y Cambio Clim\u00e1tico\"}]},{\"@type\":\"WebSite\",\"@id\":\"https:\\\/\\\/cristinacortinas.org\\\/sustentabilidad\\\/#website\",\"url\":\"https:\\\/\\\/cristinacortinas.org\\\/sustentabilidad\\\/\",\"name\":\"Dra. Ma. Cristina Cortinas Dur\u00e1n\",\"description\":\"\",\"potentialAction\":[{\"@type\":\"SearchAction\",\"target\":{\"@type\":\"EntryPoint\",\"urlTemplate\":\"https:\\\/\\\/cristinacortinas.org\\\/sustentabilidad\\\/?s={search_term_string}\"},\"query-input\":{\"@type\":\"PropertyValueSpecification\",\"valueRequired\":true,\"valueName\":\"search_term_string\"}}],\"inLanguage\":\"es\"},{\"@type\":\"Person\",\"@id\":\"https:\\\/\\\/cristinacortinas.org\\\/sustentabilidad\\\/#\\\/schema\\\/person\\\/230b4a4171b31e97671db5b680f06b08\",\"name\":\"CCristina\"}]}<\/script>\n<!-- \/ Yoast SEO plugin. -->","yoast_head_json":{"title":"Invitaci\u00f3n al VII Diplomado Desastres y Cambio Clim\u00e1tico - Dra. Ma. Cristina Cortinas Dur\u00e1n","robots":{"index":"index","follow":"follow","max-snippet":"max-snippet:-1","max-image-preview":"max-image-preview:large","max-video-preview":"max-video-preview:-1"},"canonical":"https:\/\/cristinacortinas.org\/sustentabilidad\/invitacion-al-vii-diplomado-desastres-y-cambio-climatico\/","og_locale":"es_ES","og_type":"article","og_title":"Invitaci\u00f3n al VII Diplomado Desastres y Cambio Clim\u00e1tico - Dra. Ma. Cristina Cortinas Dur\u00e1n","og_description":"&nbsp; Invitaci\u00f3n al VII Diplomado Desastres y Cambio Clim\u00e1tico del 29 de junio al 29 de noviembre. www.institutomora.edu.mx","og_url":"https:\/\/cristinacortinas.org\/sustentabilidad\/invitacion-al-vii-diplomado-desastres-y-cambio-climatico\/","og_site_name":"Dra. Ma. Cristina Cortinas Dur\u00e1n","article_publisher":"https:\/\/www.facebook.com\/cristinacortinasduran\/","article_published_time":"2020-06-09T21:01:09+00:00","og_image":[{"width":828,"height":1280,"url":"https:\/\/cristinacortinas.org\/sustentabilidad\/wp-content\/uploads\/2020\/06\/VII-Diplomado-Desastres-y-Cambio-Clima\u0301tico.jpg","type":"image\/jpeg"}],"author":"CCristina","twitter_card":"summary_large_image","twitter_creator":"@DraCrisCortinas","twitter_site":"@DraCrisCortinas","twitter_misc":{"Escrito por":"CCristina"},"schema":{"@context":"https:\/\/schema.org","@graph":[{"@type":"Article","@id":"https:\/\/cristinacortinas.org\/sustentabilidad\/invitacion-al-vii-diplomado-desastres-y-cambio-climatico\/#article","isPartOf":{"@id":"https:\/\/cristinacortinas.org\/sustentabilidad\/invitacion-al-vii-diplomado-desastres-y-cambio-climatico\/"},"author":{"name":"CCristina","@id":"https:\/\/cristinacortinas.org\/sustentabilidad\/#\/schema\/person\/230b4a4171b31e97671db5b680f06b08"},"headline":"Invitaci\u00f3n al VII Diplomado Desastres y Cambio Clim\u00e1tico","datePublished":"2020-06-09T21:01:09+00:00","mainEntityOfPage":{"@id":"https:\/\/cristinacortinas.org\/sustentabilidad\/invitacion-al-vii-diplomado-desastres-y-cambio-climatico\/"},"wordCount":31,"image":{"@id":"https:\/\/cristinacortinas.org\/sustentabilidad\/invitacion-al-vii-diplomado-desastres-y-cambio-climatico\/#primaryimage"},"thumbnailUrl":"https:\/\/cristinacortinas.org\/sustentabilidad\/wp-content\/uploads\/2020\/06\/VII-Diplomado-Desastres-y-Cambio-Clima\u0301tico.jpg","articleSection":["Noticias"],"inLanguage":"es"},{"@type":"WebPage","@id":"https:\/\/cristinacortinas.org\/sustentabilidad\/invitacion-al-vii-diplomado-desastres-y-cambio-climatico\/","url":"https:\/\/cristinacortinas.org\/sustentabilidad\/invitacion-al-vii-diplomado-desastres-y-cambio-climatico\/","name":"Invitaci\u00f3n al VII Diplomado Desastres y Cambio Clim\u00e1tico - Dra. Ma. Cristina Cortinas Dur\u00e1n","isPartOf":{"@id":"https:\/\/cristinacortinas.org\/sustentabilidad\/#website"},"primaryImageOfPage":{"@id":"https:\/\/cristinacortinas.org\/sustentabilidad\/invitacion-al-vii-diplomado-desastres-y-cambio-climatico\/#primaryimage"},"image":{"@id":"https:\/\/cristinacortinas.org\/sustentabilidad\/invitacion-al-vii-diplomado-desastres-y-cambio-climatico\/#primaryimage"},"thumbnailUrl":"https:\/\/cristinacortinas.org\/sustentabilidad\/wp-content\/uploads\/2020\/06\/VII-Diplomado-Desastres-y-Cambio-Clima\u0301tico.jpg","datePublished":"2020-06-09T21:01:09+00:00","author":{"@id":"https:\/\/cristinacortinas.org\/sustentabilidad\/#\/schema\/person\/230b4a4171b31e97671db5b680f06b08"},"breadcrumb":{"@id":"https:\/\/cristinacortinas.org\/sustentabilidad\/invitacion-al-vii-diplomado-desastres-y-cambio-climatico\/#breadcrumb"},"inLanguage":"es","potentialAction":[{"@type":"ReadAction","target":["https:\/\/cristinacortinas.org\/sustentabilidad\/invitacion-al-vii-diplomado-desastres-y-cambio-climatico\/"]}]},{"@type":"ImageObject","inLanguage":"es","@id":"https:\/\/cristinacortinas.org\/sustentabilidad\/invitacion-al-vii-diplomado-desastres-y-cambio-climatico\/#primaryimage","url":"https:\/\/cristinacortinas.org\/sustentabilidad\/wp-content\/uploads\/2020\/06\/VII-Diplomado-Desastres-y-Cambio-Clima\u0301tico.jpg","contentUrl":"https:\/\/cristinacortinas.org\/sustentabilidad\/wp-content\/uploads\/2020\/06\/VII-Diplomado-Desastres-y-Cambio-Clima\u0301tico.jpg","width":828,"height":1280},{"@type":"BreadcrumbList","@id":"https:\/\/cristinacortinas.org\/sustentabilidad\/invitacion-al-vii-diplomado-desastres-y-cambio-climatico\/#breadcrumb","itemListElement":[{"@type":"ListItem","position":1,"name":"Portada","item":"https:\/\/cristinacortinas.org\/sustentabilidad\/"},{"@type":"ListItem","position":2,"name":"Invitaci\u00f3n al VII Diplomado Desastres y Cambio Clim\u00e1tico"}]},{"@type":"WebSite","@id":"https:\/\/cristinacortinas.org\/sustentabilidad\/#website","url":"https:\/\/cristinacortinas.org\/sustentabilidad\/","name":"Dra. Ma. Cristina Cortinas Dur\u00e1n","description":"","potentialAction":[{"@type":"SearchAction","target":{"@type":"EntryPoint","urlTemplate":"https:\/\/cristinacortinas.org\/sustentabilidad\/?s={search_term_string}"},"query-input":{"@type":"PropertyValueSpecification","valueRequired":true,"valueName":"search_term_string"}}],"inLanguage":"es"},{"@type":"Person","@id":"https:\/\/cristinacortinas.org\/sustentabilidad\/#\/schema\/person\/230b4a4171b31e97671db5b680f06b08","name":"CCristina"}]}},"_links":{"self":[{"href":"https:\/\/cristinacortinas.org\/sustentabilidad\/wp-json\/wp\/v2\/posts\/7749","targetHints":{"allow":["GET"]}}],"collection":[{"href":"https:\/\/cristinacortinas.org\/sustentabilidad\/wp-json\/wp\/v2\/posts"}],"about":[{"href":"https:\/\/cristinacortinas.org\/sustentabilidad\/wp-json\/wp\/v2\/types\/post"}],"author":[{"embeddable":true,"href":"https:\/\/cristinacortinas.org\/sustentabilidad\/wp-json\/wp\/v2\/users\/1"}],"replies":[{"embeddable":true,"href":"https:\/\/cristinacortinas.org\/sustentabilidad\/wp-json\/wp\/v2\/comments?post=7749"}],"version-history":[{"count":1,"href":"https:\/\/cristinacortinas.org\/sustentabilidad\/wp-json\/wp\/v2\/posts\/7749\/revisions"}],"predecessor-version":[{"id":7751,"href":"https:\/\/cristinacortinas.org\/sustentabilidad\/wp-json\/wp\/v2\/posts\/7749\/revisions\/7751"}],"wp:featuredmedia":[{"embeddable":true,"href":"https:\/\/cristinacortinas.org\/sustentabilidad\/wp-json\/wp\/v2\/media\/7750"}],"wp:attachment":[{"href":"https:\/\/cristinacortinas.org\/sustentabilidad\/wp-json\/wp\/v2\/media?parent=7749"}],"wp:term":[{"taxonomy":"category","embeddable":true,"href":"https:\/\/cristinacortinas.org\/sustentabilidad\/wp-json\/wp\/v2\/categories?post=7749"},{"taxonomy":"post_tag","embeddable":true,"href":"https:\/\/cristinacortinas.org\/sustentabilidad\/wp-json\/wp\/v2\/tags?post=7749"}],"curies":[{"name":"wp","href":"https:\/\/api.w.org\/{rel}","templated":true}]}}