{"id":7734,"date":"2020-06-02T11:55:09","date_gmt":"2020-06-02T16:55:09","guid":{"rendered":"https:\/\/cristinacortinas.org\/sustentabilidad\/?p=7734"},"modified":"2020-06-02T11:55:09","modified_gmt":"2020-06-02T16:55:09","slug":"hoy-2-de-junio-conferencia-sobre-economia-circular","status":"publish","type":"post","link":"https:\/\/cristinacortinas.org\/sustentabilidad\/hoy-2-de-junio-conferencia-sobre-economia-circular\/","title":{"rendered":"Hoy 2 de junio Conferencia sobre Econom\u00eda Circular"},"content":{"rendered":"<p>Hoy 2 de junio Conferencia sobre Econom\u00eda Circular<\/p>\n<p>Amig@os,<\/p>\n<p>La conferencia anexa ha sido preparada para ser presentada el 2 de junio de 18 a 20 hs pm, como parte de la serie de seminarios web organizados por el Colegio Nacional con motivo de la celebraci\u00f3n del d\u00eda mundial del medio ambiente, en la sesi\u00f3n sobre \u201cDesarrollo sustentable despu\u00e9s de la pandemia\u201d (se anexa cartelera de conferencias).<\/p>\n<p>M\u00e1s adelante les har\u00e9 llegar un texto que ampl\u00eda las reflexiones expresadas en la conferencia, en espera de que sean \u00fatiles para hacer viable la transici\u00f3n hacia la econom\u00eda circular en M\u00e9xico, a fin de aliviar la grave situaci\u00f3n econ\u00f3mica y social con motivo de la pandemia.<\/p>\n<p>Bienvenidas sus opiniones al respecto y su apoyo para difundir la conferencia.<\/p>\n<p>Cristina Cortinas<\/p>\n<div class=\"row \">\n<div class=\"span6 \"><div class='w3eden'><!-- WPDM Link Template: Default Template -->\n\n<div class=\"link-template-default card mb-2\">\n    <div class=\"card-body\">\n        <div class=\"media\">\n            <div class=\"mr-3 img-48\"><img decoding=\"async\" class=\"wpdm_icon\" alt=\"Icono\"   src=\"https:\/\/cristinacortinas.org\/sustentabilidad\/wp-content\/plugins\/download-manager\/assets\/file-type-icons\/pdf.png\" \/><\/div>\n            <div class=\"media-body\">\n                <h3 class=\"package-title\"><a href='https:\/\/cristinacortinas.org\/sustentabilidad\/download\/conferencia-desarrollo-sustentable-despues-de-la-pandemia\/'>Conferencia: Desarrollo Sustentable Despu\u00e9s de la Pandemia<\/a><\/h3>\n                <div class=\"text-muted text-small\"><i class=\"fas fa-copy\"><\/i> 1 archivo(s) <i class=\"fas fa-hdd ml-3\"><\/i> 5.51 MB<\/div>\n            <\/div>\n            <div class=\"ml-3\">\n                <a class='wpdm-download-link download-on-click btn btn-info ' rel='nofollow' href='#' data-downloadurl=\"https:\/\/cristinacortinas.org\/sustentabilidad\/download\/conferencia-desarrollo-sustentable-despues-de-la-pandemia\/?wpdmdl=7731&refresh=69eee982651a81777265026\">Descargar<\/a>\n            <\/div>\n        <\/div>\n    <\/div>\n<\/div>\n\n<\/div><\/div><div class=\"span6 \"><div class='w3eden'><!-- WPDM Link Template: Default Template -->\n\n<div class=\"link-template-default card mb-2\">\n    <div class=\"card-body\">\n        <div class=\"media\">\n            <div class=\"mr-3 img-48\"><img decoding=\"async\" class=\"wpdm_icon\" alt=\"Icono\"   src=\"https:\/\/cristinacortinas.org\/sustentabilidad\/wp-content\/plugins\/download-manager\/assets\/file-type-icons\/pdf.png\" \/><\/div>\n            <div class=\"media-body\">\n                <h3 class=\"package-title\"><a href='https:\/\/cristinacortinas.org\/sustentabilidad\/download\/cartel-semana-del-medio-ambiente-en-tiempos-del-corona-virus\/'>Cartel: Semana del medio ambiente en tiempos del corona virus<\/a><\/h3>\n                <div class=\"text-muted text-small\"><i class=\"fas fa-copy\"><\/i> 1 archivo(s) <i class=\"fas fa-hdd ml-3\"><\/i> 112.00 KB<\/div>\n            <\/div>\n            <div class=\"ml-3\">\n                <a class='wpdm-download-link download-on-click btn btn-info ' rel='nofollow' href='#' data-downloadurl=\"https:\/\/cristinacortinas.org\/sustentabilidad\/download\/cartel-semana-del-medio-ambiente-en-tiempos-del-corona-virus\/?wpdmdl=7732&refresh=69eee982697001777265026\">Descargar<\/a>\n            <\/div>\n        <\/div>\n    <\/div>\n<\/div>\n\n<\/div><\/div>\n<\/div><!-- .row (end) -->\n<p>&nbsp;<\/p>\n<p><img loading=\"lazy\" decoding=\"async\" class=\"size-full wp-image-7736 aligncenter\" src=\"https:\/\/cristinacortinas.org\/sustentabilidad\/wp-content\/uploads\/2020\/06\/Semana-del-medio-ambiente-en-tiempos-del-corona-virus.jpg\" alt=\"\" width=\"598\" height=\"1150\" srcset=\"https:\/\/cristinacortinas.org\/sustentabilidad\/wp-content\/uploads\/2020\/06\/Semana-del-medio-ambiente-en-tiempos-del-corona-virus.jpg 598w, https:\/\/cristinacortinas.org\/sustentabilidad\/wp-content\/uploads\/2020\/06\/Semana-del-medio-ambiente-en-tiempos-del-corona-virus-156x300.jpg 156w, https:\/\/cristinacortinas.org\/sustentabilidad\/wp-content\/uploads\/2020\/06\/Semana-del-medio-ambiente-en-tiempos-del-corona-virus-532x1024.jpg 532w\" sizes=\"auto, (max-width: 598px) 100vw, 598px\" \/><\/p>\n","protected":false},"excerpt":{"rendered":"<p>Hoy 2 de junio Conferencia sobre Econom\u00eda Circular Amig@os, La conferencia anexa ha sido preparada para ser presentada el 2 de junio de 18 a 20 hs pm, como parte de la serie de seminarios web organizados por el Colegio Nacional con motivo de la celebraci\u00f3n del d\u00eda mundial del medio ambiente, en la sesi\u00f3n sobre \u201cDesarrollo sustentable despu\u00e9s de&nbsp;<a href=\"https:\/\/cristinacortinas.org\/sustentabilidad\/hoy-2-de-junio-conferencia-sobre-economia-circular\/\" class=\"read-more\">Seguir leyendo<\/a><\/p>\n","protected":false},"author":1,"featured_media":7735,"comment_status":"closed","ping_status":"closed","sticky":false,"template":"","format":"standard","meta":{"footnotes":""},"categories":[40],"tags":[],"class_list":["post-7734","post","type-post","status-publish","format-standard","has-post-thumbnail","hentry","category-noticias","cat-40-id"],"yoast_head":"<!-- This site is optimized with the Yoast SEO plugin v27.4 - https:\/\/yoast.com\/product\/yoast-seo-wordpress\/ -->\n<title>Hoy 2 de junio Conferencia sobre Econom\u00eda Circular - Dra. Ma. Cristina Cortinas Dur\u00e1n<\/title>\n<meta name=\"robots\" content=\"index, follow, max-snippet:-1, max-image-preview:large, max-video-preview:-1\" \/>\n<link rel=\"canonical\" href=\"https:\/\/cristinacortinas.org\/sustentabilidad\/hoy-2-de-junio-conferencia-sobre-economia-circular\/\" \/>\n<meta property=\"og:locale\" content=\"es_ES\" \/>\n<meta property=\"og:type\" content=\"article\" \/>\n<meta property=\"og:title\" content=\"Hoy 2 de junio Conferencia sobre Econom\u00eda Circular - Dra. Ma. Cristina Cortinas Dur\u00e1n\" \/>\n<meta property=\"og:description\" content=\"Hoy 2 de junio Conferencia sobre Econom\u00eda Circular Amig@os, La conferencia anexa ha sido preparada para ser presentada el 2 de junio de 18 a 20 hs pm, como parte de la serie de seminarios web organizados por el Colegio Nacional con motivo de la celebraci\u00f3n del d\u00eda mundial del medio ambiente, en la sesi\u00f3n sobre \u201cDesarrollo sustentable despu\u00e9s de&nbsp;Seguir leyendo\" \/>\n<meta property=\"og:url\" content=\"https:\/\/cristinacortinas.org\/sustentabilidad\/hoy-2-de-junio-conferencia-sobre-economia-circular\/\" \/>\n<meta property=\"og:site_name\" content=\"Dra. Ma. Cristina Cortinas Dur\u00e1n\" \/>\n<meta property=\"article:publisher\" content=\"https:\/\/www.facebook.com\/cristinacortinasduran\/\" \/>\n<meta property=\"article:published_time\" content=\"2020-06-02T16:55:09+00:00\" \/>\n<meta property=\"og:image\" content=\"https:\/\/cristinacortinas.org\/sustentabilidad\/wp-content\/uploads\/2020\/06\/Desarrollo-sustentable-despu\u00e9s-de-la-pandemia.jpg\" \/>\n\t<meta property=\"og:image:width\" content=\"968\" \/>\n\t<meta property=\"og:image:height\" content=\"546\" \/>\n\t<meta property=\"og:image:type\" content=\"image\/jpeg\" \/>\n<meta name=\"author\" content=\"CCristina\" \/>\n<meta name=\"twitter:card\" content=\"summary_large_image\" \/>\n<meta name=\"twitter:creator\" content=\"@DraCrisCortinas\" \/>\n<meta name=\"twitter:site\" content=\"@DraCrisCortinas\" \/>\n<meta name=\"twitter:label1\" content=\"Escrito por\" \/>\n\t<meta name=\"twitter:data1\" content=\"CCristina\" \/>\n\t<meta name=\"twitter:label2\" content=\"Tiempo de lectura\" \/>\n\t<meta name=\"twitter:data2\" content=\"1 minuto\" \/>\n<script type=\"application\/ld+json\" class=\"yoast-schema-graph\">{\"@context\":\"https:\\\/\\\/schema.org\",\"@graph\":[{\"@type\":\"Article\",\"@id\":\"https:\\\/\\\/cristinacortinas.org\\\/sustentabilidad\\\/hoy-2-de-junio-conferencia-sobre-economia-circular\\\/#article\",\"isPartOf\":{\"@id\":\"https:\\\/\\\/cristinacortinas.org\\\/sustentabilidad\\\/hoy-2-de-junio-conferencia-sobre-economia-circular\\\/\"},\"author\":{\"name\":\"CCristina\",\"@id\":\"https:\\\/\\\/cristinacortinas.org\\\/sustentabilidad\\\/#\\\/schema\\\/person\\\/230b4a4171b31e97671db5b680f06b08\"},\"headline\":\"Hoy 2 de junio Conferencia sobre Econom\u00eda Circular\",\"datePublished\":\"2020-06-02T16:55:09+00:00\",\"mainEntityOfPage\":{\"@id\":\"https:\\\/\\\/cristinacortinas.org\\\/sustentabilidad\\\/hoy-2-de-junio-conferencia-sobre-economia-circular\\\/\"},\"wordCount\":162,\"image\":{\"@id\":\"https:\\\/\\\/cristinacortinas.org\\\/sustentabilidad\\\/hoy-2-de-junio-conferencia-sobre-economia-circular\\\/#primaryimage\"},\"thumbnailUrl\":\"https:\\\/\\\/cristinacortinas.org\\\/sustentabilidad\\\/wp-content\\\/uploads\\\/2020\\\/06\\\/Desarrollo-sustentable-despu\u00e9s-de-la-pandemia.jpg\",\"articleSection\":[\"Noticias\"],\"inLanguage\":\"es\"},{\"@type\":\"WebPage\",\"@id\":\"https:\\\/\\\/cristinacortinas.org\\\/sustentabilidad\\\/hoy-2-de-junio-conferencia-sobre-economia-circular\\\/\",\"url\":\"https:\\\/\\\/cristinacortinas.org\\\/sustentabilidad\\\/hoy-2-de-junio-conferencia-sobre-economia-circular\\\/\",\"name\":\"Hoy 2 de junio Conferencia sobre Econom\u00eda Circular - Dra. Ma. Cristina Cortinas Dur\u00e1n\",\"isPartOf\":{\"@id\":\"https:\\\/\\\/cristinacortinas.org\\\/sustentabilidad\\\/#website\"},\"primaryImageOfPage\":{\"@id\":\"https:\\\/\\\/cristinacortinas.org\\\/sustentabilidad\\\/hoy-2-de-junio-conferencia-sobre-economia-circular\\\/#primaryimage\"},\"image\":{\"@id\":\"https:\\\/\\\/cristinacortinas.org\\\/sustentabilidad\\\/hoy-2-de-junio-conferencia-sobre-economia-circular\\\/#primaryimage\"},\"thumbnailUrl\":\"https:\\\/\\\/cristinacortinas.org\\\/sustentabilidad\\\/wp-content\\\/uploads\\\/2020\\\/06\\\/Desarrollo-sustentable-despu\u00e9s-de-la-pandemia.jpg\",\"datePublished\":\"2020-06-02T16:55:09+00:00\",\"author\":{\"@id\":\"https:\\\/\\\/cristinacortinas.org\\\/sustentabilidad\\\/#\\\/schema\\\/person\\\/230b4a4171b31e97671db5b680f06b08\"},\"breadcrumb\":{\"@id\":\"https:\\\/\\\/cristinacortinas.org\\\/sustentabilidad\\\/hoy-2-de-junio-conferencia-sobre-economia-circular\\\/#breadcrumb\"},\"inLanguage\":\"es\",\"potentialAction\":[{\"@type\":\"ReadAction\",\"target\":[\"https:\\\/\\\/cristinacortinas.org\\\/sustentabilidad\\\/hoy-2-de-junio-conferencia-sobre-economia-circular\\\/\"]}]},{\"@type\":\"ImageObject\",\"inLanguage\":\"es\",\"@id\":\"https:\\\/\\\/cristinacortinas.org\\\/sustentabilidad\\\/hoy-2-de-junio-conferencia-sobre-economia-circular\\\/#primaryimage\",\"url\":\"https:\\\/\\\/cristinacortinas.org\\\/sustentabilidad\\\/wp-content\\\/uploads\\\/2020\\\/06\\\/Desarrollo-sustentable-despu\u00e9s-de-la-pandemia.jpg\",\"contentUrl\":\"https:\\\/\\\/cristinacortinas.org\\\/sustentabilidad\\\/wp-content\\\/uploads\\\/2020\\\/06\\\/Desarrollo-sustentable-despu\u00e9s-de-la-pandemia.jpg\",\"width\":968,\"height\":546},{\"@type\":\"BreadcrumbList\",\"@id\":\"https:\\\/\\\/cristinacortinas.org\\\/sustentabilidad\\\/hoy-2-de-junio-conferencia-sobre-economia-circular\\\/#breadcrumb\",\"itemListElement\":[{\"@type\":\"ListItem\",\"position\":1,\"name\":\"Portada\",\"item\":\"https:\\\/\\\/cristinacortinas.org\\\/sustentabilidad\\\/\"},{\"@type\":\"ListItem\",\"position\":2,\"name\":\"Hoy 2 de junio Conferencia sobre Econom\u00eda Circular\"}]},{\"@type\":\"WebSite\",\"@id\":\"https:\\\/\\\/cristinacortinas.org\\\/sustentabilidad\\\/#website\",\"url\":\"https:\\\/\\\/cristinacortinas.org\\\/sustentabilidad\\\/\",\"name\":\"Dra. Ma. Cristina Cortinas Dur\u00e1n\",\"description\":\"\",\"potentialAction\":[{\"@type\":\"SearchAction\",\"target\":{\"@type\":\"EntryPoint\",\"urlTemplate\":\"https:\\\/\\\/cristinacortinas.org\\\/sustentabilidad\\\/?s={search_term_string}\"},\"query-input\":{\"@type\":\"PropertyValueSpecification\",\"valueRequired\":true,\"valueName\":\"search_term_string\"}}],\"inLanguage\":\"es\"},{\"@type\":\"Person\",\"@id\":\"https:\\\/\\\/cristinacortinas.org\\\/sustentabilidad\\\/#\\\/schema\\\/person\\\/230b4a4171b31e97671db5b680f06b08\",\"name\":\"CCristina\"}]}<\/script>\n<!-- \/ Yoast SEO plugin. -->","yoast_head_json":{"title":"Hoy 2 de junio Conferencia sobre Econom\u00eda Circular - Dra. Ma. Cristina Cortinas Dur\u00e1n","robots":{"index":"index","follow":"follow","max-snippet":"max-snippet:-1","max-image-preview":"max-image-preview:large","max-video-preview":"max-video-preview:-1"},"canonical":"https:\/\/cristinacortinas.org\/sustentabilidad\/hoy-2-de-junio-conferencia-sobre-economia-circular\/","og_locale":"es_ES","og_type":"article","og_title":"Hoy 2 de junio Conferencia sobre Econom\u00eda Circular - Dra. Ma. Cristina Cortinas Dur\u00e1n","og_description":"Hoy 2 de junio Conferencia sobre Econom\u00eda Circular Amig@os, La conferencia anexa ha sido preparada para ser presentada el 2 de junio de 18 a 20 hs pm, como parte de la serie de seminarios web organizados por el Colegio Nacional con motivo de la celebraci\u00f3n del d\u00eda mundial del medio ambiente, en la sesi\u00f3n sobre \u201cDesarrollo sustentable despu\u00e9s de&nbsp;Seguir leyendo","og_url":"https:\/\/cristinacortinas.org\/sustentabilidad\/hoy-2-de-junio-conferencia-sobre-economia-circular\/","og_site_name":"Dra. Ma. Cristina Cortinas Dur\u00e1n","article_publisher":"https:\/\/www.facebook.com\/cristinacortinasduran\/","article_published_time":"2020-06-02T16:55:09+00:00","og_image":[{"width":968,"height":546,"url":"https:\/\/cristinacortinas.org\/sustentabilidad\/wp-content\/uploads\/2020\/06\/Desarrollo-sustentable-despu\u00e9s-de-la-pandemia.jpg","type":"image\/jpeg"}],"author":"CCristina","twitter_card":"summary_large_image","twitter_creator":"@DraCrisCortinas","twitter_site":"@DraCrisCortinas","twitter_misc":{"Escrito por":"CCristina","Tiempo de lectura":"1 minuto"},"schema":{"@context":"https:\/\/schema.org","@graph":[{"@type":"Article","@id":"https:\/\/cristinacortinas.org\/sustentabilidad\/hoy-2-de-junio-conferencia-sobre-economia-circular\/#article","isPartOf":{"@id":"https:\/\/cristinacortinas.org\/sustentabilidad\/hoy-2-de-junio-conferencia-sobre-economia-circular\/"},"author":{"name":"CCristina","@id":"https:\/\/cristinacortinas.org\/sustentabilidad\/#\/schema\/person\/230b4a4171b31e97671db5b680f06b08"},"headline":"Hoy 2 de junio Conferencia sobre Econom\u00eda Circular","datePublished":"2020-06-02T16:55:09+00:00","mainEntityOfPage":{"@id":"https:\/\/cristinacortinas.org\/sustentabilidad\/hoy-2-de-junio-conferencia-sobre-economia-circular\/"},"wordCount":162,"image":{"@id":"https:\/\/cristinacortinas.org\/sustentabilidad\/hoy-2-de-junio-conferencia-sobre-economia-circular\/#primaryimage"},"thumbnailUrl":"https:\/\/cristinacortinas.org\/sustentabilidad\/wp-content\/uploads\/2020\/06\/Desarrollo-sustentable-despu\u00e9s-de-la-pandemia.jpg","articleSection":["Noticias"],"inLanguage":"es"},{"@type":"WebPage","@id":"https:\/\/cristinacortinas.org\/sustentabilidad\/hoy-2-de-junio-conferencia-sobre-economia-circular\/","url":"https:\/\/cristinacortinas.org\/sustentabilidad\/hoy-2-de-junio-conferencia-sobre-economia-circular\/","name":"Hoy 2 de junio Conferencia sobre Econom\u00eda Circular - Dra. Ma. Cristina Cortinas Dur\u00e1n","isPartOf":{"@id":"https:\/\/cristinacortinas.org\/sustentabilidad\/#website"},"primaryImageOfPage":{"@id":"https:\/\/cristinacortinas.org\/sustentabilidad\/hoy-2-de-junio-conferencia-sobre-economia-circular\/#primaryimage"},"image":{"@id":"https:\/\/cristinacortinas.org\/sustentabilidad\/hoy-2-de-junio-conferencia-sobre-economia-circular\/#primaryimage"},"thumbnailUrl":"https:\/\/cristinacortinas.org\/sustentabilidad\/wp-content\/uploads\/2020\/06\/Desarrollo-sustentable-despu\u00e9s-de-la-pandemia.jpg","datePublished":"2020-06-02T16:55:09+00:00","author":{"@id":"https:\/\/cristinacortinas.org\/sustentabilidad\/#\/schema\/person\/230b4a4171b31e97671db5b680f06b08"},"breadcrumb":{"@id":"https:\/\/cristinacortinas.org\/sustentabilidad\/hoy-2-de-junio-conferencia-sobre-economia-circular\/#breadcrumb"},"inLanguage":"es","potentialAction":[{"@type":"ReadAction","target":["https:\/\/cristinacortinas.org\/sustentabilidad\/hoy-2-de-junio-conferencia-sobre-economia-circular\/"]}]},{"@type":"ImageObject","inLanguage":"es","@id":"https:\/\/cristinacortinas.org\/sustentabilidad\/hoy-2-de-junio-conferencia-sobre-economia-circular\/#primaryimage","url":"https:\/\/cristinacortinas.org\/sustentabilidad\/wp-content\/uploads\/2020\/06\/Desarrollo-sustentable-despu\u00e9s-de-la-pandemia.jpg","contentUrl":"https:\/\/cristinacortinas.org\/sustentabilidad\/wp-content\/uploads\/2020\/06\/Desarrollo-sustentable-despu\u00e9s-de-la-pandemia.jpg","width":968,"height":546},{"@type":"BreadcrumbList","@id":"https:\/\/cristinacortinas.org\/sustentabilidad\/hoy-2-de-junio-conferencia-sobre-economia-circular\/#breadcrumb","itemListElement":[{"@type":"ListItem","position":1,"name":"Portada","item":"https:\/\/cristinacortinas.org\/sustentabilidad\/"},{"@type":"ListItem","position":2,"name":"Hoy 2 de junio Conferencia sobre Econom\u00eda Circular"}]},{"@type":"WebSite","@id":"https:\/\/cristinacortinas.org\/sustentabilidad\/#website","url":"https:\/\/cristinacortinas.org\/sustentabilidad\/","name":"Dra. Ma. Cristina Cortinas Dur\u00e1n","description":"","potentialAction":[{"@type":"SearchAction","target":{"@type":"EntryPoint","urlTemplate":"https:\/\/cristinacortinas.org\/sustentabilidad\/?s={search_term_string}"},"query-input":{"@type":"PropertyValueSpecification","valueRequired":true,"valueName":"search_term_string"}}],"inLanguage":"es"},{"@type":"Person","@id":"https:\/\/cristinacortinas.org\/sustentabilidad\/#\/schema\/person\/230b4a4171b31e97671db5b680f06b08","name":"CCristina"}]}},"_links":{"self":[{"href":"https:\/\/cristinacortinas.org\/sustentabilidad\/wp-json\/wp\/v2\/posts\/7734","targetHints":{"allow":["GET"]}}],"collection":[{"href":"https:\/\/cristinacortinas.org\/sustentabilidad\/wp-json\/wp\/v2\/posts"}],"about":[{"href":"https:\/\/cristinacortinas.org\/sustentabilidad\/wp-json\/wp\/v2\/types\/post"}],"author":[{"embeddable":true,"href":"https:\/\/cristinacortinas.org\/sustentabilidad\/wp-json\/wp\/v2\/users\/1"}],"replies":[{"embeddable":true,"href":"https:\/\/cristinacortinas.org\/sustentabilidad\/wp-json\/wp\/v2\/comments?post=7734"}],"version-history":[{"count":1,"href":"https:\/\/cristinacortinas.org\/sustentabilidad\/wp-json\/wp\/v2\/posts\/7734\/revisions"}],"predecessor-version":[{"id":7738,"href":"https:\/\/cristinacortinas.org\/sustentabilidad\/wp-json\/wp\/v2\/posts\/7734\/revisions\/7738"}],"wp:featuredmedia":[{"embeddable":true,"href":"https:\/\/cristinacortinas.org\/sustentabilidad\/wp-json\/wp\/v2\/media\/7735"}],"wp:attachment":[{"href":"https:\/\/cristinacortinas.org\/sustentabilidad\/wp-json\/wp\/v2\/media?parent=7734"}],"wp:term":[{"taxonomy":"category","embeddable":true,"href":"https:\/\/cristinacortinas.org\/sustentabilidad\/wp-json\/wp\/v2\/categories?post=7734"},{"taxonomy":"post_tag","embeddable":true,"href":"https:\/\/cristinacortinas.org\/sustentabilidad\/wp-json\/wp\/v2\/tags?post=7734"}],"curies":[{"name":"wp","href":"https:\/\/api.w.org\/{rel}","templated":true}]}}