{"id":7718,"date":"2020-05-29T19:29:05","date_gmt":"2020-05-30T00:29:05","guid":{"rendered":"https:\/\/cristinacortinas.org\/sustentabilidad\/?p=7718"},"modified":"2020-05-29T19:29:05","modified_gmt":"2020-05-30T00:29:05","slug":"plan-poscovid-universitario","status":"publish","type":"post","link":"https:\/\/cristinacortinas.org\/sustentabilidad\/plan-poscovid-universitario\/","title":{"rendered":"PLAN POSCOVID UNIVERSITARIO"},"content":{"rendered":"<div class=\"section single-column-section  single-item-content-section large-content-spacing-top large-content-spacing-bottom bottom-shadow visible\" data-section-behavior=\"luca-single-column\" data-layer=\"0\" data-layer-name=\"over\">\n<div class=\"section-view\">\n<div class=\"section-content\">\n<div class=\"section-content-view\">\n<div class=\"content-container\">\n<h4 class=\" text-center\" style=\"text-align: center;\"><a href=\"https:\/\/spark.adobe.com\/page\/9PGFBqQD5NikD\/\" target=\"_blank\" rel=\"noopener noreferrer\"><span class=\"heading-content-wrapper\"><span class=\"heading-text\">La Educaci\u00f3n para el Desarrollo Sostenible (EDS) empodera a las personas para que cambien su manera de pensar y trabajar hacia un futuro sostenible. (UNESCO 2019)<\/span><\/span><\/a><\/h4>\n<\/div>\n<\/div>\n<\/div>\n<\/div>\n<\/div>\n<div class=\"section card-flipbook-section visible\" data-section-behavior=\"luca-column-overlay\" data-spacing=\".75\" data-layer=\"-1\" data-layer-name=\"under\">\n<div class=\"section-view\">\n<div class=\"section-background\">\n<h3 class=\" \" style=\"text-align: center;\"><span class=\"heading-content-wrapper\"><span class=\"heading-text\">EDUCACI\u00d3N PARA EL DESARROLLO SOSTENIBLE<\/span><\/span><\/h3>\n<p class=\" \" style=\"text-align: center;\">La EDS habilita a los educandos para tomar decisiones fundamentadas y adoptar medidas responsables en favor de la integridad del medio ambiente y la viabilidad de la econom\u00eda.<\/p>\n<p class=\" \" style=\"text-align: center;\">A trav\u00e9s de estos contenidos, la EDS pretende lograr la<b>\u00a0justicia social para las generaciones actuales y venideras, respetando al mismo tiempo la diversidad cultural<\/b>.<\/p>\n<p class=\" \" style=\"text-align: center;\">Se trata de un\u00a0<b>aprendizaje a lo largo de toda la vida<\/b>\u00a0y forma parte integrante de una educaci\u00f3n de calidad, integral y transformativa que\u00a0<b>ata\u00f1e al contenido y el entorno y los resultados del aprendizaje, como tambi\u00e9n la pedagog\u00eda.<\/b>\u00a0Logra su prop\u00f3sito transformando a la sociedad.<\/p>\n<p class=\" \" style=\"text-align: center;\">Fuente: UNESCO<\/p>\n<p style=\"text-align: center;\"><a href=\"https:\/\/spark.adobe.com\/page\/9PGFBqQD5NikD\/\" target=\"_blank\" rel=\"noopener noreferrer\">LINK A SITIO WEB OFICIAL PLAN POSCOVID UNIVERSITARIO<\/a><\/p>\n<\/div>\n<\/div>\n<\/div>\n","protected":false},"excerpt":{"rendered":"<p>La Educaci\u00f3n para el Desarrollo Sostenible (EDS) empodera a las personas para que cambien su manera de pensar y trabajar hacia un futuro sostenible. (UNESCO 2019) EDUCACI\u00d3N PARA EL DESARROLLO SOSTENIBLE La EDS habilita a los educandos para tomar decisiones fundamentadas y adoptar medidas responsables en favor de la integridad del medio ambiente y la viabilidad de la econom\u00eda. A&nbsp;<a href=\"https:\/\/cristinacortinas.org\/sustentabilidad\/plan-poscovid-universitario\/\" class=\"read-more\">Seguir leyendo<\/a><\/p>\n","protected":false},"author":1,"featured_media":7719,"comment_status":"closed","ping_status":"closed","sticky":false,"template":"","format":"standard","meta":{"footnotes":""},"categories":[40],"tags":[],"class_list":["post-7718","post","type-post","status-publish","format-standard","has-post-thumbnail","hentry","category-noticias","cat-40-id"],"yoast_head":"<!-- This site is optimized with the Yoast SEO plugin v27.4 - https:\/\/yoast.com\/product\/yoast-seo-wordpress\/ -->\n<title>PLAN POSCOVID UNIVERSITARIO - Dra. Ma. Cristina Cortinas Dur\u00e1n<\/title>\n<meta name=\"robots\" content=\"index, follow, max-snippet:-1, max-image-preview:large, max-video-preview:-1\" \/>\n<link rel=\"canonical\" href=\"https:\/\/cristinacortinas.org\/sustentabilidad\/plan-poscovid-universitario\/\" \/>\n<meta property=\"og:locale\" content=\"es_ES\" \/>\n<meta property=\"og:type\" content=\"article\" \/>\n<meta property=\"og:title\" content=\"PLAN POSCOVID UNIVERSITARIO - Dra. Ma. Cristina Cortinas Dur\u00e1n\" \/>\n<meta property=\"og:description\" content=\"La Educaci\u00f3n para el Desarrollo Sostenible (EDS) empodera a las personas para que cambien su manera de pensar y trabajar hacia un futuro sostenible. (UNESCO 2019) EDUCACI\u00d3N PARA EL DESARROLLO SOSTENIBLE La EDS habilita a los educandos para tomar decisiones fundamentadas y adoptar medidas responsables en favor de la integridad del medio ambiente y la viabilidad de la econom\u00eda. A&nbsp;Seguir leyendo\" \/>\n<meta property=\"og:url\" content=\"https:\/\/cristinacortinas.org\/sustentabilidad\/plan-poscovid-universitario\/\" \/>\n<meta property=\"og:site_name\" content=\"Dra. Ma. Cristina Cortinas Dur\u00e1n\" \/>\n<meta property=\"article:publisher\" content=\"https:\/\/www.facebook.com\/cristinacortinasduran\/\" \/>\n<meta property=\"article:published_time\" content=\"2020-05-30T00:29:05+00:00\" \/>\n<meta property=\"og:image\" content=\"https:\/\/cristinacortinas.org\/sustentabilidad\/wp-content\/uploads\/2020\/05\/PLAN-POSCOVID-UNIVERSITARIO.jpg\" \/>\n\t<meta property=\"og:image:width\" content=\"842\" \/>\n\t<meta property=\"og:image:height\" content=\"842\" \/>\n\t<meta property=\"og:image:type\" content=\"image\/jpeg\" \/>\n<meta name=\"author\" content=\"CCristina\" \/>\n<meta name=\"twitter:card\" content=\"summary_large_image\" \/>\n<meta name=\"twitter:creator\" content=\"@DraCrisCortinas\" \/>\n<meta name=\"twitter:site\" content=\"@DraCrisCortinas\" \/>\n<meta name=\"twitter:label1\" content=\"Escrito por\" \/>\n\t<meta name=\"twitter:data1\" content=\"CCristina\" \/>\n\t<meta name=\"twitter:label2\" content=\"Tiempo de lectura\" \/>\n\t<meta name=\"twitter:data2\" content=\"1 minuto\" \/>\n<script type=\"application\/ld+json\" class=\"yoast-schema-graph\">{\"@context\":\"https:\\\/\\\/schema.org\",\"@graph\":[{\"@type\":\"Article\",\"@id\":\"https:\\\/\\\/cristinacortinas.org\\\/sustentabilidad\\\/plan-poscovid-universitario\\\/#article\",\"isPartOf\":{\"@id\":\"https:\\\/\\\/cristinacortinas.org\\\/sustentabilidad\\\/plan-poscovid-universitario\\\/\"},\"author\":{\"name\":\"CCristina\",\"@id\":\"https:\\\/\\\/cristinacortinas.org\\\/sustentabilidad\\\/#\\\/schema\\\/person\\\/230b4a4171b31e97671db5b680f06b08\"},\"headline\":\"PLAN POSCOVID UNIVERSITARIO\",\"datePublished\":\"2020-05-30T00:29:05+00:00\",\"mainEntityOfPage\":{\"@id\":\"https:\\\/\\\/cristinacortinas.org\\\/sustentabilidad\\\/plan-poscovid-universitario\\\/\"},\"wordCount\":152,\"image\":{\"@id\":\"https:\\\/\\\/cristinacortinas.org\\\/sustentabilidad\\\/plan-poscovid-universitario\\\/#primaryimage\"},\"thumbnailUrl\":\"https:\\\/\\\/cristinacortinas.org\\\/sustentabilidad\\\/wp-content\\\/uploads\\\/2020\\\/05\\\/PLAN-POSCOVID-UNIVERSITARIO.jpg\",\"articleSection\":[\"Noticias\"],\"inLanguage\":\"es\"},{\"@type\":\"WebPage\",\"@id\":\"https:\\\/\\\/cristinacortinas.org\\\/sustentabilidad\\\/plan-poscovid-universitario\\\/\",\"url\":\"https:\\\/\\\/cristinacortinas.org\\\/sustentabilidad\\\/plan-poscovid-universitario\\\/\",\"name\":\"PLAN POSCOVID UNIVERSITARIO - Dra. Ma. Cristina Cortinas Dur\u00e1n\",\"isPartOf\":{\"@id\":\"https:\\\/\\\/cristinacortinas.org\\\/sustentabilidad\\\/#website\"},\"primaryImageOfPage\":{\"@id\":\"https:\\\/\\\/cristinacortinas.org\\\/sustentabilidad\\\/plan-poscovid-universitario\\\/#primaryimage\"},\"image\":{\"@id\":\"https:\\\/\\\/cristinacortinas.org\\\/sustentabilidad\\\/plan-poscovid-universitario\\\/#primaryimage\"},\"thumbnailUrl\":\"https:\\\/\\\/cristinacortinas.org\\\/sustentabilidad\\\/wp-content\\\/uploads\\\/2020\\\/05\\\/PLAN-POSCOVID-UNIVERSITARIO.jpg\",\"datePublished\":\"2020-05-30T00:29:05+00:00\",\"author\":{\"@id\":\"https:\\\/\\\/cristinacortinas.org\\\/sustentabilidad\\\/#\\\/schema\\\/person\\\/230b4a4171b31e97671db5b680f06b08\"},\"breadcrumb\":{\"@id\":\"https:\\\/\\\/cristinacortinas.org\\\/sustentabilidad\\\/plan-poscovid-universitario\\\/#breadcrumb\"},\"inLanguage\":\"es\",\"potentialAction\":[{\"@type\":\"ReadAction\",\"target\":[\"https:\\\/\\\/cristinacortinas.org\\\/sustentabilidad\\\/plan-poscovid-universitario\\\/\"]}]},{\"@type\":\"ImageObject\",\"inLanguage\":\"es\",\"@id\":\"https:\\\/\\\/cristinacortinas.org\\\/sustentabilidad\\\/plan-poscovid-universitario\\\/#primaryimage\",\"url\":\"https:\\\/\\\/cristinacortinas.org\\\/sustentabilidad\\\/wp-content\\\/uploads\\\/2020\\\/05\\\/PLAN-POSCOVID-UNIVERSITARIO.jpg\",\"contentUrl\":\"https:\\\/\\\/cristinacortinas.org\\\/sustentabilidad\\\/wp-content\\\/uploads\\\/2020\\\/05\\\/PLAN-POSCOVID-UNIVERSITARIO.jpg\",\"width\":842,\"height\":842},{\"@type\":\"BreadcrumbList\",\"@id\":\"https:\\\/\\\/cristinacortinas.org\\\/sustentabilidad\\\/plan-poscovid-universitario\\\/#breadcrumb\",\"itemListElement\":[{\"@type\":\"ListItem\",\"position\":1,\"name\":\"Portada\",\"item\":\"https:\\\/\\\/cristinacortinas.org\\\/sustentabilidad\\\/\"},{\"@type\":\"ListItem\",\"position\":2,\"name\":\"PLAN POSCOVID UNIVERSITARIO\"}]},{\"@type\":\"WebSite\",\"@id\":\"https:\\\/\\\/cristinacortinas.org\\\/sustentabilidad\\\/#website\",\"url\":\"https:\\\/\\\/cristinacortinas.org\\\/sustentabilidad\\\/\",\"name\":\"Dra. Ma. Cristina Cortinas Dur\u00e1n\",\"description\":\"\",\"potentialAction\":[{\"@type\":\"SearchAction\",\"target\":{\"@type\":\"EntryPoint\",\"urlTemplate\":\"https:\\\/\\\/cristinacortinas.org\\\/sustentabilidad\\\/?s={search_term_string}\"},\"query-input\":{\"@type\":\"PropertyValueSpecification\",\"valueRequired\":true,\"valueName\":\"search_term_string\"}}],\"inLanguage\":\"es\"},{\"@type\":\"Person\",\"@id\":\"https:\\\/\\\/cristinacortinas.org\\\/sustentabilidad\\\/#\\\/schema\\\/person\\\/230b4a4171b31e97671db5b680f06b08\",\"name\":\"CCristina\"}]}<\/script>\n<!-- \/ Yoast SEO plugin. -->","yoast_head_json":{"title":"PLAN POSCOVID UNIVERSITARIO - Dra. Ma. Cristina Cortinas Dur\u00e1n","robots":{"index":"index","follow":"follow","max-snippet":"max-snippet:-1","max-image-preview":"max-image-preview:large","max-video-preview":"max-video-preview:-1"},"canonical":"https:\/\/cristinacortinas.org\/sustentabilidad\/plan-poscovid-universitario\/","og_locale":"es_ES","og_type":"article","og_title":"PLAN POSCOVID UNIVERSITARIO - Dra. Ma. Cristina Cortinas Dur\u00e1n","og_description":"La Educaci\u00f3n para el Desarrollo Sostenible (EDS) empodera a las personas para que cambien su manera de pensar y trabajar hacia un futuro sostenible. (UNESCO 2019) EDUCACI\u00d3N PARA EL DESARROLLO SOSTENIBLE La EDS habilita a los educandos para tomar decisiones fundamentadas y adoptar medidas responsables en favor de la integridad del medio ambiente y la viabilidad de la econom\u00eda. A&nbsp;Seguir leyendo","og_url":"https:\/\/cristinacortinas.org\/sustentabilidad\/plan-poscovid-universitario\/","og_site_name":"Dra. Ma. Cristina Cortinas Dur\u00e1n","article_publisher":"https:\/\/www.facebook.com\/cristinacortinasduran\/","article_published_time":"2020-05-30T00:29:05+00:00","og_image":[{"width":842,"height":842,"url":"https:\/\/cristinacortinas.org\/sustentabilidad\/wp-content\/uploads\/2020\/05\/PLAN-POSCOVID-UNIVERSITARIO.jpg","type":"image\/jpeg"}],"author":"CCristina","twitter_card":"summary_large_image","twitter_creator":"@DraCrisCortinas","twitter_site":"@DraCrisCortinas","twitter_misc":{"Escrito por":"CCristina","Tiempo de lectura":"1 minuto"},"schema":{"@context":"https:\/\/schema.org","@graph":[{"@type":"Article","@id":"https:\/\/cristinacortinas.org\/sustentabilidad\/plan-poscovid-universitario\/#article","isPartOf":{"@id":"https:\/\/cristinacortinas.org\/sustentabilidad\/plan-poscovid-universitario\/"},"author":{"name":"CCristina","@id":"https:\/\/cristinacortinas.org\/sustentabilidad\/#\/schema\/person\/230b4a4171b31e97671db5b680f06b08"},"headline":"PLAN POSCOVID UNIVERSITARIO","datePublished":"2020-05-30T00:29:05+00:00","mainEntityOfPage":{"@id":"https:\/\/cristinacortinas.org\/sustentabilidad\/plan-poscovid-universitario\/"},"wordCount":152,"image":{"@id":"https:\/\/cristinacortinas.org\/sustentabilidad\/plan-poscovid-universitario\/#primaryimage"},"thumbnailUrl":"https:\/\/cristinacortinas.org\/sustentabilidad\/wp-content\/uploads\/2020\/05\/PLAN-POSCOVID-UNIVERSITARIO.jpg","articleSection":["Noticias"],"inLanguage":"es"},{"@type":"WebPage","@id":"https:\/\/cristinacortinas.org\/sustentabilidad\/plan-poscovid-universitario\/","url":"https:\/\/cristinacortinas.org\/sustentabilidad\/plan-poscovid-universitario\/","name":"PLAN POSCOVID UNIVERSITARIO - Dra. Ma. Cristina Cortinas Dur\u00e1n","isPartOf":{"@id":"https:\/\/cristinacortinas.org\/sustentabilidad\/#website"},"primaryImageOfPage":{"@id":"https:\/\/cristinacortinas.org\/sustentabilidad\/plan-poscovid-universitario\/#primaryimage"},"image":{"@id":"https:\/\/cristinacortinas.org\/sustentabilidad\/plan-poscovid-universitario\/#primaryimage"},"thumbnailUrl":"https:\/\/cristinacortinas.org\/sustentabilidad\/wp-content\/uploads\/2020\/05\/PLAN-POSCOVID-UNIVERSITARIO.jpg","datePublished":"2020-05-30T00:29:05+00:00","author":{"@id":"https:\/\/cristinacortinas.org\/sustentabilidad\/#\/schema\/person\/230b4a4171b31e97671db5b680f06b08"},"breadcrumb":{"@id":"https:\/\/cristinacortinas.org\/sustentabilidad\/plan-poscovid-universitario\/#breadcrumb"},"inLanguage":"es","potentialAction":[{"@type":"ReadAction","target":["https:\/\/cristinacortinas.org\/sustentabilidad\/plan-poscovid-universitario\/"]}]},{"@type":"ImageObject","inLanguage":"es","@id":"https:\/\/cristinacortinas.org\/sustentabilidad\/plan-poscovid-universitario\/#primaryimage","url":"https:\/\/cristinacortinas.org\/sustentabilidad\/wp-content\/uploads\/2020\/05\/PLAN-POSCOVID-UNIVERSITARIO.jpg","contentUrl":"https:\/\/cristinacortinas.org\/sustentabilidad\/wp-content\/uploads\/2020\/05\/PLAN-POSCOVID-UNIVERSITARIO.jpg","width":842,"height":842},{"@type":"BreadcrumbList","@id":"https:\/\/cristinacortinas.org\/sustentabilidad\/plan-poscovid-universitario\/#breadcrumb","itemListElement":[{"@type":"ListItem","position":1,"name":"Portada","item":"https:\/\/cristinacortinas.org\/sustentabilidad\/"},{"@type":"ListItem","position":2,"name":"PLAN POSCOVID UNIVERSITARIO"}]},{"@type":"WebSite","@id":"https:\/\/cristinacortinas.org\/sustentabilidad\/#website","url":"https:\/\/cristinacortinas.org\/sustentabilidad\/","name":"Dra. Ma. Cristina Cortinas Dur\u00e1n","description":"","potentialAction":[{"@type":"SearchAction","target":{"@type":"EntryPoint","urlTemplate":"https:\/\/cristinacortinas.org\/sustentabilidad\/?s={search_term_string}"},"query-input":{"@type":"PropertyValueSpecification","valueRequired":true,"valueName":"search_term_string"}}],"inLanguage":"es"},{"@type":"Person","@id":"https:\/\/cristinacortinas.org\/sustentabilidad\/#\/schema\/person\/230b4a4171b31e97671db5b680f06b08","name":"CCristina"}]}},"_links":{"self":[{"href":"https:\/\/cristinacortinas.org\/sustentabilidad\/wp-json\/wp\/v2\/posts\/7718","targetHints":{"allow":["GET"]}}],"collection":[{"href":"https:\/\/cristinacortinas.org\/sustentabilidad\/wp-json\/wp\/v2\/posts"}],"about":[{"href":"https:\/\/cristinacortinas.org\/sustentabilidad\/wp-json\/wp\/v2\/types\/post"}],"author":[{"embeddable":true,"href":"https:\/\/cristinacortinas.org\/sustentabilidad\/wp-json\/wp\/v2\/users\/1"}],"replies":[{"embeddable":true,"href":"https:\/\/cristinacortinas.org\/sustentabilidad\/wp-json\/wp\/v2\/comments?post=7718"}],"version-history":[{"count":1,"href":"https:\/\/cristinacortinas.org\/sustentabilidad\/wp-json\/wp\/v2\/posts\/7718\/revisions"}],"predecessor-version":[{"id":7720,"href":"https:\/\/cristinacortinas.org\/sustentabilidad\/wp-json\/wp\/v2\/posts\/7718\/revisions\/7720"}],"wp:featuredmedia":[{"embeddable":true,"href":"https:\/\/cristinacortinas.org\/sustentabilidad\/wp-json\/wp\/v2\/media\/7719"}],"wp:attachment":[{"href":"https:\/\/cristinacortinas.org\/sustentabilidad\/wp-json\/wp\/v2\/media?parent=7718"}],"wp:term":[{"taxonomy":"category","embeddable":true,"href":"https:\/\/cristinacortinas.org\/sustentabilidad\/wp-json\/wp\/v2\/categories?post=7718"},{"taxonomy":"post_tag","embeddable":true,"href":"https:\/\/cristinacortinas.org\/sustentabilidad\/wp-json\/wp\/v2\/tags?post=7718"}],"curies":[{"name":"wp","href":"https:\/\/api.w.org\/{rel}","templated":true}]}}