{"id":7614,"date":"2020-04-20T19:45:07","date_gmt":"2020-04-21T00:45:07","guid":{"rendered":"https:\/\/cristinacortinas.org\/sustentabilidad\/?p=7614"},"modified":"2020-04-20T19:45:07","modified_gmt":"2020-04-21T00:45:07","slug":"canalizacion-de-ayudas-a-grupos-mas-vulnerables-con-hambre-necesitamosescucharnos","status":"publish","type":"post","link":"https:\/\/cristinacortinas.org\/sustentabilidad\/canalizacion-de-ayudas-a-grupos-mas-vulnerables-con-hambre-necesitamosescucharnos\/","title":{"rendered":"Canalizaci\u00f3n de ayudas a grupos m\u00e1s vulnerables con hambre. #NecesitamosEscucharnos"},"content":{"rendered":"<p>En respuesta a nuestro llamado urgente a alimentar a personas en condici\u00f3n de hambre y a apoyar a productores locales nos comparten las 3 iniciativas siguientes que est\u00e1n canalizando ayudas a los grupos m\u00e1s vulnerables de la sociedad en Colombia y que han funcionado bien en estas 5 semanas de cuarentena obligatoria, gracias a la solidaridad de los diversos sectores y a la buena articulaci\u00f3n que se ha logrado entre organizaciones, empresas y entidades.<\/p>\n<p>DONAT\u00d3N: Las ciudades principales (Bogot\u00e1, Medell\u00edn, Cali, etc) han lanzado estos eventos tipo Telet\u00f3n de 1 d\u00eda donde empresas, fil\u00e1ntropos, ciudadanos y organizaciones hacen donaciones directas en dinero y especie, y con la ayuda de las Alclad\u00edas, se gestiona la entrega de despensas\/medicamentos\/otros enseres necesarios para asisitir a la poblaci\u00f3n de escasos recursos y que se localiza en zonas de alta marginaci\u00f3n. En Medell\u00edn recaudaron alrededor de 5Millones de USD ($20mil millones de pesos colombianos) la semana pasada y esta noche se est\u00e1 llevando a cabo el de Bogot\u00e1.<\/p>\n<p>EMPRESAS DE ENTREGAS A DOMICILIO (Uber-eats\/Rappi\/domicilios.com\/SiembraViva\/Restauranteros): Estas empresas que venden\/entregan diversidad de productos de primera necesidad, han sacado campa\u00f1as en las que se entra al portal a ordenar los productos para evitar salir a hacer la compra, y ah\u00ed dan opci\u00f3n de comprar algo adicional que ser\u00e1 donado a grupos y zonas vulnerables a trav\u00e9s de programas ya organizados por la Corporaci\u00f3n de Innovaci\u00f3n de Medell\u00edn que es Corporaci\u00f3n Ruta N, as\u00ed que mucha gente gasta un poco m\u00e1s de lo que iba a comprar y puede aportar a la ayuda directa enviando canastas de comida, etc. M\u00e9xico cuenta ya con ecosistemas de emprendimientos donde startups podr\u00edan facilmente implementarlo (se copi\u00f3 en este correo a un l\u00edder del ecosistema de emprendimiento de impacto social en M\u00e9xico). El beneficio para las startups y negocios que atienden estos pedidos es que mejoran su facturaci\u00f3n y eso obviamente les ayuda en esta etapa tan complicada.<\/p>\n<p>&nbsp;<\/p>\n<p>RESPONSABILIDAD SOCIAL EMPRESARIAL (RSE): Las empresas y multinacionales con Departamento de RSE est\u00e1n canalizando ayudas que recaudan con sus plantas de personal hacia grupos o fundaciones con quienes trabajan en programas de impacto social. En M\u00e9xico la Organizaci\u00f3n de Empresas Socialmente Responsables puede ser un posible actor que ayude a articular a estos l\u00edderes de RSE de las empresas grandes para canalizar ayudas a los grupos identificados en Quer\u00e9taro y otros Municipios del pa\u00eds. Se copi\u00f3 este mensaje a una persona que ha liderado iniciativas de RSE y qui\u00e9n quiz\u00e1s pueda establecer alg\u00fan contacto con esta Organizaci\u00f3n de Empresas Socialmente Responsables.<\/p>\n<p>El reto est\u00e1 en establecer los mecanismos que faciliten estas iniciativas y que den confianza.<\/p>\n<p>Tambi\u00e9n se recibi\u00f3 la siguiente invitaci\u00f3n<\/p>\n<p>Podemos solidarizarnos con esta causa incluy\u00e9ndola en la campa\u00f1a #NecesitamosEscucharnos que lanzaremos el d\u00eda de ma\u00f1ana lunes 20 de abril a trav\u00e9s de la plataforma paraquedarnosencasa.org y que va en el mismo sentido de su iniciativa. Para sumarse compartan sus mensajes en redes con el hashtag #NecesitamosEscucharnos y de ah\u00ed podemos tomar sus mensajes para darles movimiento.<\/p>\n<p>Agradecemos y damos la bienvenida a las propuestas solidarias que se traduzcan en apoyos reales para quienes los necesitan y que en nuestro caso difundimos en la p\u00e1gina: <a href=\"http:\/\/www.cristinacortinas.org\">www.cristinacortinas.org<\/a><\/p>\n<p>La ECOTIENDA NEBLINAS (1 Calle Doctor Leopoldo R\u00edo de la Loza, Colonia Centro en Quer\u00e9taro. Tel\u00e9fono 442 455 2894), invita a adquirir arpillas de 10 kg de naranja valenciana org\u00e1nica con un costo de $200.00 (doscientos pesos), para apoyar a productores de Conc\u00e1 del Municipio de Arroyo Seco. \u00a1Hagan sus pedidos de estos y otros productores locales!<\/p>\n","protected":false},"excerpt":{"rendered":"<p>En respuesta a nuestro llamado urgente a alimentar a personas en condici\u00f3n de hambre y a apoyar a productores locales nos comparten las 3 iniciativas siguientes que est\u00e1n canalizando ayudas a los grupos m\u00e1s vulnerables de la sociedad en Colombia y que han funcionado bien en estas 5 semanas de cuarentena obligatoria, gracias a la solidaridad de los diversos sectores&nbsp;<a href=\"https:\/\/cristinacortinas.org\/sustentabilidad\/canalizacion-de-ayudas-a-grupos-mas-vulnerables-con-hambre-necesitamosescucharnos\/\" class=\"read-more\">Seguir leyendo<\/a><\/p>\n","protected":false},"author":1,"featured_media":7615,"comment_status":"closed","ping_status":"closed","sticky":false,"template":"","format":"standard","meta":{"footnotes":""},"categories":[40],"tags":[],"class_list":["post-7614","post","type-post","status-publish","format-standard","has-post-thumbnail","hentry","category-noticias","cat-40-id"],"yoast_head":"<!-- This site is optimized with the Yoast SEO plugin v27.4 - https:\/\/yoast.com\/product\/yoast-seo-wordpress\/ -->\n<title>Canalizaci\u00f3n de ayudas a grupos m\u00e1s vulnerables con hambre. #NecesitamosEscucharnos - Dra. Ma. Cristina Cortinas Dur\u00e1n<\/title>\n<meta name=\"robots\" content=\"index, follow, max-snippet:-1, max-image-preview:large, max-video-preview:-1\" \/>\n<link rel=\"canonical\" href=\"https:\/\/cristinacortinas.org\/sustentabilidad\/canalizacion-de-ayudas-a-grupos-mas-vulnerables-con-hambre-necesitamosescucharnos\/\" \/>\n<meta property=\"og:locale\" content=\"es_ES\" \/>\n<meta property=\"og:type\" content=\"article\" \/>\n<meta property=\"og:title\" content=\"Canalizaci\u00f3n de ayudas a grupos m\u00e1s vulnerables con hambre. #NecesitamosEscucharnos - Dra. Ma. Cristina Cortinas Dur\u00e1n\" \/>\n<meta property=\"og:description\" content=\"En respuesta a nuestro llamado urgente a alimentar a personas en condici\u00f3n de hambre y a apoyar a productores locales nos comparten las 3 iniciativas siguientes que est\u00e1n canalizando ayudas a los grupos m\u00e1s vulnerables de la sociedad en Colombia y que han funcionado bien en estas 5 semanas de cuarentena obligatoria, gracias a la solidaridad de los diversos sectores&nbsp;Seguir leyendo\" \/>\n<meta property=\"og:url\" content=\"https:\/\/cristinacortinas.org\/sustentabilidad\/canalizacion-de-ayudas-a-grupos-mas-vulnerables-con-hambre-necesitamosescucharnos\/\" \/>\n<meta property=\"og:site_name\" content=\"Dra. Ma. Cristina Cortinas Dur\u00e1n\" \/>\n<meta property=\"article:publisher\" content=\"https:\/\/www.facebook.com\/cristinacortinasduran\/\" \/>\n<meta property=\"article:published_time\" content=\"2020-04-21T00:45:07+00:00\" \/>\n<meta property=\"og:image\" content=\"https:\/\/cristinacortinas.org\/sustentabilidad\/wp-content\/uploads\/2020\/04\/Canalizaci\u00f3n-de-ayudas-a-grupos-m\u00e1s-vulnerables-con-hambre.jpg\" \/>\n\t<meta property=\"og:image:width\" content=\"1100\" \/>\n\t<meta property=\"og:image:height\" content=\"619\" \/>\n\t<meta property=\"og:image:type\" content=\"image\/jpeg\" \/>\n<meta name=\"author\" content=\"CCristina\" \/>\n<meta name=\"twitter:card\" content=\"summary_large_image\" \/>\n<meta name=\"twitter:creator\" content=\"@DraCrisCortinas\" \/>\n<meta name=\"twitter:site\" content=\"@DraCrisCortinas\" \/>\n<meta name=\"twitter:label1\" content=\"Escrito por\" \/>\n\t<meta name=\"twitter:data1\" content=\"CCristina\" \/>\n\t<meta name=\"twitter:label2\" content=\"Tiempo de lectura\" \/>\n\t<meta name=\"twitter:data2\" content=\"3 minutos\" \/>\n<script type=\"application\/ld+json\" class=\"yoast-schema-graph\">{\"@context\":\"https:\\\/\\\/schema.org\",\"@graph\":[{\"@type\":\"Article\",\"@id\":\"https:\\\/\\\/cristinacortinas.org\\\/sustentabilidad\\\/canalizacion-de-ayudas-a-grupos-mas-vulnerables-con-hambre-necesitamosescucharnos\\\/#article\",\"isPartOf\":{\"@id\":\"https:\\\/\\\/cristinacortinas.org\\\/sustentabilidad\\\/canalizacion-de-ayudas-a-grupos-mas-vulnerables-con-hambre-necesitamosescucharnos\\\/\"},\"author\":{\"name\":\"CCristina\",\"@id\":\"https:\\\/\\\/cristinacortinas.org\\\/sustentabilidad\\\/#\\\/schema\\\/person\\\/230b4a4171b31e97671db5b680f06b08\"},\"headline\":\"Canalizaci\u00f3n de ayudas a grupos m\u00e1s vulnerables con hambre. #NecesitamosEscucharnos\",\"datePublished\":\"2020-04-21T00:45:07+00:00\",\"mainEntityOfPage\":{\"@id\":\"https:\\\/\\\/cristinacortinas.org\\\/sustentabilidad\\\/canalizacion-de-ayudas-a-grupos-mas-vulnerables-con-hambre-necesitamosescucharnos\\\/\"},\"wordCount\":642,\"image\":{\"@id\":\"https:\\\/\\\/cristinacortinas.org\\\/sustentabilidad\\\/canalizacion-de-ayudas-a-grupos-mas-vulnerables-con-hambre-necesitamosescucharnos\\\/#primaryimage\"},\"thumbnailUrl\":\"https:\\\/\\\/cristinacortinas.org\\\/sustentabilidad\\\/wp-content\\\/uploads\\\/2020\\\/04\\\/Canalizaci\u00f3n-de-ayudas-a-grupos-m\u00e1s-vulnerables-con-hambre.jpg\",\"articleSection\":[\"Noticias\"],\"inLanguage\":\"es\"},{\"@type\":\"WebPage\",\"@id\":\"https:\\\/\\\/cristinacortinas.org\\\/sustentabilidad\\\/canalizacion-de-ayudas-a-grupos-mas-vulnerables-con-hambre-necesitamosescucharnos\\\/\",\"url\":\"https:\\\/\\\/cristinacortinas.org\\\/sustentabilidad\\\/canalizacion-de-ayudas-a-grupos-mas-vulnerables-con-hambre-necesitamosescucharnos\\\/\",\"name\":\"Canalizaci\u00f3n de ayudas a grupos m\u00e1s vulnerables con hambre. #NecesitamosEscucharnos - Dra. Ma. Cristina Cortinas Dur\u00e1n\",\"isPartOf\":{\"@id\":\"https:\\\/\\\/cristinacortinas.org\\\/sustentabilidad\\\/#website\"},\"primaryImageOfPage\":{\"@id\":\"https:\\\/\\\/cristinacortinas.org\\\/sustentabilidad\\\/canalizacion-de-ayudas-a-grupos-mas-vulnerables-con-hambre-necesitamosescucharnos\\\/#primaryimage\"},\"image\":{\"@id\":\"https:\\\/\\\/cristinacortinas.org\\\/sustentabilidad\\\/canalizacion-de-ayudas-a-grupos-mas-vulnerables-con-hambre-necesitamosescucharnos\\\/#primaryimage\"},\"thumbnailUrl\":\"https:\\\/\\\/cristinacortinas.org\\\/sustentabilidad\\\/wp-content\\\/uploads\\\/2020\\\/04\\\/Canalizaci\u00f3n-de-ayudas-a-grupos-m\u00e1s-vulnerables-con-hambre.jpg\",\"datePublished\":\"2020-04-21T00:45:07+00:00\",\"author\":{\"@id\":\"https:\\\/\\\/cristinacortinas.org\\\/sustentabilidad\\\/#\\\/schema\\\/person\\\/230b4a4171b31e97671db5b680f06b08\"},\"breadcrumb\":{\"@id\":\"https:\\\/\\\/cristinacortinas.org\\\/sustentabilidad\\\/canalizacion-de-ayudas-a-grupos-mas-vulnerables-con-hambre-necesitamosescucharnos\\\/#breadcrumb\"},\"inLanguage\":\"es\",\"potentialAction\":[{\"@type\":\"ReadAction\",\"target\":[\"https:\\\/\\\/cristinacortinas.org\\\/sustentabilidad\\\/canalizacion-de-ayudas-a-grupos-mas-vulnerables-con-hambre-necesitamosescucharnos\\\/\"]}]},{\"@type\":\"ImageObject\",\"inLanguage\":\"es\",\"@id\":\"https:\\\/\\\/cristinacortinas.org\\\/sustentabilidad\\\/canalizacion-de-ayudas-a-grupos-mas-vulnerables-con-hambre-necesitamosescucharnos\\\/#primaryimage\",\"url\":\"https:\\\/\\\/cristinacortinas.org\\\/sustentabilidad\\\/wp-content\\\/uploads\\\/2020\\\/04\\\/Canalizaci\u00f3n-de-ayudas-a-grupos-m\u00e1s-vulnerables-con-hambre.jpg\",\"contentUrl\":\"https:\\\/\\\/cristinacortinas.org\\\/sustentabilidad\\\/wp-content\\\/uploads\\\/2020\\\/04\\\/Canalizaci\u00f3n-de-ayudas-a-grupos-m\u00e1s-vulnerables-con-hambre.jpg\",\"width\":1100,\"height\":619},{\"@type\":\"BreadcrumbList\",\"@id\":\"https:\\\/\\\/cristinacortinas.org\\\/sustentabilidad\\\/canalizacion-de-ayudas-a-grupos-mas-vulnerables-con-hambre-necesitamosescucharnos\\\/#breadcrumb\",\"itemListElement\":[{\"@type\":\"ListItem\",\"position\":1,\"name\":\"Portada\",\"item\":\"https:\\\/\\\/cristinacortinas.org\\\/sustentabilidad\\\/\"},{\"@type\":\"ListItem\",\"position\":2,\"name\":\"Canalizaci\u00f3n de ayudas a grupos m\u00e1s vulnerables con hambre. #NecesitamosEscucharnos\"}]},{\"@type\":\"WebSite\",\"@id\":\"https:\\\/\\\/cristinacortinas.org\\\/sustentabilidad\\\/#website\",\"url\":\"https:\\\/\\\/cristinacortinas.org\\\/sustentabilidad\\\/\",\"name\":\"Dra. Ma. Cristina Cortinas Dur\u00e1n\",\"description\":\"\",\"potentialAction\":[{\"@type\":\"SearchAction\",\"target\":{\"@type\":\"EntryPoint\",\"urlTemplate\":\"https:\\\/\\\/cristinacortinas.org\\\/sustentabilidad\\\/?s={search_term_string}\"},\"query-input\":{\"@type\":\"PropertyValueSpecification\",\"valueRequired\":true,\"valueName\":\"search_term_string\"}}],\"inLanguage\":\"es\"},{\"@type\":\"Person\",\"@id\":\"https:\\\/\\\/cristinacortinas.org\\\/sustentabilidad\\\/#\\\/schema\\\/person\\\/230b4a4171b31e97671db5b680f06b08\",\"name\":\"CCristina\"}]}<\/script>\n<!-- \/ Yoast SEO plugin. -->","yoast_head_json":{"title":"Canalizaci\u00f3n de ayudas a grupos m\u00e1s vulnerables con hambre. #NecesitamosEscucharnos - Dra. Ma. Cristina Cortinas Dur\u00e1n","robots":{"index":"index","follow":"follow","max-snippet":"max-snippet:-1","max-image-preview":"max-image-preview:large","max-video-preview":"max-video-preview:-1"},"canonical":"https:\/\/cristinacortinas.org\/sustentabilidad\/canalizacion-de-ayudas-a-grupos-mas-vulnerables-con-hambre-necesitamosescucharnos\/","og_locale":"es_ES","og_type":"article","og_title":"Canalizaci\u00f3n de ayudas a grupos m\u00e1s vulnerables con hambre. #NecesitamosEscucharnos - Dra. Ma. Cristina Cortinas Dur\u00e1n","og_description":"En respuesta a nuestro llamado urgente a alimentar a personas en condici\u00f3n de hambre y a apoyar a productores locales nos comparten las 3 iniciativas siguientes que est\u00e1n canalizando ayudas a los grupos m\u00e1s vulnerables de la sociedad en Colombia y que han funcionado bien en estas 5 semanas de cuarentena obligatoria, gracias a la solidaridad de los diversos sectores&nbsp;Seguir leyendo","og_url":"https:\/\/cristinacortinas.org\/sustentabilidad\/canalizacion-de-ayudas-a-grupos-mas-vulnerables-con-hambre-necesitamosescucharnos\/","og_site_name":"Dra. Ma. Cristina Cortinas Dur\u00e1n","article_publisher":"https:\/\/www.facebook.com\/cristinacortinasduran\/","article_published_time":"2020-04-21T00:45:07+00:00","og_image":[{"width":1100,"height":619,"url":"https:\/\/cristinacortinas.org\/sustentabilidad\/wp-content\/uploads\/2020\/04\/Canalizaci\u00f3n-de-ayudas-a-grupos-m\u00e1s-vulnerables-con-hambre.jpg","type":"image\/jpeg"}],"author":"CCristina","twitter_card":"summary_large_image","twitter_creator":"@DraCrisCortinas","twitter_site":"@DraCrisCortinas","twitter_misc":{"Escrito por":"CCristina","Tiempo de lectura":"3 minutos"},"schema":{"@context":"https:\/\/schema.org","@graph":[{"@type":"Article","@id":"https:\/\/cristinacortinas.org\/sustentabilidad\/canalizacion-de-ayudas-a-grupos-mas-vulnerables-con-hambre-necesitamosescucharnos\/#article","isPartOf":{"@id":"https:\/\/cristinacortinas.org\/sustentabilidad\/canalizacion-de-ayudas-a-grupos-mas-vulnerables-con-hambre-necesitamosescucharnos\/"},"author":{"name":"CCristina","@id":"https:\/\/cristinacortinas.org\/sustentabilidad\/#\/schema\/person\/230b4a4171b31e97671db5b680f06b08"},"headline":"Canalizaci\u00f3n de ayudas a grupos m\u00e1s vulnerables con hambre. #NecesitamosEscucharnos","datePublished":"2020-04-21T00:45:07+00:00","mainEntityOfPage":{"@id":"https:\/\/cristinacortinas.org\/sustentabilidad\/canalizacion-de-ayudas-a-grupos-mas-vulnerables-con-hambre-necesitamosescucharnos\/"},"wordCount":642,"image":{"@id":"https:\/\/cristinacortinas.org\/sustentabilidad\/canalizacion-de-ayudas-a-grupos-mas-vulnerables-con-hambre-necesitamosescucharnos\/#primaryimage"},"thumbnailUrl":"https:\/\/cristinacortinas.org\/sustentabilidad\/wp-content\/uploads\/2020\/04\/Canalizaci\u00f3n-de-ayudas-a-grupos-m\u00e1s-vulnerables-con-hambre.jpg","articleSection":["Noticias"],"inLanguage":"es"},{"@type":"WebPage","@id":"https:\/\/cristinacortinas.org\/sustentabilidad\/canalizacion-de-ayudas-a-grupos-mas-vulnerables-con-hambre-necesitamosescucharnos\/","url":"https:\/\/cristinacortinas.org\/sustentabilidad\/canalizacion-de-ayudas-a-grupos-mas-vulnerables-con-hambre-necesitamosescucharnos\/","name":"Canalizaci\u00f3n de ayudas a grupos m\u00e1s vulnerables con hambre. #NecesitamosEscucharnos - Dra. Ma. Cristina Cortinas Dur\u00e1n","isPartOf":{"@id":"https:\/\/cristinacortinas.org\/sustentabilidad\/#website"},"primaryImageOfPage":{"@id":"https:\/\/cristinacortinas.org\/sustentabilidad\/canalizacion-de-ayudas-a-grupos-mas-vulnerables-con-hambre-necesitamosescucharnos\/#primaryimage"},"image":{"@id":"https:\/\/cristinacortinas.org\/sustentabilidad\/canalizacion-de-ayudas-a-grupos-mas-vulnerables-con-hambre-necesitamosescucharnos\/#primaryimage"},"thumbnailUrl":"https:\/\/cristinacortinas.org\/sustentabilidad\/wp-content\/uploads\/2020\/04\/Canalizaci\u00f3n-de-ayudas-a-grupos-m\u00e1s-vulnerables-con-hambre.jpg","datePublished":"2020-04-21T00:45:07+00:00","author":{"@id":"https:\/\/cristinacortinas.org\/sustentabilidad\/#\/schema\/person\/230b4a4171b31e97671db5b680f06b08"},"breadcrumb":{"@id":"https:\/\/cristinacortinas.org\/sustentabilidad\/canalizacion-de-ayudas-a-grupos-mas-vulnerables-con-hambre-necesitamosescucharnos\/#breadcrumb"},"inLanguage":"es","potentialAction":[{"@type":"ReadAction","target":["https:\/\/cristinacortinas.org\/sustentabilidad\/canalizacion-de-ayudas-a-grupos-mas-vulnerables-con-hambre-necesitamosescucharnos\/"]}]},{"@type":"ImageObject","inLanguage":"es","@id":"https:\/\/cristinacortinas.org\/sustentabilidad\/canalizacion-de-ayudas-a-grupos-mas-vulnerables-con-hambre-necesitamosescucharnos\/#primaryimage","url":"https:\/\/cristinacortinas.org\/sustentabilidad\/wp-content\/uploads\/2020\/04\/Canalizaci\u00f3n-de-ayudas-a-grupos-m\u00e1s-vulnerables-con-hambre.jpg","contentUrl":"https:\/\/cristinacortinas.org\/sustentabilidad\/wp-content\/uploads\/2020\/04\/Canalizaci\u00f3n-de-ayudas-a-grupos-m\u00e1s-vulnerables-con-hambre.jpg","width":1100,"height":619},{"@type":"BreadcrumbList","@id":"https:\/\/cristinacortinas.org\/sustentabilidad\/canalizacion-de-ayudas-a-grupos-mas-vulnerables-con-hambre-necesitamosescucharnos\/#breadcrumb","itemListElement":[{"@type":"ListItem","position":1,"name":"Portada","item":"https:\/\/cristinacortinas.org\/sustentabilidad\/"},{"@type":"ListItem","position":2,"name":"Canalizaci\u00f3n de ayudas a grupos m\u00e1s vulnerables con hambre. #NecesitamosEscucharnos"}]},{"@type":"WebSite","@id":"https:\/\/cristinacortinas.org\/sustentabilidad\/#website","url":"https:\/\/cristinacortinas.org\/sustentabilidad\/","name":"Dra. Ma. Cristina Cortinas Dur\u00e1n","description":"","potentialAction":[{"@type":"SearchAction","target":{"@type":"EntryPoint","urlTemplate":"https:\/\/cristinacortinas.org\/sustentabilidad\/?s={search_term_string}"},"query-input":{"@type":"PropertyValueSpecification","valueRequired":true,"valueName":"search_term_string"}}],"inLanguage":"es"},{"@type":"Person","@id":"https:\/\/cristinacortinas.org\/sustentabilidad\/#\/schema\/person\/230b4a4171b31e97671db5b680f06b08","name":"CCristina"}]}},"_links":{"self":[{"href":"https:\/\/cristinacortinas.org\/sustentabilidad\/wp-json\/wp\/v2\/posts\/7614","targetHints":{"allow":["GET"]}}],"collection":[{"href":"https:\/\/cristinacortinas.org\/sustentabilidad\/wp-json\/wp\/v2\/posts"}],"about":[{"href":"https:\/\/cristinacortinas.org\/sustentabilidad\/wp-json\/wp\/v2\/types\/post"}],"author":[{"embeddable":true,"href":"https:\/\/cristinacortinas.org\/sustentabilidad\/wp-json\/wp\/v2\/users\/1"}],"replies":[{"embeddable":true,"href":"https:\/\/cristinacortinas.org\/sustentabilidad\/wp-json\/wp\/v2\/comments?post=7614"}],"version-history":[{"count":1,"href":"https:\/\/cristinacortinas.org\/sustentabilidad\/wp-json\/wp\/v2\/posts\/7614\/revisions"}],"predecessor-version":[{"id":7616,"href":"https:\/\/cristinacortinas.org\/sustentabilidad\/wp-json\/wp\/v2\/posts\/7614\/revisions\/7616"}],"wp:featuredmedia":[{"embeddable":true,"href":"https:\/\/cristinacortinas.org\/sustentabilidad\/wp-json\/wp\/v2\/media\/7615"}],"wp:attachment":[{"href":"https:\/\/cristinacortinas.org\/sustentabilidad\/wp-json\/wp\/v2\/media?parent=7614"}],"wp:term":[{"taxonomy":"category","embeddable":true,"href":"https:\/\/cristinacortinas.org\/sustentabilidad\/wp-json\/wp\/v2\/categories?post=7614"},{"taxonomy":"post_tag","embeddable":true,"href":"https:\/\/cristinacortinas.org\/sustentabilidad\/wp-json\/wp\/v2\/tags?post=7614"}],"curies":[{"name":"wp","href":"https:\/\/api.w.org\/{rel}","templated":true}]}}