{"id":7273,"date":"2020-01-02T20:14:33","date_gmt":"2020-01-03T02:14:33","guid":{"rendered":"https:\/\/cristinacortinas.org\/sustentabilidad\/?p=7273"},"modified":"2020-01-02T20:14:33","modified_gmt":"2020-01-03T02:14:33","slug":"regulacion-marco-para-la-economia-circular-en-pymes-en-mexico-y-en-queretaro","status":"publish","type":"post","link":"https:\/\/cristinacortinas.org\/sustentabilidad\/regulacion-marco-para-la-economia-circular-en-pymes-en-mexico-y-en-queretaro\/","title":{"rendered":"Regulaci\u00f3n marco para la econom\u00eda circular en PyMES en M\u00e9xico y en Quer\u00e9taro"},"content":{"rendered":"<p>Estimad@os amig@os,<\/p>\n<p>M\u00e9xico y el estado de Quer\u00e9taro cuentan desde hace m\u00e1s de 16 a\u00f1os con las bases regulatorias para impulsar sistemas de econom\u00eda circular en diferentes escalas en las actividades productivas; para lo cual se ha establecido como instrumento el plan de manejo tendiente a lograr la prevenci\u00f3n de la generaci\u00f3n (mediante pr\u00e1cticas apropiadas de producci\u00f3n y consumo) y el aprovechamiento \u00a0y valorizaci\u00f3n de los residuos como recursos, cuando no se puedan evitar, a fin de reducir a cero los destinados a disposici\u00f3n final.<\/p>\n<p>La informaci\u00f3n cubierta en este breve resumen de aspectos regulatorios en la materia, se espera sea de utilidad para identificar los elementos a considerar al integrar manuales para orientar e impulsar a las empresas PYMES en M\u00e9xico y en el estado de Quer\u00e9taro a adoptar sistemas de econom\u00eda circular, tomando en cuenta que las PYMES constituyen el eje central de la econom\u00eda del pa\u00eds, si se toma en cuenta su impacto en la generaci\u00f3n de empleos y en la producci\u00f3n nacional.<\/p>\n<p>El a\u00f1o 2020 puede ser un parte aguas para que el pa\u00eds transite hacia la aplicaci\u00f3n sistem\u00e1tica de la econom\u00eda circular en el sector productivo, aprovechando las lecciones referidas en este documento y en otros en los que se plantean los avances logrados en el proceso de formulaci\u00f3n del Programa Especial de Producci\u00f3n y Consumo Sustentable, de implementaci\u00f3n de Auditor\u00edas Ambientales voluntarias, del Programa de Liderazgo Ambiental para la Competitividad, de Producci\u00f3n m\u00e1s Limpia y de Simbiosis Industrial (difundidos entre otros en la p\u00e1gina <a href=\"http:\/\/www.cristinacortinas.org\">www.cristinacortinas.org<\/a>).<\/p>\n<div class='w3eden'><!-- WPDM Link Template: Default Template -->\n\n<div class=\"link-template-default card mb-2\">\n    <div class=\"card-body\">\n        <div class=\"media\">\n            <div class=\"mr-3 img-48\"><img decoding=\"async\" class=\"wpdm_icon\" alt=\"Icono\"   src=\"https:\/\/cristinacortinas.org\/sustentabilidad\/wp-content\/plugins\/download-manager\/assets\/file-type-icons\/docx.png\" \/><\/div>\n            <div class=\"media-body\">\n                <h3 class=\"package-title\"><a href='https:\/\/cristinacortinas.org\/sustentabilidad\/download\/regulacion-marco-para-la-economia-circular-en-pymes-en-mexico-y-en-queretaro\/'>Regulaci\u00f3n marco para la econom\u00eda circular en PyMES en M\u00e9xico y en Quer\u00e9taro<\/a><\/h3>\n                <div class=\"text-muted text-small\"><i class=\"fas fa-copy\"><\/i> 1 archivo(s) <i class=\"fas fa-hdd ml-3\"><\/i> 2.36 MB<\/div>\n            <\/div>\n            <div class=\"ml-3\">\n                <a class='wpdm-download-link download-on-click btn btn-info ' rel='nofollow' href='#' data-downloadurl=\"https:\/\/cristinacortinas.org\/sustentabilidad\/download\/regulacion-marco-para-la-economia-circular-en-pymes-en-mexico-y-en-queretaro\/?wpdmdl=7271&refresh=69ee7e7c132351777237628\">Descargar<\/a>\n            <\/div>\n        <\/div>\n    <\/div>\n<\/div>\n\n<\/div>\n<p>Reciban mis mejores deseos para este a\u00f1o que comienza.<\/p>\n<p>Cristina Cortinas<\/p>\n","protected":false},"excerpt":{"rendered":"<p>Estimad@os amig@os, M\u00e9xico y el estado de Quer\u00e9taro cuentan desde hace m\u00e1s de 16 a\u00f1os con las bases regulatorias para impulsar sistemas de econom\u00eda circular en diferentes escalas en las actividades productivas; para lo cual se ha establecido como instrumento el plan de manejo tendiente a lograr la prevenci\u00f3n de la generaci\u00f3n (mediante pr\u00e1cticas apropiadas de producci\u00f3n y consumo) y&nbsp;<a href=\"https:\/\/cristinacortinas.org\/sustentabilidad\/regulacion-marco-para-la-economia-circular-en-pymes-en-mexico-y-en-queretaro\/\" class=\"read-more\">Seguir leyendo<\/a><\/p>\n","protected":false},"author":1,"featured_media":7274,"comment_status":"closed","ping_status":"closed","sticky":false,"template":"","format":"standard","meta":{"footnotes":""},"categories":[40],"tags":[],"class_list":["post-7273","post","type-post","status-publish","format-standard","has-post-thumbnail","hentry","category-noticias","cat-40-id"],"yoast_head":"<!-- This site is optimized with the Yoast SEO plugin v27.4 - https:\/\/yoast.com\/product\/yoast-seo-wordpress\/ -->\n<title>Regulaci\u00f3n marco para la econom\u00eda circular en PyMES en M\u00e9xico y en Quer\u00e9taro - Dra. Ma. Cristina Cortinas Dur\u00e1n<\/title>\n<meta name=\"robots\" content=\"index, follow, max-snippet:-1, max-image-preview:large, max-video-preview:-1\" \/>\n<link rel=\"canonical\" href=\"https:\/\/cristinacortinas.org\/sustentabilidad\/regulacion-marco-para-la-economia-circular-en-pymes-en-mexico-y-en-queretaro\/\" \/>\n<meta property=\"og:locale\" content=\"es_ES\" \/>\n<meta property=\"og:type\" content=\"article\" \/>\n<meta property=\"og:title\" content=\"Regulaci\u00f3n marco para la econom\u00eda circular en PyMES en M\u00e9xico y en Quer\u00e9taro - Dra. Ma. Cristina Cortinas Dur\u00e1n\" \/>\n<meta property=\"og:description\" content=\"Estimad@os amig@os, M\u00e9xico y el estado de Quer\u00e9taro cuentan desde hace m\u00e1s de 16 a\u00f1os con las bases regulatorias para impulsar sistemas de econom\u00eda circular en diferentes escalas en las actividades productivas; para lo cual se ha establecido como instrumento el plan de manejo tendiente a lograr la prevenci\u00f3n de la generaci\u00f3n (mediante pr\u00e1cticas apropiadas de producci\u00f3n y consumo) y&nbsp;Seguir leyendo\" \/>\n<meta property=\"og:url\" content=\"https:\/\/cristinacortinas.org\/sustentabilidad\/regulacion-marco-para-la-economia-circular-en-pymes-en-mexico-y-en-queretaro\/\" \/>\n<meta property=\"og:site_name\" content=\"Dra. Ma. Cristina Cortinas Dur\u00e1n\" \/>\n<meta property=\"article:publisher\" content=\"https:\/\/www.facebook.com\/cristinacortinasduran\/\" \/>\n<meta property=\"article:published_time\" content=\"2020-01-03T02:14:33+00:00\" \/>\n<meta property=\"og:image\" content=\"https:\/\/cristinacortinas.org\/sustentabilidad\/wp-content\/uploads\/2020\/01\/Regulaci\u00f3n-marco-para-la-econom\u00eda-circular-en-PyMES-en-M\u00e9xico-y-en-Quer\u00e9taro.png\" \/>\n\t<meta property=\"og:image:width\" content=\"622\" \/>\n\t<meta property=\"og:image:height\" content=\"367\" \/>\n\t<meta property=\"og:image:type\" content=\"image\/png\" \/>\n<meta name=\"author\" content=\"CCristina\" \/>\n<meta name=\"twitter:card\" content=\"summary_large_image\" \/>\n<meta name=\"twitter:creator\" content=\"@DraCrisCortinas\" \/>\n<meta name=\"twitter:site\" content=\"@DraCrisCortinas\" \/>\n<meta name=\"twitter:label1\" content=\"Escrito por\" \/>\n\t<meta name=\"twitter:data1\" content=\"CCristina\" \/>\n\t<meta name=\"twitter:label2\" content=\"Tiempo de lectura\" \/>\n\t<meta name=\"twitter:data2\" content=\"2 minutos\" \/>\n<script type=\"application\/ld+json\" class=\"yoast-schema-graph\">{\"@context\":\"https:\\\/\\\/schema.org\",\"@graph\":[{\"@type\":\"Article\",\"@id\":\"https:\\\/\\\/cristinacortinas.org\\\/sustentabilidad\\\/regulacion-marco-para-la-economia-circular-en-pymes-en-mexico-y-en-queretaro\\\/#article\",\"isPartOf\":{\"@id\":\"https:\\\/\\\/cristinacortinas.org\\\/sustentabilidad\\\/regulacion-marco-para-la-economia-circular-en-pymes-en-mexico-y-en-queretaro\\\/\"},\"author\":{\"name\":\"CCristina\",\"@id\":\"https:\\\/\\\/cristinacortinas.org\\\/sustentabilidad\\\/#\\\/schema\\\/person\\\/230b4a4171b31e97671db5b680f06b08\"},\"headline\":\"Regulaci\u00f3n marco para la econom\u00eda circular en PyMES en M\u00e9xico y en Quer\u00e9taro\",\"datePublished\":\"2020-01-03T02:14:33+00:00\",\"mainEntityOfPage\":{\"@id\":\"https:\\\/\\\/cristinacortinas.org\\\/sustentabilidad\\\/regulacion-marco-para-la-economia-circular-en-pymes-en-mexico-y-en-queretaro\\\/\"},\"wordCount\":318,\"image\":{\"@id\":\"https:\\\/\\\/cristinacortinas.org\\\/sustentabilidad\\\/regulacion-marco-para-la-economia-circular-en-pymes-en-mexico-y-en-queretaro\\\/#primaryimage\"},\"thumbnailUrl\":\"https:\\\/\\\/cristinacortinas.org\\\/sustentabilidad\\\/wp-content\\\/uploads\\\/2020\\\/01\\\/Regulaci\u00f3n-marco-para-la-econom\u00eda-circular-en-PyMES-en-M\u00e9xico-y-en-Quer\u00e9taro.png\",\"articleSection\":[\"Noticias\"],\"inLanguage\":\"es\"},{\"@type\":\"WebPage\",\"@id\":\"https:\\\/\\\/cristinacortinas.org\\\/sustentabilidad\\\/regulacion-marco-para-la-economia-circular-en-pymes-en-mexico-y-en-queretaro\\\/\",\"url\":\"https:\\\/\\\/cristinacortinas.org\\\/sustentabilidad\\\/regulacion-marco-para-la-economia-circular-en-pymes-en-mexico-y-en-queretaro\\\/\",\"name\":\"Regulaci\u00f3n marco para la econom\u00eda circular en PyMES en M\u00e9xico y en Quer\u00e9taro - Dra. Ma. Cristina Cortinas Dur\u00e1n\",\"isPartOf\":{\"@id\":\"https:\\\/\\\/cristinacortinas.org\\\/sustentabilidad\\\/#website\"},\"primaryImageOfPage\":{\"@id\":\"https:\\\/\\\/cristinacortinas.org\\\/sustentabilidad\\\/regulacion-marco-para-la-economia-circular-en-pymes-en-mexico-y-en-queretaro\\\/#primaryimage\"},\"image\":{\"@id\":\"https:\\\/\\\/cristinacortinas.org\\\/sustentabilidad\\\/regulacion-marco-para-la-economia-circular-en-pymes-en-mexico-y-en-queretaro\\\/#primaryimage\"},\"thumbnailUrl\":\"https:\\\/\\\/cristinacortinas.org\\\/sustentabilidad\\\/wp-content\\\/uploads\\\/2020\\\/01\\\/Regulaci\u00f3n-marco-para-la-econom\u00eda-circular-en-PyMES-en-M\u00e9xico-y-en-Quer\u00e9taro.png\",\"datePublished\":\"2020-01-03T02:14:33+00:00\",\"author\":{\"@id\":\"https:\\\/\\\/cristinacortinas.org\\\/sustentabilidad\\\/#\\\/schema\\\/person\\\/230b4a4171b31e97671db5b680f06b08\"},\"breadcrumb\":{\"@id\":\"https:\\\/\\\/cristinacortinas.org\\\/sustentabilidad\\\/regulacion-marco-para-la-economia-circular-en-pymes-en-mexico-y-en-queretaro\\\/#breadcrumb\"},\"inLanguage\":\"es\",\"potentialAction\":[{\"@type\":\"ReadAction\",\"target\":[\"https:\\\/\\\/cristinacortinas.org\\\/sustentabilidad\\\/regulacion-marco-para-la-economia-circular-en-pymes-en-mexico-y-en-queretaro\\\/\"]}]},{\"@type\":\"ImageObject\",\"inLanguage\":\"es\",\"@id\":\"https:\\\/\\\/cristinacortinas.org\\\/sustentabilidad\\\/regulacion-marco-para-la-economia-circular-en-pymes-en-mexico-y-en-queretaro\\\/#primaryimage\",\"url\":\"https:\\\/\\\/cristinacortinas.org\\\/sustentabilidad\\\/wp-content\\\/uploads\\\/2020\\\/01\\\/Regulaci\u00f3n-marco-para-la-econom\u00eda-circular-en-PyMES-en-M\u00e9xico-y-en-Quer\u00e9taro.png\",\"contentUrl\":\"https:\\\/\\\/cristinacortinas.org\\\/sustentabilidad\\\/wp-content\\\/uploads\\\/2020\\\/01\\\/Regulaci\u00f3n-marco-para-la-econom\u00eda-circular-en-PyMES-en-M\u00e9xico-y-en-Quer\u00e9taro.png\",\"width\":622,\"height\":367},{\"@type\":\"BreadcrumbList\",\"@id\":\"https:\\\/\\\/cristinacortinas.org\\\/sustentabilidad\\\/regulacion-marco-para-la-economia-circular-en-pymes-en-mexico-y-en-queretaro\\\/#breadcrumb\",\"itemListElement\":[{\"@type\":\"ListItem\",\"position\":1,\"name\":\"Portada\",\"item\":\"https:\\\/\\\/cristinacortinas.org\\\/sustentabilidad\\\/\"},{\"@type\":\"ListItem\",\"position\":2,\"name\":\"Regulaci\u00f3n marco para la econom\u00eda circular en PyMES en M\u00e9xico y en Quer\u00e9taro\"}]},{\"@type\":\"WebSite\",\"@id\":\"https:\\\/\\\/cristinacortinas.org\\\/sustentabilidad\\\/#website\",\"url\":\"https:\\\/\\\/cristinacortinas.org\\\/sustentabilidad\\\/\",\"name\":\"Dra. Ma. Cristina Cortinas Dur\u00e1n\",\"description\":\"\",\"potentialAction\":[{\"@type\":\"SearchAction\",\"target\":{\"@type\":\"EntryPoint\",\"urlTemplate\":\"https:\\\/\\\/cristinacortinas.org\\\/sustentabilidad\\\/?s={search_term_string}\"},\"query-input\":{\"@type\":\"PropertyValueSpecification\",\"valueRequired\":true,\"valueName\":\"search_term_string\"}}],\"inLanguage\":\"es\"},{\"@type\":\"Person\",\"@id\":\"https:\\\/\\\/cristinacortinas.org\\\/sustentabilidad\\\/#\\\/schema\\\/person\\\/230b4a4171b31e97671db5b680f06b08\",\"name\":\"CCristina\"}]}<\/script>\n<!-- \/ Yoast SEO plugin. -->","yoast_head_json":{"title":"Regulaci\u00f3n marco para la econom\u00eda circular en PyMES en M\u00e9xico y en Quer\u00e9taro - Dra. Ma. Cristina Cortinas Dur\u00e1n","robots":{"index":"index","follow":"follow","max-snippet":"max-snippet:-1","max-image-preview":"max-image-preview:large","max-video-preview":"max-video-preview:-1"},"canonical":"https:\/\/cristinacortinas.org\/sustentabilidad\/regulacion-marco-para-la-economia-circular-en-pymes-en-mexico-y-en-queretaro\/","og_locale":"es_ES","og_type":"article","og_title":"Regulaci\u00f3n marco para la econom\u00eda circular en PyMES en M\u00e9xico y en Quer\u00e9taro - Dra. Ma. Cristina Cortinas Dur\u00e1n","og_description":"Estimad@os amig@os, M\u00e9xico y el estado de Quer\u00e9taro cuentan desde hace m\u00e1s de 16 a\u00f1os con las bases regulatorias para impulsar sistemas de econom\u00eda circular en diferentes escalas en las actividades productivas; para lo cual se ha establecido como instrumento el plan de manejo tendiente a lograr la prevenci\u00f3n de la generaci\u00f3n (mediante pr\u00e1cticas apropiadas de producci\u00f3n y consumo) y&nbsp;Seguir leyendo","og_url":"https:\/\/cristinacortinas.org\/sustentabilidad\/regulacion-marco-para-la-economia-circular-en-pymes-en-mexico-y-en-queretaro\/","og_site_name":"Dra. Ma. Cristina Cortinas Dur\u00e1n","article_publisher":"https:\/\/www.facebook.com\/cristinacortinasduran\/","article_published_time":"2020-01-03T02:14:33+00:00","og_image":[{"width":622,"height":367,"url":"https:\/\/cristinacortinas.org\/sustentabilidad\/wp-content\/uploads\/2020\/01\/Regulaci\u00f3n-marco-para-la-econom\u00eda-circular-en-PyMES-en-M\u00e9xico-y-en-Quer\u00e9taro.png","type":"image\/png"}],"author":"CCristina","twitter_card":"summary_large_image","twitter_creator":"@DraCrisCortinas","twitter_site":"@DraCrisCortinas","twitter_misc":{"Escrito por":"CCristina","Tiempo de lectura":"2 minutos"},"schema":{"@context":"https:\/\/schema.org","@graph":[{"@type":"Article","@id":"https:\/\/cristinacortinas.org\/sustentabilidad\/regulacion-marco-para-la-economia-circular-en-pymes-en-mexico-y-en-queretaro\/#article","isPartOf":{"@id":"https:\/\/cristinacortinas.org\/sustentabilidad\/regulacion-marco-para-la-economia-circular-en-pymes-en-mexico-y-en-queretaro\/"},"author":{"name":"CCristina","@id":"https:\/\/cristinacortinas.org\/sustentabilidad\/#\/schema\/person\/230b4a4171b31e97671db5b680f06b08"},"headline":"Regulaci\u00f3n marco para la econom\u00eda circular en PyMES en M\u00e9xico y en Quer\u00e9taro","datePublished":"2020-01-03T02:14:33+00:00","mainEntityOfPage":{"@id":"https:\/\/cristinacortinas.org\/sustentabilidad\/regulacion-marco-para-la-economia-circular-en-pymes-en-mexico-y-en-queretaro\/"},"wordCount":318,"image":{"@id":"https:\/\/cristinacortinas.org\/sustentabilidad\/regulacion-marco-para-la-economia-circular-en-pymes-en-mexico-y-en-queretaro\/#primaryimage"},"thumbnailUrl":"https:\/\/cristinacortinas.org\/sustentabilidad\/wp-content\/uploads\/2020\/01\/Regulaci\u00f3n-marco-para-la-econom\u00eda-circular-en-PyMES-en-M\u00e9xico-y-en-Quer\u00e9taro.png","articleSection":["Noticias"],"inLanguage":"es"},{"@type":"WebPage","@id":"https:\/\/cristinacortinas.org\/sustentabilidad\/regulacion-marco-para-la-economia-circular-en-pymes-en-mexico-y-en-queretaro\/","url":"https:\/\/cristinacortinas.org\/sustentabilidad\/regulacion-marco-para-la-economia-circular-en-pymes-en-mexico-y-en-queretaro\/","name":"Regulaci\u00f3n marco para la econom\u00eda circular en PyMES en M\u00e9xico y en Quer\u00e9taro - Dra. Ma. Cristina Cortinas Dur\u00e1n","isPartOf":{"@id":"https:\/\/cristinacortinas.org\/sustentabilidad\/#website"},"primaryImageOfPage":{"@id":"https:\/\/cristinacortinas.org\/sustentabilidad\/regulacion-marco-para-la-economia-circular-en-pymes-en-mexico-y-en-queretaro\/#primaryimage"},"image":{"@id":"https:\/\/cristinacortinas.org\/sustentabilidad\/regulacion-marco-para-la-economia-circular-en-pymes-en-mexico-y-en-queretaro\/#primaryimage"},"thumbnailUrl":"https:\/\/cristinacortinas.org\/sustentabilidad\/wp-content\/uploads\/2020\/01\/Regulaci\u00f3n-marco-para-la-econom\u00eda-circular-en-PyMES-en-M\u00e9xico-y-en-Quer\u00e9taro.png","datePublished":"2020-01-03T02:14:33+00:00","author":{"@id":"https:\/\/cristinacortinas.org\/sustentabilidad\/#\/schema\/person\/230b4a4171b31e97671db5b680f06b08"},"breadcrumb":{"@id":"https:\/\/cristinacortinas.org\/sustentabilidad\/regulacion-marco-para-la-economia-circular-en-pymes-en-mexico-y-en-queretaro\/#breadcrumb"},"inLanguage":"es","potentialAction":[{"@type":"ReadAction","target":["https:\/\/cristinacortinas.org\/sustentabilidad\/regulacion-marco-para-la-economia-circular-en-pymes-en-mexico-y-en-queretaro\/"]}]},{"@type":"ImageObject","inLanguage":"es","@id":"https:\/\/cristinacortinas.org\/sustentabilidad\/regulacion-marco-para-la-economia-circular-en-pymes-en-mexico-y-en-queretaro\/#primaryimage","url":"https:\/\/cristinacortinas.org\/sustentabilidad\/wp-content\/uploads\/2020\/01\/Regulaci\u00f3n-marco-para-la-econom\u00eda-circular-en-PyMES-en-M\u00e9xico-y-en-Quer\u00e9taro.png","contentUrl":"https:\/\/cristinacortinas.org\/sustentabilidad\/wp-content\/uploads\/2020\/01\/Regulaci\u00f3n-marco-para-la-econom\u00eda-circular-en-PyMES-en-M\u00e9xico-y-en-Quer\u00e9taro.png","width":622,"height":367},{"@type":"BreadcrumbList","@id":"https:\/\/cristinacortinas.org\/sustentabilidad\/regulacion-marco-para-la-economia-circular-en-pymes-en-mexico-y-en-queretaro\/#breadcrumb","itemListElement":[{"@type":"ListItem","position":1,"name":"Portada","item":"https:\/\/cristinacortinas.org\/sustentabilidad\/"},{"@type":"ListItem","position":2,"name":"Regulaci\u00f3n marco para la econom\u00eda circular en PyMES en M\u00e9xico y en Quer\u00e9taro"}]},{"@type":"WebSite","@id":"https:\/\/cristinacortinas.org\/sustentabilidad\/#website","url":"https:\/\/cristinacortinas.org\/sustentabilidad\/","name":"Dra. Ma. Cristina Cortinas Dur\u00e1n","description":"","potentialAction":[{"@type":"SearchAction","target":{"@type":"EntryPoint","urlTemplate":"https:\/\/cristinacortinas.org\/sustentabilidad\/?s={search_term_string}"},"query-input":{"@type":"PropertyValueSpecification","valueRequired":true,"valueName":"search_term_string"}}],"inLanguage":"es"},{"@type":"Person","@id":"https:\/\/cristinacortinas.org\/sustentabilidad\/#\/schema\/person\/230b4a4171b31e97671db5b680f06b08","name":"CCristina"}]}},"_links":{"self":[{"href":"https:\/\/cristinacortinas.org\/sustentabilidad\/wp-json\/wp\/v2\/posts\/7273","targetHints":{"allow":["GET"]}}],"collection":[{"href":"https:\/\/cristinacortinas.org\/sustentabilidad\/wp-json\/wp\/v2\/posts"}],"about":[{"href":"https:\/\/cristinacortinas.org\/sustentabilidad\/wp-json\/wp\/v2\/types\/post"}],"author":[{"embeddable":true,"href":"https:\/\/cristinacortinas.org\/sustentabilidad\/wp-json\/wp\/v2\/users\/1"}],"replies":[{"embeddable":true,"href":"https:\/\/cristinacortinas.org\/sustentabilidad\/wp-json\/wp\/v2\/comments?post=7273"}],"version-history":[{"count":1,"href":"https:\/\/cristinacortinas.org\/sustentabilidad\/wp-json\/wp\/v2\/posts\/7273\/revisions"}],"predecessor-version":[{"id":7275,"href":"https:\/\/cristinacortinas.org\/sustentabilidad\/wp-json\/wp\/v2\/posts\/7273\/revisions\/7275"}],"wp:featuredmedia":[{"embeddable":true,"href":"https:\/\/cristinacortinas.org\/sustentabilidad\/wp-json\/wp\/v2\/media\/7274"}],"wp:attachment":[{"href":"https:\/\/cristinacortinas.org\/sustentabilidad\/wp-json\/wp\/v2\/media?parent=7273"}],"wp:term":[{"taxonomy":"category","embeddable":true,"href":"https:\/\/cristinacortinas.org\/sustentabilidad\/wp-json\/wp\/v2\/categories?post=7273"},{"taxonomy":"post_tag","embeddable":true,"href":"https:\/\/cristinacortinas.org\/sustentabilidad\/wp-json\/wp\/v2\/tags?post=7273"}],"curies":[{"name":"wp","href":"https:\/\/api.w.org\/{rel}","templated":true}]}}