{"id":7249,"date":"2019-12-17T11:10:50","date_gmt":"2019-12-17T17:10:50","guid":{"rendered":"https:\/\/cristinacortinas.org\/sustentabilidad\/?p=7249"},"modified":"2019-12-17T11:10:50","modified_gmt":"2019-12-17T17:10:50","slug":"quien-es-julia-carabias-y-por-que-es-necesario-defender-su-labor-ambiental","status":"publish","type":"post","link":"https:\/\/cristinacortinas.org\/sustentabilidad\/quien-es-julia-carabias-y-por-que-es-necesario-defender-su-labor-ambiental\/","title":{"rendered":"Qui\u00e9n es Julia Carabias y por qu\u00e9 es necesario defender su labor ambiental"},"content":{"rendered":"<p style=\"text-align: center;\"><div class='w3eden'><!-- WPDM Link Template: Default Template -->\n\n<div class=\"link-template-default card mb-2\">\n    <div class=\"card-body\">\n        <div class=\"media\">\n            <div class=\"mr-3 img-48\"><img decoding=\"async\" class=\"wpdm_icon\" alt=\"Icono\"   src=\"https:\/\/cristinacortinas.org\/sustentabilidad\/wp-content\/plugins\/download-manager\/assets\/file-type-icons\/docx.png\" \/><\/div>\n            <div class=\"media-body\">\n                <h3 class=\"package-title\"><a href='https:\/\/cristinacortinas.org\/sustentabilidad\/download\/quien-es-julia-carabias-y-por-que-es-necesario-defender-su-labor-ambiental\/'>Qui\u00e9n es Julia Carabias y por qu\u00e9 es necesario defender su labor ambiental<\/a><\/h3>\n                <div class=\"text-muted text-small\"><i class=\"fas fa-copy\"><\/i> 1 archivo(s) <i class=\"fas fa-hdd ml-3\"><\/i> 415.75 KB<\/div>\n            <\/div>\n            <div class=\"ml-3\">\n                <a class='wpdm-download-link download-on-click btn btn-info ' rel='nofollow' href='#' data-downloadurl=\"https:\/\/cristinacortinas.org\/sustentabilidad\/download\/quien-es-julia-carabias-y-por-que-es-necesario-defender-su-labor-ambiental\/?wpdmdl=7252&refresh=69ee7dc0be2cd1777237440\">Descargar<\/a>\n            <\/div>\n        <\/div>\n    <\/div>\n<\/div>\n\n<\/div>\n<p style=\"text-align: justify;\">Bi\u00f3loga por la Universidad Aut\u00f3noma de M\u00e9xico (UNAM), Maestr\u00eda en Ciencias en Ecolog\u00eda Vegetal y Doctora Honoris Causa por la Universidad Aut\u00f3noma de Nuevo Le\u00f3n (UANL) y por la UNAM. Es profesora e investigadora en la Facultad de Ciencias de la UNAM, miembro del Sistema Nacional de Investigadores y de El Colegio Nacional. Forma nuevas generaciones de investigadores con base en la Estaci\u00f3n Chajul, de Montes Azules, en la Selva Lacandona.<\/p>\n<p style=\"text-align: justify;\">Fue presidente del Instituto Nacional de Ecolog\u00eda y titular de la Secretar\u00eda de Medio Ambiente y Recursos Naturales (SEMARNAP). En la Organizaci\u00f3n de Cooperaci\u00f3n y Desarrollo Econ\u00f3mico (OCDE) logr\u00f3 incorporar, en las negociaciones internacionales para combatir el cambio clim\u00e1tico, la figura de emisiones de gases de efecto invernadero per c\u00e1pita \u2014ante la previa exclusiva contabilidad nacional\u2014 para ponderar los compromisos multilaterales de la Convenci\u00f3n Marco de las Naciones Unidas sobre el Cambio Clim\u00e1tico (CMNUCC). Ha recibido, entre otros premios, el Getty en 2001, el Cosmos en 2004, el de Campeones de la Tierra (ONU) en 2005 y, en 2011, el Alexander Von Humboldt. En 2011 y 2012 particip\u00f3 en el Grupo de Alto Nivel del secretario de las Naciones Unidas, para formular la propuesta que Ban Ki-moon present\u00f3 a la Cumbre de R\u00edo+20. En 2103 recibi\u00f3 el Doctorado Honoris Causa por la Universidad Aut\u00f3noma de Nuevo Le\u00f3n (UANL) y en 2019 por la Universidad Nacional Aut\u00f3noma de M\u00e9xico (UNAM). Actualmente es vicepresidente del Centro Interdisciplinario de Biodiversidad y Ambiente (CeIBA), miembro destacado del Instituto de Estudios para la Transici\u00f3n Democr\u00e1tica (IETD), profesora de posgrado en la Facultad de Ciencias de la UNAM y miembro del Consejo Nacional de \u00c1reas Protegidas y del \u00f3rgano cient\u00edfico t\u00e9cnico del Convenio de Diversidad Biol\u00f3gica (CBD) de la Organizaci\u00f3n de las Naciones Unidas (ONU). Despliega esfuerzos en m\u00faltiples frentes, particularmente en la Estaci\u00f3n de Investigaci\u00f3n de Chajul, Montes Azules, de la Selva Lacandona, realizando estudios locales y regionales para promover el aprovechamiento sostenible de sus recursos naturales por las comunidades locales y defender la preservaci\u00f3n de \u00e9ste, uno de los \u00faltimos reductos de selva alta h\u00fameda perennifolia de M\u00e9xico.<\/p>\n<p style=\"text-align: justify;\">El mi\u00e9rcoles 6 de diciembre de 2017, Julia Carabias recibi\u00f3 la Medalla Belisario Dom\u00ednguez; el reconocimiento es otorgado por el Senado de la Rep\u00fablica y reconoce a personas que destacan por su servicio a la patria o a la humanidad. El senador Zo\u00e9 Robledo, como integrante de la Comisi\u00f3n de la Medalla Belisario Dom\u00ednguez, destac\u00f3 la contribuci\u00f3n de \u00a0la galardonada en la conservaci\u00f3n de la Selva Lacandona. Belisario Dom\u00ednguez Palencia fue un m\u00e9dico y pol\u00edtico mexicano de ideolog\u00eda liberal que ostent\u00f3 los cargos de presidente municipal de Comit\u00e1n y senador de la rep\u00fablica por el estado de Chiapas.<\/p>\n<p><img loading=\"lazy\" decoding=\"async\" class=\"alignnone size-full wp-image-7255\" src=\"https:\/\/cristinacortinas.org\/sustentabilidad\/wp-content\/uploads\/2019\/12\/Selva-Lacandona-en-Montes-Azules-antes-y-ahora.png\" alt=\"\" width=\"442\" height=\"167\" srcset=\"https:\/\/cristinacortinas.org\/sustentabilidad\/wp-content\/uploads\/2019\/12\/Selva-Lacandona-en-Montes-Azules-antes-y-ahora.png 442w, https:\/\/cristinacortinas.org\/sustentabilidad\/wp-content\/uploads\/2019\/12\/Selva-Lacandona-en-Montes-Azules-antes-y-ahora-300x113.png 300w\" sizes=\"auto, (max-width: 442px) 100vw, 442px\" \/><\/p>\n<p style=\"text-align: justify;\">Selva Lacandona en Montes Azules antes y ahora<\/p>\n<p style=\"text-align: justify;\"><a href=\"https:\/\/ceiba.org.mx\/category\/agenda-ambiental\/portafolio-biodiversidad\/portafolio-selva-lacandona\/\">https:\/\/ceiba.org.mx\/category\/agenda-ambiental\/portafolio-biodiversidad\/portafolio-selva-lacandona\/<\/a><\/p>\n<p style=\"text-align: justify;\">\n<p style=\"text-align: justify;\">La Reserva de la Biosfera de Montes Azules \u2014\u00faltimo remanente de la selva tropical h\u00fameda de M\u00e9xico\u2014 se encuentra seriamente amenazada por invasiones, asentamientos irregulares y la pretensi\u00f3n de reducir sus l\u00edmites y expulsar las estaciones de investigaci\u00f3n cient\u00edfica.<\/p>\n<p style=\"text-align: justify;\">Se confirma en ma\u00f1anera: no se toca la Selva Lacandona<\/p>\n<p style=\"text-align: justify;\">En su conferencia del 8 de noviembre de 2019, el Presidente de la Rep\u00fablica Manuel L\u00f3pez Obrador se\u00f1al\u00f3:<\/p>\n<p style=\"text-align: justify;\">\u201cFue una pol\u00e9mica que se origin\u00f3 hace poco, pero nosotros no podr\u00edamos ir en contra de lo que queda de selva tropical, ser\u00eda una gran incongruencia y nunca lo har\u00edamos\u201d, se\u00f1al\u00f3.<\/p>\n","protected":false},"excerpt":{"rendered":"<p>Bi\u00f3loga por la Universidad Aut\u00f3noma de M\u00e9xico (UNAM), Maestr\u00eda en Ciencias en Ecolog\u00eda Vegetal y Doctora Honoris Causa por la Universidad Aut\u00f3noma de Nuevo Le\u00f3n (UANL) y por la UNAM. Es profesora e investigadora en la Facultad de Ciencias de la UNAM, miembro del Sistema Nacional de Investigadores y de El Colegio Nacional. Forma nuevas generaciones de investigadores con base&nbsp;<a href=\"https:\/\/cristinacortinas.org\/sustentabilidad\/quien-es-julia-carabias-y-por-que-es-necesario-defender-su-labor-ambiental\/\" class=\"read-more\">Seguir leyendo<\/a><\/p>\n","protected":false},"author":1,"featured_media":7254,"comment_status":"closed","ping_status":"closed","sticky":false,"template":"","format":"standard","meta":{"footnotes":""},"categories":[40],"tags":[],"class_list":["post-7249","post","type-post","status-publish","format-standard","has-post-thumbnail","hentry","category-noticias","cat-40-id"],"yoast_head":"<!-- This site is optimized with the Yoast SEO plugin v27.4 - https:\/\/yoast.com\/product\/yoast-seo-wordpress\/ -->\n<title>Qui\u00e9n es Julia Carabias y por qu\u00e9 es necesario defender su labor ambiental - Dra. Ma. Cristina Cortinas Dur\u00e1n<\/title>\n<meta name=\"robots\" content=\"index, follow, max-snippet:-1, max-image-preview:large, max-video-preview:-1\" \/>\n<link rel=\"canonical\" href=\"https:\/\/cristinacortinas.org\/sustentabilidad\/quien-es-julia-carabias-y-por-que-es-necesario-defender-su-labor-ambiental\/\" \/>\n<meta property=\"og:locale\" content=\"es_ES\" \/>\n<meta property=\"og:type\" content=\"article\" \/>\n<meta property=\"og:title\" content=\"Qui\u00e9n es Julia Carabias y por qu\u00e9 es necesario defender su labor ambiental - Dra. Ma. Cristina Cortinas Dur\u00e1n\" \/>\n<meta property=\"og:description\" content=\"Bi\u00f3loga por la Universidad Aut\u00f3noma de M\u00e9xico (UNAM), Maestr\u00eda en Ciencias en Ecolog\u00eda Vegetal y Doctora Honoris Causa por la Universidad Aut\u00f3noma de Nuevo Le\u00f3n (UANL) y por la UNAM. Es profesora e investigadora en la Facultad de Ciencias de la UNAM, miembro del Sistema Nacional de Investigadores y de El Colegio Nacional. Forma nuevas generaciones de investigadores con base&nbsp;Seguir leyendo\" \/>\n<meta property=\"og:url\" content=\"https:\/\/cristinacortinas.org\/sustentabilidad\/quien-es-julia-carabias-y-por-que-es-necesario-defender-su-labor-ambiental\/\" \/>\n<meta property=\"og:site_name\" content=\"Dra. Ma. Cristina Cortinas Dur\u00e1n\" \/>\n<meta property=\"article:publisher\" content=\"https:\/\/www.facebook.com\/cristinacortinasduran\/\" \/>\n<meta property=\"article:published_time\" content=\"2019-12-17T17:10:50+00:00\" \/>\n<meta property=\"og:image\" content=\"https:\/\/cristinacortinas.org\/sustentabilidad\/wp-content\/uploads\/2019\/12\/Julia-Carabias.png\" \/>\n\t<meta property=\"og:image:width\" content=\"443\" \/>\n\t<meta property=\"og:image:height\" content=\"259\" \/>\n\t<meta property=\"og:image:type\" content=\"image\/png\" \/>\n<meta name=\"author\" content=\"CCristina\" \/>\n<meta name=\"twitter:card\" content=\"summary_large_image\" \/>\n<meta name=\"twitter:creator\" content=\"@DraCrisCortinas\" \/>\n<meta name=\"twitter:site\" content=\"@DraCrisCortinas\" \/>\n<meta name=\"twitter:label1\" content=\"Escrito por\" \/>\n\t<meta name=\"twitter:data1\" content=\"CCristina\" \/>\n\t<meta name=\"twitter:label2\" content=\"Tiempo de lectura\" \/>\n\t<meta name=\"twitter:data2\" content=\"3 minutos\" \/>\n<script type=\"application\/ld+json\" class=\"yoast-schema-graph\">{\"@context\":\"https:\\\/\\\/schema.org\",\"@graph\":[{\"@type\":\"Article\",\"@id\":\"https:\\\/\\\/cristinacortinas.org\\\/sustentabilidad\\\/quien-es-julia-carabias-y-por-que-es-necesario-defender-su-labor-ambiental\\\/#article\",\"isPartOf\":{\"@id\":\"https:\\\/\\\/cristinacortinas.org\\\/sustentabilidad\\\/quien-es-julia-carabias-y-por-que-es-necesario-defender-su-labor-ambiental\\\/\"},\"author\":{\"name\":\"CCristina\",\"@id\":\"https:\\\/\\\/cristinacortinas.org\\\/sustentabilidad\\\/#\\\/schema\\\/person\\\/230b4a4171b31e97671db5b680f06b08\"},\"headline\":\"Qui\u00e9n es Julia Carabias y por qu\u00e9 es necesario defender su labor ambiental\",\"datePublished\":\"2019-12-17T17:10:50+00:00\",\"mainEntityOfPage\":{\"@id\":\"https:\\\/\\\/cristinacortinas.org\\\/sustentabilidad\\\/quien-es-julia-carabias-y-por-que-es-necesario-defender-su-labor-ambiental\\\/\"},\"wordCount\":626,\"image\":{\"@id\":\"https:\\\/\\\/cristinacortinas.org\\\/sustentabilidad\\\/quien-es-julia-carabias-y-por-que-es-necesario-defender-su-labor-ambiental\\\/#primaryimage\"},\"thumbnailUrl\":\"https:\\\/\\\/cristinacortinas.org\\\/sustentabilidad\\\/wp-content\\\/uploads\\\/2019\\\/12\\\/Julia-Carabias.png\",\"articleSection\":[\"Noticias\"],\"inLanguage\":\"es\"},{\"@type\":\"WebPage\",\"@id\":\"https:\\\/\\\/cristinacortinas.org\\\/sustentabilidad\\\/quien-es-julia-carabias-y-por-que-es-necesario-defender-su-labor-ambiental\\\/\",\"url\":\"https:\\\/\\\/cristinacortinas.org\\\/sustentabilidad\\\/quien-es-julia-carabias-y-por-que-es-necesario-defender-su-labor-ambiental\\\/\",\"name\":\"Qui\u00e9n es Julia Carabias y por qu\u00e9 es necesario defender su labor ambiental - Dra. Ma. Cristina Cortinas Dur\u00e1n\",\"isPartOf\":{\"@id\":\"https:\\\/\\\/cristinacortinas.org\\\/sustentabilidad\\\/#website\"},\"primaryImageOfPage\":{\"@id\":\"https:\\\/\\\/cristinacortinas.org\\\/sustentabilidad\\\/quien-es-julia-carabias-y-por-que-es-necesario-defender-su-labor-ambiental\\\/#primaryimage\"},\"image\":{\"@id\":\"https:\\\/\\\/cristinacortinas.org\\\/sustentabilidad\\\/quien-es-julia-carabias-y-por-que-es-necesario-defender-su-labor-ambiental\\\/#primaryimage\"},\"thumbnailUrl\":\"https:\\\/\\\/cristinacortinas.org\\\/sustentabilidad\\\/wp-content\\\/uploads\\\/2019\\\/12\\\/Julia-Carabias.png\",\"datePublished\":\"2019-12-17T17:10:50+00:00\",\"author\":{\"@id\":\"https:\\\/\\\/cristinacortinas.org\\\/sustentabilidad\\\/#\\\/schema\\\/person\\\/230b4a4171b31e97671db5b680f06b08\"},\"breadcrumb\":{\"@id\":\"https:\\\/\\\/cristinacortinas.org\\\/sustentabilidad\\\/quien-es-julia-carabias-y-por-que-es-necesario-defender-su-labor-ambiental\\\/#breadcrumb\"},\"inLanguage\":\"es\",\"potentialAction\":[{\"@type\":\"ReadAction\",\"target\":[\"https:\\\/\\\/cristinacortinas.org\\\/sustentabilidad\\\/quien-es-julia-carabias-y-por-que-es-necesario-defender-su-labor-ambiental\\\/\"]}]},{\"@type\":\"ImageObject\",\"inLanguage\":\"es\",\"@id\":\"https:\\\/\\\/cristinacortinas.org\\\/sustentabilidad\\\/quien-es-julia-carabias-y-por-que-es-necesario-defender-su-labor-ambiental\\\/#primaryimage\",\"url\":\"https:\\\/\\\/cristinacortinas.org\\\/sustentabilidad\\\/wp-content\\\/uploads\\\/2019\\\/12\\\/Julia-Carabias.png\",\"contentUrl\":\"https:\\\/\\\/cristinacortinas.org\\\/sustentabilidad\\\/wp-content\\\/uploads\\\/2019\\\/12\\\/Julia-Carabias.png\",\"width\":443,\"height\":259},{\"@type\":\"BreadcrumbList\",\"@id\":\"https:\\\/\\\/cristinacortinas.org\\\/sustentabilidad\\\/quien-es-julia-carabias-y-por-que-es-necesario-defender-su-labor-ambiental\\\/#breadcrumb\",\"itemListElement\":[{\"@type\":\"ListItem\",\"position\":1,\"name\":\"Portada\",\"item\":\"https:\\\/\\\/cristinacortinas.org\\\/sustentabilidad\\\/\"},{\"@type\":\"ListItem\",\"position\":2,\"name\":\"Qui\u00e9n es Julia Carabias y por qu\u00e9 es necesario defender su labor ambiental\"}]},{\"@type\":\"WebSite\",\"@id\":\"https:\\\/\\\/cristinacortinas.org\\\/sustentabilidad\\\/#website\",\"url\":\"https:\\\/\\\/cristinacortinas.org\\\/sustentabilidad\\\/\",\"name\":\"Dra. Ma. Cristina Cortinas Dur\u00e1n\",\"description\":\"\",\"potentialAction\":[{\"@type\":\"SearchAction\",\"target\":{\"@type\":\"EntryPoint\",\"urlTemplate\":\"https:\\\/\\\/cristinacortinas.org\\\/sustentabilidad\\\/?s={search_term_string}\"},\"query-input\":{\"@type\":\"PropertyValueSpecification\",\"valueRequired\":true,\"valueName\":\"search_term_string\"}}],\"inLanguage\":\"es\"},{\"@type\":\"Person\",\"@id\":\"https:\\\/\\\/cristinacortinas.org\\\/sustentabilidad\\\/#\\\/schema\\\/person\\\/230b4a4171b31e97671db5b680f06b08\",\"name\":\"CCristina\"}]}<\/script>\n<!-- \/ Yoast SEO plugin. -->","yoast_head_json":{"title":"Qui\u00e9n es Julia Carabias y por qu\u00e9 es necesario defender su labor ambiental - Dra. Ma. Cristina Cortinas Dur\u00e1n","robots":{"index":"index","follow":"follow","max-snippet":"max-snippet:-1","max-image-preview":"max-image-preview:large","max-video-preview":"max-video-preview:-1"},"canonical":"https:\/\/cristinacortinas.org\/sustentabilidad\/quien-es-julia-carabias-y-por-que-es-necesario-defender-su-labor-ambiental\/","og_locale":"es_ES","og_type":"article","og_title":"Qui\u00e9n es Julia Carabias y por qu\u00e9 es necesario defender su labor ambiental - Dra. Ma. Cristina Cortinas Dur\u00e1n","og_description":"Bi\u00f3loga por la Universidad Aut\u00f3noma de M\u00e9xico (UNAM), Maestr\u00eda en Ciencias en Ecolog\u00eda Vegetal y Doctora Honoris Causa por la Universidad Aut\u00f3noma de Nuevo Le\u00f3n (UANL) y por la UNAM. Es profesora e investigadora en la Facultad de Ciencias de la UNAM, miembro del Sistema Nacional de Investigadores y de El Colegio Nacional. Forma nuevas generaciones de investigadores con base&nbsp;Seguir leyendo","og_url":"https:\/\/cristinacortinas.org\/sustentabilidad\/quien-es-julia-carabias-y-por-que-es-necesario-defender-su-labor-ambiental\/","og_site_name":"Dra. Ma. Cristina Cortinas Dur\u00e1n","article_publisher":"https:\/\/www.facebook.com\/cristinacortinasduran\/","article_published_time":"2019-12-17T17:10:50+00:00","og_image":[{"width":443,"height":259,"url":"https:\/\/cristinacortinas.org\/sustentabilidad\/wp-content\/uploads\/2019\/12\/Julia-Carabias.png","type":"image\/png"}],"author":"CCristina","twitter_card":"summary_large_image","twitter_creator":"@DraCrisCortinas","twitter_site":"@DraCrisCortinas","twitter_misc":{"Escrito por":"CCristina","Tiempo de lectura":"3 minutos"},"schema":{"@context":"https:\/\/schema.org","@graph":[{"@type":"Article","@id":"https:\/\/cristinacortinas.org\/sustentabilidad\/quien-es-julia-carabias-y-por-que-es-necesario-defender-su-labor-ambiental\/#article","isPartOf":{"@id":"https:\/\/cristinacortinas.org\/sustentabilidad\/quien-es-julia-carabias-y-por-que-es-necesario-defender-su-labor-ambiental\/"},"author":{"name":"CCristina","@id":"https:\/\/cristinacortinas.org\/sustentabilidad\/#\/schema\/person\/230b4a4171b31e97671db5b680f06b08"},"headline":"Qui\u00e9n es Julia Carabias y por qu\u00e9 es necesario defender su labor ambiental","datePublished":"2019-12-17T17:10:50+00:00","mainEntityOfPage":{"@id":"https:\/\/cristinacortinas.org\/sustentabilidad\/quien-es-julia-carabias-y-por-que-es-necesario-defender-su-labor-ambiental\/"},"wordCount":626,"image":{"@id":"https:\/\/cristinacortinas.org\/sustentabilidad\/quien-es-julia-carabias-y-por-que-es-necesario-defender-su-labor-ambiental\/#primaryimage"},"thumbnailUrl":"https:\/\/cristinacortinas.org\/sustentabilidad\/wp-content\/uploads\/2019\/12\/Julia-Carabias.png","articleSection":["Noticias"],"inLanguage":"es"},{"@type":"WebPage","@id":"https:\/\/cristinacortinas.org\/sustentabilidad\/quien-es-julia-carabias-y-por-que-es-necesario-defender-su-labor-ambiental\/","url":"https:\/\/cristinacortinas.org\/sustentabilidad\/quien-es-julia-carabias-y-por-que-es-necesario-defender-su-labor-ambiental\/","name":"Qui\u00e9n es Julia Carabias y por qu\u00e9 es necesario defender su labor ambiental - Dra. Ma. Cristina Cortinas Dur\u00e1n","isPartOf":{"@id":"https:\/\/cristinacortinas.org\/sustentabilidad\/#website"},"primaryImageOfPage":{"@id":"https:\/\/cristinacortinas.org\/sustentabilidad\/quien-es-julia-carabias-y-por-que-es-necesario-defender-su-labor-ambiental\/#primaryimage"},"image":{"@id":"https:\/\/cristinacortinas.org\/sustentabilidad\/quien-es-julia-carabias-y-por-que-es-necesario-defender-su-labor-ambiental\/#primaryimage"},"thumbnailUrl":"https:\/\/cristinacortinas.org\/sustentabilidad\/wp-content\/uploads\/2019\/12\/Julia-Carabias.png","datePublished":"2019-12-17T17:10:50+00:00","author":{"@id":"https:\/\/cristinacortinas.org\/sustentabilidad\/#\/schema\/person\/230b4a4171b31e97671db5b680f06b08"},"breadcrumb":{"@id":"https:\/\/cristinacortinas.org\/sustentabilidad\/quien-es-julia-carabias-y-por-que-es-necesario-defender-su-labor-ambiental\/#breadcrumb"},"inLanguage":"es","potentialAction":[{"@type":"ReadAction","target":["https:\/\/cristinacortinas.org\/sustentabilidad\/quien-es-julia-carabias-y-por-que-es-necesario-defender-su-labor-ambiental\/"]}]},{"@type":"ImageObject","inLanguage":"es","@id":"https:\/\/cristinacortinas.org\/sustentabilidad\/quien-es-julia-carabias-y-por-que-es-necesario-defender-su-labor-ambiental\/#primaryimage","url":"https:\/\/cristinacortinas.org\/sustentabilidad\/wp-content\/uploads\/2019\/12\/Julia-Carabias.png","contentUrl":"https:\/\/cristinacortinas.org\/sustentabilidad\/wp-content\/uploads\/2019\/12\/Julia-Carabias.png","width":443,"height":259},{"@type":"BreadcrumbList","@id":"https:\/\/cristinacortinas.org\/sustentabilidad\/quien-es-julia-carabias-y-por-que-es-necesario-defender-su-labor-ambiental\/#breadcrumb","itemListElement":[{"@type":"ListItem","position":1,"name":"Portada","item":"https:\/\/cristinacortinas.org\/sustentabilidad\/"},{"@type":"ListItem","position":2,"name":"Qui\u00e9n es Julia Carabias y por qu\u00e9 es necesario defender su labor ambiental"}]},{"@type":"WebSite","@id":"https:\/\/cristinacortinas.org\/sustentabilidad\/#website","url":"https:\/\/cristinacortinas.org\/sustentabilidad\/","name":"Dra. Ma. Cristina Cortinas Dur\u00e1n","description":"","potentialAction":[{"@type":"SearchAction","target":{"@type":"EntryPoint","urlTemplate":"https:\/\/cristinacortinas.org\/sustentabilidad\/?s={search_term_string}"},"query-input":{"@type":"PropertyValueSpecification","valueRequired":true,"valueName":"search_term_string"}}],"inLanguage":"es"},{"@type":"Person","@id":"https:\/\/cristinacortinas.org\/sustentabilidad\/#\/schema\/person\/230b4a4171b31e97671db5b680f06b08","name":"CCristina"}]}},"_links":{"self":[{"href":"https:\/\/cristinacortinas.org\/sustentabilidad\/wp-json\/wp\/v2\/posts\/7249","targetHints":{"allow":["GET"]}}],"collection":[{"href":"https:\/\/cristinacortinas.org\/sustentabilidad\/wp-json\/wp\/v2\/posts"}],"about":[{"href":"https:\/\/cristinacortinas.org\/sustentabilidad\/wp-json\/wp\/v2\/types\/post"}],"author":[{"embeddable":true,"href":"https:\/\/cristinacortinas.org\/sustentabilidad\/wp-json\/wp\/v2\/users\/1"}],"replies":[{"embeddable":true,"href":"https:\/\/cristinacortinas.org\/sustentabilidad\/wp-json\/wp\/v2\/comments?post=7249"}],"version-history":[{"count":1,"href":"https:\/\/cristinacortinas.org\/sustentabilidad\/wp-json\/wp\/v2\/posts\/7249\/revisions"}],"predecessor-version":[{"id":7256,"href":"https:\/\/cristinacortinas.org\/sustentabilidad\/wp-json\/wp\/v2\/posts\/7249\/revisions\/7256"}],"wp:featuredmedia":[{"embeddable":true,"href":"https:\/\/cristinacortinas.org\/sustentabilidad\/wp-json\/wp\/v2\/media\/7254"}],"wp:attachment":[{"href":"https:\/\/cristinacortinas.org\/sustentabilidad\/wp-json\/wp\/v2\/media?parent=7249"}],"wp:term":[{"taxonomy":"category","embeddable":true,"href":"https:\/\/cristinacortinas.org\/sustentabilidad\/wp-json\/wp\/v2\/categories?post=7249"},{"taxonomy":"post_tag","embeddable":true,"href":"https:\/\/cristinacortinas.org\/sustentabilidad\/wp-json\/wp\/v2\/tags?post=7249"}],"curies":[{"name":"wp","href":"https:\/\/api.w.org\/{rel}","templated":true}]}}