{"id":7217,"date":"2019-12-02T17:43:55","date_gmt":"2019-12-02T23:43:55","guid":{"rendered":"https:\/\/cristinacortinas.org\/sustentabilidad\/?p=7217"},"modified":"2019-12-02T17:43:55","modified_gmt":"2019-12-02T23:43:55","slug":"avances-en-la-prevencion-y-gestion-integral-de-los-residuos-en-mexico","status":"publish","type":"post","link":"https:\/\/cristinacortinas.org\/sustentabilidad\/avances-en-la-prevencion-y-gestion-integral-de-los-residuos-en-mexico\/","title":{"rendered":"Avances en la Prevenci\u00f3n y Gesti\u00f3n Integral de los Residuos en M\u00e9xico"},"content":{"rendered":"<p>Avances en la Prevenci\u00f3n y Gesti\u00f3n Integral de los Residuos en M\u00e9xico<\/p>\n<p>Estimad@os amig@os,<\/p>\n<p>Sin \u00e1nimos de polemizar, ya es hora de que todos los sectores (p\u00fablico, privado \u00a0y social) trabajemos de com\u00fan acuerdo para que en M\u00e9xico se puedan establecer sistemas de econom\u00eda circular que tomen en cuenta los antecedentes a los que hace referencia el texto anexo, as\u00ed como las circunstancias, necesidades y oportunidades que tiene el pa\u00eds para, por medio de ellos, alcanzar todos los objetivos de desarrollo sostenible de la Agenda 2030 con una visi\u00f3n sist\u00e9mica, incluyente, equitativa y orientada a lograr la protecci\u00f3n de los derechos humanos, comprendido el derecho a un ambiente sano.<\/p>\n<p>Bienvenidas sus opiniones al respecto y su apoyo para difundir el documento anexo y esta invitaci\u00f3n.<\/p>\n<div class='w3eden'><!-- WPDM Link Template: Default Template -->\n\n<div class=\"link-template-default card mb-2\">\n    <div class=\"card-body\">\n        <div class=\"media\">\n            <div class=\"mr-3 img-48\"><img decoding=\"async\" class=\"wpdm_icon\" alt=\"Icono\"   src=\"https:\/\/cristinacortinas.org\/sustentabilidad\/wp-content\/plugins\/download-manager\/assets\/file-type-icons\/doc.png\" \/><\/div>\n            <div class=\"media-body\">\n                <h3 class=\"package-title\"><a href='https:\/\/cristinacortinas.org\/sustentabilidad\/download\/existen-avances-en-la-prevencion-y-gestion-integral-de-los-residuos-en-mexico\/'>\u00bfExisten avances en la Prevenci\u00f3n y Gesti\u00f3n Integral de los Residuos en M\u00e9xico?<\/a><\/h3>\n                <div class=\"text-muted text-small\"><i class=\"fas fa-copy\"><\/i> 1 archivo(s) <i class=\"fas fa-hdd ml-3\"><\/i> 102.04 KB<\/div>\n            <\/div>\n            <div class=\"ml-3\">\n                <a class='wpdm-download-link download-on-click btn btn-info ' rel='nofollow' href='#' data-downloadurl=\"https:\/\/cristinacortinas.org\/sustentabilidad\/download\/existen-avances-en-la-prevencion-y-gestion-integral-de-los-residuos-en-mexico\/?wpdmdl=7215&refresh=69ee6d1c62e151777233180\">Descargar<\/a>\n            <\/div>\n        <\/div>\n    <\/div>\n<\/div>\n\n<\/div>\n<p>Cristina Cortinas<\/p>\n","protected":false},"excerpt":{"rendered":"<p>Avances en la Prevenci\u00f3n y Gesti\u00f3n Integral de los Residuos en M\u00e9xico Estimad@os amig@os, Sin \u00e1nimos de polemizar, ya es hora de que todos los sectores (p\u00fablico, privado \u00a0y social) trabajemos de com\u00fan acuerdo para que en M\u00e9xico se puedan establecer sistemas de econom\u00eda circular que tomen en cuenta los antecedentes a los que hace referencia el texto anexo, as\u00ed&nbsp;<a href=\"https:\/\/cristinacortinas.org\/sustentabilidad\/avances-en-la-prevencion-y-gestion-integral-de-los-residuos-en-mexico\/\" class=\"read-more\">Seguir leyendo<\/a><\/p>\n","protected":false},"author":1,"featured_media":7218,"comment_status":"closed","ping_status":"closed","sticky":false,"template":"","format":"standard","meta":{"footnotes":""},"categories":[40],"tags":[],"class_list":["post-7217","post","type-post","status-publish","format-standard","has-post-thumbnail","hentry","category-noticias","cat-40-id"],"yoast_head":"<!-- This site is optimized with the Yoast SEO plugin v27.4 - https:\/\/yoast.com\/product\/yoast-seo-wordpress\/ -->\n<title>Avances en la Prevenci\u00f3n y Gesti\u00f3n Integral de los Residuos en M\u00e9xico - Dra. Ma. Cristina Cortinas Dur\u00e1n<\/title>\n<meta name=\"robots\" content=\"index, follow, max-snippet:-1, max-image-preview:large, max-video-preview:-1\" \/>\n<link rel=\"canonical\" href=\"https:\/\/cristinacortinas.org\/sustentabilidad\/avances-en-la-prevencion-y-gestion-integral-de-los-residuos-en-mexico\/\" \/>\n<meta property=\"og:locale\" content=\"es_ES\" \/>\n<meta property=\"og:type\" content=\"article\" \/>\n<meta property=\"og:title\" content=\"Avances en la Prevenci\u00f3n y Gesti\u00f3n Integral de los Residuos en M\u00e9xico - Dra. Ma. Cristina Cortinas Dur\u00e1n\" \/>\n<meta property=\"og:description\" content=\"Avances en la Prevenci\u00f3n y Gesti\u00f3n Integral de los Residuos en M\u00e9xico Estimad@os amig@os, Sin \u00e1nimos de polemizar, ya es hora de que todos los sectores (p\u00fablico, privado \u00a0y social) trabajemos de com\u00fan acuerdo para que en M\u00e9xico se puedan establecer sistemas de econom\u00eda circular que tomen en cuenta los antecedentes a los que hace referencia el texto anexo, as\u00ed&nbsp;Seguir leyendo\" \/>\n<meta property=\"og:url\" content=\"https:\/\/cristinacortinas.org\/sustentabilidad\/avances-en-la-prevencion-y-gestion-integral-de-los-residuos-en-mexico\/\" \/>\n<meta property=\"og:site_name\" content=\"Dra. Ma. Cristina Cortinas Dur\u00e1n\" \/>\n<meta property=\"article:publisher\" content=\"https:\/\/www.facebook.com\/cristinacortinasduran\/\" \/>\n<meta property=\"article:published_time\" content=\"2019-12-02T23:43:55+00:00\" \/>\n<meta property=\"og:image\" content=\"https:\/\/cristinacortinas.org\/sustentabilidad\/wp-content\/uploads\/2019\/12\/Existen-avances-en-la-Prevenci\u00f3n-y-Gesti\u00f3n-Integral-de-los-Residuos-en-M\u00e9xico.jpg\" \/>\n\t<meta property=\"og:image:width\" content=\"776\" \/>\n\t<meta property=\"og:image:height\" content=\"450\" \/>\n\t<meta property=\"og:image:type\" content=\"image\/jpeg\" \/>\n<meta name=\"author\" content=\"CCristina\" \/>\n<meta name=\"twitter:card\" content=\"summary_large_image\" \/>\n<meta name=\"twitter:creator\" content=\"@DraCrisCortinas\" \/>\n<meta name=\"twitter:site\" content=\"@DraCrisCortinas\" \/>\n<meta name=\"twitter:label1\" content=\"Escrito por\" \/>\n\t<meta name=\"twitter:data1\" content=\"CCristina\" \/>\n\t<meta name=\"twitter:label2\" content=\"Tiempo de lectura\" \/>\n\t<meta name=\"twitter:data2\" content=\"1 minuto\" \/>\n<script type=\"application\/ld+json\" class=\"yoast-schema-graph\">{\"@context\":\"https:\\\/\\\/schema.org\",\"@graph\":[{\"@type\":\"Article\",\"@id\":\"https:\\\/\\\/cristinacortinas.org\\\/sustentabilidad\\\/avances-en-la-prevencion-y-gestion-integral-de-los-residuos-en-mexico\\\/#article\",\"isPartOf\":{\"@id\":\"https:\\\/\\\/cristinacortinas.org\\\/sustentabilidad\\\/avances-en-la-prevencion-y-gestion-integral-de-los-residuos-en-mexico\\\/\"},\"author\":{\"name\":\"CCristina\",\"@id\":\"https:\\\/\\\/cristinacortinas.org\\\/sustentabilidad\\\/#\\\/schema\\\/person\\\/230b4a4171b31e97671db5b680f06b08\"},\"headline\":\"Avances en la Prevenci\u00f3n y Gesti\u00f3n Integral de los Residuos en M\u00e9xico\",\"datePublished\":\"2019-12-02T23:43:55+00:00\",\"mainEntityOfPage\":{\"@id\":\"https:\\\/\\\/cristinacortinas.org\\\/sustentabilidad\\\/avances-en-la-prevencion-y-gestion-integral-de-los-residuos-en-mexico\\\/\"},\"wordCount\":160,\"image\":{\"@id\":\"https:\\\/\\\/cristinacortinas.org\\\/sustentabilidad\\\/avances-en-la-prevencion-y-gestion-integral-de-los-residuos-en-mexico\\\/#primaryimage\"},\"thumbnailUrl\":\"https:\\\/\\\/cristinacortinas.org\\\/sustentabilidad\\\/wp-content\\\/uploads\\\/2019\\\/12\\\/Existen-avances-en-la-Prevenci\u00f3n-y-Gesti\u00f3n-Integral-de-los-Residuos-en-M\u00e9xico.jpg\",\"articleSection\":[\"Noticias\"],\"inLanguage\":\"es\"},{\"@type\":\"WebPage\",\"@id\":\"https:\\\/\\\/cristinacortinas.org\\\/sustentabilidad\\\/avances-en-la-prevencion-y-gestion-integral-de-los-residuos-en-mexico\\\/\",\"url\":\"https:\\\/\\\/cristinacortinas.org\\\/sustentabilidad\\\/avances-en-la-prevencion-y-gestion-integral-de-los-residuos-en-mexico\\\/\",\"name\":\"Avances en la Prevenci\u00f3n y Gesti\u00f3n Integral de los Residuos en M\u00e9xico - Dra. Ma. Cristina Cortinas Dur\u00e1n\",\"isPartOf\":{\"@id\":\"https:\\\/\\\/cristinacortinas.org\\\/sustentabilidad\\\/#website\"},\"primaryImageOfPage\":{\"@id\":\"https:\\\/\\\/cristinacortinas.org\\\/sustentabilidad\\\/avances-en-la-prevencion-y-gestion-integral-de-los-residuos-en-mexico\\\/#primaryimage\"},\"image\":{\"@id\":\"https:\\\/\\\/cristinacortinas.org\\\/sustentabilidad\\\/avances-en-la-prevencion-y-gestion-integral-de-los-residuos-en-mexico\\\/#primaryimage\"},\"thumbnailUrl\":\"https:\\\/\\\/cristinacortinas.org\\\/sustentabilidad\\\/wp-content\\\/uploads\\\/2019\\\/12\\\/Existen-avances-en-la-Prevenci\u00f3n-y-Gesti\u00f3n-Integral-de-los-Residuos-en-M\u00e9xico.jpg\",\"datePublished\":\"2019-12-02T23:43:55+00:00\",\"author\":{\"@id\":\"https:\\\/\\\/cristinacortinas.org\\\/sustentabilidad\\\/#\\\/schema\\\/person\\\/230b4a4171b31e97671db5b680f06b08\"},\"breadcrumb\":{\"@id\":\"https:\\\/\\\/cristinacortinas.org\\\/sustentabilidad\\\/avances-en-la-prevencion-y-gestion-integral-de-los-residuos-en-mexico\\\/#breadcrumb\"},\"inLanguage\":\"es\",\"potentialAction\":[{\"@type\":\"ReadAction\",\"target\":[\"https:\\\/\\\/cristinacortinas.org\\\/sustentabilidad\\\/avances-en-la-prevencion-y-gestion-integral-de-los-residuos-en-mexico\\\/\"]}]},{\"@type\":\"ImageObject\",\"inLanguage\":\"es\",\"@id\":\"https:\\\/\\\/cristinacortinas.org\\\/sustentabilidad\\\/avances-en-la-prevencion-y-gestion-integral-de-los-residuos-en-mexico\\\/#primaryimage\",\"url\":\"https:\\\/\\\/cristinacortinas.org\\\/sustentabilidad\\\/wp-content\\\/uploads\\\/2019\\\/12\\\/Existen-avances-en-la-Prevenci\u00f3n-y-Gesti\u00f3n-Integral-de-los-Residuos-en-M\u00e9xico.jpg\",\"contentUrl\":\"https:\\\/\\\/cristinacortinas.org\\\/sustentabilidad\\\/wp-content\\\/uploads\\\/2019\\\/12\\\/Existen-avances-en-la-Prevenci\u00f3n-y-Gesti\u00f3n-Integral-de-los-Residuos-en-M\u00e9xico.jpg\",\"width\":776,\"height\":450},{\"@type\":\"BreadcrumbList\",\"@id\":\"https:\\\/\\\/cristinacortinas.org\\\/sustentabilidad\\\/avances-en-la-prevencion-y-gestion-integral-de-los-residuos-en-mexico\\\/#breadcrumb\",\"itemListElement\":[{\"@type\":\"ListItem\",\"position\":1,\"name\":\"Portada\",\"item\":\"https:\\\/\\\/cristinacortinas.org\\\/sustentabilidad\\\/\"},{\"@type\":\"ListItem\",\"position\":2,\"name\":\"Avances en la Prevenci\u00f3n y Gesti\u00f3n Integral de los Residuos en M\u00e9xico\"}]},{\"@type\":\"WebSite\",\"@id\":\"https:\\\/\\\/cristinacortinas.org\\\/sustentabilidad\\\/#website\",\"url\":\"https:\\\/\\\/cristinacortinas.org\\\/sustentabilidad\\\/\",\"name\":\"Dra. Ma. Cristina Cortinas Dur\u00e1n\",\"description\":\"\",\"potentialAction\":[{\"@type\":\"SearchAction\",\"target\":{\"@type\":\"EntryPoint\",\"urlTemplate\":\"https:\\\/\\\/cristinacortinas.org\\\/sustentabilidad\\\/?s={search_term_string}\"},\"query-input\":{\"@type\":\"PropertyValueSpecification\",\"valueRequired\":true,\"valueName\":\"search_term_string\"}}],\"inLanguage\":\"es\"},{\"@type\":\"Person\",\"@id\":\"https:\\\/\\\/cristinacortinas.org\\\/sustentabilidad\\\/#\\\/schema\\\/person\\\/230b4a4171b31e97671db5b680f06b08\",\"name\":\"CCristina\"}]}<\/script>\n<!-- \/ Yoast SEO plugin. -->","yoast_head_json":{"title":"Avances en la Prevenci\u00f3n y Gesti\u00f3n Integral de los Residuos en M\u00e9xico - Dra. Ma. Cristina Cortinas Dur\u00e1n","robots":{"index":"index","follow":"follow","max-snippet":"max-snippet:-1","max-image-preview":"max-image-preview:large","max-video-preview":"max-video-preview:-1"},"canonical":"https:\/\/cristinacortinas.org\/sustentabilidad\/avances-en-la-prevencion-y-gestion-integral-de-los-residuos-en-mexico\/","og_locale":"es_ES","og_type":"article","og_title":"Avances en la Prevenci\u00f3n y Gesti\u00f3n Integral de los Residuos en M\u00e9xico - Dra. Ma. Cristina Cortinas Dur\u00e1n","og_description":"Avances en la Prevenci\u00f3n y Gesti\u00f3n Integral de los Residuos en M\u00e9xico Estimad@os amig@os, Sin \u00e1nimos de polemizar, ya es hora de que todos los sectores (p\u00fablico, privado \u00a0y social) trabajemos de com\u00fan acuerdo para que en M\u00e9xico se puedan establecer sistemas de econom\u00eda circular que tomen en cuenta los antecedentes a los que hace referencia el texto anexo, as\u00ed&nbsp;Seguir leyendo","og_url":"https:\/\/cristinacortinas.org\/sustentabilidad\/avances-en-la-prevencion-y-gestion-integral-de-los-residuos-en-mexico\/","og_site_name":"Dra. Ma. Cristina Cortinas Dur\u00e1n","article_publisher":"https:\/\/www.facebook.com\/cristinacortinasduran\/","article_published_time":"2019-12-02T23:43:55+00:00","og_image":[{"width":776,"height":450,"url":"https:\/\/cristinacortinas.org\/sustentabilidad\/wp-content\/uploads\/2019\/12\/Existen-avances-en-la-Prevenci\u00f3n-y-Gesti\u00f3n-Integral-de-los-Residuos-en-M\u00e9xico.jpg","type":"image\/jpeg"}],"author":"CCristina","twitter_card":"summary_large_image","twitter_creator":"@DraCrisCortinas","twitter_site":"@DraCrisCortinas","twitter_misc":{"Escrito por":"CCristina","Tiempo de lectura":"1 minuto"},"schema":{"@context":"https:\/\/schema.org","@graph":[{"@type":"Article","@id":"https:\/\/cristinacortinas.org\/sustentabilidad\/avances-en-la-prevencion-y-gestion-integral-de-los-residuos-en-mexico\/#article","isPartOf":{"@id":"https:\/\/cristinacortinas.org\/sustentabilidad\/avances-en-la-prevencion-y-gestion-integral-de-los-residuos-en-mexico\/"},"author":{"name":"CCristina","@id":"https:\/\/cristinacortinas.org\/sustentabilidad\/#\/schema\/person\/230b4a4171b31e97671db5b680f06b08"},"headline":"Avances en la Prevenci\u00f3n y Gesti\u00f3n Integral de los Residuos en M\u00e9xico","datePublished":"2019-12-02T23:43:55+00:00","mainEntityOfPage":{"@id":"https:\/\/cristinacortinas.org\/sustentabilidad\/avances-en-la-prevencion-y-gestion-integral-de-los-residuos-en-mexico\/"},"wordCount":160,"image":{"@id":"https:\/\/cristinacortinas.org\/sustentabilidad\/avances-en-la-prevencion-y-gestion-integral-de-los-residuos-en-mexico\/#primaryimage"},"thumbnailUrl":"https:\/\/cristinacortinas.org\/sustentabilidad\/wp-content\/uploads\/2019\/12\/Existen-avances-en-la-Prevenci\u00f3n-y-Gesti\u00f3n-Integral-de-los-Residuos-en-M\u00e9xico.jpg","articleSection":["Noticias"],"inLanguage":"es"},{"@type":"WebPage","@id":"https:\/\/cristinacortinas.org\/sustentabilidad\/avances-en-la-prevencion-y-gestion-integral-de-los-residuos-en-mexico\/","url":"https:\/\/cristinacortinas.org\/sustentabilidad\/avances-en-la-prevencion-y-gestion-integral-de-los-residuos-en-mexico\/","name":"Avances en la Prevenci\u00f3n y Gesti\u00f3n Integral de los Residuos en M\u00e9xico - Dra. Ma. Cristina Cortinas Dur\u00e1n","isPartOf":{"@id":"https:\/\/cristinacortinas.org\/sustentabilidad\/#website"},"primaryImageOfPage":{"@id":"https:\/\/cristinacortinas.org\/sustentabilidad\/avances-en-la-prevencion-y-gestion-integral-de-los-residuos-en-mexico\/#primaryimage"},"image":{"@id":"https:\/\/cristinacortinas.org\/sustentabilidad\/avances-en-la-prevencion-y-gestion-integral-de-los-residuos-en-mexico\/#primaryimage"},"thumbnailUrl":"https:\/\/cristinacortinas.org\/sustentabilidad\/wp-content\/uploads\/2019\/12\/Existen-avances-en-la-Prevenci\u00f3n-y-Gesti\u00f3n-Integral-de-los-Residuos-en-M\u00e9xico.jpg","datePublished":"2019-12-02T23:43:55+00:00","author":{"@id":"https:\/\/cristinacortinas.org\/sustentabilidad\/#\/schema\/person\/230b4a4171b31e97671db5b680f06b08"},"breadcrumb":{"@id":"https:\/\/cristinacortinas.org\/sustentabilidad\/avances-en-la-prevencion-y-gestion-integral-de-los-residuos-en-mexico\/#breadcrumb"},"inLanguage":"es","potentialAction":[{"@type":"ReadAction","target":["https:\/\/cristinacortinas.org\/sustentabilidad\/avances-en-la-prevencion-y-gestion-integral-de-los-residuos-en-mexico\/"]}]},{"@type":"ImageObject","inLanguage":"es","@id":"https:\/\/cristinacortinas.org\/sustentabilidad\/avances-en-la-prevencion-y-gestion-integral-de-los-residuos-en-mexico\/#primaryimage","url":"https:\/\/cristinacortinas.org\/sustentabilidad\/wp-content\/uploads\/2019\/12\/Existen-avances-en-la-Prevenci\u00f3n-y-Gesti\u00f3n-Integral-de-los-Residuos-en-M\u00e9xico.jpg","contentUrl":"https:\/\/cristinacortinas.org\/sustentabilidad\/wp-content\/uploads\/2019\/12\/Existen-avances-en-la-Prevenci\u00f3n-y-Gesti\u00f3n-Integral-de-los-Residuos-en-M\u00e9xico.jpg","width":776,"height":450},{"@type":"BreadcrumbList","@id":"https:\/\/cristinacortinas.org\/sustentabilidad\/avances-en-la-prevencion-y-gestion-integral-de-los-residuos-en-mexico\/#breadcrumb","itemListElement":[{"@type":"ListItem","position":1,"name":"Portada","item":"https:\/\/cristinacortinas.org\/sustentabilidad\/"},{"@type":"ListItem","position":2,"name":"Avances en la Prevenci\u00f3n y Gesti\u00f3n Integral de los Residuos en M\u00e9xico"}]},{"@type":"WebSite","@id":"https:\/\/cristinacortinas.org\/sustentabilidad\/#website","url":"https:\/\/cristinacortinas.org\/sustentabilidad\/","name":"Dra. Ma. Cristina Cortinas Dur\u00e1n","description":"","potentialAction":[{"@type":"SearchAction","target":{"@type":"EntryPoint","urlTemplate":"https:\/\/cristinacortinas.org\/sustentabilidad\/?s={search_term_string}"},"query-input":{"@type":"PropertyValueSpecification","valueRequired":true,"valueName":"search_term_string"}}],"inLanguage":"es"},{"@type":"Person","@id":"https:\/\/cristinacortinas.org\/sustentabilidad\/#\/schema\/person\/230b4a4171b31e97671db5b680f06b08","name":"CCristina"}]}},"_links":{"self":[{"href":"https:\/\/cristinacortinas.org\/sustentabilidad\/wp-json\/wp\/v2\/posts\/7217","targetHints":{"allow":["GET"]}}],"collection":[{"href":"https:\/\/cristinacortinas.org\/sustentabilidad\/wp-json\/wp\/v2\/posts"}],"about":[{"href":"https:\/\/cristinacortinas.org\/sustentabilidad\/wp-json\/wp\/v2\/types\/post"}],"author":[{"embeddable":true,"href":"https:\/\/cristinacortinas.org\/sustentabilidad\/wp-json\/wp\/v2\/users\/1"}],"replies":[{"embeddable":true,"href":"https:\/\/cristinacortinas.org\/sustentabilidad\/wp-json\/wp\/v2\/comments?post=7217"}],"version-history":[{"count":1,"href":"https:\/\/cristinacortinas.org\/sustentabilidad\/wp-json\/wp\/v2\/posts\/7217\/revisions"}],"predecessor-version":[{"id":7219,"href":"https:\/\/cristinacortinas.org\/sustentabilidad\/wp-json\/wp\/v2\/posts\/7217\/revisions\/7219"}],"wp:featuredmedia":[{"embeddable":true,"href":"https:\/\/cristinacortinas.org\/sustentabilidad\/wp-json\/wp\/v2\/media\/7218"}],"wp:attachment":[{"href":"https:\/\/cristinacortinas.org\/sustentabilidad\/wp-json\/wp\/v2\/media?parent=7217"}],"wp:term":[{"taxonomy":"category","embeddable":true,"href":"https:\/\/cristinacortinas.org\/sustentabilidad\/wp-json\/wp\/v2\/categories?post=7217"},{"taxonomy":"post_tag","embeddable":true,"href":"https:\/\/cristinacortinas.org\/sustentabilidad\/wp-json\/wp\/v2\/tags?post=7217"}],"curies":[{"name":"wp","href":"https:\/\/api.w.org\/{rel}","templated":true}]}}