{"id":7208,"date":"2019-11-25T19:14:13","date_gmt":"2019-11-26T01:14:13","guid":{"rendered":"https:\/\/cristinacortinas.org\/sustentabilidad\/?p=7208"},"modified":"2019-11-25T19:14:13","modified_gmt":"2019-11-26T01:14:13","slug":"la-meta-sustituir-materias-primas","status":"publish","type":"post","link":"https:\/\/cristinacortinas.org\/sustentabilidad\/la-meta-sustituir-materias-primas\/","title":{"rendered":"LA META: SUSTITUIR MATERIAS PRIMAS"},"content":{"rendered":"<p>La Meta: Sustituir Materias Primas<\/p>\n<p>A tener presente al crear infraestructura para manejar residuos s\u00f3lidos<\/p>\n<p>Estimad@os amig@os,<\/p>\n<p>La buena noticia que es importante compartir es que en M\u00e9xico, tanto la sociedad, como el gobierno y el sector empresarial, \u00a0toman parte activa en la actualidad en la discusi\u00f3n de la forma en que debi\u00e9ramos enfrentar los desaf\u00edos que implica el creciente volumen de residuos que se generan en el pa\u00eds, muchos de los cuales se convierten en contaminantes de suelos y cuerpos de agua continentales y mar\u00edtimos, con lo que provocan riesgos a la salud humana y a los ecosistemas.<\/p>\n<p>No obstante, aunque es buena la toma de conciencia al respecto, lo mejor es que existen dos tipos de soluciones al alcance que debemos buscar que no se contrapongan sino que se complementen, con beneficios ambientales, econ\u00f3micos y sociales.<\/p>\n<p>De eso trata el documento intitulado \u201cLa Meta: Sustituir Materias Primas. A tener presente al crear infraestructura para manejar residuos s\u00f3lidos\u201d, que pone a su consideraci\u00f3n una serie de reflexiones que esperamos contribuyan a lograr estos fines.<\/p>\n<p>Por lo anterior, son bienvenidas sus opiniones al respecto y su apoyo para la difusi\u00f3n del documento anexto.<\/p>\n<div class='w3eden'><!-- WPDM Link Template: Default Template -->\n\n<div class=\"link-template-default card mb-2\">\n    <div class=\"card-body\">\n        <div class=\"media\">\n            <div class=\"mr-3 img-48\"><img decoding=\"async\" class=\"wpdm_icon\" alt=\"Icono\"   src=\"https:\/\/cristinacortinas.org\/sustentabilidad\/wp-content\/plugins\/download-manager\/assets\/file-type-icons\/docx.png\" \/><\/div>\n            <div class=\"media-body\">\n                <h3 class=\"package-title\"><a href='https:\/\/cristinacortinas.org\/sustentabilidad\/download\/la-meta-sustituir-materias-primas\/'>LA META: SUSTITUIR MATERIAS PRIMAS<\/a><\/h3>\n                <div class=\"text-muted text-small\"><i class=\"fas fa-copy\"><\/i> 1 archivo(s) <i class=\"fas fa-hdd ml-3\"><\/i> 8.03 MB<\/div>\n            <\/div>\n            <div class=\"ml-3\">\n                <a class='wpdm-download-link download-on-click btn btn-info ' rel='nofollow' href='#' data-downloadurl=\"https:\/\/cristinacortinas.org\/sustentabilidad\/download\/la-meta-sustituir-materias-primas\/?wpdmdl=7207&refresh=69ee6d9ce18261777233308\">Descargar<\/a>\n            <\/div>\n        <\/div>\n    <\/div>\n<\/div>\n\n<\/div>\n<p>Cristina Cortinas<\/p>\n","protected":false},"excerpt":{"rendered":"<p>La Meta: Sustituir Materias Primas A tener presente al crear infraestructura para manejar residuos s\u00f3lidos Estimad@os amig@os, La buena noticia que es importante compartir es que en M\u00e9xico, tanto la sociedad, como el gobierno y el sector empresarial, \u00a0toman parte activa en la actualidad en la discusi\u00f3n de la forma en que debi\u00e9ramos enfrentar los desaf\u00edos que implica el creciente&nbsp;<a href=\"https:\/\/cristinacortinas.org\/sustentabilidad\/la-meta-sustituir-materias-primas\/\" class=\"read-more\">Seguir leyendo<\/a><\/p>\n","protected":false},"author":1,"featured_media":7209,"comment_status":"closed","ping_status":"closed","sticky":false,"template":"","format":"standard","meta":{"footnotes":""},"categories":[40],"tags":[],"class_list":["post-7208","post","type-post","status-publish","format-standard","has-post-thumbnail","hentry","category-noticias","cat-40-id"],"yoast_head":"<!-- This site is optimized with the Yoast SEO plugin v27.4 - https:\/\/yoast.com\/product\/yoast-seo-wordpress\/ -->\n<title>LA META: SUSTITUIR MATERIAS PRIMAS - Dra. Ma. Cristina Cortinas Dur\u00e1n<\/title>\n<meta name=\"robots\" content=\"index, follow, max-snippet:-1, max-image-preview:large, max-video-preview:-1\" \/>\n<link rel=\"canonical\" href=\"https:\/\/cristinacortinas.org\/sustentabilidad\/la-meta-sustituir-materias-primas\/\" \/>\n<meta property=\"og:locale\" content=\"es_ES\" \/>\n<meta property=\"og:type\" content=\"article\" \/>\n<meta property=\"og:title\" content=\"LA META: SUSTITUIR MATERIAS PRIMAS - Dra. Ma. Cristina Cortinas Dur\u00e1n\" \/>\n<meta property=\"og:description\" content=\"La Meta: Sustituir Materias Primas A tener presente al crear infraestructura para manejar residuos s\u00f3lidos Estimad@os amig@os, La buena noticia que es importante compartir es que en M\u00e9xico, tanto la sociedad, como el gobierno y el sector empresarial, \u00a0toman parte activa en la actualidad en la discusi\u00f3n de la forma en que debi\u00e9ramos enfrentar los desaf\u00edos que implica el creciente&nbsp;Seguir leyendo\" \/>\n<meta property=\"og:url\" content=\"https:\/\/cristinacortinas.org\/sustentabilidad\/la-meta-sustituir-materias-primas\/\" \/>\n<meta property=\"og:site_name\" content=\"Dra. Ma. Cristina Cortinas Dur\u00e1n\" \/>\n<meta property=\"article:publisher\" content=\"https:\/\/www.facebook.com\/cristinacortinasduran\/\" \/>\n<meta property=\"article:published_time\" content=\"2019-11-26T01:14:13+00:00\" \/>\n<meta property=\"og:image\" content=\"https:\/\/cristinacortinas.org\/sustentabilidad\/wp-content\/uploads\/2019\/11\/LA-META-SUSTITUIR-MATERIAS-PRIMAS.jpg\" \/>\n\t<meta property=\"og:image:width\" content=\"720\" \/>\n\t<meta property=\"og:image:height\" content=\"480\" \/>\n\t<meta property=\"og:image:type\" content=\"image\/jpeg\" \/>\n<meta name=\"author\" content=\"CCristina\" \/>\n<meta name=\"twitter:card\" content=\"summary_large_image\" \/>\n<meta name=\"twitter:creator\" content=\"@DraCrisCortinas\" \/>\n<meta name=\"twitter:site\" content=\"@DraCrisCortinas\" \/>\n<meta name=\"twitter:label1\" content=\"Escrito por\" \/>\n\t<meta name=\"twitter:data1\" content=\"CCristina\" \/>\n\t<meta name=\"twitter:label2\" content=\"Tiempo de lectura\" \/>\n\t<meta name=\"twitter:data2\" content=\"1 minuto\" \/>\n<script type=\"application\/ld+json\" class=\"yoast-schema-graph\">{\"@context\":\"https:\\\/\\\/schema.org\",\"@graph\":[{\"@type\":\"Article\",\"@id\":\"https:\\\/\\\/cristinacortinas.org\\\/sustentabilidad\\\/la-meta-sustituir-materias-primas\\\/#article\",\"isPartOf\":{\"@id\":\"https:\\\/\\\/cristinacortinas.org\\\/sustentabilidad\\\/la-meta-sustituir-materias-primas\\\/\"},\"author\":{\"name\":\"CCristina\",\"@id\":\"https:\\\/\\\/cristinacortinas.org\\\/sustentabilidad\\\/#\\\/schema\\\/person\\\/230b4a4171b31e97671db5b680f06b08\"},\"headline\":\"LA META: SUSTITUIR MATERIAS PRIMAS\",\"datePublished\":\"2019-11-26T01:14:13+00:00\",\"mainEntityOfPage\":{\"@id\":\"https:\\\/\\\/cristinacortinas.org\\\/sustentabilidad\\\/la-meta-sustituir-materias-primas\\\/\"},\"wordCount\":218,\"image\":{\"@id\":\"https:\\\/\\\/cristinacortinas.org\\\/sustentabilidad\\\/la-meta-sustituir-materias-primas\\\/#primaryimage\"},\"thumbnailUrl\":\"https:\\\/\\\/cristinacortinas.org\\\/sustentabilidad\\\/wp-content\\\/uploads\\\/2019\\\/11\\\/LA-META-SUSTITUIR-MATERIAS-PRIMAS.jpg\",\"articleSection\":[\"Noticias\"],\"inLanguage\":\"es\"},{\"@type\":\"WebPage\",\"@id\":\"https:\\\/\\\/cristinacortinas.org\\\/sustentabilidad\\\/la-meta-sustituir-materias-primas\\\/\",\"url\":\"https:\\\/\\\/cristinacortinas.org\\\/sustentabilidad\\\/la-meta-sustituir-materias-primas\\\/\",\"name\":\"LA META: SUSTITUIR MATERIAS PRIMAS - Dra. Ma. Cristina Cortinas Dur\u00e1n\",\"isPartOf\":{\"@id\":\"https:\\\/\\\/cristinacortinas.org\\\/sustentabilidad\\\/#website\"},\"primaryImageOfPage\":{\"@id\":\"https:\\\/\\\/cristinacortinas.org\\\/sustentabilidad\\\/la-meta-sustituir-materias-primas\\\/#primaryimage\"},\"image\":{\"@id\":\"https:\\\/\\\/cristinacortinas.org\\\/sustentabilidad\\\/la-meta-sustituir-materias-primas\\\/#primaryimage\"},\"thumbnailUrl\":\"https:\\\/\\\/cristinacortinas.org\\\/sustentabilidad\\\/wp-content\\\/uploads\\\/2019\\\/11\\\/LA-META-SUSTITUIR-MATERIAS-PRIMAS.jpg\",\"datePublished\":\"2019-11-26T01:14:13+00:00\",\"author\":{\"@id\":\"https:\\\/\\\/cristinacortinas.org\\\/sustentabilidad\\\/#\\\/schema\\\/person\\\/230b4a4171b31e97671db5b680f06b08\"},\"breadcrumb\":{\"@id\":\"https:\\\/\\\/cristinacortinas.org\\\/sustentabilidad\\\/la-meta-sustituir-materias-primas\\\/#breadcrumb\"},\"inLanguage\":\"es\",\"potentialAction\":[{\"@type\":\"ReadAction\",\"target\":[\"https:\\\/\\\/cristinacortinas.org\\\/sustentabilidad\\\/la-meta-sustituir-materias-primas\\\/\"]}]},{\"@type\":\"ImageObject\",\"inLanguage\":\"es\",\"@id\":\"https:\\\/\\\/cristinacortinas.org\\\/sustentabilidad\\\/la-meta-sustituir-materias-primas\\\/#primaryimage\",\"url\":\"https:\\\/\\\/cristinacortinas.org\\\/sustentabilidad\\\/wp-content\\\/uploads\\\/2019\\\/11\\\/LA-META-SUSTITUIR-MATERIAS-PRIMAS.jpg\",\"contentUrl\":\"https:\\\/\\\/cristinacortinas.org\\\/sustentabilidad\\\/wp-content\\\/uploads\\\/2019\\\/11\\\/LA-META-SUSTITUIR-MATERIAS-PRIMAS.jpg\",\"width\":720,\"height\":480},{\"@type\":\"BreadcrumbList\",\"@id\":\"https:\\\/\\\/cristinacortinas.org\\\/sustentabilidad\\\/la-meta-sustituir-materias-primas\\\/#breadcrumb\",\"itemListElement\":[{\"@type\":\"ListItem\",\"position\":1,\"name\":\"Portada\",\"item\":\"https:\\\/\\\/cristinacortinas.org\\\/sustentabilidad\\\/\"},{\"@type\":\"ListItem\",\"position\":2,\"name\":\"LA META: SUSTITUIR MATERIAS PRIMAS\"}]},{\"@type\":\"WebSite\",\"@id\":\"https:\\\/\\\/cristinacortinas.org\\\/sustentabilidad\\\/#website\",\"url\":\"https:\\\/\\\/cristinacortinas.org\\\/sustentabilidad\\\/\",\"name\":\"Dra. Ma. Cristina Cortinas Dur\u00e1n\",\"description\":\"\",\"potentialAction\":[{\"@type\":\"SearchAction\",\"target\":{\"@type\":\"EntryPoint\",\"urlTemplate\":\"https:\\\/\\\/cristinacortinas.org\\\/sustentabilidad\\\/?s={search_term_string}\"},\"query-input\":{\"@type\":\"PropertyValueSpecification\",\"valueRequired\":true,\"valueName\":\"search_term_string\"}}],\"inLanguage\":\"es\"},{\"@type\":\"Person\",\"@id\":\"https:\\\/\\\/cristinacortinas.org\\\/sustentabilidad\\\/#\\\/schema\\\/person\\\/230b4a4171b31e97671db5b680f06b08\",\"name\":\"CCristina\"}]}<\/script>\n<!-- \/ Yoast SEO plugin. -->","yoast_head_json":{"title":"LA META: SUSTITUIR MATERIAS PRIMAS - Dra. Ma. Cristina Cortinas Dur\u00e1n","robots":{"index":"index","follow":"follow","max-snippet":"max-snippet:-1","max-image-preview":"max-image-preview:large","max-video-preview":"max-video-preview:-1"},"canonical":"https:\/\/cristinacortinas.org\/sustentabilidad\/la-meta-sustituir-materias-primas\/","og_locale":"es_ES","og_type":"article","og_title":"LA META: SUSTITUIR MATERIAS PRIMAS - Dra. Ma. Cristina Cortinas Dur\u00e1n","og_description":"La Meta: Sustituir Materias Primas A tener presente al crear infraestructura para manejar residuos s\u00f3lidos Estimad@os amig@os, La buena noticia que es importante compartir es que en M\u00e9xico, tanto la sociedad, como el gobierno y el sector empresarial, \u00a0toman parte activa en la actualidad en la discusi\u00f3n de la forma en que debi\u00e9ramos enfrentar los desaf\u00edos que implica el creciente&nbsp;Seguir leyendo","og_url":"https:\/\/cristinacortinas.org\/sustentabilidad\/la-meta-sustituir-materias-primas\/","og_site_name":"Dra. Ma. Cristina Cortinas Dur\u00e1n","article_publisher":"https:\/\/www.facebook.com\/cristinacortinasduran\/","article_published_time":"2019-11-26T01:14:13+00:00","og_image":[{"width":720,"height":480,"url":"https:\/\/cristinacortinas.org\/sustentabilidad\/wp-content\/uploads\/2019\/11\/LA-META-SUSTITUIR-MATERIAS-PRIMAS.jpg","type":"image\/jpeg"}],"author":"CCristina","twitter_card":"summary_large_image","twitter_creator":"@DraCrisCortinas","twitter_site":"@DraCrisCortinas","twitter_misc":{"Escrito por":"CCristina","Tiempo de lectura":"1 minuto"},"schema":{"@context":"https:\/\/schema.org","@graph":[{"@type":"Article","@id":"https:\/\/cristinacortinas.org\/sustentabilidad\/la-meta-sustituir-materias-primas\/#article","isPartOf":{"@id":"https:\/\/cristinacortinas.org\/sustentabilidad\/la-meta-sustituir-materias-primas\/"},"author":{"name":"CCristina","@id":"https:\/\/cristinacortinas.org\/sustentabilidad\/#\/schema\/person\/230b4a4171b31e97671db5b680f06b08"},"headline":"LA META: SUSTITUIR MATERIAS PRIMAS","datePublished":"2019-11-26T01:14:13+00:00","mainEntityOfPage":{"@id":"https:\/\/cristinacortinas.org\/sustentabilidad\/la-meta-sustituir-materias-primas\/"},"wordCount":218,"image":{"@id":"https:\/\/cristinacortinas.org\/sustentabilidad\/la-meta-sustituir-materias-primas\/#primaryimage"},"thumbnailUrl":"https:\/\/cristinacortinas.org\/sustentabilidad\/wp-content\/uploads\/2019\/11\/LA-META-SUSTITUIR-MATERIAS-PRIMAS.jpg","articleSection":["Noticias"],"inLanguage":"es"},{"@type":"WebPage","@id":"https:\/\/cristinacortinas.org\/sustentabilidad\/la-meta-sustituir-materias-primas\/","url":"https:\/\/cristinacortinas.org\/sustentabilidad\/la-meta-sustituir-materias-primas\/","name":"LA META: SUSTITUIR MATERIAS PRIMAS - Dra. Ma. Cristina Cortinas Dur\u00e1n","isPartOf":{"@id":"https:\/\/cristinacortinas.org\/sustentabilidad\/#website"},"primaryImageOfPage":{"@id":"https:\/\/cristinacortinas.org\/sustentabilidad\/la-meta-sustituir-materias-primas\/#primaryimage"},"image":{"@id":"https:\/\/cristinacortinas.org\/sustentabilidad\/la-meta-sustituir-materias-primas\/#primaryimage"},"thumbnailUrl":"https:\/\/cristinacortinas.org\/sustentabilidad\/wp-content\/uploads\/2019\/11\/LA-META-SUSTITUIR-MATERIAS-PRIMAS.jpg","datePublished":"2019-11-26T01:14:13+00:00","author":{"@id":"https:\/\/cristinacortinas.org\/sustentabilidad\/#\/schema\/person\/230b4a4171b31e97671db5b680f06b08"},"breadcrumb":{"@id":"https:\/\/cristinacortinas.org\/sustentabilidad\/la-meta-sustituir-materias-primas\/#breadcrumb"},"inLanguage":"es","potentialAction":[{"@type":"ReadAction","target":["https:\/\/cristinacortinas.org\/sustentabilidad\/la-meta-sustituir-materias-primas\/"]}]},{"@type":"ImageObject","inLanguage":"es","@id":"https:\/\/cristinacortinas.org\/sustentabilidad\/la-meta-sustituir-materias-primas\/#primaryimage","url":"https:\/\/cristinacortinas.org\/sustentabilidad\/wp-content\/uploads\/2019\/11\/LA-META-SUSTITUIR-MATERIAS-PRIMAS.jpg","contentUrl":"https:\/\/cristinacortinas.org\/sustentabilidad\/wp-content\/uploads\/2019\/11\/LA-META-SUSTITUIR-MATERIAS-PRIMAS.jpg","width":720,"height":480},{"@type":"BreadcrumbList","@id":"https:\/\/cristinacortinas.org\/sustentabilidad\/la-meta-sustituir-materias-primas\/#breadcrumb","itemListElement":[{"@type":"ListItem","position":1,"name":"Portada","item":"https:\/\/cristinacortinas.org\/sustentabilidad\/"},{"@type":"ListItem","position":2,"name":"LA META: SUSTITUIR MATERIAS PRIMAS"}]},{"@type":"WebSite","@id":"https:\/\/cristinacortinas.org\/sustentabilidad\/#website","url":"https:\/\/cristinacortinas.org\/sustentabilidad\/","name":"Dra. Ma. Cristina Cortinas Dur\u00e1n","description":"","potentialAction":[{"@type":"SearchAction","target":{"@type":"EntryPoint","urlTemplate":"https:\/\/cristinacortinas.org\/sustentabilidad\/?s={search_term_string}"},"query-input":{"@type":"PropertyValueSpecification","valueRequired":true,"valueName":"search_term_string"}}],"inLanguage":"es"},{"@type":"Person","@id":"https:\/\/cristinacortinas.org\/sustentabilidad\/#\/schema\/person\/230b4a4171b31e97671db5b680f06b08","name":"CCristina"}]}},"_links":{"self":[{"href":"https:\/\/cristinacortinas.org\/sustentabilidad\/wp-json\/wp\/v2\/posts\/7208","targetHints":{"allow":["GET"]}}],"collection":[{"href":"https:\/\/cristinacortinas.org\/sustentabilidad\/wp-json\/wp\/v2\/posts"}],"about":[{"href":"https:\/\/cristinacortinas.org\/sustentabilidad\/wp-json\/wp\/v2\/types\/post"}],"author":[{"embeddable":true,"href":"https:\/\/cristinacortinas.org\/sustentabilidad\/wp-json\/wp\/v2\/users\/1"}],"replies":[{"embeddable":true,"href":"https:\/\/cristinacortinas.org\/sustentabilidad\/wp-json\/wp\/v2\/comments?post=7208"}],"version-history":[{"count":1,"href":"https:\/\/cristinacortinas.org\/sustentabilidad\/wp-json\/wp\/v2\/posts\/7208\/revisions"}],"predecessor-version":[{"id":7210,"href":"https:\/\/cristinacortinas.org\/sustentabilidad\/wp-json\/wp\/v2\/posts\/7208\/revisions\/7210"}],"wp:featuredmedia":[{"embeddable":true,"href":"https:\/\/cristinacortinas.org\/sustentabilidad\/wp-json\/wp\/v2\/media\/7209"}],"wp:attachment":[{"href":"https:\/\/cristinacortinas.org\/sustentabilidad\/wp-json\/wp\/v2\/media?parent=7208"}],"wp:term":[{"taxonomy":"category","embeddable":true,"href":"https:\/\/cristinacortinas.org\/sustentabilidad\/wp-json\/wp\/v2\/categories?post=7208"},{"taxonomy":"post_tag","embeddable":true,"href":"https:\/\/cristinacortinas.org\/sustentabilidad\/wp-json\/wp\/v2\/tags?post=7208"}],"curies":[{"name":"wp","href":"https:\/\/api.w.org\/{rel}","templated":true}]}}