{"id":7157,"date":"2019-11-06T10:26:10","date_gmt":"2019-11-06T16:26:10","guid":{"rendered":"https:\/\/cristinacortinas.org\/sustentabilidad\/?p=7157"},"modified":"2019-11-06T10:26:10","modified_gmt":"2019-11-06T16:26:10","slug":"retos-legislativos-en-materia-de-reciclaje-y-economia-circular","status":"publish","type":"post","link":"https:\/\/cristinacortinas.org\/sustentabilidad\/retos-legislativos-en-materia-de-reciclaje-y-economia-circular\/","title":{"rendered":"Retos legislativos en materia de reciclaje y econom\u00eda circular"},"content":{"rendered":"<p>En el 1er Foro Nacional Sobre Reciclaje Inclusivo: hacia una visi\u00f3n compartida del reciclaje inclusivo en M\u00e9xico, que tendr\u00e1 lugar en el Senado de la Rep\u00fablica el d\u00eda de hoy 6 de noviembre 2019, presentar\u00e9 en la MESA 3: El reciclaje en las entidades federativas, el enfoque seguido en la materia en el estado de Quer\u00e9taro.<\/p>\n<p>Lo anterior no sin insistir en que M\u00e9xico desde 2003, antes de que se empezaran a implantar como pol\u00edtica p\u00fablica los sistemas de econom\u00eda circular, ya contaba con una legislaci\u00f3n basada en la prevencI\u00f3n de la generaci\u00f3n con miras a desviar los residuos de los sitios de disposici\u00f3n final, mediante la implementaci\u00f3n de planes de manejo obligatorios.<\/p>\n<p>Ello es importante en un momento en que gran parte de los productores, importadores, distribuidores y comercializadores de productos pl\u00e1sticos, particularmente los de un solo uso, no han cumplido con su obligaci\u00f3n de formular los planes de manejo correspondientes, como lo establece la norma oficial mexicana 161 publicada desde 2013.<\/p>\n<p>Aunado a ello preocupa que mediante una nueva ley de econom\u00eda circular se pudiera buscar evadir la obligaci\u00f3n anterior y violar los principios jur\u00eddicos de no regresividad y de progresividad, para no abolir lo que ya es una pr\u00e1ctica y ha perneado en la normatividad estatal y municipal en la materia, sino por el contrario fortalecer dicha normatividad.<\/p>\n<p>Les invito a conocer y difundir el trabajo que se realiza en los municipios de la Sierra Gorda de Quer\u00e9taro para llevar a la pr\u00e1ctica la legislaci\u00f3n nacional, estatal y municipal en materia de prevenci\u00f3n y gesti\u00f3n integral de los residuos con un enfoque de econom\u00eda circular comunitaria incluyente y regenerativa de los recursos naturales y los servicios ambientales que nos prestan.<\/p>\n<div class='w3eden'><!-- WPDM Link Template: Default Template -->\n\n<div class=\"link-template-default card mb-2\">\n    <div class=\"card-body\">\n        <div class=\"media\">\n            <div class=\"mr-3 img-48\"><img decoding=\"async\" class=\"wpdm_icon\" alt=\"Icono\"   src=\"https:\/\/cristinacortinas.org\/sustentabilidad\/wp-content\/plugins\/download-manager\/assets\/file-type-icons\/ppt.png\" \/><\/div>\n            <div class=\"media-body\">\n                <h3 class=\"package-title\"><a href='https:\/\/cristinacortinas.org\/sustentabilidad\/download\/retos-legislativos-en-materia-de-reciclaje-y-economia-circular\/'>Retos legislativos en materia de reciclaje y economi\u0301a circular<\/a><\/h3>\n                <div class=\"text-muted text-small\"><i class=\"fas fa-copy\"><\/i> 1 archivo(s) <i class=\"fas fa-hdd ml-3\"><\/i> 853.24 KB<\/div>\n            <\/div>\n            <div class=\"ml-3\">\n                <a class='wpdm-download-link download-on-click btn btn-info ' rel='nofollow' href='#' data-downloadurl=\"https:\/\/cristinacortinas.org\/sustentabilidad\/download\/retos-legislativos-en-materia-de-reciclaje-y-economia-circular\/?wpdmdl=7158&refresh=69ee6e75ea9511777233525\">Descargar<\/a>\n            <\/div>\n        <\/div>\n    <\/div>\n<\/div>\n\n<\/div>\n<p>Cristina Cortinas<\/p>\n","protected":false},"excerpt":{"rendered":"<p>En el 1er Foro Nacional Sobre Reciclaje Inclusivo: hacia una visi\u00f3n compartida del reciclaje inclusivo en M\u00e9xico, que tendr\u00e1 lugar en el Senado de la Rep\u00fablica el d\u00eda de hoy 6 de noviembre 2019, presentar\u00e9 en la MESA 3: El reciclaje en las entidades federativas, el enfoque seguido en la materia en el estado de Quer\u00e9taro. Lo anterior no sin&nbsp;<a href=\"https:\/\/cristinacortinas.org\/sustentabilidad\/retos-legislativos-en-materia-de-reciclaje-y-economia-circular\/\" class=\"read-more\">Seguir leyendo<\/a><\/p>\n","protected":false},"author":1,"featured_media":7160,"comment_status":"closed","ping_status":"closed","sticky":false,"template":"","format":"standard","meta":{"footnotes":""},"categories":[40],"tags":[],"class_list":["post-7157","post","type-post","status-publish","format-standard","has-post-thumbnail","hentry","category-noticias","cat-40-id"],"yoast_head":"<!-- This site is optimized with the Yoast SEO plugin v27.4 - https:\/\/yoast.com\/product\/yoast-seo-wordpress\/ -->\n<title>Retos legislativos en materia de reciclaje y econom\u00eda circular - Dra. Ma. Cristina Cortinas Dur\u00e1n<\/title>\n<meta name=\"robots\" content=\"index, follow, max-snippet:-1, max-image-preview:large, max-video-preview:-1\" \/>\n<link rel=\"canonical\" href=\"https:\/\/cristinacortinas.org\/sustentabilidad\/retos-legislativos-en-materia-de-reciclaje-y-economia-circular\/\" \/>\n<meta property=\"og:locale\" content=\"es_ES\" \/>\n<meta property=\"og:type\" content=\"article\" \/>\n<meta property=\"og:title\" content=\"Retos legislativos en materia de reciclaje y economi\u0301a circular\" \/>\n<meta property=\"og:description\" content=\"En el 1er Foro Nacional Sobre Reciclaje Inclusivo: hacia una visi\u00f3n compartida del reciclaje inclusivo en M\u00e9xico, que tendr\u00e1 lugar en el Senado de la Rep\u00fablica el d\u00eda de hoy 6 de noviembre 2019, presentar\u00e9 en la MESA 3: El reciclaje en las entidades federativas, el enfoque seguido en la materia en el estado de Quer\u00e9taro.\" \/>\n<meta property=\"og:url\" content=\"https:\/\/cristinacortinas.org\/sustentabilidad\/retos-legislativos-en-materia-de-reciclaje-y-economia-circular\/\" \/>\n<meta property=\"og:site_name\" content=\"Dra. Ma. Cristina Cortinas Dur\u00e1n\" \/>\n<meta property=\"article:publisher\" content=\"https:\/\/www.facebook.com\/cristinacortinasduran\/\" \/>\n<meta property=\"article:published_time\" content=\"2019-11-06T16:26:10+00:00\" \/>\n<meta property=\"og:image\" content=\"https:\/\/cristinacortinas.org\/sustentabilidad\/wp-content\/uploads\/2019\/11\/Retos-legislativos-en-materia-de-reciclaje-y-economi\u0301a-circular.jpg\" \/>\n\t<meta property=\"og:image:width\" content=\"1366\" \/>\n\t<meta property=\"og:image:height\" content=\"768\" \/>\n\t<meta property=\"og:image:type\" content=\"image\/jpeg\" \/>\n<meta name=\"author\" content=\"CCristina\" \/>\n<meta name=\"twitter:card\" content=\"summary_large_image\" \/>\n<meta name=\"twitter:creator\" content=\"@DraCrisCortinas\" \/>\n<meta name=\"twitter:site\" content=\"@DraCrisCortinas\" \/>\n<meta name=\"twitter:label1\" content=\"Escrito por\" \/>\n\t<meta name=\"twitter:data1\" content=\"CCristina\" \/>\n\t<meta name=\"twitter:label2\" content=\"Tiempo de lectura\" \/>\n\t<meta name=\"twitter:data2\" content=\"2 minutos\" \/>\n<script type=\"application\/ld+json\" class=\"yoast-schema-graph\">{\"@context\":\"https:\\\/\\\/schema.org\",\"@graph\":[{\"@type\":\"Article\",\"@id\":\"https:\\\/\\\/cristinacortinas.org\\\/sustentabilidad\\\/retos-legislativos-en-materia-de-reciclaje-y-economia-circular\\\/#article\",\"isPartOf\":{\"@id\":\"https:\\\/\\\/cristinacortinas.org\\\/sustentabilidad\\\/retos-legislativos-en-materia-de-reciclaje-y-economia-circular\\\/\"},\"author\":{\"name\":\"CCristina\",\"@id\":\"https:\\\/\\\/cristinacortinas.org\\\/sustentabilidad\\\/#\\\/schema\\\/person\\\/230b4a4171b31e97671db5b680f06b08\"},\"headline\":\"Retos legislativos en materia de reciclaje y econom\u00eda circular\",\"datePublished\":\"2019-11-06T16:26:10+00:00\",\"mainEntityOfPage\":{\"@id\":\"https:\\\/\\\/cristinacortinas.org\\\/sustentabilidad\\\/retos-legislativos-en-materia-de-reciclaje-y-economia-circular\\\/\"},\"wordCount\":320,\"image\":{\"@id\":\"https:\\\/\\\/cristinacortinas.org\\\/sustentabilidad\\\/retos-legislativos-en-materia-de-reciclaje-y-economia-circular\\\/#primaryimage\"},\"thumbnailUrl\":\"https:\\\/\\\/cristinacortinas.org\\\/sustentabilidad\\\/wp-content\\\/uploads\\\/2019\\\/11\\\/Retos-legislativos-en-materia-de-reciclaje-y-economi\u0301a-circular.jpg\",\"articleSection\":[\"Noticias\"],\"inLanguage\":\"es\"},{\"@type\":\"WebPage\",\"@id\":\"https:\\\/\\\/cristinacortinas.org\\\/sustentabilidad\\\/retos-legislativos-en-materia-de-reciclaje-y-economia-circular\\\/\",\"url\":\"https:\\\/\\\/cristinacortinas.org\\\/sustentabilidad\\\/retos-legislativos-en-materia-de-reciclaje-y-economia-circular\\\/\",\"name\":\"Retos legislativos en materia de reciclaje y econom\u00eda circular - Dra. Ma. Cristina Cortinas Dur\u00e1n\",\"isPartOf\":{\"@id\":\"https:\\\/\\\/cristinacortinas.org\\\/sustentabilidad\\\/#website\"},\"primaryImageOfPage\":{\"@id\":\"https:\\\/\\\/cristinacortinas.org\\\/sustentabilidad\\\/retos-legislativos-en-materia-de-reciclaje-y-economia-circular\\\/#primaryimage\"},\"image\":{\"@id\":\"https:\\\/\\\/cristinacortinas.org\\\/sustentabilidad\\\/retos-legislativos-en-materia-de-reciclaje-y-economia-circular\\\/#primaryimage\"},\"thumbnailUrl\":\"https:\\\/\\\/cristinacortinas.org\\\/sustentabilidad\\\/wp-content\\\/uploads\\\/2019\\\/11\\\/Retos-legislativos-en-materia-de-reciclaje-y-economi\u0301a-circular.jpg\",\"datePublished\":\"2019-11-06T16:26:10+00:00\",\"author\":{\"@id\":\"https:\\\/\\\/cristinacortinas.org\\\/sustentabilidad\\\/#\\\/schema\\\/person\\\/230b4a4171b31e97671db5b680f06b08\"},\"breadcrumb\":{\"@id\":\"https:\\\/\\\/cristinacortinas.org\\\/sustentabilidad\\\/retos-legislativos-en-materia-de-reciclaje-y-economia-circular\\\/#breadcrumb\"},\"inLanguage\":\"es\",\"potentialAction\":[{\"@type\":\"ReadAction\",\"target\":[\"https:\\\/\\\/cristinacortinas.org\\\/sustentabilidad\\\/retos-legislativos-en-materia-de-reciclaje-y-economia-circular\\\/\"]}]},{\"@type\":\"ImageObject\",\"inLanguage\":\"es\",\"@id\":\"https:\\\/\\\/cristinacortinas.org\\\/sustentabilidad\\\/retos-legislativos-en-materia-de-reciclaje-y-economia-circular\\\/#primaryimage\",\"url\":\"https:\\\/\\\/cristinacortinas.org\\\/sustentabilidad\\\/wp-content\\\/uploads\\\/2019\\\/11\\\/Retos-legislativos-en-materia-de-reciclaje-y-economi\u0301a-circular.jpg\",\"contentUrl\":\"https:\\\/\\\/cristinacortinas.org\\\/sustentabilidad\\\/wp-content\\\/uploads\\\/2019\\\/11\\\/Retos-legislativos-en-materia-de-reciclaje-y-economi\u0301a-circular.jpg\",\"width\":1366,\"height\":768},{\"@type\":\"BreadcrumbList\",\"@id\":\"https:\\\/\\\/cristinacortinas.org\\\/sustentabilidad\\\/retos-legislativos-en-materia-de-reciclaje-y-economia-circular\\\/#breadcrumb\",\"itemListElement\":[{\"@type\":\"ListItem\",\"position\":1,\"name\":\"Portada\",\"item\":\"https:\\\/\\\/cristinacortinas.org\\\/sustentabilidad\\\/\"},{\"@type\":\"ListItem\",\"position\":2,\"name\":\"Retos legislativos en materia de reciclaje y econom\u00eda circular\"}]},{\"@type\":\"WebSite\",\"@id\":\"https:\\\/\\\/cristinacortinas.org\\\/sustentabilidad\\\/#website\",\"url\":\"https:\\\/\\\/cristinacortinas.org\\\/sustentabilidad\\\/\",\"name\":\"Dra. Ma. Cristina Cortinas Dur\u00e1n\",\"description\":\"\",\"potentialAction\":[{\"@type\":\"SearchAction\",\"target\":{\"@type\":\"EntryPoint\",\"urlTemplate\":\"https:\\\/\\\/cristinacortinas.org\\\/sustentabilidad\\\/?s={search_term_string}\"},\"query-input\":{\"@type\":\"PropertyValueSpecification\",\"valueRequired\":true,\"valueName\":\"search_term_string\"}}],\"inLanguage\":\"es\"},{\"@type\":\"Person\",\"@id\":\"https:\\\/\\\/cristinacortinas.org\\\/sustentabilidad\\\/#\\\/schema\\\/person\\\/230b4a4171b31e97671db5b680f06b08\",\"name\":\"CCristina\"}]}<\/script>\n<!-- \/ Yoast SEO plugin. -->","yoast_head_json":{"title":"Retos legislativos en materia de reciclaje y econom\u00eda circular - Dra. Ma. Cristina Cortinas Dur\u00e1n","robots":{"index":"index","follow":"follow","max-snippet":"max-snippet:-1","max-image-preview":"max-image-preview:large","max-video-preview":"max-video-preview:-1"},"canonical":"https:\/\/cristinacortinas.org\/sustentabilidad\/retos-legislativos-en-materia-de-reciclaje-y-economia-circular\/","og_locale":"es_ES","og_type":"article","og_title":"Retos legislativos en materia de reciclaje y economi\u0301a circular","og_description":"En el 1er Foro Nacional Sobre Reciclaje Inclusivo: hacia una visi\u00f3n compartida del reciclaje inclusivo en M\u00e9xico, que tendr\u00e1 lugar en el Senado de la Rep\u00fablica el d\u00eda de hoy 6 de noviembre 2019, presentar\u00e9 en la MESA 3: El reciclaje en las entidades federativas, el enfoque seguido en la materia en el estado de Quer\u00e9taro.","og_url":"https:\/\/cristinacortinas.org\/sustentabilidad\/retos-legislativos-en-materia-de-reciclaje-y-economia-circular\/","og_site_name":"Dra. Ma. Cristina Cortinas Dur\u00e1n","article_publisher":"https:\/\/www.facebook.com\/cristinacortinasduran\/","article_published_time":"2019-11-06T16:26:10+00:00","og_image":[{"width":1366,"height":768,"url":"https:\/\/cristinacortinas.org\/sustentabilidad\/wp-content\/uploads\/2019\/11\/Retos-legislativos-en-materia-de-reciclaje-y-economi\u0301a-circular.jpg","type":"image\/jpeg"}],"author":"CCristina","twitter_card":"summary_large_image","twitter_creator":"@DraCrisCortinas","twitter_site":"@DraCrisCortinas","twitter_misc":{"Escrito por":"CCristina","Tiempo de lectura":"2 minutos"},"schema":{"@context":"https:\/\/schema.org","@graph":[{"@type":"Article","@id":"https:\/\/cristinacortinas.org\/sustentabilidad\/retos-legislativos-en-materia-de-reciclaje-y-economia-circular\/#article","isPartOf":{"@id":"https:\/\/cristinacortinas.org\/sustentabilidad\/retos-legislativos-en-materia-de-reciclaje-y-economia-circular\/"},"author":{"name":"CCristina","@id":"https:\/\/cristinacortinas.org\/sustentabilidad\/#\/schema\/person\/230b4a4171b31e97671db5b680f06b08"},"headline":"Retos legislativos en materia de reciclaje y econom\u00eda circular","datePublished":"2019-11-06T16:26:10+00:00","mainEntityOfPage":{"@id":"https:\/\/cristinacortinas.org\/sustentabilidad\/retos-legislativos-en-materia-de-reciclaje-y-economia-circular\/"},"wordCount":320,"image":{"@id":"https:\/\/cristinacortinas.org\/sustentabilidad\/retos-legislativos-en-materia-de-reciclaje-y-economia-circular\/#primaryimage"},"thumbnailUrl":"https:\/\/cristinacortinas.org\/sustentabilidad\/wp-content\/uploads\/2019\/11\/Retos-legislativos-en-materia-de-reciclaje-y-economi\u0301a-circular.jpg","articleSection":["Noticias"],"inLanguage":"es"},{"@type":"WebPage","@id":"https:\/\/cristinacortinas.org\/sustentabilidad\/retos-legislativos-en-materia-de-reciclaje-y-economia-circular\/","url":"https:\/\/cristinacortinas.org\/sustentabilidad\/retos-legislativos-en-materia-de-reciclaje-y-economia-circular\/","name":"Retos legislativos en materia de reciclaje y econom\u00eda circular - Dra. Ma. Cristina Cortinas Dur\u00e1n","isPartOf":{"@id":"https:\/\/cristinacortinas.org\/sustentabilidad\/#website"},"primaryImageOfPage":{"@id":"https:\/\/cristinacortinas.org\/sustentabilidad\/retos-legislativos-en-materia-de-reciclaje-y-economia-circular\/#primaryimage"},"image":{"@id":"https:\/\/cristinacortinas.org\/sustentabilidad\/retos-legislativos-en-materia-de-reciclaje-y-economia-circular\/#primaryimage"},"thumbnailUrl":"https:\/\/cristinacortinas.org\/sustentabilidad\/wp-content\/uploads\/2019\/11\/Retos-legislativos-en-materia-de-reciclaje-y-economi\u0301a-circular.jpg","datePublished":"2019-11-06T16:26:10+00:00","author":{"@id":"https:\/\/cristinacortinas.org\/sustentabilidad\/#\/schema\/person\/230b4a4171b31e97671db5b680f06b08"},"breadcrumb":{"@id":"https:\/\/cristinacortinas.org\/sustentabilidad\/retos-legislativos-en-materia-de-reciclaje-y-economia-circular\/#breadcrumb"},"inLanguage":"es","potentialAction":[{"@type":"ReadAction","target":["https:\/\/cristinacortinas.org\/sustentabilidad\/retos-legislativos-en-materia-de-reciclaje-y-economia-circular\/"]}]},{"@type":"ImageObject","inLanguage":"es","@id":"https:\/\/cristinacortinas.org\/sustentabilidad\/retos-legislativos-en-materia-de-reciclaje-y-economia-circular\/#primaryimage","url":"https:\/\/cristinacortinas.org\/sustentabilidad\/wp-content\/uploads\/2019\/11\/Retos-legislativos-en-materia-de-reciclaje-y-economi\u0301a-circular.jpg","contentUrl":"https:\/\/cristinacortinas.org\/sustentabilidad\/wp-content\/uploads\/2019\/11\/Retos-legislativos-en-materia-de-reciclaje-y-economi\u0301a-circular.jpg","width":1366,"height":768},{"@type":"BreadcrumbList","@id":"https:\/\/cristinacortinas.org\/sustentabilidad\/retos-legislativos-en-materia-de-reciclaje-y-economia-circular\/#breadcrumb","itemListElement":[{"@type":"ListItem","position":1,"name":"Portada","item":"https:\/\/cristinacortinas.org\/sustentabilidad\/"},{"@type":"ListItem","position":2,"name":"Retos legislativos en materia de reciclaje y econom\u00eda circular"}]},{"@type":"WebSite","@id":"https:\/\/cristinacortinas.org\/sustentabilidad\/#website","url":"https:\/\/cristinacortinas.org\/sustentabilidad\/","name":"Dra. Ma. Cristina Cortinas Dur\u00e1n","description":"","potentialAction":[{"@type":"SearchAction","target":{"@type":"EntryPoint","urlTemplate":"https:\/\/cristinacortinas.org\/sustentabilidad\/?s={search_term_string}"},"query-input":{"@type":"PropertyValueSpecification","valueRequired":true,"valueName":"search_term_string"}}],"inLanguage":"es"},{"@type":"Person","@id":"https:\/\/cristinacortinas.org\/sustentabilidad\/#\/schema\/person\/230b4a4171b31e97671db5b680f06b08","name":"CCristina"}]}},"_links":{"self":[{"href":"https:\/\/cristinacortinas.org\/sustentabilidad\/wp-json\/wp\/v2\/posts\/7157","targetHints":{"allow":["GET"]}}],"collection":[{"href":"https:\/\/cristinacortinas.org\/sustentabilidad\/wp-json\/wp\/v2\/posts"}],"about":[{"href":"https:\/\/cristinacortinas.org\/sustentabilidad\/wp-json\/wp\/v2\/types\/post"}],"author":[{"embeddable":true,"href":"https:\/\/cristinacortinas.org\/sustentabilidad\/wp-json\/wp\/v2\/users\/1"}],"replies":[{"embeddable":true,"href":"https:\/\/cristinacortinas.org\/sustentabilidad\/wp-json\/wp\/v2\/comments?post=7157"}],"version-history":[{"count":1,"href":"https:\/\/cristinacortinas.org\/sustentabilidad\/wp-json\/wp\/v2\/posts\/7157\/revisions"}],"predecessor-version":[{"id":7161,"href":"https:\/\/cristinacortinas.org\/sustentabilidad\/wp-json\/wp\/v2\/posts\/7157\/revisions\/7161"}],"wp:featuredmedia":[{"embeddable":true,"href":"https:\/\/cristinacortinas.org\/sustentabilidad\/wp-json\/wp\/v2\/media\/7160"}],"wp:attachment":[{"href":"https:\/\/cristinacortinas.org\/sustentabilidad\/wp-json\/wp\/v2\/media?parent=7157"}],"wp:term":[{"taxonomy":"category","embeddable":true,"href":"https:\/\/cristinacortinas.org\/sustentabilidad\/wp-json\/wp\/v2\/categories?post=7157"},{"taxonomy":"post_tag","embeddable":true,"href":"https:\/\/cristinacortinas.org\/sustentabilidad\/wp-json\/wp\/v2\/tags?post=7157"}],"curies":[{"name":"wp","href":"https:\/\/api.w.org\/{rel}","templated":true}]}}