{"id":7106,"date":"2019-10-03T22:39:42","date_gmt":"2019-10-04T03:39:42","guid":{"rendered":"https:\/\/cristinacortinas.org\/sustentabilidad\/?p=7106"},"modified":"2019-10-03T22:39:42","modified_gmt":"2019-10-04T03:39:42","slug":"cabildo-de-landa-de-matamoros-adopta-economia-circular-comunitaria","status":"publish","type":"post","link":"https:\/\/cristinacortinas.org\/sustentabilidad\/cabildo-de-landa-de-matamoros-adopta-economia-circular-comunitaria\/","title":{"rendered":"Cabildo de Landa de Matamoros Adopta Econom\u00eda Circular Comunitaria"},"content":{"rendered":"<p>El 2 de octubre 2019 en reuni\u00f3n del Cabildo del Municipio de Landa de Matamoros en la Sierra Gorda de Quer\u00e9taro, se acordaron bases para impulsar la econom\u00eda circular comunitaria en el municipio, que contribuyan al consumo sustentable de agua, energ\u00eda y materiales, a la prevenci\u00f3n de la generaci\u00f3n de residuos, a su aprovechamiento y valorizaci\u00f3n. Ello con el fin, entre otros, de propiciar la conservaci\u00f3n de los recursos naturales de la Reserva de la Biosfera Sierra Gorda, cuyos servicios ambientales contribuyen al bienestar social y econ\u00f3mico de las comunidades locales y regionales.<\/p>\n<p>Para el logro de lo anterior, se solicit\u00f3 la colaboraci\u00f3n de la Dra. Cristina Cortinas, quien contribuy\u00f3 a la formulaci\u00f3n del Reglamento en materia de Prevenci\u00f3n y Gesti\u00f3n Integral de Residuos del municipio, promulgado en 2012, a fin de que apoye su reforma para incorporar disposiciones reglamentarias que faciliten la adopci\u00f3n de sistemas de econom\u00eda circular consistentes con el cierre del ciclo de vida de los materiales que constituyen los residuos, particularmente trat\u00e1ndose de pl\u00e1sticos. A este \u00faltimo respecto se inform\u00f3 sobre la reciente publicaci\u00f3n de un Decreto mediante el cual se dejan de utilizar en las actividades de las dependencias municipales productos pl\u00e1sticos de un solo uso.<\/p>\n<p>Adicionalmente, se acord\u00f3 incentivar el turismo sustentable de naturaleza con un enfoque circular, el cual se vincule con otras actividades productivas que tienen lugar en el municipio, con las cuales se puedan establecer relaciones de simbiosis que contribuyan a dinamizarlas, as\u00ed como a mejorar su desempe\u00f1o ambiental y econ\u00f3mico.<\/p>\n<p>Finalmente, y al igual que ha ocurrido en la comunidad del Trapiche en el municipio vecino de Arroyo Seco, se acord\u00f3 promover el desarrollo de un proyecto piloto de econom\u00eda circular en alguna de las comunidades del municipio de Landa de Matamoros que se haya distinguido por sus actividades en pro del reciclaje. Todo ello, en el marco del proyecto de vinculaci\u00f3n intermunicipal apoyado por la Secretar\u00eda de Desarrollo Sustentable (SEDESU) del Ejecutivo Estatal, con el fin de fortalecer las capacidades de los municipios de la Sierra Gorda en materia de prevenci\u00f3n y gesti\u00f3n integral de los residuos.<\/p>\n","protected":false},"excerpt":{"rendered":"<p>El 2 de octubre 2019 en reuni\u00f3n del Cabildo del Municipio de Landa de Matamoros en la Sierra Gorda de Quer\u00e9taro, se acordaron bases para impulsar la econom\u00eda circular comunitaria en el municipio, que contribuyan al consumo sustentable de agua, energ\u00eda y materiales, a la prevenci\u00f3n de la generaci\u00f3n de residuos, a su aprovechamiento y valorizaci\u00f3n. Ello con el fin,&nbsp;<a href=\"https:\/\/cristinacortinas.org\/sustentabilidad\/cabildo-de-landa-de-matamoros-adopta-economia-circular-comunitaria\/\" class=\"read-more\">Seguir leyendo<\/a><\/p>\n","protected":false},"author":1,"featured_media":7107,"comment_status":"closed","ping_status":"closed","sticky":false,"template":"","format":"standard","meta":{"footnotes":""},"categories":[40],"tags":[],"class_list":["post-7106","post","type-post","status-publish","format-standard","has-post-thumbnail","hentry","category-noticias","cat-40-id"],"yoast_head":"<!-- This site is optimized with the Yoast SEO plugin v27.4 - https:\/\/yoast.com\/product\/yoast-seo-wordpress\/ -->\n<title>Cabildo de Landa de Matamoros Adopta Econom\u00eda Circular Comunitaria - Dra. Ma. Cristina Cortinas Dur\u00e1n<\/title>\n<meta name=\"robots\" content=\"index, follow, max-snippet:-1, max-image-preview:large, max-video-preview:-1\" \/>\n<link rel=\"canonical\" href=\"https:\/\/cristinacortinas.org\/sustentabilidad\/cabildo-de-landa-de-matamoros-adopta-economia-circular-comunitaria\/\" \/>\n<meta property=\"og:locale\" content=\"es_ES\" \/>\n<meta property=\"og:type\" content=\"article\" \/>\n<meta property=\"og:title\" content=\"Cabildo de Landa de Matamoros Adopta Econom\u00eda Circular Comunitaria - Dra. Ma. Cristina Cortinas Dur\u00e1n\" \/>\n<meta property=\"og:description\" content=\"El 2 de octubre 2019 en reuni\u00f3n del Cabildo del Municipio de Landa de Matamoros en la Sierra Gorda de Quer\u00e9taro, se acordaron bases para impulsar la econom\u00eda circular comunitaria en el municipio, que contribuyan al consumo sustentable de agua, energ\u00eda y materiales, a la prevenci\u00f3n de la generaci\u00f3n de residuos, a su aprovechamiento y valorizaci\u00f3n. Ello con el fin,&nbsp;Seguir leyendo\" \/>\n<meta property=\"og:url\" content=\"https:\/\/cristinacortinas.org\/sustentabilidad\/cabildo-de-landa-de-matamoros-adopta-economia-circular-comunitaria\/\" \/>\n<meta property=\"og:site_name\" content=\"Dra. Ma. Cristina Cortinas Dur\u00e1n\" \/>\n<meta property=\"article:publisher\" content=\"https:\/\/www.facebook.com\/cristinacortinasduran\/\" \/>\n<meta property=\"article:published_time\" content=\"2019-10-04T03:39:42+00:00\" \/>\n<meta property=\"og:image\" content=\"https:\/\/cristinacortinas.org\/sustentabilidad\/wp-content\/uploads\/2019\/10\/Cabildo-de-Landa-de-Matamoros-Adopta-Econom\u00eda-Circular-Comunitaria.png\" \/>\n\t<meta property=\"og:image:width\" content=\"901\" \/>\n\t<meta property=\"og:image:height\" content=\"412\" \/>\n\t<meta property=\"og:image:type\" content=\"image\/png\" \/>\n<meta name=\"author\" content=\"CCristina\" \/>\n<meta name=\"twitter:card\" content=\"summary_large_image\" \/>\n<meta name=\"twitter:creator\" content=\"@DraCrisCortinas\" \/>\n<meta name=\"twitter:site\" content=\"@DraCrisCortinas\" \/>\n<meta name=\"twitter:label1\" content=\"Escrito por\" \/>\n\t<meta name=\"twitter:data1\" content=\"CCristina\" \/>\n\t<meta name=\"twitter:label2\" content=\"Tiempo de lectura\" \/>\n\t<meta name=\"twitter:data2\" content=\"2 minutos\" \/>\n<script type=\"application\/ld+json\" class=\"yoast-schema-graph\">{\"@context\":\"https:\\\/\\\/schema.org\",\"@graph\":[{\"@type\":\"Article\",\"@id\":\"https:\\\/\\\/cristinacortinas.org\\\/sustentabilidad\\\/cabildo-de-landa-de-matamoros-adopta-economia-circular-comunitaria\\\/#article\",\"isPartOf\":{\"@id\":\"https:\\\/\\\/cristinacortinas.org\\\/sustentabilidad\\\/cabildo-de-landa-de-matamoros-adopta-economia-circular-comunitaria\\\/\"},\"author\":{\"name\":\"CCristina\",\"@id\":\"https:\\\/\\\/cristinacortinas.org\\\/sustentabilidad\\\/#\\\/schema\\\/person\\\/230b4a4171b31e97671db5b680f06b08\"},\"headline\":\"Cabildo de Landa de Matamoros Adopta Econom\u00eda Circular Comunitaria\",\"datePublished\":\"2019-10-04T03:39:42+00:00\",\"mainEntityOfPage\":{\"@id\":\"https:\\\/\\\/cristinacortinas.org\\\/sustentabilidad\\\/cabildo-de-landa-de-matamoros-adopta-economia-circular-comunitaria\\\/\"},\"wordCount\":381,\"image\":{\"@id\":\"https:\\\/\\\/cristinacortinas.org\\\/sustentabilidad\\\/cabildo-de-landa-de-matamoros-adopta-economia-circular-comunitaria\\\/#primaryimage\"},\"thumbnailUrl\":\"https:\\\/\\\/cristinacortinas.org\\\/sustentabilidad\\\/wp-content\\\/uploads\\\/2019\\\/10\\\/Cabildo-de-Landa-de-Matamoros-Adopta-Econom\u00eda-Circular-Comunitaria.png\",\"articleSection\":[\"Noticias\"],\"inLanguage\":\"es\"},{\"@type\":\"WebPage\",\"@id\":\"https:\\\/\\\/cristinacortinas.org\\\/sustentabilidad\\\/cabildo-de-landa-de-matamoros-adopta-economia-circular-comunitaria\\\/\",\"url\":\"https:\\\/\\\/cristinacortinas.org\\\/sustentabilidad\\\/cabildo-de-landa-de-matamoros-adopta-economia-circular-comunitaria\\\/\",\"name\":\"Cabildo de Landa de Matamoros Adopta Econom\u00eda Circular Comunitaria - Dra. Ma. Cristina Cortinas Dur\u00e1n\",\"isPartOf\":{\"@id\":\"https:\\\/\\\/cristinacortinas.org\\\/sustentabilidad\\\/#website\"},\"primaryImageOfPage\":{\"@id\":\"https:\\\/\\\/cristinacortinas.org\\\/sustentabilidad\\\/cabildo-de-landa-de-matamoros-adopta-economia-circular-comunitaria\\\/#primaryimage\"},\"image\":{\"@id\":\"https:\\\/\\\/cristinacortinas.org\\\/sustentabilidad\\\/cabildo-de-landa-de-matamoros-adopta-economia-circular-comunitaria\\\/#primaryimage\"},\"thumbnailUrl\":\"https:\\\/\\\/cristinacortinas.org\\\/sustentabilidad\\\/wp-content\\\/uploads\\\/2019\\\/10\\\/Cabildo-de-Landa-de-Matamoros-Adopta-Econom\u00eda-Circular-Comunitaria.png\",\"datePublished\":\"2019-10-04T03:39:42+00:00\",\"author\":{\"@id\":\"https:\\\/\\\/cristinacortinas.org\\\/sustentabilidad\\\/#\\\/schema\\\/person\\\/230b4a4171b31e97671db5b680f06b08\"},\"breadcrumb\":{\"@id\":\"https:\\\/\\\/cristinacortinas.org\\\/sustentabilidad\\\/cabildo-de-landa-de-matamoros-adopta-economia-circular-comunitaria\\\/#breadcrumb\"},\"inLanguage\":\"es\",\"potentialAction\":[{\"@type\":\"ReadAction\",\"target\":[\"https:\\\/\\\/cristinacortinas.org\\\/sustentabilidad\\\/cabildo-de-landa-de-matamoros-adopta-economia-circular-comunitaria\\\/\"]}]},{\"@type\":\"ImageObject\",\"inLanguage\":\"es\",\"@id\":\"https:\\\/\\\/cristinacortinas.org\\\/sustentabilidad\\\/cabildo-de-landa-de-matamoros-adopta-economia-circular-comunitaria\\\/#primaryimage\",\"url\":\"https:\\\/\\\/cristinacortinas.org\\\/sustentabilidad\\\/wp-content\\\/uploads\\\/2019\\\/10\\\/Cabildo-de-Landa-de-Matamoros-Adopta-Econom\u00eda-Circular-Comunitaria.png\",\"contentUrl\":\"https:\\\/\\\/cristinacortinas.org\\\/sustentabilidad\\\/wp-content\\\/uploads\\\/2019\\\/10\\\/Cabildo-de-Landa-de-Matamoros-Adopta-Econom\u00eda-Circular-Comunitaria.png\",\"width\":901,\"height\":412},{\"@type\":\"BreadcrumbList\",\"@id\":\"https:\\\/\\\/cristinacortinas.org\\\/sustentabilidad\\\/cabildo-de-landa-de-matamoros-adopta-economia-circular-comunitaria\\\/#breadcrumb\",\"itemListElement\":[{\"@type\":\"ListItem\",\"position\":1,\"name\":\"Portada\",\"item\":\"https:\\\/\\\/cristinacortinas.org\\\/sustentabilidad\\\/\"},{\"@type\":\"ListItem\",\"position\":2,\"name\":\"Cabildo de Landa de Matamoros Adopta Econom\u00eda Circular Comunitaria\"}]},{\"@type\":\"WebSite\",\"@id\":\"https:\\\/\\\/cristinacortinas.org\\\/sustentabilidad\\\/#website\",\"url\":\"https:\\\/\\\/cristinacortinas.org\\\/sustentabilidad\\\/\",\"name\":\"Dra. Ma. Cristina Cortinas Dur\u00e1n\",\"description\":\"\",\"potentialAction\":[{\"@type\":\"SearchAction\",\"target\":{\"@type\":\"EntryPoint\",\"urlTemplate\":\"https:\\\/\\\/cristinacortinas.org\\\/sustentabilidad\\\/?s={search_term_string}\"},\"query-input\":{\"@type\":\"PropertyValueSpecification\",\"valueRequired\":true,\"valueName\":\"search_term_string\"}}],\"inLanguage\":\"es\"},{\"@type\":\"Person\",\"@id\":\"https:\\\/\\\/cristinacortinas.org\\\/sustentabilidad\\\/#\\\/schema\\\/person\\\/230b4a4171b31e97671db5b680f06b08\",\"name\":\"CCristina\"}]}<\/script>\n<!-- \/ Yoast SEO plugin. -->","yoast_head_json":{"title":"Cabildo de Landa de Matamoros Adopta Econom\u00eda Circular Comunitaria - Dra. Ma. Cristina Cortinas Dur\u00e1n","robots":{"index":"index","follow":"follow","max-snippet":"max-snippet:-1","max-image-preview":"max-image-preview:large","max-video-preview":"max-video-preview:-1"},"canonical":"https:\/\/cristinacortinas.org\/sustentabilidad\/cabildo-de-landa-de-matamoros-adopta-economia-circular-comunitaria\/","og_locale":"es_ES","og_type":"article","og_title":"Cabildo de Landa de Matamoros Adopta Econom\u00eda Circular Comunitaria - Dra. Ma. Cristina Cortinas Dur\u00e1n","og_description":"El 2 de octubre 2019 en reuni\u00f3n del Cabildo del Municipio de Landa de Matamoros en la Sierra Gorda de Quer\u00e9taro, se acordaron bases para impulsar la econom\u00eda circular comunitaria en el municipio, que contribuyan al consumo sustentable de agua, energ\u00eda y materiales, a la prevenci\u00f3n de la generaci\u00f3n de residuos, a su aprovechamiento y valorizaci\u00f3n. Ello con el fin,&nbsp;Seguir leyendo","og_url":"https:\/\/cristinacortinas.org\/sustentabilidad\/cabildo-de-landa-de-matamoros-adopta-economia-circular-comunitaria\/","og_site_name":"Dra. Ma. Cristina Cortinas Dur\u00e1n","article_publisher":"https:\/\/www.facebook.com\/cristinacortinasduran\/","article_published_time":"2019-10-04T03:39:42+00:00","og_image":[{"width":901,"height":412,"url":"https:\/\/cristinacortinas.org\/sustentabilidad\/wp-content\/uploads\/2019\/10\/Cabildo-de-Landa-de-Matamoros-Adopta-Econom\u00eda-Circular-Comunitaria.png","type":"image\/png"}],"author":"CCristina","twitter_card":"summary_large_image","twitter_creator":"@DraCrisCortinas","twitter_site":"@DraCrisCortinas","twitter_misc":{"Escrito por":"CCristina","Tiempo de lectura":"2 minutos"},"schema":{"@context":"https:\/\/schema.org","@graph":[{"@type":"Article","@id":"https:\/\/cristinacortinas.org\/sustentabilidad\/cabildo-de-landa-de-matamoros-adopta-economia-circular-comunitaria\/#article","isPartOf":{"@id":"https:\/\/cristinacortinas.org\/sustentabilidad\/cabildo-de-landa-de-matamoros-adopta-economia-circular-comunitaria\/"},"author":{"name":"CCristina","@id":"https:\/\/cristinacortinas.org\/sustentabilidad\/#\/schema\/person\/230b4a4171b31e97671db5b680f06b08"},"headline":"Cabildo de Landa de Matamoros Adopta Econom\u00eda Circular Comunitaria","datePublished":"2019-10-04T03:39:42+00:00","mainEntityOfPage":{"@id":"https:\/\/cristinacortinas.org\/sustentabilidad\/cabildo-de-landa-de-matamoros-adopta-economia-circular-comunitaria\/"},"wordCount":381,"image":{"@id":"https:\/\/cristinacortinas.org\/sustentabilidad\/cabildo-de-landa-de-matamoros-adopta-economia-circular-comunitaria\/#primaryimage"},"thumbnailUrl":"https:\/\/cristinacortinas.org\/sustentabilidad\/wp-content\/uploads\/2019\/10\/Cabildo-de-Landa-de-Matamoros-Adopta-Econom\u00eda-Circular-Comunitaria.png","articleSection":["Noticias"],"inLanguage":"es"},{"@type":"WebPage","@id":"https:\/\/cristinacortinas.org\/sustentabilidad\/cabildo-de-landa-de-matamoros-adopta-economia-circular-comunitaria\/","url":"https:\/\/cristinacortinas.org\/sustentabilidad\/cabildo-de-landa-de-matamoros-adopta-economia-circular-comunitaria\/","name":"Cabildo de Landa de Matamoros Adopta Econom\u00eda Circular Comunitaria - Dra. Ma. Cristina Cortinas Dur\u00e1n","isPartOf":{"@id":"https:\/\/cristinacortinas.org\/sustentabilidad\/#website"},"primaryImageOfPage":{"@id":"https:\/\/cristinacortinas.org\/sustentabilidad\/cabildo-de-landa-de-matamoros-adopta-economia-circular-comunitaria\/#primaryimage"},"image":{"@id":"https:\/\/cristinacortinas.org\/sustentabilidad\/cabildo-de-landa-de-matamoros-adopta-economia-circular-comunitaria\/#primaryimage"},"thumbnailUrl":"https:\/\/cristinacortinas.org\/sustentabilidad\/wp-content\/uploads\/2019\/10\/Cabildo-de-Landa-de-Matamoros-Adopta-Econom\u00eda-Circular-Comunitaria.png","datePublished":"2019-10-04T03:39:42+00:00","author":{"@id":"https:\/\/cristinacortinas.org\/sustentabilidad\/#\/schema\/person\/230b4a4171b31e97671db5b680f06b08"},"breadcrumb":{"@id":"https:\/\/cristinacortinas.org\/sustentabilidad\/cabildo-de-landa-de-matamoros-adopta-economia-circular-comunitaria\/#breadcrumb"},"inLanguage":"es","potentialAction":[{"@type":"ReadAction","target":["https:\/\/cristinacortinas.org\/sustentabilidad\/cabildo-de-landa-de-matamoros-adopta-economia-circular-comunitaria\/"]}]},{"@type":"ImageObject","inLanguage":"es","@id":"https:\/\/cristinacortinas.org\/sustentabilidad\/cabildo-de-landa-de-matamoros-adopta-economia-circular-comunitaria\/#primaryimage","url":"https:\/\/cristinacortinas.org\/sustentabilidad\/wp-content\/uploads\/2019\/10\/Cabildo-de-Landa-de-Matamoros-Adopta-Econom\u00eda-Circular-Comunitaria.png","contentUrl":"https:\/\/cristinacortinas.org\/sustentabilidad\/wp-content\/uploads\/2019\/10\/Cabildo-de-Landa-de-Matamoros-Adopta-Econom\u00eda-Circular-Comunitaria.png","width":901,"height":412},{"@type":"BreadcrumbList","@id":"https:\/\/cristinacortinas.org\/sustentabilidad\/cabildo-de-landa-de-matamoros-adopta-economia-circular-comunitaria\/#breadcrumb","itemListElement":[{"@type":"ListItem","position":1,"name":"Portada","item":"https:\/\/cristinacortinas.org\/sustentabilidad\/"},{"@type":"ListItem","position":2,"name":"Cabildo de Landa de Matamoros Adopta Econom\u00eda Circular Comunitaria"}]},{"@type":"WebSite","@id":"https:\/\/cristinacortinas.org\/sustentabilidad\/#website","url":"https:\/\/cristinacortinas.org\/sustentabilidad\/","name":"Dra. Ma. Cristina Cortinas Dur\u00e1n","description":"","potentialAction":[{"@type":"SearchAction","target":{"@type":"EntryPoint","urlTemplate":"https:\/\/cristinacortinas.org\/sustentabilidad\/?s={search_term_string}"},"query-input":{"@type":"PropertyValueSpecification","valueRequired":true,"valueName":"search_term_string"}}],"inLanguage":"es"},{"@type":"Person","@id":"https:\/\/cristinacortinas.org\/sustentabilidad\/#\/schema\/person\/230b4a4171b31e97671db5b680f06b08","name":"CCristina"}]}},"_links":{"self":[{"href":"https:\/\/cristinacortinas.org\/sustentabilidad\/wp-json\/wp\/v2\/posts\/7106","targetHints":{"allow":["GET"]}}],"collection":[{"href":"https:\/\/cristinacortinas.org\/sustentabilidad\/wp-json\/wp\/v2\/posts"}],"about":[{"href":"https:\/\/cristinacortinas.org\/sustentabilidad\/wp-json\/wp\/v2\/types\/post"}],"author":[{"embeddable":true,"href":"https:\/\/cristinacortinas.org\/sustentabilidad\/wp-json\/wp\/v2\/users\/1"}],"replies":[{"embeddable":true,"href":"https:\/\/cristinacortinas.org\/sustentabilidad\/wp-json\/wp\/v2\/comments?post=7106"}],"version-history":[{"count":1,"href":"https:\/\/cristinacortinas.org\/sustentabilidad\/wp-json\/wp\/v2\/posts\/7106\/revisions"}],"predecessor-version":[{"id":7108,"href":"https:\/\/cristinacortinas.org\/sustentabilidad\/wp-json\/wp\/v2\/posts\/7106\/revisions\/7108"}],"wp:featuredmedia":[{"embeddable":true,"href":"https:\/\/cristinacortinas.org\/sustentabilidad\/wp-json\/wp\/v2\/media\/7107"}],"wp:attachment":[{"href":"https:\/\/cristinacortinas.org\/sustentabilidad\/wp-json\/wp\/v2\/media?parent=7106"}],"wp:term":[{"taxonomy":"category","embeddable":true,"href":"https:\/\/cristinacortinas.org\/sustentabilidad\/wp-json\/wp\/v2\/categories?post=7106"},{"taxonomy":"post_tag","embeddable":true,"href":"https:\/\/cristinacortinas.org\/sustentabilidad\/wp-json\/wp\/v2\/tags?post=7106"}],"curies":[{"name":"wp","href":"https:\/\/api.w.org\/{rel}","templated":true}]}}