{"id":7046,"date":"2019-09-07T15:36:15","date_gmt":"2019-09-07T20:36:15","guid":{"rendered":"https:\/\/cristinacortinas.org\/sustentabilidad\/?p=7046"},"modified":"2019-09-07T15:36:15","modified_gmt":"2019-09-07T20:36:15","slug":"noticias-sobre-el-primer-encuentro-nacional-de-servicios-publicos-municipales","status":"publish","type":"post","link":"https:\/\/cristinacortinas.org\/sustentabilidad\/noticias-sobre-el-primer-encuentro-nacional-de-servicios-publicos-municipales\/","title":{"rendered":"Noticias sobre el Primer Encuentro Nacional de Servicios P\u00fablicos Municipales"},"content":{"rendered":"<p>La realizaci\u00f3n del Primer Encuentro Nacional de Servicios P\u00fablicos Municipales del 4 al 6 de septiembre 2019 en la Ciudad de Quer\u00e9taro y la inclusi\u00f3n en su programa del tema de la econom\u00eda circular aplicable a dichos servicios ha sido todo un acierto, como se informa en las noticias acerca del mismo que se anexan.<\/p>\n<p>Es alentador el entusiasmo con el que autoridades municipales y representantes de los diversos servicios p\u00fablicos municipales que tomaron parte en el Encuentro, compartieron sus experiencias e hicieron planes para seguir conectados en red para que no se detenga el proceso detonado por su realizaci\u00f3n y prepararse para el siguiente que se espera se realice en el a\u00f1o 2020 en el Municipio de Bah\u00eda de Banderas, Nayarit.<\/p>\n<div class='w3eden'><!-- WPDM Link Template: Default Template -->\n\n<div class=\"link-template-default card mb-2\">\n    <div class=\"card-body\">\n        <div class=\"media\">\n            <div class=\"mr-3 img-48\"><img decoding=\"async\" class=\"wpdm_icon\" alt=\"Icono\"   src=\"https:\/\/cristinacortinas.org\/sustentabilidad\/wp-content\/plugins\/download-manager\/assets\/file-type-icons\/docx.png\" \/><\/div>\n            <div class=\"media-body\">\n                <h3 class=\"package-title\"><a href='https:\/\/cristinacortinas.org\/sustentabilidad\/download\/noticias-sobre-el-primer-encuentro-nacional-de-servicios-publicos-municipales\/'>Noticias sobre el Primer Encuentro Nacional de Servicios P\u00fablicos Municipales<\/a><\/h3>\n                <div class=\"text-muted text-small\"><i class=\"fas fa-copy\"><\/i> 1 archivo(s) <i class=\"fas fa-hdd ml-3\"><\/i> 170.37 KB<\/div>\n            <\/div>\n            <div class=\"ml-3\">\n                <a class='wpdm-download-link download-on-click btn btn-info ' rel='nofollow' href='#' data-downloadurl=\"https:\/\/cristinacortinas.org\/sustentabilidad\/download\/noticias-sobre-el-primer-encuentro-nacional-de-servicios-publicos-municipales\/?wpdmdl=7047&refresh=69ee5dab5c5bb1777229227\">Descargar<\/a>\n            <\/div>\n        <\/div>\n    <\/div>\n<\/div>\n\n<\/div>\n<p>Bienvenidas sus opiniones al respecto y apoyo para difundir las noticias anexas.<\/p>\n<p>Cristina Cortinas<\/p>\n","protected":false},"excerpt":{"rendered":"<p>La realizaci\u00f3n del Primer Encuentro Nacional de Servicios P\u00fablicos Municipales del 4 al 6 de septiembre 2019 en la Ciudad de Quer\u00e9taro y la inclusi\u00f3n en su programa del tema de la econom\u00eda circular aplicable a dichos servicios ha sido todo un acierto, como se informa en las noticias acerca del mismo que se anexan. Es alentador el entusiasmo con&nbsp;<a href=\"https:\/\/cristinacortinas.org\/sustentabilidad\/noticias-sobre-el-primer-encuentro-nacional-de-servicios-publicos-municipales\/\" class=\"read-more\">Seguir leyendo<\/a><\/p>\n","protected":false},"author":1,"featured_media":7049,"comment_status":"closed","ping_status":"closed","sticky":false,"template":"","format":"standard","meta":{"footnotes":""},"categories":[40],"tags":[],"class_list":["post-7046","post","type-post","status-publish","format-standard","has-post-thumbnail","hentry","category-noticias","cat-40-id"],"yoast_head":"<!-- This site is optimized with the Yoast SEO plugin v27.4 - https:\/\/yoast.com\/product\/yoast-seo-wordpress\/ -->\n<title>Noticias sobre el Primer Encuentro Nacional de Servicios P\u00fablicos Municipales - Dra. Ma. Cristina Cortinas Dur\u00e1n<\/title>\n<meta name=\"robots\" content=\"index, follow, max-snippet:-1, max-image-preview:large, max-video-preview:-1\" \/>\n<link rel=\"canonical\" href=\"https:\/\/cristinacortinas.org\/sustentabilidad\/noticias-sobre-el-primer-encuentro-nacional-de-servicios-publicos-municipales\/\" \/>\n<meta property=\"og:locale\" content=\"es_ES\" \/>\n<meta property=\"og:type\" content=\"article\" \/>\n<meta property=\"og:title\" content=\"Noticias sobre el Primer Encuentro Nacional de Servicios P\u00fablicos Municipales - Dra. Ma. Cristina Cortinas Dur\u00e1n\" \/>\n<meta property=\"og:description\" content=\"La realizaci\u00f3n del Primer Encuentro Nacional de Servicios P\u00fablicos Municipales del 4 al 6 de septiembre 2019 en la Ciudad de Quer\u00e9taro y la inclusi\u00f3n en su programa del tema de la econom\u00eda circular aplicable a dichos servicios ha sido todo un acierto, como se informa en las noticias acerca del mismo que se anexan. Es alentador el entusiasmo con&nbsp;Seguir leyendo\" \/>\n<meta property=\"og:url\" content=\"https:\/\/cristinacortinas.org\/sustentabilidad\/noticias-sobre-el-primer-encuentro-nacional-de-servicios-publicos-municipales\/\" \/>\n<meta property=\"og:site_name\" content=\"Dra. Ma. Cristina Cortinas Dur\u00e1n\" \/>\n<meta property=\"article:publisher\" content=\"https:\/\/www.facebook.com\/cristinacortinasduran\/\" \/>\n<meta property=\"article:published_time\" content=\"2019-09-07T20:36:15+00:00\" \/>\n<meta property=\"og:image\" content=\"https:\/\/cristinacortinas.org\/sustentabilidad\/wp-content\/uploads\/2019\/09\/Primer-Encuentro-Nacional-de-Servicios-P\u00fablicos-Municipales.jpg\" \/>\n\t<meta property=\"og:image:width\" content=\"730\" \/>\n\t<meta property=\"og:image:height\" content=\"548\" \/>\n\t<meta property=\"og:image:type\" content=\"image\/jpeg\" \/>\n<meta name=\"author\" content=\"CCristina\" \/>\n<meta name=\"twitter:card\" content=\"summary_large_image\" \/>\n<meta name=\"twitter:creator\" content=\"@DraCrisCortinas\" \/>\n<meta name=\"twitter:site\" content=\"@DraCrisCortinas\" \/>\n<meta name=\"twitter:label1\" content=\"Escrito por\" \/>\n\t<meta name=\"twitter:data1\" content=\"CCristina\" \/>\n\t<meta name=\"twitter:label2\" content=\"Tiempo de lectura\" \/>\n\t<meta name=\"twitter:data2\" content=\"1 minuto\" \/>\n<script type=\"application\/ld+json\" class=\"yoast-schema-graph\">{\"@context\":\"https:\\\/\\\/schema.org\",\"@graph\":[{\"@type\":\"Article\",\"@id\":\"https:\\\/\\\/cristinacortinas.org\\\/sustentabilidad\\\/noticias-sobre-el-primer-encuentro-nacional-de-servicios-publicos-municipales\\\/#article\",\"isPartOf\":{\"@id\":\"https:\\\/\\\/cristinacortinas.org\\\/sustentabilidad\\\/noticias-sobre-el-primer-encuentro-nacional-de-servicios-publicos-municipales\\\/\"},\"author\":{\"name\":\"CCristina\",\"@id\":\"https:\\\/\\\/cristinacortinas.org\\\/sustentabilidad\\\/#\\\/schema\\\/person\\\/230b4a4171b31e97671db5b680f06b08\"},\"headline\":\"Noticias sobre el Primer Encuentro Nacional de Servicios P\u00fablicos Municipales\",\"datePublished\":\"2019-09-07T20:36:15+00:00\",\"mainEntityOfPage\":{\"@id\":\"https:\\\/\\\/cristinacortinas.org\\\/sustentabilidad\\\/noticias-sobre-el-primer-encuentro-nacional-de-servicios-publicos-municipales\\\/\"},\"wordCount\":157,\"image\":{\"@id\":\"https:\\\/\\\/cristinacortinas.org\\\/sustentabilidad\\\/noticias-sobre-el-primer-encuentro-nacional-de-servicios-publicos-municipales\\\/#primaryimage\"},\"thumbnailUrl\":\"https:\\\/\\\/cristinacortinas.org\\\/sustentabilidad\\\/wp-content\\\/uploads\\\/2019\\\/09\\\/Primer-Encuentro-Nacional-de-Servicios-P\u00fablicos-Municipales.jpg\",\"articleSection\":[\"Noticias\"],\"inLanguage\":\"es\"},{\"@type\":\"WebPage\",\"@id\":\"https:\\\/\\\/cristinacortinas.org\\\/sustentabilidad\\\/noticias-sobre-el-primer-encuentro-nacional-de-servicios-publicos-municipales\\\/\",\"url\":\"https:\\\/\\\/cristinacortinas.org\\\/sustentabilidad\\\/noticias-sobre-el-primer-encuentro-nacional-de-servicios-publicos-municipales\\\/\",\"name\":\"Noticias sobre el Primer Encuentro Nacional de Servicios P\u00fablicos Municipales - Dra. Ma. Cristina Cortinas Dur\u00e1n\",\"isPartOf\":{\"@id\":\"https:\\\/\\\/cristinacortinas.org\\\/sustentabilidad\\\/#website\"},\"primaryImageOfPage\":{\"@id\":\"https:\\\/\\\/cristinacortinas.org\\\/sustentabilidad\\\/noticias-sobre-el-primer-encuentro-nacional-de-servicios-publicos-municipales\\\/#primaryimage\"},\"image\":{\"@id\":\"https:\\\/\\\/cristinacortinas.org\\\/sustentabilidad\\\/noticias-sobre-el-primer-encuentro-nacional-de-servicios-publicos-municipales\\\/#primaryimage\"},\"thumbnailUrl\":\"https:\\\/\\\/cristinacortinas.org\\\/sustentabilidad\\\/wp-content\\\/uploads\\\/2019\\\/09\\\/Primer-Encuentro-Nacional-de-Servicios-P\u00fablicos-Municipales.jpg\",\"datePublished\":\"2019-09-07T20:36:15+00:00\",\"author\":{\"@id\":\"https:\\\/\\\/cristinacortinas.org\\\/sustentabilidad\\\/#\\\/schema\\\/person\\\/230b4a4171b31e97671db5b680f06b08\"},\"breadcrumb\":{\"@id\":\"https:\\\/\\\/cristinacortinas.org\\\/sustentabilidad\\\/noticias-sobre-el-primer-encuentro-nacional-de-servicios-publicos-municipales\\\/#breadcrumb\"},\"inLanguage\":\"es\",\"potentialAction\":[{\"@type\":\"ReadAction\",\"target\":[\"https:\\\/\\\/cristinacortinas.org\\\/sustentabilidad\\\/noticias-sobre-el-primer-encuentro-nacional-de-servicios-publicos-municipales\\\/\"]}]},{\"@type\":\"ImageObject\",\"inLanguage\":\"es\",\"@id\":\"https:\\\/\\\/cristinacortinas.org\\\/sustentabilidad\\\/noticias-sobre-el-primer-encuentro-nacional-de-servicios-publicos-municipales\\\/#primaryimage\",\"url\":\"https:\\\/\\\/cristinacortinas.org\\\/sustentabilidad\\\/wp-content\\\/uploads\\\/2019\\\/09\\\/Primer-Encuentro-Nacional-de-Servicios-P\u00fablicos-Municipales.jpg\",\"contentUrl\":\"https:\\\/\\\/cristinacortinas.org\\\/sustentabilidad\\\/wp-content\\\/uploads\\\/2019\\\/09\\\/Primer-Encuentro-Nacional-de-Servicios-P\u00fablicos-Municipales.jpg\",\"width\":730,\"height\":548},{\"@type\":\"BreadcrumbList\",\"@id\":\"https:\\\/\\\/cristinacortinas.org\\\/sustentabilidad\\\/noticias-sobre-el-primer-encuentro-nacional-de-servicios-publicos-municipales\\\/#breadcrumb\",\"itemListElement\":[{\"@type\":\"ListItem\",\"position\":1,\"name\":\"Portada\",\"item\":\"https:\\\/\\\/cristinacortinas.org\\\/sustentabilidad\\\/\"},{\"@type\":\"ListItem\",\"position\":2,\"name\":\"Noticias sobre el Primer Encuentro Nacional de Servicios P\u00fablicos Municipales\"}]},{\"@type\":\"WebSite\",\"@id\":\"https:\\\/\\\/cristinacortinas.org\\\/sustentabilidad\\\/#website\",\"url\":\"https:\\\/\\\/cristinacortinas.org\\\/sustentabilidad\\\/\",\"name\":\"Dra. Ma. Cristina Cortinas Dur\u00e1n\",\"description\":\"\",\"potentialAction\":[{\"@type\":\"SearchAction\",\"target\":{\"@type\":\"EntryPoint\",\"urlTemplate\":\"https:\\\/\\\/cristinacortinas.org\\\/sustentabilidad\\\/?s={search_term_string}\"},\"query-input\":{\"@type\":\"PropertyValueSpecification\",\"valueRequired\":true,\"valueName\":\"search_term_string\"}}],\"inLanguage\":\"es\"},{\"@type\":\"Person\",\"@id\":\"https:\\\/\\\/cristinacortinas.org\\\/sustentabilidad\\\/#\\\/schema\\\/person\\\/230b4a4171b31e97671db5b680f06b08\",\"name\":\"CCristina\"}]}<\/script>\n<!-- \/ Yoast SEO plugin. -->","yoast_head_json":{"title":"Noticias sobre el Primer Encuentro Nacional de Servicios P\u00fablicos Municipales - Dra. Ma. Cristina Cortinas Dur\u00e1n","robots":{"index":"index","follow":"follow","max-snippet":"max-snippet:-1","max-image-preview":"max-image-preview:large","max-video-preview":"max-video-preview:-1"},"canonical":"https:\/\/cristinacortinas.org\/sustentabilidad\/noticias-sobre-el-primer-encuentro-nacional-de-servicios-publicos-municipales\/","og_locale":"es_ES","og_type":"article","og_title":"Noticias sobre el Primer Encuentro Nacional de Servicios P\u00fablicos Municipales - Dra. Ma. Cristina Cortinas Dur\u00e1n","og_description":"La realizaci\u00f3n del Primer Encuentro Nacional de Servicios P\u00fablicos Municipales del 4 al 6 de septiembre 2019 en la Ciudad de Quer\u00e9taro y la inclusi\u00f3n en su programa del tema de la econom\u00eda circular aplicable a dichos servicios ha sido todo un acierto, como se informa en las noticias acerca del mismo que se anexan. Es alentador el entusiasmo con&nbsp;Seguir leyendo","og_url":"https:\/\/cristinacortinas.org\/sustentabilidad\/noticias-sobre-el-primer-encuentro-nacional-de-servicios-publicos-municipales\/","og_site_name":"Dra. Ma. Cristina Cortinas Dur\u00e1n","article_publisher":"https:\/\/www.facebook.com\/cristinacortinasduran\/","article_published_time":"2019-09-07T20:36:15+00:00","og_image":[{"width":730,"height":548,"url":"https:\/\/cristinacortinas.org\/sustentabilidad\/wp-content\/uploads\/2019\/09\/Primer-Encuentro-Nacional-de-Servicios-P\u00fablicos-Municipales.jpg","type":"image\/jpeg"}],"author":"CCristina","twitter_card":"summary_large_image","twitter_creator":"@DraCrisCortinas","twitter_site":"@DraCrisCortinas","twitter_misc":{"Escrito por":"CCristina","Tiempo de lectura":"1 minuto"},"schema":{"@context":"https:\/\/schema.org","@graph":[{"@type":"Article","@id":"https:\/\/cristinacortinas.org\/sustentabilidad\/noticias-sobre-el-primer-encuentro-nacional-de-servicios-publicos-municipales\/#article","isPartOf":{"@id":"https:\/\/cristinacortinas.org\/sustentabilidad\/noticias-sobre-el-primer-encuentro-nacional-de-servicios-publicos-municipales\/"},"author":{"name":"CCristina","@id":"https:\/\/cristinacortinas.org\/sustentabilidad\/#\/schema\/person\/230b4a4171b31e97671db5b680f06b08"},"headline":"Noticias sobre el Primer Encuentro Nacional de Servicios P\u00fablicos Municipales","datePublished":"2019-09-07T20:36:15+00:00","mainEntityOfPage":{"@id":"https:\/\/cristinacortinas.org\/sustentabilidad\/noticias-sobre-el-primer-encuentro-nacional-de-servicios-publicos-municipales\/"},"wordCount":157,"image":{"@id":"https:\/\/cristinacortinas.org\/sustentabilidad\/noticias-sobre-el-primer-encuentro-nacional-de-servicios-publicos-municipales\/#primaryimage"},"thumbnailUrl":"https:\/\/cristinacortinas.org\/sustentabilidad\/wp-content\/uploads\/2019\/09\/Primer-Encuentro-Nacional-de-Servicios-P\u00fablicos-Municipales.jpg","articleSection":["Noticias"],"inLanguage":"es"},{"@type":"WebPage","@id":"https:\/\/cristinacortinas.org\/sustentabilidad\/noticias-sobre-el-primer-encuentro-nacional-de-servicios-publicos-municipales\/","url":"https:\/\/cristinacortinas.org\/sustentabilidad\/noticias-sobre-el-primer-encuentro-nacional-de-servicios-publicos-municipales\/","name":"Noticias sobre el Primer Encuentro Nacional de Servicios P\u00fablicos Municipales - Dra. Ma. Cristina Cortinas Dur\u00e1n","isPartOf":{"@id":"https:\/\/cristinacortinas.org\/sustentabilidad\/#website"},"primaryImageOfPage":{"@id":"https:\/\/cristinacortinas.org\/sustentabilidad\/noticias-sobre-el-primer-encuentro-nacional-de-servicios-publicos-municipales\/#primaryimage"},"image":{"@id":"https:\/\/cristinacortinas.org\/sustentabilidad\/noticias-sobre-el-primer-encuentro-nacional-de-servicios-publicos-municipales\/#primaryimage"},"thumbnailUrl":"https:\/\/cristinacortinas.org\/sustentabilidad\/wp-content\/uploads\/2019\/09\/Primer-Encuentro-Nacional-de-Servicios-P\u00fablicos-Municipales.jpg","datePublished":"2019-09-07T20:36:15+00:00","author":{"@id":"https:\/\/cristinacortinas.org\/sustentabilidad\/#\/schema\/person\/230b4a4171b31e97671db5b680f06b08"},"breadcrumb":{"@id":"https:\/\/cristinacortinas.org\/sustentabilidad\/noticias-sobre-el-primer-encuentro-nacional-de-servicios-publicos-municipales\/#breadcrumb"},"inLanguage":"es","potentialAction":[{"@type":"ReadAction","target":["https:\/\/cristinacortinas.org\/sustentabilidad\/noticias-sobre-el-primer-encuentro-nacional-de-servicios-publicos-municipales\/"]}]},{"@type":"ImageObject","inLanguage":"es","@id":"https:\/\/cristinacortinas.org\/sustentabilidad\/noticias-sobre-el-primer-encuentro-nacional-de-servicios-publicos-municipales\/#primaryimage","url":"https:\/\/cristinacortinas.org\/sustentabilidad\/wp-content\/uploads\/2019\/09\/Primer-Encuentro-Nacional-de-Servicios-P\u00fablicos-Municipales.jpg","contentUrl":"https:\/\/cristinacortinas.org\/sustentabilidad\/wp-content\/uploads\/2019\/09\/Primer-Encuentro-Nacional-de-Servicios-P\u00fablicos-Municipales.jpg","width":730,"height":548},{"@type":"BreadcrumbList","@id":"https:\/\/cristinacortinas.org\/sustentabilidad\/noticias-sobre-el-primer-encuentro-nacional-de-servicios-publicos-municipales\/#breadcrumb","itemListElement":[{"@type":"ListItem","position":1,"name":"Portada","item":"https:\/\/cristinacortinas.org\/sustentabilidad\/"},{"@type":"ListItem","position":2,"name":"Noticias sobre el Primer Encuentro Nacional de Servicios P\u00fablicos Municipales"}]},{"@type":"WebSite","@id":"https:\/\/cristinacortinas.org\/sustentabilidad\/#website","url":"https:\/\/cristinacortinas.org\/sustentabilidad\/","name":"Dra. Ma. Cristina Cortinas Dur\u00e1n","description":"","potentialAction":[{"@type":"SearchAction","target":{"@type":"EntryPoint","urlTemplate":"https:\/\/cristinacortinas.org\/sustentabilidad\/?s={search_term_string}"},"query-input":{"@type":"PropertyValueSpecification","valueRequired":true,"valueName":"search_term_string"}}],"inLanguage":"es"},{"@type":"Person","@id":"https:\/\/cristinacortinas.org\/sustentabilidad\/#\/schema\/person\/230b4a4171b31e97671db5b680f06b08","name":"CCristina"}]}},"_links":{"self":[{"href":"https:\/\/cristinacortinas.org\/sustentabilidad\/wp-json\/wp\/v2\/posts\/7046","targetHints":{"allow":["GET"]}}],"collection":[{"href":"https:\/\/cristinacortinas.org\/sustentabilidad\/wp-json\/wp\/v2\/posts"}],"about":[{"href":"https:\/\/cristinacortinas.org\/sustentabilidad\/wp-json\/wp\/v2\/types\/post"}],"author":[{"embeddable":true,"href":"https:\/\/cristinacortinas.org\/sustentabilidad\/wp-json\/wp\/v2\/users\/1"}],"replies":[{"embeddable":true,"href":"https:\/\/cristinacortinas.org\/sustentabilidad\/wp-json\/wp\/v2\/comments?post=7046"}],"version-history":[{"count":1,"href":"https:\/\/cristinacortinas.org\/sustentabilidad\/wp-json\/wp\/v2\/posts\/7046\/revisions"}],"predecessor-version":[{"id":7050,"href":"https:\/\/cristinacortinas.org\/sustentabilidad\/wp-json\/wp\/v2\/posts\/7046\/revisions\/7050"}],"wp:featuredmedia":[{"embeddable":true,"href":"https:\/\/cristinacortinas.org\/sustentabilidad\/wp-json\/wp\/v2\/media\/7049"}],"wp:attachment":[{"href":"https:\/\/cristinacortinas.org\/sustentabilidad\/wp-json\/wp\/v2\/media?parent=7046"}],"wp:term":[{"taxonomy":"category","embeddable":true,"href":"https:\/\/cristinacortinas.org\/sustentabilidad\/wp-json\/wp\/v2\/categories?post=7046"},{"taxonomy":"post_tag","embeddable":true,"href":"https:\/\/cristinacortinas.org\/sustentabilidad\/wp-json\/wp\/v2\/tags?post=7046"}],"curies":[{"name":"wp","href":"https:\/\/api.w.org\/{rel}","templated":true}]}}