{"id":6994,"date":"2019-08-28T23:59:17","date_gmt":"2019-08-29T04:59:17","guid":{"rendered":"https:\/\/cristinacortinas.org\/sustentabilidad\/?p=6994"},"modified":"2019-08-28T23:59:17","modified_gmt":"2019-08-29T04:59:17","slug":"conferencia-economia-circular-de-los-residuos-industriales-en-mexico","status":"publish","type":"post","link":"https:\/\/cristinacortinas.org\/sustentabilidad\/conferencia-economia-circular-de-los-residuos-industriales-en-mexico\/","title":{"rendered":"Conferencia Econom\u00eda Circular de los Residuos Industriales en M\u00e9xico"},"content":{"rendered":"<p>El pasado 23 de agosto impart\u00ed una conferencia en el Congreso ALUMEXICO 2019 en San Luis Potos\u00ed, para lo cual prepar\u00e9 la presentaci\u00f3n anexa en la cual ejemplifico las oportunidades que tiene M\u00e9xico para establecer y\/o fortalecer cadenas de valor en torno al reciclaje de diferentes corrientes de residuos estrat\u00e9gicos, as\u00ed como para incentivar la aplicaci\u00f3n de los planes de manejo de residuos como la v\u00eda para impulsar la econom\u00eda circular en M\u00e9xico.<\/p>\n<p>Como siempre les invito a opinar al respecto y su apoyo para difundir el documento anexo.<\/p>\n<div class='w3eden'><!-- WPDM Link Template: Default Template -->\n\n<div class=\"link-template-default card mb-2\">\n    <div class=\"card-body\">\n        <div class=\"media\">\n            <div class=\"mr-3 img-48\"><img decoding=\"async\" class=\"wpdm_icon\" alt=\"Icono\"   src=\"https:\/\/cristinacortinas.org\/sustentabilidad\/wp-content\/plugins\/download-manager\/assets\/file-type-icons\/pdf.svg\" \/><\/div>\n            <div class=\"media-body\">\n                <h3 class=\"package-title\"><a href='https:\/\/cristinacortinas.org\/sustentabilidad\/download\/conferencia-economia-circular-de-los-residuos-industriales-en-mexico\/'>Conferencia Econom\u00eda Circular de los Residuos Industriales en M\u00e9xico\u00a0<\/a><\/h3>\n                <div class=\"text-muted text-small\"><i class=\"fas fa-copy\"><\/i> 1 archivo(s) <i class=\"fas fa-hdd ml-3\"><\/i> 3.62 MB<\/div>\n            <\/div>\n            <div class=\"ml-3\">\n                <a class='wpdm-download-link download-on-click btn btn-info ' rel='nofollow' href='#' data-downloadurl=\"https:\/\/cristinacortinas.org\/sustentabilidad\/download\/conferencia-economia-circular-de-los-residuos-industriales-en-mexico\/?wpdmdl=6991&refresh=69ee4842b0e3f1777223746\">Descargar<\/a>\n            <\/div>\n        <\/div>\n    <\/div>\n<\/div>\n\n<\/div>\n<p>Cristina Cortinas<\/p>\n","protected":false},"excerpt":{"rendered":"<p>El pasado 23 de agosto impart\u00ed una conferencia en el Congreso ALUMEXICO 2019 en San Luis Potos\u00ed, para lo cual prepar\u00e9 la presentaci\u00f3n anexa en la cual ejemplifico las oportunidades que tiene M\u00e9xico para establecer y\/o fortalecer cadenas de valor en torno al reciclaje de diferentes corrientes de residuos estrat\u00e9gicos, as\u00ed como para incentivar la aplicaci\u00f3n de los planes de&nbsp;<a href=\"https:\/\/cristinacortinas.org\/sustentabilidad\/conferencia-economia-circular-de-los-residuos-industriales-en-mexico\/\" class=\"read-more\">Seguir leyendo<\/a><\/p>\n","protected":false},"author":1,"featured_media":6993,"comment_status":"closed","ping_status":"closed","sticky":false,"template":"","format":"standard","meta":{"footnotes":""},"categories":[40],"tags":[],"class_list":["post-6994","post","type-post","status-publish","format-standard","has-post-thumbnail","hentry","category-noticias","cat-40-id"],"yoast_head":"<!-- This site is optimized with the Yoast SEO plugin v27.4 - https:\/\/yoast.com\/product\/yoast-seo-wordpress\/ -->\n<title>Conferencia Econom\u00eda Circular de los Residuos Industriales en M\u00e9xico - Dra. Ma. Cristina Cortinas Dur\u00e1n<\/title>\n<meta name=\"robots\" content=\"index, follow, max-snippet:-1, max-image-preview:large, max-video-preview:-1\" \/>\n<link rel=\"canonical\" href=\"https:\/\/cristinacortinas.org\/sustentabilidad\/conferencia-economia-circular-de-los-residuos-industriales-en-mexico\/\" \/>\n<meta property=\"og:locale\" content=\"es_ES\" \/>\n<meta property=\"og:type\" content=\"article\" \/>\n<meta property=\"og:title\" content=\"Conferencia Econom\u00eda Circular de los Residuos Industriales en M\u00e9xico - Dra. Ma. Cristina Cortinas Dur\u00e1n\" \/>\n<meta property=\"og:description\" content=\"El pasado 23 de agosto impart\u00ed una conferencia en el Congreso ALUMEXICO 2019 en San Luis Potos\u00ed, para lo cual prepar\u00e9 la presentaci\u00f3n anexa en la cual ejemplifico las oportunidades que tiene M\u00e9xico para establecer y\/o fortalecer cadenas de valor en torno al reciclaje de diferentes corrientes de residuos estrat\u00e9gicos, as\u00ed como para incentivar la aplicaci\u00f3n de los planes de&nbsp;Seguir leyendo\" \/>\n<meta property=\"og:url\" content=\"https:\/\/cristinacortinas.org\/sustentabilidad\/conferencia-economia-circular-de-los-residuos-industriales-en-mexico\/\" \/>\n<meta property=\"og:site_name\" content=\"Dra. Ma. Cristina Cortinas Dur\u00e1n\" \/>\n<meta property=\"article:publisher\" content=\"https:\/\/www.facebook.com\/cristinacortinasduran\/\" \/>\n<meta property=\"article:published_time\" content=\"2019-08-29T04:59:17+00:00\" \/>\n<meta property=\"og:image\" content=\"https:\/\/cristinacortinas.org\/sustentabilidad\/wp-content\/uploads\/2019\/08\/Conferencia-Econom\u00eda-Circular-de-los-Residuos-Industriales-en-M\u00e9xico-.jpg\" \/>\n\t<meta property=\"og:image:width\" content=\"972\" \/>\n\t<meta property=\"og:image:height\" content=\"526\" \/>\n\t<meta property=\"og:image:type\" content=\"image\/jpeg\" \/>\n<meta name=\"author\" content=\"CCristina\" \/>\n<meta name=\"twitter:card\" content=\"summary_large_image\" \/>\n<meta name=\"twitter:creator\" content=\"@DraCrisCortinas\" \/>\n<meta name=\"twitter:site\" content=\"@DraCrisCortinas\" \/>\n<meta name=\"twitter:label1\" content=\"Escrito por\" \/>\n\t<meta name=\"twitter:data1\" content=\"CCristina\" \/>\n\t<meta name=\"twitter:label2\" content=\"Tiempo de lectura\" \/>\n\t<meta name=\"twitter:data2\" content=\"1 minuto\" \/>\n<script type=\"application\/ld+json\" class=\"yoast-schema-graph\">{\"@context\":\"https:\\\/\\\/schema.org\",\"@graph\":[{\"@type\":\"Article\",\"@id\":\"https:\\\/\\\/cristinacortinas.org\\\/sustentabilidad\\\/conferencia-economia-circular-de-los-residuos-industriales-en-mexico\\\/#article\",\"isPartOf\":{\"@id\":\"https:\\\/\\\/cristinacortinas.org\\\/sustentabilidad\\\/conferencia-economia-circular-de-los-residuos-industriales-en-mexico\\\/\"},\"author\":{\"name\":\"CCristina\",\"@id\":\"https:\\\/\\\/cristinacortinas.org\\\/sustentabilidad\\\/#\\\/schema\\\/person\\\/230b4a4171b31e97671db5b680f06b08\"},\"headline\":\"Conferencia Econom\u00eda Circular de los Residuos Industriales en M\u00e9xico\",\"datePublished\":\"2019-08-29T04:59:17+00:00\",\"mainEntityOfPage\":{\"@id\":\"https:\\\/\\\/cristinacortinas.org\\\/sustentabilidad\\\/conferencia-economia-circular-de-los-residuos-industriales-en-mexico\\\/\"},\"wordCount\":113,\"image\":{\"@id\":\"https:\\\/\\\/cristinacortinas.org\\\/sustentabilidad\\\/conferencia-economia-circular-de-los-residuos-industriales-en-mexico\\\/#primaryimage\"},\"thumbnailUrl\":\"https:\\\/\\\/cristinacortinas.org\\\/sustentabilidad\\\/wp-content\\\/uploads\\\/2019\\\/08\\\/Conferencia-Econom\u00eda-Circular-de-los-Residuos-Industriales-en-M\u00e9xico-.jpg\",\"articleSection\":[\"Noticias\"],\"inLanguage\":\"es\"},{\"@type\":\"WebPage\",\"@id\":\"https:\\\/\\\/cristinacortinas.org\\\/sustentabilidad\\\/conferencia-economia-circular-de-los-residuos-industriales-en-mexico\\\/\",\"url\":\"https:\\\/\\\/cristinacortinas.org\\\/sustentabilidad\\\/conferencia-economia-circular-de-los-residuos-industriales-en-mexico\\\/\",\"name\":\"Conferencia Econom\u00eda Circular de los Residuos Industriales en M\u00e9xico - Dra. Ma. Cristina Cortinas Dur\u00e1n\",\"isPartOf\":{\"@id\":\"https:\\\/\\\/cristinacortinas.org\\\/sustentabilidad\\\/#website\"},\"primaryImageOfPage\":{\"@id\":\"https:\\\/\\\/cristinacortinas.org\\\/sustentabilidad\\\/conferencia-economia-circular-de-los-residuos-industriales-en-mexico\\\/#primaryimage\"},\"image\":{\"@id\":\"https:\\\/\\\/cristinacortinas.org\\\/sustentabilidad\\\/conferencia-economia-circular-de-los-residuos-industriales-en-mexico\\\/#primaryimage\"},\"thumbnailUrl\":\"https:\\\/\\\/cristinacortinas.org\\\/sustentabilidad\\\/wp-content\\\/uploads\\\/2019\\\/08\\\/Conferencia-Econom\u00eda-Circular-de-los-Residuos-Industriales-en-M\u00e9xico-.jpg\",\"datePublished\":\"2019-08-29T04:59:17+00:00\",\"author\":{\"@id\":\"https:\\\/\\\/cristinacortinas.org\\\/sustentabilidad\\\/#\\\/schema\\\/person\\\/230b4a4171b31e97671db5b680f06b08\"},\"breadcrumb\":{\"@id\":\"https:\\\/\\\/cristinacortinas.org\\\/sustentabilidad\\\/conferencia-economia-circular-de-los-residuos-industriales-en-mexico\\\/#breadcrumb\"},\"inLanguage\":\"es\",\"potentialAction\":[{\"@type\":\"ReadAction\",\"target\":[\"https:\\\/\\\/cristinacortinas.org\\\/sustentabilidad\\\/conferencia-economia-circular-de-los-residuos-industriales-en-mexico\\\/\"]}]},{\"@type\":\"ImageObject\",\"inLanguage\":\"es\",\"@id\":\"https:\\\/\\\/cristinacortinas.org\\\/sustentabilidad\\\/conferencia-economia-circular-de-los-residuos-industriales-en-mexico\\\/#primaryimage\",\"url\":\"https:\\\/\\\/cristinacortinas.org\\\/sustentabilidad\\\/wp-content\\\/uploads\\\/2019\\\/08\\\/Conferencia-Econom\u00eda-Circular-de-los-Residuos-Industriales-en-M\u00e9xico-.jpg\",\"contentUrl\":\"https:\\\/\\\/cristinacortinas.org\\\/sustentabilidad\\\/wp-content\\\/uploads\\\/2019\\\/08\\\/Conferencia-Econom\u00eda-Circular-de-los-Residuos-Industriales-en-M\u00e9xico-.jpg\",\"width\":972,\"height\":526},{\"@type\":\"BreadcrumbList\",\"@id\":\"https:\\\/\\\/cristinacortinas.org\\\/sustentabilidad\\\/conferencia-economia-circular-de-los-residuos-industriales-en-mexico\\\/#breadcrumb\",\"itemListElement\":[{\"@type\":\"ListItem\",\"position\":1,\"name\":\"Portada\",\"item\":\"https:\\\/\\\/cristinacortinas.org\\\/sustentabilidad\\\/\"},{\"@type\":\"ListItem\",\"position\":2,\"name\":\"Conferencia Econom\u00eda Circular de los Residuos Industriales en M\u00e9xico\"}]},{\"@type\":\"WebSite\",\"@id\":\"https:\\\/\\\/cristinacortinas.org\\\/sustentabilidad\\\/#website\",\"url\":\"https:\\\/\\\/cristinacortinas.org\\\/sustentabilidad\\\/\",\"name\":\"Dra. Ma. Cristina Cortinas Dur\u00e1n\",\"description\":\"\",\"potentialAction\":[{\"@type\":\"SearchAction\",\"target\":{\"@type\":\"EntryPoint\",\"urlTemplate\":\"https:\\\/\\\/cristinacortinas.org\\\/sustentabilidad\\\/?s={search_term_string}\"},\"query-input\":{\"@type\":\"PropertyValueSpecification\",\"valueRequired\":true,\"valueName\":\"search_term_string\"}}],\"inLanguage\":\"es\"},{\"@type\":\"Person\",\"@id\":\"https:\\\/\\\/cristinacortinas.org\\\/sustentabilidad\\\/#\\\/schema\\\/person\\\/230b4a4171b31e97671db5b680f06b08\",\"name\":\"CCristina\"}]}<\/script>\n<!-- \/ Yoast SEO plugin. -->","yoast_head_json":{"title":"Conferencia Econom\u00eda Circular de los Residuos Industriales en M\u00e9xico - Dra. Ma. Cristina Cortinas Dur\u00e1n","robots":{"index":"index","follow":"follow","max-snippet":"max-snippet:-1","max-image-preview":"max-image-preview:large","max-video-preview":"max-video-preview:-1"},"canonical":"https:\/\/cristinacortinas.org\/sustentabilidad\/conferencia-economia-circular-de-los-residuos-industriales-en-mexico\/","og_locale":"es_ES","og_type":"article","og_title":"Conferencia Econom\u00eda Circular de los Residuos Industriales en M\u00e9xico - Dra. Ma. Cristina Cortinas Dur\u00e1n","og_description":"El pasado 23 de agosto impart\u00ed una conferencia en el Congreso ALUMEXICO 2019 en San Luis Potos\u00ed, para lo cual prepar\u00e9 la presentaci\u00f3n anexa en la cual ejemplifico las oportunidades que tiene M\u00e9xico para establecer y\/o fortalecer cadenas de valor en torno al reciclaje de diferentes corrientes de residuos estrat\u00e9gicos, as\u00ed como para incentivar la aplicaci\u00f3n de los planes de&nbsp;Seguir leyendo","og_url":"https:\/\/cristinacortinas.org\/sustentabilidad\/conferencia-economia-circular-de-los-residuos-industriales-en-mexico\/","og_site_name":"Dra. Ma. Cristina Cortinas Dur\u00e1n","article_publisher":"https:\/\/www.facebook.com\/cristinacortinasduran\/","article_published_time":"2019-08-29T04:59:17+00:00","og_image":[{"width":972,"height":526,"url":"https:\/\/cristinacortinas.org\/sustentabilidad\/wp-content\/uploads\/2019\/08\/Conferencia-Econom\u00eda-Circular-de-los-Residuos-Industriales-en-M\u00e9xico-.jpg","type":"image\/jpeg"}],"author":"CCristina","twitter_card":"summary_large_image","twitter_creator":"@DraCrisCortinas","twitter_site":"@DraCrisCortinas","twitter_misc":{"Escrito por":"CCristina","Tiempo de lectura":"1 minuto"},"schema":{"@context":"https:\/\/schema.org","@graph":[{"@type":"Article","@id":"https:\/\/cristinacortinas.org\/sustentabilidad\/conferencia-economia-circular-de-los-residuos-industriales-en-mexico\/#article","isPartOf":{"@id":"https:\/\/cristinacortinas.org\/sustentabilidad\/conferencia-economia-circular-de-los-residuos-industriales-en-mexico\/"},"author":{"name":"CCristina","@id":"https:\/\/cristinacortinas.org\/sustentabilidad\/#\/schema\/person\/230b4a4171b31e97671db5b680f06b08"},"headline":"Conferencia Econom\u00eda Circular de los Residuos Industriales en M\u00e9xico","datePublished":"2019-08-29T04:59:17+00:00","mainEntityOfPage":{"@id":"https:\/\/cristinacortinas.org\/sustentabilidad\/conferencia-economia-circular-de-los-residuos-industriales-en-mexico\/"},"wordCount":113,"image":{"@id":"https:\/\/cristinacortinas.org\/sustentabilidad\/conferencia-economia-circular-de-los-residuos-industriales-en-mexico\/#primaryimage"},"thumbnailUrl":"https:\/\/cristinacortinas.org\/sustentabilidad\/wp-content\/uploads\/2019\/08\/Conferencia-Econom\u00eda-Circular-de-los-Residuos-Industriales-en-M\u00e9xico-.jpg","articleSection":["Noticias"],"inLanguage":"es"},{"@type":"WebPage","@id":"https:\/\/cristinacortinas.org\/sustentabilidad\/conferencia-economia-circular-de-los-residuos-industriales-en-mexico\/","url":"https:\/\/cristinacortinas.org\/sustentabilidad\/conferencia-economia-circular-de-los-residuos-industriales-en-mexico\/","name":"Conferencia Econom\u00eda Circular de los Residuos Industriales en M\u00e9xico - Dra. Ma. Cristina Cortinas Dur\u00e1n","isPartOf":{"@id":"https:\/\/cristinacortinas.org\/sustentabilidad\/#website"},"primaryImageOfPage":{"@id":"https:\/\/cristinacortinas.org\/sustentabilidad\/conferencia-economia-circular-de-los-residuos-industriales-en-mexico\/#primaryimage"},"image":{"@id":"https:\/\/cristinacortinas.org\/sustentabilidad\/conferencia-economia-circular-de-los-residuos-industriales-en-mexico\/#primaryimage"},"thumbnailUrl":"https:\/\/cristinacortinas.org\/sustentabilidad\/wp-content\/uploads\/2019\/08\/Conferencia-Econom\u00eda-Circular-de-los-Residuos-Industriales-en-M\u00e9xico-.jpg","datePublished":"2019-08-29T04:59:17+00:00","author":{"@id":"https:\/\/cristinacortinas.org\/sustentabilidad\/#\/schema\/person\/230b4a4171b31e97671db5b680f06b08"},"breadcrumb":{"@id":"https:\/\/cristinacortinas.org\/sustentabilidad\/conferencia-economia-circular-de-los-residuos-industriales-en-mexico\/#breadcrumb"},"inLanguage":"es","potentialAction":[{"@type":"ReadAction","target":["https:\/\/cristinacortinas.org\/sustentabilidad\/conferencia-economia-circular-de-los-residuos-industriales-en-mexico\/"]}]},{"@type":"ImageObject","inLanguage":"es","@id":"https:\/\/cristinacortinas.org\/sustentabilidad\/conferencia-economia-circular-de-los-residuos-industriales-en-mexico\/#primaryimage","url":"https:\/\/cristinacortinas.org\/sustentabilidad\/wp-content\/uploads\/2019\/08\/Conferencia-Econom\u00eda-Circular-de-los-Residuos-Industriales-en-M\u00e9xico-.jpg","contentUrl":"https:\/\/cristinacortinas.org\/sustentabilidad\/wp-content\/uploads\/2019\/08\/Conferencia-Econom\u00eda-Circular-de-los-Residuos-Industriales-en-M\u00e9xico-.jpg","width":972,"height":526},{"@type":"BreadcrumbList","@id":"https:\/\/cristinacortinas.org\/sustentabilidad\/conferencia-economia-circular-de-los-residuos-industriales-en-mexico\/#breadcrumb","itemListElement":[{"@type":"ListItem","position":1,"name":"Portada","item":"https:\/\/cristinacortinas.org\/sustentabilidad\/"},{"@type":"ListItem","position":2,"name":"Conferencia Econom\u00eda Circular de los Residuos Industriales en M\u00e9xico"}]},{"@type":"WebSite","@id":"https:\/\/cristinacortinas.org\/sustentabilidad\/#website","url":"https:\/\/cristinacortinas.org\/sustentabilidad\/","name":"Dra. Ma. Cristina Cortinas Dur\u00e1n","description":"","potentialAction":[{"@type":"SearchAction","target":{"@type":"EntryPoint","urlTemplate":"https:\/\/cristinacortinas.org\/sustentabilidad\/?s={search_term_string}"},"query-input":{"@type":"PropertyValueSpecification","valueRequired":true,"valueName":"search_term_string"}}],"inLanguage":"es"},{"@type":"Person","@id":"https:\/\/cristinacortinas.org\/sustentabilidad\/#\/schema\/person\/230b4a4171b31e97671db5b680f06b08","name":"CCristina"}]}},"_links":{"self":[{"href":"https:\/\/cristinacortinas.org\/sustentabilidad\/wp-json\/wp\/v2\/posts\/6994","targetHints":{"allow":["GET"]}}],"collection":[{"href":"https:\/\/cristinacortinas.org\/sustentabilidad\/wp-json\/wp\/v2\/posts"}],"about":[{"href":"https:\/\/cristinacortinas.org\/sustentabilidad\/wp-json\/wp\/v2\/types\/post"}],"author":[{"embeddable":true,"href":"https:\/\/cristinacortinas.org\/sustentabilidad\/wp-json\/wp\/v2\/users\/1"}],"replies":[{"embeddable":true,"href":"https:\/\/cristinacortinas.org\/sustentabilidad\/wp-json\/wp\/v2\/comments?post=6994"}],"version-history":[{"count":1,"href":"https:\/\/cristinacortinas.org\/sustentabilidad\/wp-json\/wp\/v2\/posts\/6994\/revisions"}],"predecessor-version":[{"id":6995,"href":"https:\/\/cristinacortinas.org\/sustentabilidad\/wp-json\/wp\/v2\/posts\/6994\/revisions\/6995"}],"wp:featuredmedia":[{"embeddable":true,"href":"https:\/\/cristinacortinas.org\/sustentabilidad\/wp-json\/wp\/v2\/media\/6993"}],"wp:attachment":[{"href":"https:\/\/cristinacortinas.org\/sustentabilidad\/wp-json\/wp\/v2\/media?parent=6994"}],"wp:term":[{"taxonomy":"category","embeddable":true,"href":"https:\/\/cristinacortinas.org\/sustentabilidad\/wp-json\/wp\/v2\/categories?post=6994"},{"taxonomy":"post_tag","embeddable":true,"href":"https:\/\/cristinacortinas.org\/sustentabilidad\/wp-json\/wp\/v2\/tags?post=6994"}],"curies":[{"name":"wp","href":"https:\/\/api.w.org\/{rel}","templated":true}]}}