{"id":6972,"date":"2019-08-23T10:07:45","date_gmt":"2019-08-23T15:07:45","guid":{"rendered":"https:\/\/cristinacortinas.org\/sustentabilidad\/?p=6972"},"modified":"2019-08-23T10:07:45","modified_gmt":"2019-08-23T15:07:45","slug":"economia-circular-en-la-prestacion-de-los-servicios-publicos","status":"publish","type":"post","link":"https:\/\/cristinacortinas.org\/sustentabilidad\/economia-circular-en-la-prestacion-de-los-servicios-publicos\/","title":{"rendered":"Econom\u00eda circular en la prestaci\u00f3n de los servicios p\u00fablicos"},"content":{"rendered":"<p>Del 4 al 6 de septiembre pr\u00f3ximo tendr\u00e1 lugar en la ciudad de Quer\u00e9taro, en Quer\u00e9taro, el 1er Encuentro Nacional de Servicios P\u00fablicos en el cual tendr\u00e9 oportunidad de cubrir el tema de \u201cEconom\u00eda circular en la prestaci\u00f3n de los servicios p\u00fablicos\u201d, centrado en los relacionados con el manejo integral de los residuos, en una fase del pa\u00eds en la que se ha fijado como meta nacional \u201cCero Residuos\u201d.<\/p>\n<p>En dicha presentaci\u00f3n se menciona la opini\u00f3n vertida por Karmenu Vella, Comisario Europeo de Medio Ambiente en una reuni\u00f3n reciente sobre el tema de la econom\u00eda circular realizada en M\u00e9xico, en el sentido de que sin el financiamiento y las estructuras adecuadas la tarea antes se\u00f1alada es casi imposible.<\/p>\n<p>Por su parte, en la \u201cEvaluaci\u00f3n Estrat\u00e9gica del Avance Subnacional Respecto al Plan Nacional de Cambio Clim\u00e1tico\u201d, se encontr\u00f3 evidencia de que las l\u00edneas de acci\u00f3n del Programa Especial de Cambio Clim\u00e1tico (PECC) 2014- 2018 relacionadas con residuos s\u00f3lidos urbanos fueron canceladas, y el magro apoyo presupuestario de la federaci\u00f3n se destin\u00f3 a la adquisici\u00f3n de equipo y veh\u00edculos para la recolecci\u00f3n de residuos<\/p>\n<p>Por lo antes se\u00f1alado, en la presentaci\u00f3n anexa, que se somete a su consideraci\u00f3n y mejor opini\u00f3n, se propone impulsar en M\u00e9xico un modelo de econom\u00eda circular comunitaria, vinculada con la econom\u00eda de la conservaci\u00f3n, a desarrollar conjuntamente con la participaci\u00f3n informada y organizada de los sectores p\u00fablico, privado y social.<\/p>\n<div class='w3eden'><!-- WPDM Link Template: Default Template -->\n\n<div class=\"link-template-default card mb-2\">\n    <div class=\"card-body\">\n        <div class=\"media\">\n            <div class=\"mr-3 img-48\"><img decoding=\"async\" class=\"wpdm_icon\" alt=\"Icono\"   src=\"https:\/\/cristinacortinas.org\/sustentabilidad\/wp-content\/plugins\/download-manager\/assets\/file-type-icons\/pptx.png\" \/><\/div>\n            <div class=\"media-body\">\n                <h3 class=\"package-title\"><a href='https:\/\/cristinacortinas.org\/sustentabilidad\/download\/economia-circular-en-la-prestacion-de-los-servicios-publicos\/'>Econom\u00eda circular en la prestaci\u00f3n de los servicios p\u00fablicos<\/a><\/h3>\n                <div class=\"text-muted text-small\"><i class=\"fas fa-copy\"><\/i> 1 archivo(s) <i class=\"fas fa-hdd ml-3\"><\/i> 3.71 MB<\/div>\n            <\/div>\n            <div class=\"ml-3\">\n                <a class='wpdm-download-link download-on-click btn btn-info ' rel='nofollow' href='#' data-downloadurl=\"https:\/\/cristinacortinas.org\/sustentabilidad\/download\/economia-circular-en-la-prestacion-de-los-servicios-publicos\/?wpdmdl=6971&refresh=69ee37fad9a981777219578\">Descargar<\/a>\n            <\/div>\n        <\/div>\n    <\/div>\n<\/div>\n\n<\/div>\n<p>Reciban mis saludos y agradecimiento anticipado por su apoyo para difundir la presentaci\u00f3n.<\/p>\n<p>Cristina Cortinas<\/p>\n","protected":false},"excerpt":{"rendered":"<p>Del 4 al 6 de septiembre pr\u00f3ximo tendr\u00e1 lugar en la ciudad de Quer\u00e9taro, en Quer\u00e9taro, el 1er Encuentro Nacional de Servicios P\u00fablicos en el cual tendr\u00e9 oportunidad de cubrir el tema de \u201cEconom\u00eda circular en la prestaci\u00f3n de los servicios p\u00fablicos\u201d, centrado en los relacionados con el manejo integral de los residuos, en una fase del pa\u00eds en la&nbsp;<a href=\"https:\/\/cristinacortinas.org\/sustentabilidad\/economia-circular-en-la-prestacion-de-los-servicios-publicos\/\" class=\"read-more\">Seguir leyendo<\/a><\/p>\n","protected":false},"author":1,"featured_media":6967,"comment_status":"closed","ping_status":"closed","sticky":false,"template":"","format":"standard","meta":{"footnotes":""},"categories":[40],"tags":[],"class_list":["post-6972","post","type-post","status-publish","format-standard","has-post-thumbnail","hentry","category-noticias","cat-40-id"],"yoast_head":"<!-- This site is optimized with the Yoast SEO plugin v27.4 - https:\/\/yoast.com\/product\/yoast-seo-wordpress\/ -->\n<title>Econom\u00eda circular en la prestaci\u00f3n de los servicios p\u00fablicos - Dra. Ma. Cristina Cortinas Dur\u00e1n<\/title>\n<meta name=\"robots\" content=\"index, follow, max-snippet:-1, max-image-preview:large, max-video-preview:-1\" \/>\n<link rel=\"canonical\" href=\"https:\/\/cristinacortinas.org\/sustentabilidad\/economia-circular-en-la-prestacion-de-los-servicios-publicos\/\" \/>\n<meta property=\"og:locale\" content=\"es_ES\" \/>\n<meta property=\"og:type\" content=\"article\" \/>\n<meta property=\"og:title\" content=\"Econom\u00eda circular en la prestaci\u00f3n de los servicios p\u00fablicos - Dra. Ma. Cristina Cortinas Dur\u00e1n\" \/>\n<meta property=\"og:description\" content=\"Del 4 al 6 de septiembre pr\u00f3ximo tendr\u00e1 lugar en la ciudad de Quer\u00e9taro, en Quer\u00e9taro, el 1er Encuentro Nacional de Servicios P\u00fablicos en el cual tendr\u00e9 oportunidad de cubrir el tema de \u201cEconom\u00eda circular en la prestaci\u00f3n de los servicios p\u00fablicos\u201d, centrado en los relacionados con el manejo integral de los residuos, en una fase del pa\u00eds en la&nbsp;Seguir leyendo\" \/>\n<meta property=\"og:url\" content=\"https:\/\/cristinacortinas.org\/sustentabilidad\/economia-circular-en-la-prestacion-de-los-servicios-publicos\/\" \/>\n<meta property=\"og:site_name\" content=\"Dra. Ma. Cristina Cortinas Dur\u00e1n\" \/>\n<meta property=\"article:publisher\" content=\"https:\/\/www.facebook.com\/cristinacortinasduran\/\" \/>\n<meta property=\"article:published_time\" content=\"2019-08-23T15:07:45+00:00\" \/>\n<meta property=\"og:image\" content=\"https:\/\/cristinacortinas.org\/sustentabilidad\/wp-content\/uploads\/2019\/08\/Econom\u00eda-Circular-Integradora-de-los-Servicios-P\u00fablicos-Municipales-2019.jpg\" \/>\n\t<meta property=\"og:image:width\" content=\"730\" \/>\n\t<meta property=\"og:image:height\" content=\"548\" \/>\n\t<meta property=\"og:image:type\" content=\"image\/jpeg\" \/>\n<meta name=\"author\" content=\"CCristina\" \/>\n<meta name=\"twitter:card\" content=\"summary_large_image\" \/>\n<meta name=\"twitter:creator\" content=\"@DraCrisCortinas\" \/>\n<meta name=\"twitter:site\" content=\"@DraCrisCortinas\" \/>\n<meta name=\"twitter:label1\" content=\"Escrito por\" \/>\n\t<meta name=\"twitter:data1\" content=\"CCristina\" \/>\n\t<meta name=\"twitter:label2\" content=\"Tiempo de lectura\" \/>\n\t<meta name=\"twitter:data2\" content=\"1 minuto\" \/>\n<script type=\"application\/ld+json\" class=\"yoast-schema-graph\">{\"@context\":\"https:\\\/\\\/schema.org\",\"@graph\":[{\"@type\":\"Article\",\"@id\":\"https:\\\/\\\/cristinacortinas.org\\\/sustentabilidad\\\/economia-circular-en-la-prestacion-de-los-servicios-publicos\\\/#article\",\"isPartOf\":{\"@id\":\"https:\\\/\\\/cristinacortinas.org\\\/sustentabilidad\\\/economia-circular-en-la-prestacion-de-los-servicios-publicos\\\/\"},\"author\":{\"name\":\"CCristina\",\"@id\":\"https:\\\/\\\/cristinacortinas.org\\\/sustentabilidad\\\/#\\\/schema\\\/person\\\/230b4a4171b31e97671db5b680f06b08\"},\"headline\":\"Econom\u00eda circular en la prestaci\u00f3n de los servicios p\u00fablicos\",\"datePublished\":\"2019-08-23T15:07:45+00:00\",\"mainEntityOfPage\":{\"@id\":\"https:\\\/\\\/cristinacortinas.org\\\/sustentabilidad\\\/economia-circular-en-la-prestacion-de-los-servicios-publicos\\\/\"},\"wordCount\":298,\"image\":{\"@id\":\"https:\\\/\\\/cristinacortinas.org\\\/sustentabilidad\\\/economia-circular-en-la-prestacion-de-los-servicios-publicos\\\/#primaryimage\"},\"thumbnailUrl\":\"https:\\\/\\\/cristinacortinas.org\\\/sustentabilidad\\\/wp-content\\\/uploads\\\/2019\\\/08\\\/Econom\u00eda-Circular-Integradora-de-los-Servicios-P\u00fablicos-Municipales-2019.jpg\",\"articleSection\":[\"Noticias\"],\"inLanguage\":\"es\"},{\"@type\":\"WebPage\",\"@id\":\"https:\\\/\\\/cristinacortinas.org\\\/sustentabilidad\\\/economia-circular-en-la-prestacion-de-los-servicios-publicos\\\/\",\"url\":\"https:\\\/\\\/cristinacortinas.org\\\/sustentabilidad\\\/economia-circular-en-la-prestacion-de-los-servicios-publicos\\\/\",\"name\":\"Econom\u00eda circular en la prestaci\u00f3n de los servicios p\u00fablicos - Dra. Ma. Cristina Cortinas Dur\u00e1n\",\"isPartOf\":{\"@id\":\"https:\\\/\\\/cristinacortinas.org\\\/sustentabilidad\\\/#website\"},\"primaryImageOfPage\":{\"@id\":\"https:\\\/\\\/cristinacortinas.org\\\/sustentabilidad\\\/economia-circular-en-la-prestacion-de-los-servicios-publicos\\\/#primaryimage\"},\"image\":{\"@id\":\"https:\\\/\\\/cristinacortinas.org\\\/sustentabilidad\\\/economia-circular-en-la-prestacion-de-los-servicios-publicos\\\/#primaryimage\"},\"thumbnailUrl\":\"https:\\\/\\\/cristinacortinas.org\\\/sustentabilidad\\\/wp-content\\\/uploads\\\/2019\\\/08\\\/Econom\u00eda-Circular-Integradora-de-los-Servicios-P\u00fablicos-Municipales-2019.jpg\",\"datePublished\":\"2019-08-23T15:07:45+00:00\",\"author\":{\"@id\":\"https:\\\/\\\/cristinacortinas.org\\\/sustentabilidad\\\/#\\\/schema\\\/person\\\/230b4a4171b31e97671db5b680f06b08\"},\"breadcrumb\":{\"@id\":\"https:\\\/\\\/cristinacortinas.org\\\/sustentabilidad\\\/economia-circular-en-la-prestacion-de-los-servicios-publicos\\\/#breadcrumb\"},\"inLanguage\":\"es\",\"potentialAction\":[{\"@type\":\"ReadAction\",\"target\":[\"https:\\\/\\\/cristinacortinas.org\\\/sustentabilidad\\\/economia-circular-en-la-prestacion-de-los-servicios-publicos\\\/\"]}]},{\"@type\":\"ImageObject\",\"inLanguage\":\"es\",\"@id\":\"https:\\\/\\\/cristinacortinas.org\\\/sustentabilidad\\\/economia-circular-en-la-prestacion-de-los-servicios-publicos\\\/#primaryimage\",\"url\":\"https:\\\/\\\/cristinacortinas.org\\\/sustentabilidad\\\/wp-content\\\/uploads\\\/2019\\\/08\\\/Econom\u00eda-Circular-Integradora-de-los-Servicios-P\u00fablicos-Municipales-2019.jpg\",\"contentUrl\":\"https:\\\/\\\/cristinacortinas.org\\\/sustentabilidad\\\/wp-content\\\/uploads\\\/2019\\\/08\\\/Econom\u00eda-Circular-Integradora-de-los-Servicios-P\u00fablicos-Municipales-2019.jpg\",\"width\":730,\"height\":548},{\"@type\":\"BreadcrumbList\",\"@id\":\"https:\\\/\\\/cristinacortinas.org\\\/sustentabilidad\\\/economia-circular-en-la-prestacion-de-los-servicios-publicos\\\/#breadcrumb\",\"itemListElement\":[{\"@type\":\"ListItem\",\"position\":1,\"name\":\"Portada\",\"item\":\"https:\\\/\\\/cristinacortinas.org\\\/sustentabilidad\\\/\"},{\"@type\":\"ListItem\",\"position\":2,\"name\":\"Econom\u00eda circular en la prestaci\u00f3n de los servicios p\u00fablicos\"}]},{\"@type\":\"WebSite\",\"@id\":\"https:\\\/\\\/cristinacortinas.org\\\/sustentabilidad\\\/#website\",\"url\":\"https:\\\/\\\/cristinacortinas.org\\\/sustentabilidad\\\/\",\"name\":\"Dra. Ma. Cristina Cortinas Dur\u00e1n\",\"description\":\"\",\"potentialAction\":[{\"@type\":\"SearchAction\",\"target\":{\"@type\":\"EntryPoint\",\"urlTemplate\":\"https:\\\/\\\/cristinacortinas.org\\\/sustentabilidad\\\/?s={search_term_string}\"},\"query-input\":{\"@type\":\"PropertyValueSpecification\",\"valueRequired\":true,\"valueName\":\"search_term_string\"}}],\"inLanguage\":\"es\"},{\"@type\":\"Person\",\"@id\":\"https:\\\/\\\/cristinacortinas.org\\\/sustentabilidad\\\/#\\\/schema\\\/person\\\/230b4a4171b31e97671db5b680f06b08\",\"name\":\"CCristina\"}]}<\/script>\n<!-- \/ Yoast SEO plugin. -->","yoast_head_json":{"title":"Econom\u00eda circular en la prestaci\u00f3n de los servicios p\u00fablicos - Dra. Ma. Cristina Cortinas Dur\u00e1n","robots":{"index":"index","follow":"follow","max-snippet":"max-snippet:-1","max-image-preview":"max-image-preview:large","max-video-preview":"max-video-preview:-1"},"canonical":"https:\/\/cristinacortinas.org\/sustentabilidad\/economia-circular-en-la-prestacion-de-los-servicios-publicos\/","og_locale":"es_ES","og_type":"article","og_title":"Econom\u00eda circular en la prestaci\u00f3n de los servicios p\u00fablicos - Dra. Ma. Cristina Cortinas Dur\u00e1n","og_description":"Del 4 al 6 de septiembre pr\u00f3ximo tendr\u00e1 lugar en la ciudad de Quer\u00e9taro, en Quer\u00e9taro, el 1er Encuentro Nacional de Servicios P\u00fablicos en el cual tendr\u00e9 oportunidad de cubrir el tema de \u201cEconom\u00eda circular en la prestaci\u00f3n de los servicios p\u00fablicos\u201d, centrado en los relacionados con el manejo integral de los residuos, en una fase del pa\u00eds en la&nbsp;Seguir leyendo","og_url":"https:\/\/cristinacortinas.org\/sustentabilidad\/economia-circular-en-la-prestacion-de-los-servicios-publicos\/","og_site_name":"Dra. Ma. Cristina Cortinas Dur\u00e1n","article_publisher":"https:\/\/www.facebook.com\/cristinacortinasduran\/","article_published_time":"2019-08-23T15:07:45+00:00","og_image":[{"width":730,"height":548,"url":"https:\/\/cristinacortinas.org\/sustentabilidad\/wp-content\/uploads\/2019\/08\/Econom\u00eda-Circular-Integradora-de-los-Servicios-P\u00fablicos-Municipales-2019.jpg","type":"image\/jpeg"}],"author":"CCristina","twitter_card":"summary_large_image","twitter_creator":"@DraCrisCortinas","twitter_site":"@DraCrisCortinas","twitter_misc":{"Escrito por":"CCristina","Tiempo de lectura":"1 minuto"},"schema":{"@context":"https:\/\/schema.org","@graph":[{"@type":"Article","@id":"https:\/\/cristinacortinas.org\/sustentabilidad\/economia-circular-en-la-prestacion-de-los-servicios-publicos\/#article","isPartOf":{"@id":"https:\/\/cristinacortinas.org\/sustentabilidad\/economia-circular-en-la-prestacion-de-los-servicios-publicos\/"},"author":{"name":"CCristina","@id":"https:\/\/cristinacortinas.org\/sustentabilidad\/#\/schema\/person\/230b4a4171b31e97671db5b680f06b08"},"headline":"Econom\u00eda circular en la prestaci\u00f3n de los servicios p\u00fablicos","datePublished":"2019-08-23T15:07:45+00:00","mainEntityOfPage":{"@id":"https:\/\/cristinacortinas.org\/sustentabilidad\/economia-circular-en-la-prestacion-de-los-servicios-publicos\/"},"wordCount":298,"image":{"@id":"https:\/\/cristinacortinas.org\/sustentabilidad\/economia-circular-en-la-prestacion-de-los-servicios-publicos\/#primaryimage"},"thumbnailUrl":"https:\/\/cristinacortinas.org\/sustentabilidad\/wp-content\/uploads\/2019\/08\/Econom\u00eda-Circular-Integradora-de-los-Servicios-P\u00fablicos-Municipales-2019.jpg","articleSection":["Noticias"],"inLanguage":"es"},{"@type":"WebPage","@id":"https:\/\/cristinacortinas.org\/sustentabilidad\/economia-circular-en-la-prestacion-de-los-servicios-publicos\/","url":"https:\/\/cristinacortinas.org\/sustentabilidad\/economia-circular-en-la-prestacion-de-los-servicios-publicos\/","name":"Econom\u00eda circular en la prestaci\u00f3n de los servicios p\u00fablicos - Dra. Ma. Cristina Cortinas Dur\u00e1n","isPartOf":{"@id":"https:\/\/cristinacortinas.org\/sustentabilidad\/#website"},"primaryImageOfPage":{"@id":"https:\/\/cristinacortinas.org\/sustentabilidad\/economia-circular-en-la-prestacion-de-los-servicios-publicos\/#primaryimage"},"image":{"@id":"https:\/\/cristinacortinas.org\/sustentabilidad\/economia-circular-en-la-prestacion-de-los-servicios-publicos\/#primaryimage"},"thumbnailUrl":"https:\/\/cristinacortinas.org\/sustentabilidad\/wp-content\/uploads\/2019\/08\/Econom\u00eda-Circular-Integradora-de-los-Servicios-P\u00fablicos-Municipales-2019.jpg","datePublished":"2019-08-23T15:07:45+00:00","author":{"@id":"https:\/\/cristinacortinas.org\/sustentabilidad\/#\/schema\/person\/230b4a4171b31e97671db5b680f06b08"},"breadcrumb":{"@id":"https:\/\/cristinacortinas.org\/sustentabilidad\/economia-circular-en-la-prestacion-de-los-servicios-publicos\/#breadcrumb"},"inLanguage":"es","potentialAction":[{"@type":"ReadAction","target":["https:\/\/cristinacortinas.org\/sustentabilidad\/economia-circular-en-la-prestacion-de-los-servicios-publicos\/"]}]},{"@type":"ImageObject","inLanguage":"es","@id":"https:\/\/cristinacortinas.org\/sustentabilidad\/economia-circular-en-la-prestacion-de-los-servicios-publicos\/#primaryimage","url":"https:\/\/cristinacortinas.org\/sustentabilidad\/wp-content\/uploads\/2019\/08\/Econom\u00eda-Circular-Integradora-de-los-Servicios-P\u00fablicos-Municipales-2019.jpg","contentUrl":"https:\/\/cristinacortinas.org\/sustentabilidad\/wp-content\/uploads\/2019\/08\/Econom\u00eda-Circular-Integradora-de-los-Servicios-P\u00fablicos-Municipales-2019.jpg","width":730,"height":548},{"@type":"BreadcrumbList","@id":"https:\/\/cristinacortinas.org\/sustentabilidad\/economia-circular-en-la-prestacion-de-los-servicios-publicos\/#breadcrumb","itemListElement":[{"@type":"ListItem","position":1,"name":"Portada","item":"https:\/\/cristinacortinas.org\/sustentabilidad\/"},{"@type":"ListItem","position":2,"name":"Econom\u00eda circular en la prestaci\u00f3n de los servicios p\u00fablicos"}]},{"@type":"WebSite","@id":"https:\/\/cristinacortinas.org\/sustentabilidad\/#website","url":"https:\/\/cristinacortinas.org\/sustentabilidad\/","name":"Dra. Ma. Cristina Cortinas Dur\u00e1n","description":"","potentialAction":[{"@type":"SearchAction","target":{"@type":"EntryPoint","urlTemplate":"https:\/\/cristinacortinas.org\/sustentabilidad\/?s={search_term_string}"},"query-input":{"@type":"PropertyValueSpecification","valueRequired":true,"valueName":"search_term_string"}}],"inLanguage":"es"},{"@type":"Person","@id":"https:\/\/cristinacortinas.org\/sustentabilidad\/#\/schema\/person\/230b4a4171b31e97671db5b680f06b08","name":"CCristina"}]}},"_links":{"self":[{"href":"https:\/\/cristinacortinas.org\/sustentabilidad\/wp-json\/wp\/v2\/posts\/6972","targetHints":{"allow":["GET"]}}],"collection":[{"href":"https:\/\/cristinacortinas.org\/sustentabilidad\/wp-json\/wp\/v2\/posts"}],"about":[{"href":"https:\/\/cristinacortinas.org\/sustentabilidad\/wp-json\/wp\/v2\/types\/post"}],"author":[{"embeddable":true,"href":"https:\/\/cristinacortinas.org\/sustentabilidad\/wp-json\/wp\/v2\/users\/1"}],"replies":[{"embeddable":true,"href":"https:\/\/cristinacortinas.org\/sustentabilidad\/wp-json\/wp\/v2\/comments?post=6972"}],"version-history":[{"count":1,"href":"https:\/\/cristinacortinas.org\/sustentabilidad\/wp-json\/wp\/v2\/posts\/6972\/revisions"}],"predecessor-version":[{"id":6974,"href":"https:\/\/cristinacortinas.org\/sustentabilidad\/wp-json\/wp\/v2\/posts\/6972\/revisions\/6974"}],"wp:featuredmedia":[{"embeddable":true,"href":"https:\/\/cristinacortinas.org\/sustentabilidad\/wp-json\/wp\/v2\/media\/6967"}],"wp:attachment":[{"href":"https:\/\/cristinacortinas.org\/sustentabilidad\/wp-json\/wp\/v2\/media?parent=6972"}],"wp:term":[{"taxonomy":"category","embeddable":true,"href":"https:\/\/cristinacortinas.org\/sustentabilidad\/wp-json\/wp\/v2\/categories?post=6972"},{"taxonomy":"post_tag","embeddable":true,"href":"https:\/\/cristinacortinas.org\/sustentabilidad\/wp-json\/wp\/v2\/tags?post=6972"}],"curies":[{"name":"wp","href":"https:\/\/api.w.org\/{rel}","templated":true}]}}