{"id":6966,"date":"2019-08-22T21:58:21","date_gmt":"2019-08-23T02:58:21","guid":{"rendered":"https:\/\/cristinacortinas.org\/sustentabilidad\/?p=6966"},"modified":"2019-08-22T21:58:21","modified_gmt":"2019-08-23T02:58:21","slug":"economia-circular-integradora-de-los-servicios-publicos-municipales-2019","status":"publish","type":"post","link":"https:\/\/cristinacortinas.org\/sustentabilidad\/economia-circular-integradora-de-los-servicios-publicos-municipales-2019\/","title":{"rendered":"Econom\u00eda Circular Integradora de los Servicios P\u00fablicos Municipales 2019"},"content":{"rendered":"<p>Con motivo de la invitaci\u00f3n a impartir una conferencia sobre el tema de la econom\u00eda circular de los servicios p\u00fablicos en el 1er Encuentro Nacional de Servicios P\u00fablicos Municipales que tendr\u00e1 lugar en el Centro de Congresos de la ciudad de Quer\u00e9taro del 4 al 6 de septiembre pr\u00f3ximo, prepar\u00e9 una primera presentaci\u00f3n centrada solo en los servicios p\u00fablicos a cargo del manejo integral de los residuos s\u00f3lidos.<\/p>\n<p>No obstante, me di cuenta de que esta ser\u00e1 una oportunidad \u00fanica para visualizar la integraci\u00f3n de los diversos servicios p\u00fablicos en el marco de la econom\u00eda circular, poniendo de relieve c\u00f3mo mediante los Sistemas de Manejo Ambiental aplicables a las dependencias gubernamentales \u00e9stas pueden poner el ejemplo con sus pr\u00e1cticas de ahorro de energ\u00eda, agua y materiales, as\u00ed como de reducci\u00f3n y aprovechamiento de residuos. De manera que puse \u00e9nfasis en se\u00f1alar que los propios residuos generados por los servicios p\u00fablicos, pueden convertirse en mejoradores de suelos o en energ\u00eda o ser valorizados por medio de cadenas productivas incluyentes que son fuente de ingresos y de empleos verdes. Aunado a lo cual resalt\u00e9 la importancia de hacer efectiva la responsabilidad compartida, pero diferenciada, impulsando proyectos de econom\u00eda circular comunitaria vinculados a la econom\u00eda de la conservaci\u00f3n.<\/p>\n<p>Es as\u00ed que prepar\u00e9 otra presentaci\u00f3n intitulada \u201cEconom\u00eda Circular Integradora de los Servicios P\u00fablicos Municipales\u201d que env\u00edo anexa, agradeciendo su apoyo para difundirla.<\/p>\n<div class='w3eden'><!-- WPDM Link Template: Default Template -->\n\n<div class=\"link-template-default card mb-2\">\n    <div class=\"card-body\">\n        <div class=\"media\">\n            <div class=\"mr-3 img-48\"><img decoding=\"async\" class=\"wpdm_icon\" alt=\"Icono\"   src=\"https:\/\/cristinacortinas.org\/sustentabilidad\/wp-content\/plugins\/download-manager\/assets\/file-type-icons\/pdf.svg\" \/><\/div>\n            <div class=\"media-body\">\n                <h3 class=\"package-title\"><a href='https:\/\/cristinacortinas.org\/sustentabilidad\/download\/economia-circular-integradora-de-los-servicios-publicos-municipales-2019\/'>Econom\u00eda Circular Integradora de los Servicios P\u00fablicos Municipales 2019<\/a><\/h3>\n                <div class=\"text-muted text-small\"><i class=\"fas fa-copy\"><\/i> 1 archivo(s) <i class=\"fas fa-hdd ml-3\"><\/i> 5.28 MB<\/div>\n            <\/div>\n            <div class=\"ml-3\">\n                <a class='wpdm-download-link download-on-click btn btn-info ' rel='nofollow' href='#' data-downloadurl=\"https:\/\/cristinacortinas.org\/sustentabilidad\/download\/economia-circular-integradora-de-los-servicios-publicos-municipales-2019\/?wpdmdl=6960&refresh=69ee38d2e20c61777219794\">Descargar<\/a>\n            <\/div>\n        <\/div>\n    <\/div>\n<\/div>\n\n<\/div>\n<p>Cristina Cortinas<\/p>\n<p>&nbsp;<\/p>\n<p>Para mayor informaci\u00f3n sobre el Encuentro env\u00edo los siguientes datos:<\/p>\n<p>Tel\u00e9fono (442) 2387700 ext. 1205<\/p>\n<p>Correo: <a href=\"mailto:Zoraida.vidal@municipiodequeretaro.gob.mx\">Zoraida.vidal@municipiodequeretaro.gob.mx<\/a><\/p>\n","protected":false},"excerpt":{"rendered":"<p>Con motivo de la invitaci\u00f3n a impartir una conferencia sobre el tema de la econom\u00eda circular de los servicios p\u00fablicos en el 1er Encuentro Nacional de Servicios P\u00fablicos Municipales que tendr\u00e1 lugar en el Centro de Congresos de la ciudad de Quer\u00e9taro del 4 al 6 de septiembre pr\u00f3ximo, prepar\u00e9 una primera presentaci\u00f3n centrada solo en los servicios p\u00fablicos a&nbsp;<a href=\"https:\/\/cristinacortinas.org\/sustentabilidad\/economia-circular-integradora-de-los-servicios-publicos-municipales-2019\/\" class=\"read-more\">Seguir leyendo<\/a><\/p>\n","protected":false},"author":1,"featured_media":6967,"comment_status":"closed","ping_status":"closed","sticky":false,"template":"","format":"standard","meta":{"footnotes":""},"categories":[40],"tags":[],"class_list":["post-6966","post","type-post","status-publish","format-standard","has-post-thumbnail","hentry","category-noticias","cat-40-id"],"yoast_head":"<!-- This site is optimized with the Yoast SEO plugin v27.4 - https:\/\/yoast.com\/product\/yoast-seo-wordpress\/ -->\n<title>Econom\u00eda Circular Integradora de los Servicios P\u00fablicos Municipales 2019 - Dra. Ma. Cristina Cortinas Dur\u00e1n<\/title>\n<meta name=\"robots\" content=\"index, follow, max-snippet:-1, max-image-preview:large, max-video-preview:-1\" \/>\n<link rel=\"canonical\" href=\"https:\/\/cristinacortinas.org\/sustentabilidad\/economia-circular-integradora-de-los-servicios-publicos-municipales-2019\/\" \/>\n<meta property=\"og:locale\" content=\"es_ES\" \/>\n<meta property=\"og:type\" content=\"article\" \/>\n<meta property=\"og:title\" content=\"Econom\u00eda Circular Integradora de los Servicios P\u00fablicos Municipales 2019 - Dra. Ma. Cristina Cortinas Dur\u00e1n\" \/>\n<meta property=\"og:description\" content=\"Con motivo de la invitaci\u00f3n a impartir una conferencia sobre el tema de la econom\u00eda circular de los servicios p\u00fablicos en el 1er Encuentro Nacional de Servicios P\u00fablicos Municipales que tendr\u00e1 lugar en el Centro de Congresos de la ciudad de Quer\u00e9taro del 4 al 6 de septiembre pr\u00f3ximo, prepar\u00e9 una primera presentaci\u00f3n centrada solo en los servicios p\u00fablicos a&nbsp;Seguir leyendo\" \/>\n<meta property=\"og:url\" content=\"https:\/\/cristinacortinas.org\/sustentabilidad\/economia-circular-integradora-de-los-servicios-publicos-municipales-2019\/\" \/>\n<meta property=\"og:site_name\" content=\"Dra. Ma. Cristina Cortinas Dur\u00e1n\" \/>\n<meta property=\"article:publisher\" content=\"https:\/\/www.facebook.com\/cristinacortinasduran\/\" \/>\n<meta property=\"article:published_time\" content=\"2019-08-23T02:58:21+00:00\" \/>\n<meta property=\"og:image\" content=\"https:\/\/cristinacortinas.org\/sustentabilidad\/wp-content\/uploads\/2019\/08\/Econom\u00eda-Circular-Integradora-de-los-Servicios-P\u00fablicos-Municipales-2019.jpg\" \/>\n\t<meta property=\"og:image:width\" content=\"730\" \/>\n\t<meta property=\"og:image:height\" content=\"548\" \/>\n\t<meta property=\"og:image:type\" content=\"image\/jpeg\" \/>\n<meta name=\"author\" content=\"CCristina\" \/>\n<meta name=\"twitter:card\" content=\"summary_large_image\" \/>\n<meta name=\"twitter:creator\" content=\"@DraCrisCortinas\" \/>\n<meta name=\"twitter:site\" content=\"@DraCrisCortinas\" \/>\n<meta name=\"twitter:label1\" content=\"Escrito por\" \/>\n\t<meta name=\"twitter:data1\" content=\"CCristina\" \/>\n\t<meta name=\"twitter:label2\" content=\"Tiempo de lectura\" \/>\n\t<meta name=\"twitter:data2\" content=\"1 minuto\" \/>\n<script type=\"application\/ld+json\" class=\"yoast-schema-graph\">{\"@context\":\"https:\\\/\\\/schema.org\",\"@graph\":[{\"@type\":\"Article\",\"@id\":\"https:\\\/\\\/cristinacortinas.org\\\/sustentabilidad\\\/economia-circular-integradora-de-los-servicios-publicos-municipales-2019\\\/#article\",\"isPartOf\":{\"@id\":\"https:\\\/\\\/cristinacortinas.org\\\/sustentabilidad\\\/economia-circular-integradora-de-los-servicios-publicos-municipales-2019\\\/\"},\"author\":{\"name\":\"CCristina\",\"@id\":\"https:\\\/\\\/cristinacortinas.org\\\/sustentabilidad\\\/#\\\/schema\\\/person\\\/230b4a4171b31e97671db5b680f06b08\"},\"headline\":\"Econom\u00eda Circular Integradora de los Servicios P\u00fablicos Municipales 2019\",\"datePublished\":\"2019-08-23T02:58:21+00:00\",\"mainEntityOfPage\":{\"@id\":\"https:\\\/\\\/cristinacortinas.org\\\/sustentabilidad\\\/economia-circular-integradora-de-los-servicios-publicos-municipales-2019\\\/\"},\"wordCount\":291,\"image\":{\"@id\":\"https:\\\/\\\/cristinacortinas.org\\\/sustentabilidad\\\/economia-circular-integradora-de-los-servicios-publicos-municipales-2019\\\/#primaryimage\"},\"thumbnailUrl\":\"https:\\\/\\\/cristinacortinas.org\\\/sustentabilidad\\\/wp-content\\\/uploads\\\/2019\\\/08\\\/Econom\u00eda-Circular-Integradora-de-los-Servicios-P\u00fablicos-Municipales-2019.jpg\",\"articleSection\":[\"Noticias\"],\"inLanguage\":\"es\"},{\"@type\":\"WebPage\",\"@id\":\"https:\\\/\\\/cristinacortinas.org\\\/sustentabilidad\\\/economia-circular-integradora-de-los-servicios-publicos-municipales-2019\\\/\",\"url\":\"https:\\\/\\\/cristinacortinas.org\\\/sustentabilidad\\\/economia-circular-integradora-de-los-servicios-publicos-municipales-2019\\\/\",\"name\":\"Econom\u00eda Circular Integradora de los Servicios P\u00fablicos Municipales 2019 - Dra. Ma. Cristina Cortinas Dur\u00e1n\",\"isPartOf\":{\"@id\":\"https:\\\/\\\/cristinacortinas.org\\\/sustentabilidad\\\/#website\"},\"primaryImageOfPage\":{\"@id\":\"https:\\\/\\\/cristinacortinas.org\\\/sustentabilidad\\\/economia-circular-integradora-de-los-servicios-publicos-municipales-2019\\\/#primaryimage\"},\"image\":{\"@id\":\"https:\\\/\\\/cristinacortinas.org\\\/sustentabilidad\\\/economia-circular-integradora-de-los-servicios-publicos-municipales-2019\\\/#primaryimage\"},\"thumbnailUrl\":\"https:\\\/\\\/cristinacortinas.org\\\/sustentabilidad\\\/wp-content\\\/uploads\\\/2019\\\/08\\\/Econom\u00eda-Circular-Integradora-de-los-Servicios-P\u00fablicos-Municipales-2019.jpg\",\"datePublished\":\"2019-08-23T02:58:21+00:00\",\"author\":{\"@id\":\"https:\\\/\\\/cristinacortinas.org\\\/sustentabilidad\\\/#\\\/schema\\\/person\\\/230b4a4171b31e97671db5b680f06b08\"},\"breadcrumb\":{\"@id\":\"https:\\\/\\\/cristinacortinas.org\\\/sustentabilidad\\\/economia-circular-integradora-de-los-servicios-publicos-municipales-2019\\\/#breadcrumb\"},\"inLanguage\":\"es\",\"potentialAction\":[{\"@type\":\"ReadAction\",\"target\":[\"https:\\\/\\\/cristinacortinas.org\\\/sustentabilidad\\\/economia-circular-integradora-de-los-servicios-publicos-municipales-2019\\\/\"]}]},{\"@type\":\"ImageObject\",\"inLanguage\":\"es\",\"@id\":\"https:\\\/\\\/cristinacortinas.org\\\/sustentabilidad\\\/economia-circular-integradora-de-los-servicios-publicos-municipales-2019\\\/#primaryimage\",\"url\":\"https:\\\/\\\/cristinacortinas.org\\\/sustentabilidad\\\/wp-content\\\/uploads\\\/2019\\\/08\\\/Econom\u00eda-Circular-Integradora-de-los-Servicios-P\u00fablicos-Municipales-2019.jpg\",\"contentUrl\":\"https:\\\/\\\/cristinacortinas.org\\\/sustentabilidad\\\/wp-content\\\/uploads\\\/2019\\\/08\\\/Econom\u00eda-Circular-Integradora-de-los-Servicios-P\u00fablicos-Municipales-2019.jpg\",\"width\":730,\"height\":548},{\"@type\":\"BreadcrumbList\",\"@id\":\"https:\\\/\\\/cristinacortinas.org\\\/sustentabilidad\\\/economia-circular-integradora-de-los-servicios-publicos-municipales-2019\\\/#breadcrumb\",\"itemListElement\":[{\"@type\":\"ListItem\",\"position\":1,\"name\":\"Portada\",\"item\":\"https:\\\/\\\/cristinacortinas.org\\\/sustentabilidad\\\/\"},{\"@type\":\"ListItem\",\"position\":2,\"name\":\"Econom\u00eda Circular Integradora de los Servicios P\u00fablicos Municipales 2019\"}]},{\"@type\":\"WebSite\",\"@id\":\"https:\\\/\\\/cristinacortinas.org\\\/sustentabilidad\\\/#website\",\"url\":\"https:\\\/\\\/cristinacortinas.org\\\/sustentabilidad\\\/\",\"name\":\"Dra. Ma. Cristina Cortinas Dur\u00e1n\",\"description\":\"\",\"potentialAction\":[{\"@type\":\"SearchAction\",\"target\":{\"@type\":\"EntryPoint\",\"urlTemplate\":\"https:\\\/\\\/cristinacortinas.org\\\/sustentabilidad\\\/?s={search_term_string}\"},\"query-input\":{\"@type\":\"PropertyValueSpecification\",\"valueRequired\":true,\"valueName\":\"search_term_string\"}}],\"inLanguage\":\"es\"},{\"@type\":\"Person\",\"@id\":\"https:\\\/\\\/cristinacortinas.org\\\/sustentabilidad\\\/#\\\/schema\\\/person\\\/230b4a4171b31e97671db5b680f06b08\",\"name\":\"CCristina\"}]}<\/script>\n<!-- \/ Yoast SEO plugin. -->","yoast_head_json":{"title":"Econom\u00eda Circular Integradora de los Servicios P\u00fablicos Municipales 2019 - Dra. Ma. Cristina Cortinas Dur\u00e1n","robots":{"index":"index","follow":"follow","max-snippet":"max-snippet:-1","max-image-preview":"max-image-preview:large","max-video-preview":"max-video-preview:-1"},"canonical":"https:\/\/cristinacortinas.org\/sustentabilidad\/economia-circular-integradora-de-los-servicios-publicos-municipales-2019\/","og_locale":"es_ES","og_type":"article","og_title":"Econom\u00eda Circular Integradora de los Servicios P\u00fablicos Municipales 2019 - Dra. Ma. Cristina Cortinas Dur\u00e1n","og_description":"Con motivo de la invitaci\u00f3n a impartir una conferencia sobre el tema de la econom\u00eda circular de los servicios p\u00fablicos en el 1er Encuentro Nacional de Servicios P\u00fablicos Municipales que tendr\u00e1 lugar en el Centro de Congresos de la ciudad de Quer\u00e9taro del 4 al 6 de septiembre pr\u00f3ximo, prepar\u00e9 una primera presentaci\u00f3n centrada solo en los servicios p\u00fablicos a&nbsp;Seguir leyendo","og_url":"https:\/\/cristinacortinas.org\/sustentabilidad\/economia-circular-integradora-de-los-servicios-publicos-municipales-2019\/","og_site_name":"Dra. Ma. Cristina Cortinas Dur\u00e1n","article_publisher":"https:\/\/www.facebook.com\/cristinacortinasduran\/","article_published_time":"2019-08-23T02:58:21+00:00","og_image":[{"width":730,"height":548,"url":"https:\/\/cristinacortinas.org\/sustentabilidad\/wp-content\/uploads\/2019\/08\/Econom\u00eda-Circular-Integradora-de-los-Servicios-P\u00fablicos-Municipales-2019.jpg","type":"image\/jpeg"}],"author":"CCristina","twitter_card":"summary_large_image","twitter_creator":"@DraCrisCortinas","twitter_site":"@DraCrisCortinas","twitter_misc":{"Escrito por":"CCristina","Tiempo de lectura":"1 minuto"},"schema":{"@context":"https:\/\/schema.org","@graph":[{"@type":"Article","@id":"https:\/\/cristinacortinas.org\/sustentabilidad\/economia-circular-integradora-de-los-servicios-publicos-municipales-2019\/#article","isPartOf":{"@id":"https:\/\/cristinacortinas.org\/sustentabilidad\/economia-circular-integradora-de-los-servicios-publicos-municipales-2019\/"},"author":{"name":"CCristina","@id":"https:\/\/cristinacortinas.org\/sustentabilidad\/#\/schema\/person\/230b4a4171b31e97671db5b680f06b08"},"headline":"Econom\u00eda Circular Integradora de los Servicios P\u00fablicos Municipales 2019","datePublished":"2019-08-23T02:58:21+00:00","mainEntityOfPage":{"@id":"https:\/\/cristinacortinas.org\/sustentabilidad\/economia-circular-integradora-de-los-servicios-publicos-municipales-2019\/"},"wordCount":291,"image":{"@id":"https:\/\/cristinacortinas.org\/sustentabilidad\/economia-circular-integradora-de-los-servicios-publicos-municipales-2019\/#primaryimage"},"thumbnailUrl":"https:\/\/cristinacortinas.org\/sustentabilidad\/wp-content\/uploads\/2019\/08\/Econom\u00eda-Circular-Integradora-de-los-Servicios-P\u00fablicos-Municipales-2019.jpg","articleSection":["Noticias"],"inLanguage":"es"},{"@type":"WebPage","@id":"https:\/\/cristinacortinas.org\/sustentabilidad\/economia-circular-integradora-de-los-servicios-publicos-municipales-2019\/","url":"https:\/\/cristinacortinas.org\/sustentabilidad\/economia-circular-integradora-de-los-servicios-publicos-municipales-2019\/","name":"Econom\u00eda Circular Integradora de los Servicios P\u00fablicos Municipales 2019 - Dra. Ma. Cristina Cortinas Dur\u00e1n","isPartOf":{"@id":"https:\/\/cristinacortinas.org\/sustentabilidad\/#website"},"primaryImageOfPage":{"@id":"https:\/\/cristinacortinas.org\/sustentabilidad\/economia-circular-integradora-de-los-servicios-publicos-municipales-2019\/#primaryimage"},"image":{"@id":"https:\/\/cristinacortinas.org\/sustentabilidad\/economia-circular-integradora-de-los-servicios-publicos-municipales-2019\/#primaryimage"},"thumbnailUrl":"https:\/\/cristinacortinas.org\/sustentabilidad\/wp-content\/uploads\/2019\/08\/Econom\u00eda-Circular-Integradora-de-los-Servicios-P\u00fablicos-Municipales-2019.jpg","datePublished":"2019-08-23T02:58:21+00:00","author":{"@id":"https:\/\/cristinacortinas.org\/sustentabilidad\/#\/schema\/person\/230b4a4171b31e97671db5b680f06b08"},"breadcrumb":{"@id":"https:\/\/cristinacortinas.org\/sustentabilidad\/economia-circular-integradora-de-los-servicios-publicos-municipales-2019\/#breadcrumb"},"inLanguage":"es","potentialAction":[{"@type":"ReadAction","target":["https:\/\/cristinacortinas.org\/sustentabilidad\/economia-circular-integradora-de-los-servicios-publicos-municipales-2019\/"]}]},{"@type":"ImageObject","inLanguage":"es","@id":"https:\/\/cristinacortinas.org\/sustentabilidad\/economia-circular-integradora-de-los-servicios-publicos-municipales-2019\/#primaryimage","url":"https:\/\/cristinacortinas.org\/sustentabilidad\/wp-content\/uploads\/2019\/08\/Econom\u00eda-Circular-Integradora-de-los-Servicios-P\u00fablicos-Municipales-2019.jpg","contentUrl":"https:\/\/cristinacortinas.org\/sustentabilidad\/wp-content\/uploads\/2019\/08\/Econom\u00eda-Circular-Integradora-de-los-Servicios-P\u00fablicos-Municipales-2019.jpg","width":730,"height":548},{"@type":"BreadcrumbList","@id":"https:\/\/cristinacortinas.org\/sustentabilidad\/economia-circular-integradora-de-los-servicios-publicos-municipales-2019\/#breadcrumb","itemListElement":[{"@type":"ListItem","position":1,"name":"Portada","item":"https:\/\/cristinacortinas.org\/sustentabilidad\/"},{"@type":"ListItem","position":2,"name":"Econom\u00eda Circular Integradora de los Servicios P\u00fablicos Municipales 2019"}]},{"@type":"WebSite","@id":"https:\/\/cristinacortinas.org\/sustentabilidad\/#website","url":"https:\/\/cristinacortinas.org\/sustentabilidad\/","name":"Dra. Ma. Cristina Cortinas Dur\u00e1n","description":"","potentialAction":[{"@type":"SearchAction","target":{"@type":"EntryPoint","urlTemplate":"https:\/\/cristinacortinas.org\/sustentabilidad\/?s={search_term_string}"},"query-input":{"@type":"PropertyValueSpecification","valueRequired":true,"valueName":"search_term_string"}}],"inLanguage":"es"},{"@type":"Person","@id":"https:\/\/cristinacortinas.org\/sustentabilidad\/#\/schema\/person\/230b4a4171b31e97671db5b680f06b08","name":"CCristina"}]}},"_links":{"self":[{"href":"https:\/\/cristinacortinas.org\/sustentabilidad\/wp-json\/wp\/v2\/posts\/6966","targetHints":{"allow":["GET"]}}],"collection":[{"href":"https:\/\/cristinacortinas.org\/sustentabilidad\/wp-json\/wp\/v2\/posts"}],"about":[{"href":"https:\/\/cristinacortinas.org\/sustentabilidad\/wp-json\/wp\/v2\/types\/post"}],"author":[{"embeddable":true,"href":"https:\/\/cristinacortinas.org\/sustentabilidad\/wp-json\/wp\/v2\/users\/1"}],"replies":[{"embeddable":true,"href":"https:\/\/cristinacortinas.org\/sustentabilidad\/wp-json\/wp\/v2\/comments?post=6966"}],"version-history":[{"count":1,"href":"https:\/\/cristinacortinas.org\/sustentabilidad\/wp-json\/wp\/v2\/posts\/6966\/revisions"}],"predecessor-version":[{"id":6969,"href":"https:\/\/cristinacortinas.org\/sustentabilidad\/wp-json\/wp\/v2\/posts\/6966\/revisions\/6969"}],"wp:featuredmedia":[{"embeddable":true,"href":"https:\/\/cristinacortinas.org\/sustentabilidad\/wp-json\/wp\/v2\/media\/6967"}],"wp:attachment":[{"href":"https:\/\/cristinacortinas.org\/sustentabilidad\/wp-json\/wp\/v2\/media?parent=6966"}],"wp:term":[{"taxonomy":"category","embeddable":true,"href":"https:\/\/cristinacortinas.org\/sustentabilidad\/wp-json\/wp\/v2\/categories?post=6966"},{"taxonomy":"post_tag","embeddable":true,"href":"https:\/\/cristinacortinas.org\/sustentabilidad\/wp-json\/wp\/v2\/tags?post=6966"}],"curies":[{"name":"wp","href":"https:\/\/api.w.org\/{rel}","templated":true}]}}